{"id":52012,"date":"2020-06-15T11:55:57","date_gmt":"2020-06-15T16:55:57","guid":{"rendered":"http:\/\/www.grieta.org.mx\/?p=52012"},"modified":"2020-07-25T12:06:27","modified_gmt":"2020-07-25T17:06:27","slug":"presa-milpillas-la-pelea-por-el-agua-en-zacatecas-2","status":"publish","type":"post","link":"https:\/\/www.grieta.org.mx\/index.php\/2020\/06\/15\/presa-milpillas-la-pelea-por-el-agua-en-zacatecas-2\/","title":{"rendered":"Presa Milpillas: la pelea por el agua en Zacatecas"},"content":{"rendered":"<p>Pobladores y campesinos de 19 ejidos del municipio de Jim\u00e9nez del Te\u00fal mantienen su resistencia contra la Presa Milpillas. Apoyados por la Red Mexicana de Afectados por la Miner\u00eda, los comuneros han comenzado a realizar acciones jur\u00eddicas<\/p>\n<figure id=\"attachment_52013\" aria-describedby=\"caption-attachment-52013\" style=\"width: 800px\" class=\"wp-caption aligncenter\"><img loading=\"lazy\" decoding=\"async\" data-attachment-id=\"52013\" data-permalink=\"https:\/\/www.grieta.org.mx\/index.php\/2020\/06\/15\/presa-milpillas-la-pelea-por-el-agua-en-zacatecas-2\/teul-12-1280x640\/\" data-orig-file=\"https:\/\/www.grieta.org.mx\/wp-content\/uploads\/2020\/07\/Teul-12-1280x640.jpg\" data-orig-size=\"1280,640\" data-comments-opened=\"0\" data-image-meta=\"{&quot;aperture&quot;:&quot;2.8&quot;,&quot;credit&quot;:&quot;&quot;,&quot;camera&quot;:&quot;SLT-A77V&quot;,&quot;caption&quot;:&quot;&quot;,&quot;created_timestamp&quot;:&quot;1560088758&quot;,&quot;copyright&quot;:&quot;&quot;,&quot;focal_length&quot;:&quot;18&quot;,&quot;iso&quot;:&quot;100&quot;,&quot;shutter_speed&quot;:&quot;0.0003125&quot;,&quot;title&quot;:&quot;&quot;,&quot;orientation&quot;:&quot;1&quot;}\" data-image-title=\"Teul-12-1280&amp;#215;640\" data-image-description=\"\" data-image-caption=\"&lt;p&gt;Foto: piedepagina.mx&lt;\/p&gt;\n\" data-medium-file=\"https:\/\/www.grieta.org.mx\/wp-content\/uploads\/2020\/07\/Teul-12-1280x640-300x150.jpg\" data-large-file=\"https:\/\/www.grieta.org.mx\/wp-content\/uploads\/2020\/07\/Teul-12-1280x640-1024x512.jpg\" class=\"wp-image-52013\" src=\"http:\/\/www.grieta.org.mx\/wp-content\/uploads\/2020\/07\/Teul-12-1280x640.jpg\" alt=\"\" width=\"800\" height=\"400\" srcset=\"https:\/\/www.grieta.org.mx\/wp-content\/uploads\/2020\/07\/Teul-12-1280x640.jpg 1280w, https:\/\/www.grieta.org.mx\/wp-content\/uploads\/2020\/07\/Teul-12-1280x640-300x150.jpg 300w, https:\/\/www.grieta.org.mx\/wp-content\/uploads\/2020\/07\/Teul-12-1280x640-768x384.jpg 768w, https:\/\/www.grieta.org.mx\/wp-content\/uploads\/2020\/07\/Teul-12-1280x640-1024x512.jpg 1024w, https:\/\/www.grieta.org.mx\/wp-content\/uploads\/2020\/07\/Teul-12-1280x640-1000x500.jpg 1000w\" sizes=\"auto, (max-width: 800px) 100vw, 800px\" \/><figcaption id=\"caption-attachment-52013\" class=\"wp-caption-text\">Foto: piedepagina.mx<\/figcaption><\/figure>\n<p>Texto y fotograf\u00edas: Mario Marlo \/ ZonaDocs<\/p>\n<p>JIM\u00c9NEZ DEL TE\u00daL, ZACATECAS.- El 8 de septiembre de 2015, durante su Quinto Informe de Gobierno, el entonces gobernador pri\u00edsta de Zacatecas, Miguel Alonso Reyes, anunci\u00f3 oficialmente la construcci\u00f3n del proyecto: \u201cPresa Milpillas y la l\u00ednea de conducci\u00f3n para el abastecimiento de agua potable en el corredor Fresnillo-Zacatecas-Guadalupe\u201d, en el municipio de Jim\u00e9nez del Te\u00fal, ubicado a 250 kil\u00f3metros de distancia de la capital del estado; el proyecto consta de una cortina de 88 metros de altura y un acueducto 166 kil\u00f3metros que llevar\u00eda agua del r\u00edo Atenco al corredor urbano e industrial a Fresnillo, Zacatecas y Guadalupe, municipios donde se concentra una alta densidad poblacional y se encuentran otros proyectos extractivos como e\u00f3licos y miner\u00eda.<\/p>\n<p>Seg\u00fan Benjam\u00edn de Le\u00f3n Mojarro, director de la Junta Intermunicipal de Agua Potable y Alcantarillado de Zacatecas (Jiapaz), el costo total del estudio de factibilidad ser\u00e1 de 40 millones de pesos, mientras que la inversi\u00f3n inicial asciende a 6 mil millones de pesos: 1.8 para levantar la cortina y 4.2 para construir el acueducto.; los recursos de la obra provienen del gobierno federal a trav\u00e9s de la Comisi\u00f3n Nacional del Agua, el gobierno municipal de Zacatecas y el sector privado.<\/p>\n<p>Los 19 ejidos directamente afectados por la construcci\u00f3n del trasvase son: dos del municipio de Jim\u00e9nez del Te\u00fal, Atotonilco y El Potrero; cuatro en Sombrerete: Estancia de Guadalupe, Corrales, Ni\u00f1o Artillero y Nuevo M\u00e9xico; 11 ubicados en Fresnillo: La Presa, Misericordia y Anexos, Primero de Mayo, Trujillo y Buenavista, Melchor Ocampo, Tapias, San Crist\u00f3bal, El Salto, Er\u00e9ndira, M\u00e9xico Nuevo y Providencia. Dos ejidos m\u00e1s est\u00e1n en la ruta del acueducto: Hacienda Nueva en Morelos y La Pimienta en Zacatecas.<\/p>\n<figure id=\"attachment_52014\" aria-describedby=\"caption-attachment-52014\" style=\"width: 800px\" class=\"wp-caption aligncenter\"><img loading=\"lazy\" decoding=\"async\" data-attachment-id=\"52014\" data-permalink=\"https:\/\/www.grieta.org.mx\/index.php\/2020\/06\/15\/presa-milpillas-la-pelea-por-el-agua-en-zacatecas-2\/photo5476774444698544062\/\" data-orig-file=\"https:\/\/www.grieta.org.mx\/wp-content\/uploads\/2020\/07\/photo5476774444698544062.jpg\" data-orig-size=\"1200,679\" data-comments-opened=\"0\" data-image-meta=\"{&quot;aperture&quot;:&quot;0&quot;,&quot;credit&quot;:&quot;&quot;,&quot;camera&quot;:&quot;&quot;,&quot;caption&quot;:&quot;&quot;,&quot;created_timestamp&quot;:&quot;0&quot;,&quot;copyright&quot;:&quot;&quot;,&quot;focal_length&quot;:&quot;0&quot;,&quot;iso&quot;:&quot;0&quot;,&quot;shutter_speed&quot;:&quot;0&quot;,&quot;title&quot;:&quot;&quot;,&quot;orientation&quot;:&quot;0&quot;}\" data-image-title=\"photo5476774444698544062\" data-image-description=\"\" data-image-caption=\"&lt;p&gt;Foto: tomada de piedepagina.mx&lt;\/p&gt;\n\" data-medium-file=\"https:\/\/www.grieta.org.mx\/wp-content\/uploads\/2020\/07\/photo5476774444698544062-300x170.jpg\" data-large-file=\"https:\/\/www.grieta.org.mx\/wp-content\/uploads\/2020\/07\/photo5476774444698544062-1024x579.jpg\" class=\"wp-image-52014\" src=\"http:\/\/www.grieta.org.mx\/wp-content\/uploads\/2020\/07\/photo5476774444698544062.jpg\" alt=\"\" width=\"800\" height=\"453\" srcset=\"https:\/\/www.grieta.org.mx\/wp-content\/uploads\/2020\/07\/photo5476774444698544062.jpg 1200w, https:\/\/www.grieta.org.mx\/wp-content\/uploads\/2020\/07\/photo5476774444698544062-300x170.jpg 300w, https:\/\/www.grieta.org.mx\/wp-content\/uploads\/2020\/07\/photo5476774444698544062-768x435.jpg 768w, https:\/\/www.grieta.org.mx\/wp-content\/uploads\/2020\/07\/photo5476774444698544062-1024x579.jpg 1024w, https:\/\/www.grieta.org.mx\/wp-content\/uploads\/2020\/07\/photo5476774444698544062-884x500.jpg 884w\" sizes=\"auto, (max-width: 800px) 100vw, 800px\" \/><figcaption id=\"caption-attachment-52014\" class=\"wp-caption-text\">Imagen: tomada de piedepagina.mx<\/figcaption><\/figure>\n<p><strong><br \/>\nUna comunidad organizada<\/strong><\/p>\n<p>Ni\u00f1os y ni\u00f1as juegan en las inmediaciones de la cancha de basquetbol de la comunidad El potrero en el municipio de Jim\u00e9nez del Te\u00fal. Debajo de dos \u00e1rboles, mujeres han montado puestos de elotes, agua, refrescos y dulces que ofrecen a las m\u00e1s de trescientas personas que ocupan sus asientos frente a una manta en la que se lee: 1er Encuentro de Pueblos Afectados por el Modelo Extractivo en Zacatecas que se realiz\u00f3 el s\u00e1bado 8 de junio para extender solidaridad y visibilidad al conflicto socio-ambiental que ocupa a estos pueblos.<\/p>\n<p>A trav\u00e9s del equipo de sonido se escucha: \u201cTen\u00edamos miedo porque dec\u00edamos qu\u00e9 se puede hacer contra el gobierno: \u00e9l es todo poderoso, pero hemos aprendido que debemos de luchar, no nos podemos quedar ah\u00ed estacionados viendo c\u00f3mo llegan a nuestra casa y se llevan todo lo que tenemos.\u201d, es la voz de una de las mujeres de Jim\u00e9nez del Te\u00fal, las cuales participan activamente desde hace m\u00e1s de un a\u00f1o en la resistencia contra la presa Milpillas. Su intervenci\u00f3n culmin\u00f3 sentenciando lo que he escuchado en muchos otros pueblos m\u00e1s: \u201csolo han tra\u00eddo divisi\u00f3n y nos han quitado la tranquilidad\u201d.<\/p>\n<p>Desde que las autoridades del gobierno de Zacatecas en el a\u00f1o 2016, lograron que ejidatarios otorgaran los permisos para que ingenieros de la CONAGUA comenzaran a realizar el Estudio de Factibilidad, la vida ha cambiado en Jim\u00e9nez del Te\u00fal: \u201cNos dijeron que no iba a pasar nada, solo quer\u00edan un permiso para hacer un estudio, pero nos convencieron al decirnos que Zacatecas, Fresnillo y Calera estaban padeciendo de agua, hab\u00eda que darles agua. Despu\u00e9s ya no volvieron a pedir permiso, s\u00f3lo los ve\u00edamos, midiendo, sacando medidas por todos los ejidos.\u201d<\/p>\n<figure id=\"attachment_52015\" aria-describedby=\"caption-attachment-52015\" style=\"width: 800px\" class=\"wp-caption aligncenter\"><img loading=\"lazy\" decoding=\"async\" data-attachment-id=\"52015\" data-permalink=\"https:\/\/www.grieta.org.mx\/index.php\/2020\/06\/15\/presa-milpillas-la-pelea-por-el-agua-en-zacatecas-2\/teul-9\/\" data-orig-file=\"https:\/\/www.grieta.org.mx\/wp-content\/uploads\/2020\/07\/Teul-9.jpg\" data-orig-size=\"1200,797\" data-comments-opened=\"0\" data-image-meta=\"{&quot;aperture&quot;:&quot;2.8&quot;,&quot;credit&quot;:&quot;&quot;,&quot;camera&quot;:&quot;SLT-A77V&quot;,&quot;caption&quot;:&quot;&quot;,&quot;created_timestamp&quot;:&quot;1560003807&quot;,&quot;copyright&quot;:&quot;&quot;,&quot;focal_length&quot;:&quot;18&quot;,&quot;iso&quot;:&quot;50&quot;,&quot;shutter_speed&quot;:&quot;0.00125&quot;,&quot;title&quot;:&quot;&quot;,&quot;orientation&quot;:&quot;1&quot;}\" data-image-title=\"Teul-9\" data-image-description=\"\" data-image-caption=\"&lt;p&gt;Foto: tomada de piedepagina.mx&lt;\/p&gt;\n\" data-medium-file=\"https:\/\/www.grieta.org.mx\/wp-content\/uploads\/2020\/07\/Teul-9-300x199.jpg\" data-large-file=\"https:\/\/www.grieta.org.mx\/wp-content\/uploads\/2020\/07\/Teul-9-1024x680.jpg\" class=\"wp-image-52015\" src=\"http:\/\/www.grieta.org.mx\/wp-content\/uploads\/2020\/07\/Teul-9.jpg\" alt=\"\" width=\"800\" height=\"531\" srcset=\"https:\/\/www.grieta.org.mx\/wp-content\/uploads\/2020\/07\/Teul-9.jpg 1200w, https:\/\/www.grieta.org.mx\/wp-content\/uploads\/2020\/07\/Teul-9-300x199.jpg 300w, https:\/\/www.grieta.org.mx\/wp-content\/uploads\/2020\/07\/Teul-9-768x510.jpg 768w, https:\/\/www.grieta.org.mx\/wp-content\/uploads\/2020\/07\/Teul-9-1024x680.jpg 1024w, https:\/\/www.grieta.org.mx\/wp-content\/uploads\/2020\/07\/Teul-9-753x500.jpg 753w\" sizes=\"auto, (max-width: 800px) 100vw, 800px\" \/><figcaption id=\"caption-attachment-52015\" class=\"wp-caption-text\">Foto: tomada de piedepagina.mx<\/figcaption><\/figure>\n<figure id=\"attachment_52016\" aria-describedby=\"caption-attachment-52016\" style=\"width: 800px\" class=\"wp-caption aligncenter\"><img loading=\"lazy\" decoding=\"async\" data-attachment-id=\"52016\" data-permalink=\"https:\/\/www.grieta.org.mx\/index.php\/2020\/06\/15\/presa-milpillas-la-pelea-por-el-agua-en-zacatecas-2\/teul-15\/\" data-orig-file=\"https:\/\/www.grieta.org.mx\/wp-content\/uploads\/2020\/07\/Teul-15.jpg\" data-orig-size=\"1200,775\" data-comments-opened=\"0\" data-image-meta=\"{&quot;aperture&quot;:&quot;3.2&quot;,&quot;credit&quot;:&quot;&quot;,&quot;camera&quot;:&quot;SLT-A77V&quot;,&quot;caption&quot;:&quot;&quot;,&quot;created_timestamp&quot;:&quot;1560001314&quot;,&quot;copyright&quot;:&quot;&quot;,&quot;focal_length&quot;:&quot;24&quot;,&quot;iso&quot;:&quot;50&quot;,&quot;shutter_speed&quot;:&quot;0.002&quot;,&quot;title&quot;:&quot;&quot;,&quot;orientation&quot;:&quot;1&quot;}\" data-image-title=\"Teul-15\" data-image-description=\"\" data-image-caption=\"&lt;p&gt;Foto: tomada de piedepagina.mx&lt;\/p&gt;\n\" data-medium-file=\"https:\/\/www.grieta.org.mx\/wp-content\/uploads\/2020\/07\/Teul-15-300x194.jpg\" data-large-file=\"https:\/\/www.grieta.org.mx\/wp-content\/uploads\/2020\/07\/Teul-15-1024x661.jpg\" class=\"wp-image-52016\" src=\"http:\/\/www.grieta.org.mx\/wp-content\/uploads\/2020\/07\/Teul-15.jpg\" alt=\"\" width=\"800\" height=\"517\" srcset=\"https:\/\/www.grieta.org.mx\/wp-content\/uploads\/2020\/07\/Teul-15.jpg 1200w, https:\/\/www.grieta.org.mx\/wp-content\/uploads\/2020\/07\/Teul-15-300x194.jpg 300w, https:\/\/www.grieta.org.mx\/wp-content\/uploads\/2020\/07\/Teul-15-768x496.jpg 768w, https:\/\/www.grieta.org.mx\/wp-content\/uploads\/2020\/07\/Teul-15-1024x661.jpg 1024w, https:\/\/www.grieta.org.mx\/wp-content\/uploads\/2020\/07\/Teul-15-774x500.jpg 774w\" sizes=\"auto, (max-width: 800px) 100vw, 800px\" \/><figcaption id=\"caption-attachment-52016\" class=\"wp-caption-text\">Foto: tomada de piedepagina.mx<\/figcaption><\/figure>\n<p>Desde entonces representantes de Comisi\u00f3n Nacional del Agua emprendieron la misma estrategia de baja intensidad que divide a los pueblos: se acercaron a convencer y comprar uno a uno a los ejidatarios; la posesi\u00f3n y derechos sobre las tierras ha generado que el pueblo se fragmente entre los que est\u00e1n a favor de la presa y los que est\u00e1n en contra.<\/p>\n<p>\u201cNosotros comenzamos a buscar apoyo e informaci\u00f3n, as\u00ed fue como comenzamos a organizarnos y comenzar con la resistencia contra la imposici\u00f3n de la Presa Milpillas y se cre\u00f3 el Movimiento en Defensa del Territorio y del R\u00edo Atenco.<\/p>\n<p>Apoyados por la Red Mexicana de Afectados por la Miner\u00eda (REMA), los habitantes de los ejidos a quienes se les est\u00e1n violentando sus derechos, han comenzado a realizar acciones jur\u00eddicas: ante el Ministerio P\u00fablico en Sombrerete se denunci\u00f3 la violaci\u00f3n a la Ley Agraria y la libre determinaci\u00f3n de los ejidos en la Asamblea Ejidal del 14 de octubre del 2018, en la que denunciaron tambi\u00e9n, la invasi\u00f3n de maquinaria en propiedad ejidal de Atotonilco.<\/p>\n<p>En su proceso tambi\u00e9n han presentado dos quejas ante la Comisi\u00f3n Estatal de Derechos Humanos de Zacatecas y tres en la Comisi\u00f3n Nacional de Derechos Humanos.<\/p>\n<p>Actualmente, Comisariados Ejidales de Atotonilco, El Potrero, Estancia de Guadalupe y Corrales, as\u00ed como delegados municipales de los ejidos, La Lagunita del Mezquite Blanco, Carretas, Las Bocas, Las Palmas, La Mota y habitantes de la cabecera municipal de Jim\u00e9nez de Te\u00fal se organizaron en resistencia contra la imposici\u00f3n de la Presa Milpillas, la cual amenaza con inundar su territorio.<\/p>\n<blockquote class=\"wp-embedded-content\" data-secret=\"W3c8ZRW16H\"><p><a href=\"https:\/\/piedepagina.mx\/presa-milpillas-la-pelea-por-el-agua-en-zacatecas\/\">Presa Milpillas: la pelea por el agua en Zacatecas<\/a><\/p><\/blockquote>\n<p><iframe loading=\"lazy\" class=\"wp-embedded-content\" sandbox=\"allow-scripts\" security=\"restricted\" style=\"position: absolute; clip: rect(1px, 1px, 1px, 1px);\" title=\"\u00abPresa Milpillas: la pelea por el agua en Zacatecas\u00bb \u2014 Pie de P\u00e1gina\" src=\"https:\/\/piedepagina.mx\/presa-milpillas-la-pelea-por-el-agua-en-zacatecas\/embed\/#?secret=W3c8ZRW16H\" data-secret=\"W3c8ZRW16H\" width=\"600\" height=\"338\" frameborder=\"0\" marginwidth=\"0\" marginheight=\"0\" scrolling=\"no\"><\/iframe><\/p>\n","protected":false},"excerpt":{"rendered":"<p>Pobladores y campesinos de 19 ejidos del municipio de Jim\u00e9nez del Te\u00fal mantienen su resistencia contra la Presa Milpillas. Apoyados por la Red Mexicana de Afectados por la Miner\u00eda, los &hellip; <a href=\"https:\/\/www.grieta.org.mx\/index.php\/2020\/06\/15\/presa-milpillas-la-pelea-por-el-agua-en-zacatecas-2\/\" class=\"more-link\">Leer m\u00e1s<\/a><\/p>\n","protected":false},"author":2,"featured_media":52013,"comment_status":"closed","ping_status":"closed","sticky":false,"template":"","format":"standard","meta":{"ngg_post_thumbnail":0,"_jetpack_newsletter_access":"","_jetpack_dont_email_post_to_subs":false,"_jetpack_newsletter_tier_id":0,"_jetpack_memberships_contains_paywalled_content":false,"_jetpack_memberships_contains_paid_content":false,"footnotes":""},"categories":[80,1111,1535,2930,2862,1107,2690,76],"tags":[1558,1065,764],"class_list":["post-52012","post","type-post","status-publish","format-standard","has-post-thumbnail","hentry","category-cintillo","category-danos-ambientales-por-industria-en-zacatecas","category-desabasto-de-agua-en-zacatecas","category-despojo-de-tierras-y-territorios-en-zacatecas","category-privatizacion-del-agua-en-zacatecas","category-resistencia-contra-la-construccion-de-la-presa-milpillas","category-resistencias","category-zacatecas","tag-desabasto-de-agua","tag-despojo-de-agua-y-tierras","tag-privatizacion-del-agua","entry"],"jetpack_featured_media_url":"https:\/\/www.grieta.org.mx\/wp-content\/uploads\/2020\/07\/Teul-12-1280x640.jpg","jetpack_sharing_enabled":true,"jetpack_shortlink":"https:\/\/wp.me\/p7ZJR4-dwU","jetpack_likes_enabled":false,"jetpack-related-posts":[{"id":43062,"url":"https:\/\/www.grieta.org.mx\/index.php\/2020\/01\/13\/ratifican-ejidatarios-rechazo-a-presa-milpillas-zacatecas\/","url_meta":{"origin":52012,"position":0},"title":"Ratifican ejidatarios rechazo a presa Milpillas (Zacatecas)","author":"grieta","date":"13 enero, 2020","format":false,"excerpt":"MIRIAM SERRANO\/ NTR Zacatecas, 13 de enero de 2020 JIM\u00c9NEZ DEL TE\u00daL.- Luego de que el pasado 4 enero se llev\u00f3 a cabo una asamblea en el Ejido Atotonilco, se inform\u00f3 que ejidatarios de esta localidad y de El Potrero de manera un\u00e1nime ratificaron su rechazo a la autorizaci\u00f3n de\u2026","rel":"","context":"En &quot;CINTILLO&quot;","block_context":{"text":"CINTILLO","link":"https:\/\/www.grieta.org.mx\/index.php\/category\/cintillo\/"},"img":{"alt_text":"","src":"https:\/\/i0.wp.com\/www.grieta.org.mx\/wp-content\/uploads\/2018\/03\/14524434_1106112876131411_958039263622046936_o.jpg?resize=350%2C200&ssl=1","width":350,"height":200,"srcset":"https:\/\/i0.wp.com\/www.grieta.org.mx\/wp-content\/uploads\/2018\/03\/14524434_1106112876131411_958039263622046936_o.jpg?resize=350%2C200&ssl=1 1x, https:\/\/i0.wp.com\/www.grieta.org.mx\/wp-content\/uploads\/2018\/03\/14524434_1106112876131411_958039263622046936_o.jpg?resize=525%2C300&ssl=1 1.5x, https:\/\/i0.wp.com\/www.grieta.org.mx\/wp-content\/uploads\/2018\/03\/14524434_1106112876131411_958039263622046936_o.jpg?resize=700%2C400&ssl=1 2x"},"classes":[]},{"id":34681,"url":"https:\/\/www.grieta.org.mx\/index.php\/2019\/06\/12\/ong-y-pobladores-de-ocho-estados-respaldan-movimiento-contra-presa-milpillas-en-zacatecas\/","url_meta":{"origin":52012,"position":1},"title":"ONG y pobladores de ocho estados respaldan movimiento contra presa Milpillas en Zacatecas","author":"grieta","date":"12 junio, 2019","format":false,"excerpt":"Ver\u00f3nica Espinoza\/Proceso. ZACATECAS, Zac., (apro).- Representantes de pueblos y comunidades ind\u00edgenas y de organizaciones civiles defensoras del agua y territorio de ocho estados se reunieron el fin de semana en el ejido El Potrero del municipio de Jim\u00e9nez del Te\u00fal para respaldar la lucha del Movimiento en defensa del territorio\u2026","rel":"","context":"En &quot;CINTILLO&quot;","block_context":{"text":"CINTILLO","link":"https:\/\/www.grieta.org.mx\/index.php\/category\/cintillo\/"},"img":{"alt_text":"","src":"https:\/\/i0.wp.com\/www.grieta.org.mx\/wp-content\/uploads\/2019\/06\/EncuentroPueblosZac.jpg?resize=350%2C200&ssl=1","width":350,"height":200,"srcset":"https:\/\/i0.wp.com\/www.grieta.org.mx\/wp-content\/uploads\/2019\/06\/EncuentroPueblosZac.jpg?resize=350%2C200&ssl=1 1x, https:\/\/i0.wp.com\/www.grieta.org.mx\/wp-content\/uploads\/2019\/06\/EncuentroPueblosZac.jpg?resize=525%2C300&ssl=1 1.5x, https:\/\/i0.wp.com\/www.grieta.org.mx\/wp-content\/uploads\/2019\/06\/EncuentroPueblosZac.jpg?resize=700%2C400&ssl=1 2x"},"classes":[]},{"id":21843,"url":"https:\/\/www.grieta.org.mx\/index.php\/2015\/12\/06\/construccion-de-presa-milpillas-no-abate-el-problema-del-agua-zacatecas\/","url_meta":{"origin":52012,"position":2},"title":"Construcci\u00f3n de presa Milpillas no abate el problema del agua (Zacatecas)","author":"grieta","date":"6 diciembre, 2015","format":false,"excerpt":"Emilia Pesci\/NTR Zacatecas Zacatecas.- Existen \u201cincentivos perversos detr\u00e1s de los planes para construir la presa Milpillas en el municipio de Jim\u00e9nez del Te\u00fal\u201d, afirm\u00f3 Darcy Tretault, investigador de la Unidad Acad\u00e9mica de Estudios del Desarrollo de la Universidad Aut\u00f3noma de Zacatecas (UAZ). El acad\u00e9mico asever\u00f3 que las justificaciones del proyecto\u2026","rel":"","context":"En &quot;CINTILLO&quot;","block_context":{"text":"CINTILLO","link":"https:\/\/www.grieta.org.mx\/index.php\/category\/cintillo\/"},"img":{"alt_text":"","src":"https:\/\/i0.wp.com\/www.grieta.org.mx\/wp-content\/uploads\/2018\/03\/14524434_1106112876131411_958039263622046936_o.jpg?resize=350%2C200&ssl=1","width":350,"height":200,"srcset":"https:\/\/i0.wp.com\/www.grieta.org.mx\/wp-content\/uploads\/2018\/03\/14524434_1106112876131411_958039263622046936_o.jpg?resize=350%2C200&ssl=1 1x, https:\/\/i0.wp.com\/www.grieta.org.mx\/wp-content\/uploads\/2018\/03\/14524434_1106112876131411_958039263622046936_o.jpg?resize=525%2C300&ssl=1 1.5x, https:\/\/i0.wp.com\/www.grieta.org.mx\/wp-content\/uploads\/2018\/03\/14524434_1106112876131411_958039263622046936_o.jpg?resize=700%2C400&ssl=1 2x"},"classes":[]},{"id":32999,"url":"https:\/\/www.grieta.org.mx\/index.php\/2019\/04\/30\/por-oponerse-a-la-presa-milpillas-mujeres-son-acusadas-de-secuestro-zacatecas\/","url_meta":{"origin":52012,"position":3},"title":"Por oponerse a la Presa Milpillas mujeres son acusadas de secuestro (Zacatecas)","author":"grieta","date":"30 abril, 2019","format":false,"excerpt":"Redacci\u00f3n\/Somos el medio Mujeres del Ejido Atotonilco son acusadas de secuestro por el gobierno de Zacatecas, al oponerse a la construcci\u00f3n de la Presa Milpillas La Red Mexicana de Afectados por la Miner\u00eda (REMA), denunci\u00f3 mediante un comunicado, al gobierno de Zacatecas de pretender criminalizar a las mujeres que forman\u2026","rel":"","context":"En &quot;CINTILLO&quot;","block_context":{"text":"CINTILLO","link":"https:\/\/www.grieta.org.mx\/index.php\/category\/cintillo\/"},"img":{"alt_text":"","src":"https:\/\/i0.wp.com\/www.grieta.org.mx\/wp-content\/uploads\/2019\/05\/milpill.jpg?resize=350%2C200&ssl=1","width":350,"height":200,"srcset":"https:\/\/i0.wp.com\/www.grieta.org.mx\/wp-content\/uploads\/2019\/05\/milpill.jpg?resize=350%2C200&ssl=1 1x, https:\/\/i0.wp.com\/www.grieta.org.mx\/wp-content\/uploads\/2019\/05\/milpill.jpg?resize=525%2C300&ssl=1 1.5x"},"classes":[]},{"id":70975,"url":"https:\/\/www.grieta.org.mx\/index.php\/2025\/01\/30\/comunidades-de-zacatecas-denuncian-nuevas-presiones-para-imponer-la-presa-milpillas\/","url_meta":{"origin":52012,"position":4},"title":"Comunidades de Zacatecas denuncian nuevas presiones para imponer la Presa Milpillas","author":"grieta","date":"30 enero, 2025","format":false,"excerpt":"Organizaciones y pobladores del R\u00edo Atenco rechazan la reactivaci\u00f3n de la la Presa Milpillas, denuncian manipulaci\u00f3n y exigen respeto a su territorio. Por Mario Marlo \/ @Mariomarlo Zona Docs 30 de enero de 2025 Zacatecas, M\u00e9xico.- Las comunidades del R\u00edo Atenco, en Zacatecas, volvieron a encender las alertas ante la\u2026","rel":"","context":"En &quot;CINTILLO&quot;","block_context":{"text":"CINTILLO","link":"https:\/\/www.grieta.org.mx\/index.php\/category\/cintillo\/"},"img":{"alt_text":"","src":"https:\/\/i0.wp.com\/www.grieta.org.mx\/wp-content\/uploads\/2025\/02\/Teul-9-696x462-1.jpg?resize=350%2C200&ssl=1","width":350,"height":200,"srcset":"https:\/\/i0.wp.com\/www.grieta.org.mx\/wp-content\/uploads\/2025\/02\/Teul-9-696x462-1.jpg?resize=350%2C200&ssl=1 1x, https:\/\/i0.wp.com\/www.grieta.org.mx\/wp-content\/uploads\/2025\/02\/Teul-9-696x462-1.jpg?resize=525%2C300&ssl=1 1.5x"},"classes":[]},{"id":39259,"url":"https:\/\/www.grieta.org.mx\/index.php\/2019\/09\/17\/prospera-queja-de-ejidatarios-de-el-potrero-rema-zacatecas\/","url_meta":{"origin":52012,"position":5},"title":"Prospera queja de ejidatarios de El Potrero: REMA (Zacatecas)","author":"grieta","date":"17 septiembre, 2019","format":false,"excerpt":"Express Zacatecas, 17 de septiembre de 2019 Zacatecas. La organizaci\u00f3n afirma que fue radicado juicio en la Procuradur\u00eda Agraria, mismo que detiene la construcci\u00f3n de la presa Milpillas en Jim\u00e9nez del Teul La Red Mexicana de Afectados por la Miner\u00eda (REMA) comunic\u00f3 hoy que luego de diez meses, el 27\u2026","rel":"","context":"En &quot;CINTILLO&quot;","block_context":{"text":"CINTILLO","link":"https:\/\/www.grieta.org.mx\/index.php\/category\/cintillo\/"},"img":{"alt_text":"","src":"https:\/\/i0.wp.com\/www.grieta.org.mx\/wp-content\/uploads\/2019\/09\/rio_Atenco_El_Potrero.jpg?resize=350%2C200&ssl=1","width":350,"height":200,"srcset":"https:\/\/i0.wp.com\/www.grieta.org.mx\/wp-content\/uploads\/2019\/09\/rio_Atenco_El_Potrero.jpg?resize=350%2C200&ssl=1 1x, https:\/\/i0.wp.com\/www.grieta.org.mx\/wp-content\/uploads\/2019\/09\/rio_Atenco_El_Potrero.jpg?resize=525%2C300&ssl=1 1.5x"},"classes":[]}],"_links":{"self":[{"href":"https:\/\/www.grieta.org.mx\/index.php\/wp-json\/wp\/v2\/posts\/52012","targetHints":{"allow":["GET"]}}],"collection":[{"href":"https:\/\/www.grieta.org.mx\/index.php\/wp-json\/wp\/v2\/posts"}],"about":[{"href":"https:\/\/www.grieta.org.mx\/index.php\/wp-json\/wp\/v2\/types\/post"}],"author":[{"embeddable":true,"href":"https:\/\/www.grieta.org.mx\/index.php\/wp-json\/wp\/v2\/users\/2"}],"replies":[{"embeddable":true,"href":"https:\/\/www.grieta.org.mx\/index.php\/wp-json\/wp\/v2\/comments?post=52012"}],"version-history":[{"count":1,"href":"https:\/\/www.grieta.org.mx\/index.php\/wp-json\/wp\/v2\/posts\/52012\/revisions"}],"predecessor-version":[{"id":52017,"href":"https:\/\/www.grieta.org.mx\/index.php\/wp-json\/wp\/v2\/posts\/52012\/revisions\/52017"}],"wp:featuredmedia":[{"embeddable":true,"href":"https:\/\/www.grieta.org.mx\/index.php\/wp-json\/wp\/v2\/media\/52013"}],"wp:attachment":[{"href":"https:\/\/www.grieta.org.mx\/index.php\/wp-json\/wp\/v2\/media?parent=52012"}],"wp:term":[{"taxonomy":"category","embeddable":true,"href":"https:\/\/www.grieta.org.mx\/index.php\/wp-json\/wp\/v2\/categories?post=52012"},{"taxonomy":"post_tag","embeddable":true,"href":"https:\/\/www.grieta.org.mx\/index.php\/wp-json\/wp\/v2\/tags?post=52012"}],"curies":[{"name":"wp","href":"https:\/\/api.w.org\/{rel}","templated":true}]}}