{"id":5201,"date":"2015-09-12T04:40:16","date_gmt":"2015-09-12T04:40:16","guid":{"rendered":"http:\/\/50.22.11.12\/~grietaor\/?p=5201"},"modified":"2016-03-26T05:09:00","modified_gmt":"2016-03-26T05:09:00","slug":"protestas-contra-el-alza-en-tarifa-de-transporte-en-queretaro","status":"publish","type":"post","link":"https:\/\/www.grieta.org.mx\/index.php\/2015\/09\/12\/protestas-contra-el-alza-en-tarifa-de-transporte-en-queretaro\/","title":{"rendered":"Protestas contra el alza en tarifa de transporte en Quer\u00e9taro"},"content":{"rendered":"<p><strong>12\/09\/15. <\/strong><a href=\"http:\/\/grieta.org.mx\/index.php\/2015\/09\/12\/presentan-amparos-contra-alza-de-tarifa\/\">Presentan amparos contra alza de tarifa<\/a><br \/>\n<em>El Universal<\/em><\/p>\n<p><strong>07\/09\/15. <\/strong><a href=\"http:\/\/grieta.org.mx\/index.php\/2015\/09\/07\/desestiman-amparo-de-la-uaq-contra-aumento-al-transporte-publico\/\">Desestiman amparo de la UAQ contra aumento al transporte p\u00fablico<\/a><br \/>\n<em>AM Quer\u00e9taro<\/em><\/p>\n<p><strong>26\/08\/15. <\/strong><a href=\"http:\/\/grieta.org.mx\/index.php\/2015\/08\/26\/uaq-instalara-mesas-en-13-facultades-para-recolectar-firmas-a-favor-del-amparo-contra-aumento-a-tarifa-de-redq\/\">UAQ instalar\u00e1 mesas en 13 facultades para recolectar firmas a favor del amparo contra aumento a tarifa de RedQ<\/a><br \/>\n<em>C\u00f3dice informativo<\/em><\/p>\n<p><strong>21\/08\/15. <\/strong><a href=\"http:\/\/grieta.org.mx\/index.php\/2015\/08\/21\/colegio-de-abogados-de-queretaro-respalda-amparo-colectivo-de-la-uaq-contra-alza-en-red-q\/\">Colegio de Abogados de Quer\u00e9taro respalda amparo colectivo de la UAQ contra alza en Red Q<\/a><br \/>\n<em>C\u00f3dice informativo<\/em><\/p>\n<p><strong>13\/08\/15. <\/strong><a href=\"http:\/\/grieta.org.mx\/index.php\/2015\/08\/13\/preparan-amparo-vs-alza-al-transporte\/\">Preparan amparo vs alza al transporte<\/a><br \/>\n<em>El Economista<\/em><\/p>\n<p><strong>11\/08\/15. <\/strong><a href=\"http:\/\/grieta.org.mx\/index.php\/2015\/08\/11\/universitarios-marchan-en-queretaro-contra-aumento-a-la-tarifa-de-redq\/\">Universitarios marchan en Quer\u00e9taro contra aumento a la tarifa de RedQ<\/a><br \/>\n<em>C\u00f3dice informativo<\/em><\/p>\n<p><strong>10\/08\/15. <\/strong><a href=\"http:\/\/grieta.org.mx\/index.php\/2015\/08\/10\/aumento-a-tarifa-de-transporte-de-queretaro-es-desproporcional-observatorio-ciudadano-de-movilidad\/\">Aumento a tarifa de transporte de Quer\u00e9taro es desproporcional: Observatorio Ciudadano de Movilidad<\/a><br \/>\n<em>C\u00f3dice informativo<\/em><\/p>\n","protected":false},"excerpt":{"rendered":"<p>12\/09\/15. Presentan amparos contra alza de tarifa El Universal 07\/09\/15. Desestiman amparo de la UAQ contra aumento al transporte p\u00fablico AM Quer\u00e9taro 26\/08\/15. UAQ instalar\u00e1 mesas en 13 facultades para &hellip; <a href=\"https:\/\/www.grieta.org.mx\/index.php\/2015\/09\/12\/protestas-contra-el-alza-en-tarifa-de-transporte-en-queretaro\/\" class=\"more-link\">Leer m\u00e1s<\/a><\/p>\n","protected":false},"author":2,"featured_media":21928,"comment_status":"closed","ping_status":"open","sticky":false,"template":"","format":"standard","meta":{"ngg_post_thumbnail":0,"_jetpack_newsletter_access":"","_jetpack_dont_email_post_to_subs":false,"_jetpack_newsletter_tier_id":0,"_jetpack_memberships_contains_paywalled_content":false,"_jetpack_memberships_contains_paid_content":false,"footnotes":""},"categories":[39,2,359,27],"tags":[97,180],"class_list":{"0":"post-5201","1":"post","2":"type-post","3":"status-publish","4":"format-standard","5":"has-post-thumbnail","6":"hentry","7":"category-comunicaciones-y-transportes","8":"category-noticias-nacionales","9":"category-queretaro","11":"tag-comunicaciones-y-transportes","12":"tag-protesta","13":"entry"},"jetpack_featured_media_url":"https:\/\/www.grieta.org.mx\/wp-content\/uploads\/2018\/03\/14524434_1106112876131411_958039263622046936_o.jpg","jetpack_sharing_enabled":true,"jetpack_shortlink":"https:\/\/wp.me\/p7ZJR4-1lT","jetpack_likes_enabled":false,"jetpack-related-posts":[{"id":5204,"url":"https:\/\/www.grieta.org.mx\/index.php\/2015\/08\/21\/colegio-de-abogados-de-queretaro-respalda-amparo-colectivo-de-la-uaq-contra-alza-en-red-q\/","url_meta":{"origin":5201,"position":0},"title":"Colegio de Abogados de Quer\u00e9taro respalda amparo colectivo de la UAQ contra alza en Red Q","author":"grieta","date":"21 agosto, 2015","format":false,"excerpt":"Staff C\u00f3dice Informativo En voz de su presidente, Calixto de Santiago, el gremio considera que existi\u00f3 falta de legalidad y legitimidad en los incrementos El Colegio de Abogados Litigantes de Quer\u00e9taro manifest\u00f3 su respaldo al amparo colectivo contra el aumento de las tarifas de Red Q, asegur\u00f3 Calixto de Santiago\u2026","rel":"","context":"En &quot;CINTILLO&quot;","block_context":{"text":"CINTILLO","link":"https:\/\/www.grieta.org.mx\/index.php\/category\/cintillo\/"},"img":{"alt_text":"","src":"https:\/\/i0.wp.com\/www.grieta.org.mx\/wp-content\/uploads\/2018\/03\/14524434_1106112876131411_958039263622046936_o.jpg?resize=350%2C200&ssl=1","width":350,"height":200,"srcset":"https:\/\/i0.wp.com\/www.grieta.org.mx\/wp-content\/uploads\/2018\/03\/14524434_1106112876131411_958039263622046936_o.jpg?resize=350%2C200&ssl=1 1x, https:\/\/i0.wp.com\/www.grieta.org.mx\/wp-content\/uploads\/2018\/03\/14524434_1106112876131411_958039263622046936_o.jpg?resize=525%2C300&ssl=1 1.5x, https:\/\/i0.wp.com\/www.grieta.org.mx\/wp-content\/uploads\/2018\/03\/14524434_1106112876131411_958039263622046936_o.jpg?resize=700%2C400&ssl=1 2x"},"classes":[]},{"id":5206,"url":"https:\/\/www.grieta.org.mx\/index.php\/2015\/08\/13\/preparan-amparo-vs-alza-al-transporte\/","url_meta":{"origin":5201,"position":1},"title":"Preparan amparo vs alza al transporte","author":"grieta","date":"13 agosto, 2015","format":false,"excerpt":"Arlene Pati\u00f1o\/El Economista Estudiantes de la Facultad de Derecho de la Universidad Aut\u00f3noma de Quer\u00e9taro (UAQ) presentar\u00e1n un amparo colectivo en contra del alza de 30% a 8.5 pesos en la tarifa del transporte p\u00fablico. De acuerdo con la secretaria particular de Rector\u00eda, Blanca Guti\u00e9rrez Grageda, se encuentran en la\u2026","rel":"","context":"En &quot;CINTILLO&quot;","block_context":{"text":"CINTILLO","link":"https:\/\/www.grieta.org.mx\/index.php\/category\/cintillo\/"},"img":{"alt_text":"","src":"https:\/\/i0.wp.com\/www.grieta.org.mx\/wp-content\/uploads\/2018\/03\/14524434_1106112876131411_958039263622046936_o.jpg?resize=350%2C200&ssl=1","width":350,"height":200,"srcset":"https:\/\/i0.wp.com\/www.grieta.org.mx\/wp-content\/uploads\/2018\/03\/14524434_1106112876131411_958039263622046936_o.jpg?resize=350%2C200&ssl=1 1x, https:\/\/i0.wp.com\/www.grieta.org.mx\/wp-content\/uploads\/2018\/03\/14524434_1106112876131411_958039263622046936_o.jpg?resize=525%2C300&ssl=1 1.5x, https:\/\/i0.wp.com\/www.grieta.org.mx\/wp-content\/uploads\/2018\/03\/14524434_1106112876131411_958039263622046936_o.jpg?resize=700%2C400&ssl=1 2x"},"classes":[]},{"id":5207,"url":"https:\/\/www.grieta.org.mx\/index.php\/2015\/08\/10\/aumento-a-tarifa-de-transporte-de-queretaro-es-desproporcional-observatorio-ciudadano-de-movilidad\/","url_meta":{"origin":5201,"position":2},"title":"Aumento a tarifa de transporte de Quer\u00e9taro es desproporcional: Observatorio Ciudadano de Movilidad","author":"grieta","date":"10 agosto, 2015","format":false,"excerpt":"Alejandro Nieto Quer\u00e9taro\/C\u00f3dice Informativo Buscan mesas de di\u00e1logo con autoridades y universitarios para mejorar la calidad con las investigaciones de la Facultad de Ingenier\u00eda de la UAQ Integrantes del Observatorio Ciudadano de Movilidad piden a las autoridades del estado de Quer\u00e9taro entablar mesas de di\u00e1logo para mejorar las tarifas y\u2026","rel":"","context":"En &quot;CINTILLO&quot;","block_context":{"text":"CINTILLO","link":"https:\/\/www.grieta.org.mx\/index.php\/category\/cintillo\/"},"img":{"alt_text":"","src":"https:\/\/i0.wp.com\/www.grieta.org.mx\/wp-content\/uploads\/2018\/03\/14524434_1106112876131411_958039263622046936_o.jpg?resize=350%2C200&ssl=1","width":350,"height":200,"srcset":"https:\/\/i0.wp.com\/www.grieta.org.mx\/wp-content\/uploads\/2018\/03\/14524434_1106112876131411_958039263622046936_o.jpg?resize=350%2C200&ssl=1 1x, https:\/\/i0.wp.com\/www.grieta.org.mx\/wp-content\/uploads\/2018\/03\/14524434_1106112876131411_958039263622046936_o.jpg?resize=525%2C300&ssl=1 1.5x, https:\/\/i0.wp.com\/www.grieta.org.mx\/wp-content\/uploads\/2018\/03\/14524434_1106112876131411_958039263622046936_o.jpg?resize=700%2C400&ssl=1 2x"},"classes":[]},{"id":38254,"url":"https:\/\/www.grieta.org.mx\/index.php\/2019\/08\/23\/universitarios-se-manifiestan-en-queretaro-contra-tarifas-de-transporte\/","url_meta":{"origin":5201,"position":3},"title":"Universitarios se manifiestan en Quer\u00e9taro contra tarifas de transporte","author":"grieta","date":"23 agosto, 2019","format":false,"excerpt":"Viviana Estrella\/El Economista Quer\u00e9taro.- La comunidad de la Universidad Aut\u00f3noma de Quer\u00e9taro (UAQ), de otras instituciones educativas y ciudadanos, se manifestaron este viernes en la capital del estado en contra del incremento a la tarifa del transporte p\u00fablico. Los manifestantes salieron de la explanada del Centro Universitario de la UAQ,\u2026","rel":"","context":"En &quot;CINTILLO&quot;","block_context":{"text":"CINTILLO","link":"https:\/\/www.grieta.org.mx\/index.php\/category\/cintillo\/"},"img":{"alt_text":"","src":"https:\/\/i0.wp.com\/www.grieta.org.mx\/wp-content\/uploads\/2019\/08\/20190823_123049.jpg_1741123634.jpg?resize=350%2C200&ssl=1","width":350,"height":200,"srcset":"https:\/\/i0.wp.com\/www.grieta.org.mx\/wp-content\/uploads\/2019\/08\/20190823_123049.jpg_1741123634.jpg?resize=350%2C200&ssl=1 1x, https:\/\/i0.wp.com\/www.grieta.org.mx\/wp-content\/uploads\/2019\/08\/20190823_123049.jpg_1741123634.jpg?resize=525%2C300&ssl=1 1.5x, https:\/\/i0.wp.com\/www.grieta.org.mx\/wp-content\/uploads\/2019\/08\/20190823_123049.jpg_1741123634.jpg?resize=700%2C400&ssl=1 2x, https:\/\/i0.wp.com\/www.grieta.org.mx\/wp-content\/uploads\/2019\/08\/20190823_123049.jpg_1741123634.jpg?resize=1050%2C600&ssl=1 3x"},"classes":[]},{"id":4929,"url":"https:\/\/www.grieta.org.mx\/index.php\/2016\/03\/23\/conflictos-en-la-universidad-autonoma-de-queretaro\/","url_meta":{"origin":5201,"position":4},"title":"Conflictos en la Universidad Aut\u00f3noma de Quer\u00e9taro","author":"grieta","date":"23 marzo, 2016","format":false,"excerpt":"23\/03\/16. Levantan huelga en UAQ; no se presentaron autoridades universitarias Quadrat\u00edn 22\/03\/16. Junta de Conciliaci\u00f3n y Arbitraje resuelve levantamiento de la huelga en la UAQ AM Quer\u00e9taro 18\/03\/16. Exige STEUAQ modificaciones a propuesta de la UAQ AM Quer\u00e9taro 15\/03\/16. Insistir\u00e1 UAQ en declarar inexistente la huelga; preparan amparo Quadrat\u00edn 15\/03\/16.\u2026","rel":"","context":"En &quot;NOTICIAS NACIONALES&quot;","block_context":{"text":"NOTICIAS NACIONALES","link":"https:\/\/www.grieta.org.mx\/index.php\/category\/noticias-nacionales\/"},"img":{"alt_text":"","src":"https:\/\/i0.wp.com\/www.grieta.org.mx\/wp-content\/uploads\/2018\/03\/14524434_1106112876131411_958039263622046936_o.jpg?resize=350%2C200&ssl=1","width":350,"height":200,"srcset":"https:\/\/i0.wp.com\/www.grieta.org.mx\/wp-content\/uploads\/2018\/03\/14524434_1106112876131411_958039263622046936_o.jpg?resize=350%2C200&ssl=1 1x, https:\/\/i0.wp.com\/www.grieta.org.mx\/wp-content\/uploads\/2018\/03\/14524434_1106112876131411_958039263622046936_o.jpg?resize=525%2C300&ssl=1 1.5x, https:\/\/i0.wp.com\/www.grieta.org.mx\/wp-content\/uploads\/2018\/03\/14524434_1106112876131411_958039263622046936_o.jpg?resize=700%2C400&ssl=1 2x"},"classes":[]},{"id":40778,"url":"https:\/\/www.grieta.org.mx\/index.php\/2019\/11\/01\/alumnos-siguen-inconformes-con-tarifa-de-transporte-queretaro\/","url_meta":{"origin":5201,"position":5},"title":"Alumnos siguen inconformes con tarifa de transporte (Quer\u00e9taro)","author":"grieta","date":"1 noviembre, 2019","format":false,"excerpt":"Alejandro Pay\u00e1n V\u00e1zquez \/ Diario de Quer\u00e9taro \u201cHace d\u00edas descubrimos que habr\u00eda que subirnos a los arcos para que los medios de comunicaci\u00f3n pudieran si acaso grabarnos\u201d, Jos\u00e9 de Jes\u00fas \u00c1ngeles, consejero universitario Estudiantes presentaron en el marco del Consejo Universitario de la UAQ la Asamblea de Usuarios de Transporte\u2026","rel":"","context":"En &quot;CINTILLO&quot;","block_context":{"text":"CINTILLO","link":"https:\/\/www.grieta.org.mx\/index.php\/category\/cintillo\/"},"img":{"alt_text":"","src":"https:\/\/i0.wp.com\/www.grieta.org.mx\/wp-content\/uploads\/2019\/11\/Alumnos-siguen-inconformes-con-tarifa-de-transporte-qro-nov.jpg?resize=350%2C200&ssl=1","width":350,"height":200,"srcset":"https:\/\/i0.wp.com\/www.grieta.org.mx\/wp-content\/uploads\/2019\/11\/Alumnos-siguen-inconformes-con-tarifa-de-transporte-qro-nov.jpg?resize=350%2C200&ssl=1 1x, https:\/\/i0.wp.com\/www.grieta.org.mx\/wp-content\/uploads\/2019\/11\/Alumnos-siguen-inconformes-con-tarifa-de-transporte-qro-nov.jpg?resize=525%2C300&ssl=1 1.5x, https:\/\/i0.wp.com\/www.grieta.org.mx\/wp-content\/uploads\/2019\/11\/Alumnos-siguen-inconformes-con-tarifa-de-transporte-qro-nov.jpg?resize=700%2C400&ssl=1 2x"},"classes":[]}],"_links":{"self":[{"href":"https:\/\/www.grieta.org.mx\/index.php\/wp-json\/wp\/v2\/posts\/5201","targetHints":{"allow":["GET"]}}],"collection":[{"href":"https:\/\/www.grieta.org.mx\/index.php\/wp-json\/wp\/v2\/posts"}],"about":[{"href":"https:\/\/www.grieta.org.mx\/index.php\/wp-json\/wp\/v2\/types\/post"}],"author":[{"embeddable":true,"href":"https:\/\/www.grieta.org.mx\/index.php\/wp-json\/wp\/v2\/users\/2"}],"replies":[{"embeddable":true,"href":"https:\/\/www.grieta.org.mx\/index.php\/wp-json\/wp\/v2\/comments?post=5201"}],"version-history":[{"count":1,"href":"https:\/\/www.grieta.org.mx\/index.php\/wp-json\/wp\/v2\/posts\/5201\/revisions"}],"predecessor-version":[{"id":5217,"href":"https:\/\/www.grieta.org.mx\/index.php\/wp-json\/wp\/v2\/posts\/5201\/revisions\/5217"}],"wp:featuredmedia":[{"embeddable":true,"href":"https:\/\/www.grieta.org.mx\/index.php\/wp-json\/wp\/v2\/media\/21928"}],"wp:attachment":[{"href":"https:\/\/www.grieta.org.mx\/index.php\/wp-json\/wp\/v2\/media?parent=5201"}],"wp:term":[{"taxonomy":"category","embeddable":true,"href":"https:\/\/www.grieta.org.mx\/index.php\/wp-json\/wp\/v2\/categories?post=5201"},{"taxonomy":"post_tag","embeddable":true,"href":"https:\/\/www.grieta.org.mx\/index.php\/wp-json\/wp\/v2\/tags?post=5201"}],"curies":[{"name":"wp","href":"https:\/\/api.w.org\/{rel}","templated":true}]}}