{"id":51944,"date":"2020-07-17T20:50:34","date_gmt":"2020-07-18T01:50:34","guid":{"rendered":"http:\/\/www.grieta.org.mx\/?p=51944"},"modified":"2020-07-19T20:54:36","modified_gmt":"2020-07-20T01:54:36","slug":"consorcio-oaxaca-documenta-23-feminicidios-en-el-primer-trimestre-de-confinamiento","status":"publish","type":"post","link":"https:\/\/www.grieta.org.mx\/index.php\/2020\/07\/17\/consorcio-oaxaca-documenta-23-feminicidios-en-el-primer-trimestre-de-confinamiento\/","title":{"rendered":"Consorcio Oaxaca documenta 23 feminicidios en el primer trimestre de confinamiento"},"content":{"rendered":"<p>Proceso \/ Pedro Mat\u00edas.<\/p>\n<p><img loading=\"lazy\" decoding=\"async\" data-attachment-id=\"51945\" data-permalink=\"https:\/\/www.grieta.org.mx\/index.php\/2020\/07\/17\/consorcio-oaxaca-documenta-23-feminicidios-en-el-primer-trimestre-de-confinamiento\/fiscalia-oaxaca-870x522-2\/\" data-orig-file=\"https:\/\/www.grieta.org.mx\/wp-content\/uploads\/2020\/07\/Fiscalia-Oaxaca-870x522.jpg\" data-orig-size=\"870,522\" data-comments-opened=\"0\" data-image-meta=\"{&quot;aperture&quot;:&quot;0&quot;,&quot;credit&quot;:&quot;&quot;,&quot;camera&quot;:&quot;&quot;,&quot;caption&quot;:&quot;&quot;,&quot;created_timestamp&quot;:&quot;0&quot;,&quot;copyright&quot;:&quot;&quot;,&quot;focal_length&quot;:&quot;0&quot;,&quot;iso&quot;:&quot;0&quot;,&quot;shutter_speed&quot;:&quot;0&quot;,&quot;title&quot;:&quot;&quot;,&quot;orientation&quot;:&quot;1&quot;}\" data-image-title=\"Fiscalia-Oaxaca-870&amp;#215;522\" data-image-description=\"\" data-image-caption=\"\" data-medium-file=\"https:\/\/www.grieta.org.mx\/wp-content\/uploads\/2020\/07\/Fiscalia-Oaxaca-870x522-300x180.jpg\" data-large-file=\"https:\/\/www.grieta.org.mx\/wp-content\/uploads\/2020\/07\/Fiscalia-Oaxaca-870x522.jpg\" class=\"aligncenter wp-image-51945\" src=\"http:\/\/www.grieta.org.mx\/wp-content\/uploads\/2020\/07\/Fiscalia-Oaxaca-870x522.jpg\" alt=\"\" width=\"800\" height=\"480\" srcset=\"https:\/\/www.grieta.org.mx\/wp-content\/uploads\/2020\/07\/Fiscalia-Oaxaca-870x522.jpg 870w, https:\/\/www.grieta.org.mx\/wp-content\/uploads\/2020\/07\/Fiscalia-Oaxaca-870x522-300x180.jpg 300w, https:\/\/www.grieta.org.mx\/wp-content\/uploads\/2020\/07\/Fiscalia-Oaxaca-870x522-768x461.jpg 768w, https:\/\/www.grieta.org.mx\/wp-content\/uploads\/2020\/07\/Fiscalia-Oaxaca-870x522-833x500.jpg 833w\" sizes=\"auto, (max-width: 800px) 100vw, 800px\" \/><br \/>\nGrupos feministas colocaron cruces frente a la Fiscal\u00eda de Oaxaca. Foto: @consorciooaxaca<\/p>\n<p>OAXACA, Oax. (apro).- Consorcio para el Di\u00e1logo Parlamentario y la Equidad Oaxaca inform\u00f3 que en el primer trimestre de confinamiento por la pandemia de covid-19 documentaron 23 feminicidios y 79 desapariciones de mujeres.<\/p>\n<p>De acuerdo con el organismo, la declaraci\u00f3n de las medidas de confinamiento en la entidad se hizo el 21 de marzo, pero fue hasta el 19 de mayo cuando el gobierno del priista Alejandro Murat Hinojosa dio a conocer p\u00fablicamente, por videoconferencia, la \u201cGu\u00eda de actuaci\u00f3n para las mujeres en situaci\u00f3n de violencia durante el aislamiento por el covid-19\u201d.<\/p>\n<p>Y agreg\u00f3 que la herramienta digital ser\u00eda mucho m\u00e1s \u00fatil si se considerara que Oaxaca tiene ocho regiones diversas en las que se hablan 16 lenguas originarias distintas, y las mujeres requieren y tienen el derecho a que esta informaci\u00f3n se presente en su lengua materna.<\/p>\n<p>Adem\u00e1s, dijo, no todas las mujeres saben leer y escribir ni cuentan con informaci\u00f3n y acceso al uso y manejo de dispositivos m\u00f3viles o internet en muchas comunidades del estado.<\/p>\n<p>Se\u00f1al\u00f3 que datos de la Plataforma de Violencia Feminicida del pasado 21 de marzo (fecha en que comenz\u00f3 el periodo de confinamiento por la pandemia covid-19) al 21 de junio pasado, comparados con los registrados tres meses antes, es decir, del 21 de diciembre 2019 al 21 de marzo 2020, revelan que las cifras de feminicidios, desapariciones, violencia familiar y violencia sexual contra las mujeres son las m\u00e1s altas en ese primer trimestre de contingencia en la entidad.<\/p>\n<p>En relaci\u00f3n con la desaparici\u00f3n de mujeres, document\u00f3 un registro de 79 casos, en comparaci\u00f3n con 53 ocurridos los tres meses anteriores; violencia familiar, 17 casos contra 12; 23 feminicidios contra 35, y 10 casos de violencia sexual, en comparaci\u00f3n con 20 ocurridos el trimestre anterior.<\/p>\n<p>La cifra de feminicidios disminuy\u00f3 aproximadamente 30%, sin embargo, no deja de ser preocupante que 48% de los cr\u00edmenes ocurrieran en espacios p\u00fablicos y m\u00e1s de 60% fueron perpetrados con arma de fuego. La regi\u00f3n del Papaloapan y el Istmo ocupan el primer lugar, con siete feminicidios.<\/p>\n<p>Consorcio Oaxaca observ\u00f3 el incremento de la violencia familiar en contexto de pandemia, lo que demuestra que la casa es un lugar inseguro para las mujeres y no s\u00f3lo la calle, como se pensaba, pues en la Plataforma de Violencia Feminicida en Oaxaca encontraron que, durante el primer trimestre del confinamiento, 64% de los agresores son los esposos, concubinos e hijos de las v\u00edctimas.<\/p>\n<p>Las agresiones van de las amenazas, insultos y golpes, hasta el intento de feminicidio. De ah\u00ed que el riesgo de violencia contra las mujeres aumente al encontrarse en confinamiento con los agresores, y reduce la posibilidad de contar con redes y medios al estar vigiladas y en muchas ocasiones impedidas para realizar llamadas telef\u00f3nicas o salir a la calle en busca de ayuda.<\/p>\n<p>Esa informaci\u00f3n permite observar los obst\u00e1culos que enfrentan las mujeres para prevenir y combatir la violencia dom\u00e9stica en confinamiento, as\u00ed como el impacto del covid-19 en el acceso de las oaxaque\u00f1as a la justicia, se\u00f1al\u00f3 Consorcio Oaxaca.<\/p>\n<p>En tal sentido, mencion\u00f3 las dificultades para interponer denuncias en periodo de confinamiento, adem\u00e1s de la suspensi\u00f3n de algunas audiencias en casos de extrema gravedad por no ser considerados urgentes, como el caso de Mar\u00eda del Sol Cruz Jarqu\u00edn.<\/p>\n<p><a href=\"https:\/\/www.proceso.com.mx\/638758\/coronavirus-en-mexico-consorcio-oaxaca-documenta-23-feminicidios-en-el-primer-trimestre-de-confinamiento-por-la-pandemia\" target=\"_blank\" rel=\"noopener noreferrer\">https:\/\/www.proceso.com.mx\/638758\/coronavirus-en-mexico-consorcio-oaxaca-documenta-23-feminicidios-en-el-primer-trimestre-de-confinamiento-por-la-pandemia<\/a><\/p>\n","protected":false},"excerpt":{"rendered":"<p>Proceso \/ Pedro Mat\u00edas. Grupos feministas colocaron cruces frente a la Fiscal\u00eda de Oaxaca. Foto: @consorciooaxaca OAXACA, Oax. (apro).- Consorcio para el Di\u00e1logo Parlamentario y la Equidad Oaxaca inform\u00f3 que &hellip; <a href=\"https:\/\/www.grieta.org.mx\/index.php\/2020\/07\/17\/consorcio-oaxaca-documenta-23-feminicidios-en-el-primer-trimestre-de-confinamiento\/\" class=\"more-link\">Leer m\u00e1s<\/a><\/p>\n","protected":false},"author":2,"featured_media":51945,"comment_status":"closed","ping_status":"closed","sticky":false,"template":"","format":"standard","meta":{"ngg_post_thumbnail":0,"_jetpack_newsletter_access":"","_jetpack_dont_email_post_to_subs":false,"_jetpack_newsletter_tier_id":0,"_jetpack_memberships_contains_paywalled_content":false,"_jetpack_memberships_contains_paid_content":false,"footnotes":""},"categories":[80,3262,1325,2,25,1665],"tags":[],"class_list":["post-51944","post","type-post","status-publish","format-standard","has-post-thumbnail","hentry","category-cintillo","category-crisis-covid-19-en-oaxaca","category-feminicidios-en-oaxaca-oaxaca","category-noticias-nacionales","category-oaxaca","category-violencia-contra-las-mujeres-en-oaxaca","entry"],"jetpack_featured_media_url":"https:\/\/www.grieta.org.mx\/wp-content\/uploads\/2020\/07\/Fiscalia-Oaxaca-870x522.jpg","jetpack_sharing_enabled":true,"jetpack_shortlink":"https:\/\/wp.me\/p7ZJR4-dvO","jetpack_likes_enabled":false,"jetpack-related-posts":[{"id":38134,"url":"https:\/\/www.grieta.org.mx\/index.php\/2019\/08\/21\/consorcio-oaxaca-registra-334-feminicidios-desde-que-alejandro-murat-gobierna\/","url_meta":{"origin":51944,"position":0},"title":"Consorcio Oaxaca registra 334 feminicidios desde que Alejandro Murat gobierna","author":"grieta","date":"21 agosto, 2019","format":false,"excerpt":"Redacci\u00f3n \/ P\u00e1gina 3. Seg\u00fan la organizaci\u00f3n no gubernamental Consorcio Oaxaca, 334 feminicidios han ido perpetrados en la administraci\u00f3n del gobernador Alejandro Murat Hinojosa, 88 de esos fueron hasta mitad de agosto de este 2019. De los 334 que calcula Consorcio, 119 asesinatos a mujeres por raz\u00f3n de g\u00e9nero sucedieron\u2026","rel":"","context":"En &quot;CINTILLO&quot;","block_context":{"text":"CINTILLO","link":"https:\/\/www.grieta.org.mx\/index.php\/category\/cintillo\/"},"img":{"alt_text":"","src":"https:\/\/i0.wp.com\/www.grieta.org.mx\/wp-content\/uploads\/2018\/03\/14524434_1106112876131411_958039263622046936_o.jpg?resize=350%2C200&ssl=1","width":350,"height":200,"srcset":"https:\/\/i0.wp.com\/www.grieta.org.mx\/wp-content\/uploads\/2018\/03\/14524434_1106112876131411_958039263622046936_o.jpg?resize=350%2C200&ssl=1 1x, https:\/\/i0.wp.com\/www.grieta.org.mx\/wp-content\/uploads\/2018\/03\/14524434_1106112876131411_958039263622046936_o.jpg?resize=525%2C300&ssl=1 1.5x, https:\/\/i0.wp.com\/www.grieta.org.mx\/wp-content\/uploads\/2018\/03\/14524434_1106112876131411_958039263622046936_o.jpg?resize=700%2C400&ssl=1 2x"},"classes":[]},{"id":49879,"url":"https:\/\/www.grieta.org.mx\/index.php\/2020\/05\/27\/suman-21-mujeres-asesinadas-durante-el-confinamiento-en-oaxaca-gesmujer\/","url_meta":{"origin":51944,"position":1},"title":"Suman 21 mujeres asesinadas durante el confinamiento en Oaxaca: GESMujer","author":"grieta","date":"27 mayo, 2020","format":false,"excerpt":"Noticias \/ Vanguardia OAXACA. Oax. De acuerdo con el reporte preliminar de la organizaci\u00f3n no gubernamental Grupo de Estudios Sobre la Mujer \u201cRosario Castellanos\u201d (GESMujer), 21 mujeres fueron asesinadas entre marzo y mayo, periodo que coincide con la etapa de confinamiento preventivo para mitigar los contagios por la enfermedad de\u2026","rel":"","context":"En &quot;CINTILLO&quot;","block_context":{"text":"CINTILLO","link":"https:\/\/www.grieta.org.mx\/index.php\/category\/cintillo\/"},"img":{"alt_text":"","src":"https:\/\/i0.wp.com\/www.grieta.org.mx\/wp-content\/uploads\/2018\/03\/14524434_1106112876131411_958039263622046936_o.jpg?resize=350%2C200&ssl=1","width":350,"height":200,"srcset":"https:\/\/i0.wp.com\/www.grieta.org.mx\/wp-content\/uploads\/2018\/03\/14524434_1106112876131411_958039263622046936_o.jpg?resize=350%2C200&ssl=1 1x, https:\/\/i0.wp.com\/www.grieta.org.mx\/wp-content\/uploads\/2018\/03\/14524434_1106112876131411_958039263622046936_o.jpg?resize=525%2C300&ssl=1 1.5x, https:\/\/i0.wp.com\/www.grieta.org.mx\/wp-content\/uploads\/2018\/03\/14524434_1106112876131411_958039263622046936_o.jpg?resize=700%2C400&ssl=1 2x"},"classes":[]},{"id":92,"url":"https:\/\/www.grieta.org.mx\/index.php\/2016\/02\/05\/continuan-al-alza-los-feminicidios-consorcio\/","url_meta":{"origin":51944,"position":2},"title":"Contin\u00faan al alza los feminicidios: Consorcio","author":"grieta","date":"5 febrero, 2016","format":false,"excerpt":"Noticias Net. Lizette Mendoza Alavez, Oaxaca Para la organizaci\u00f3n civil esta cifra representa un incremento grave en la violencia contra las mujeres, pues se traduce en las agresiones m\u00e1s crudas que se presenten en la sociedad. \u201cHablar de un feminicido significa proyectos truncados; no solamente de las mujeres, sino de\u2026","rel":"","context":"En &quot;CINTILLO&quot;","block_context":{"text":"CINTILLO","link":"https:\/\/www.grieta.org.mx\/index.php\/category\/cintillo\/"},"img":{"alt_text":"","src":"https:\/\/i0.wp.com\/www.grieta.org.mx\/wp-content\/uploads\/2018\/03\/14524434_1106112876131411_958039263622046936_o.jpg?resize=350%2C200&ssl=1","width":350,"height":200,"srcset":"https:\/\/i0.wp.com\/www.grieta.org.mx\/wp-content\/uploads\/2018\/03\/14524434_1106112876131411_958039263622046936_o.jpg?resize=350%2C200&ssl=1 1x, https:\/\/i0.wp.com\/www.grieta.org.mx\/wp-content\/uploads\/2018\/03\/14524434_1106112876131411_958039263622046936_o.jpg?resize=525%2C300&ssl=1 1.5x, https:\/\/i0.wp.com\/www.grieta.org.mx\/wp-content\/uploads\/2018\/03\/14524434_1106112876131411_958039263622046936_o.jpg?resize=700%2C400&ssl=1 2x"},"classes":[]},{"id":56695,"url":"https:\/\/www.grieta.org.mx\/index.php\/2021\/01\/28\/oaxaca-en-semaforo-rojo-por-feminicidios-y-murar-prioriza-coyuntura-electoral-consorcio\/","url_meta":{"origin":51944,"position":3},"title":"Oaxaca en sem\u00e1foro rojo por feminicidios y Murar prioriza coyuntura electoral: Consorcio","author":"grieta","date":"28 enero, 2021","format":false,"excerpt":"P\u00e1gina 3 \/ Pedro Mat\u00edas. OAXACA, Oax. (pagina3.mx).- Mientras que el gobierno de Alejandro Murat Hinojosa prioriza la coyuntura electoral que se aproxima, en Oaxaca sigue en aumento \u201cla matanza impune de mujeres y ni\u00f1as\u201d, afirm\u00f3 Consorcio para el Di\u00e1logo Parlamentario y la Equidad en un pronunciamiento intitulado \u201c\u00a1Alerta, sem\u00e1foro\u2026","rel":"","context":"En &quot;CINTILLO&quot;","block_context":{"text":"CINTILLO","link":"https:\/\/www.grieta.org.mx\/index.php\/category\/cintillo\/"},"img":{"alt_text":"","src":"https:\/\/i0.wp.com\/www.grieta.org.mx\/wp-content\/uploads\/2021\/02\/1.jpg?resize=350%2C200&ssl=1","width":350,"height":200,"srcset":"https:\/\/i0.wp.com\/www.grieta.org.mx\/wp-content\/uploads\/2021\/02\/1.jpg?resize=350%2C200&ssl=1 1x, https:\/\/i0.wp.com\/www.grieta.org.mx\/wp-content\/uploads\/2021\/02\/1.jpg?resize=525%2C300&ssl=1 1.5x, https:\/\/i0.wp.com\/www.grieta.org.mx\/wp-content\/uploads\/2021\/02\/1.jpg?resize=700%2C400&ssl=1 2x"},"classes":[]},{"id":49649,"url":"https:\/\/www.grieta.org.mx\/index.php\/2020\/05\/22\/en-tuxtepec-abandonan-confinamiento-para-marchar-y-exigir-justicia-por-desaparecidas-oaxaca\/","url_meta":{"origin":51944,"position":4},"title":"En Tuxtepec, abandonan confinamiento para marchar y exigir justicia por desaparecidas (Oaxaca)","author":"grieta","date":"22 mayo, 2020","format":false,"excerpt":"P\u00e1gina 3 \/ Corresponsal\u00eda. Tuxtepex, Oax.- Con un hondo dolor a cuestas y la impotencia de no saber d\u00f3nde est\u00e1n sus seres amados, familiares, amigos y conocidos de j\u00f3venes desaparecidas en el municipio de San Juan Bautista Tuxtepec, al norte de Oaxaca, salieron a las calles para exigir justicia y\u2026","rel":"","context":"En &quot;CINTILLO&quot;","block_context":{"text":"CINTILLO","link":"https:\/\/www.grieta.org.mx\/index.php\/category\/cintillo\/"},"img":{"alt_text":"","src":"https:\/\/i0.wp.com\/www.grieta.org.mx\/wp-content\/uploads\/2020\/05\/marcha-desaparecidos-tuxtepec.jpg?resize=350%2C200&ssl=1","width":350,"height":200,"srcset":"https:\/\/i0.wp.com\/www.grieta.org.mx\/wp-content\/uploads\/2020\/05\/marcha-desaparecidos-tuxtepec.jpg?resize=350%2C200&ssl=1 1x, https:\/\/i0.wp.com\/www.grieta.org.mx\/wp-content\/uploads\/2020\/05\/marcha-desaparecidos-tuxtepec.jpg?resize=525%2C300&ssl=1 1.5x, https:\/\/i0.wp.com\/www.grieta.org.mx\/wp-content\/uploads\/2020\/05\/marcha-desaparecidos-tuxtepec.jpg?resize=700%2C400&ssl=1 2x"},"classes":[]},{"id":51020,"url":"https:\/\/www.grieta.org.mx\/index.php\/2020\/06\/18\/exigen-intervencion-de-segob-y-fgr-para-proteger-e-investigar-amenazas-a-feministas-de-consorcio-oaxaca\/","url_meta":{"origin":51944,"position":5},"title":"Exigen intervenci\u00f3n de Segob y FGR para proteger e investigar amenazas a feministas de Consorcio (Oaxaca)","author":"grieta","date":"18 junio, 2020","format":false,"excerpt":"P\u00e1gina 3 \/ Pedro Mat\u00edas. OAXACA, Oax.- La defensa de los derechos de las mujeres en Oaxaca se ha convertido en motivo de persecuci\u00f3n y amenazas, por eso exigen investigar amenazas a feministas. Como es el caso de Consorcio Oaxaca que por denunciar 427 feminicidios y 800 desapariciones en los\u2026","rel":"","context":"En &quot;CINTILLO&quot;","block_context":{"text":"CINTILLO","link":"https:\/\/www.grieta.org.mx\/index.php\/category\/cintillo\/"},"img":{"alt_text":"","src":"https:\/\/i0.wp.com\/www.grieta.org.mx\/wp-content\/uploads\/2020\/06\/A.png?resize=350%2C200&ssl=1","width":350,"height":200,"srcset":"https:\/\/i0.wp.com\/www.grieta.org.mx\/wp-content\/uploads\/2020\/06\/A.png?resize=350%2C200&ssl=1 1x, https:\/\/i0.wp.com\/www.grieta.org.mx\/wp-content\/uploads\/2020\/06\/A.png?resize=525%2C300&ssl=1 1.5x, https:\/\/i0.wp.com\/www.grieta.org.mx\/wp-content\/uploads\/2020\/06\/A.png?resize=700%2C400&ssl=1 2x"},"classes":[]}],"_links":{"self":[{"href":"https:\/\/www.grieta.org.mx\/index.php\/wp-json\/wp\/v2\/posts\/51944","targetHints":{"allow":["GET"]}}],"collection":[{"href":"https:\/\/www.grieta.org.mx\/index.php\/wp-json\/wp\/v2\/posts"}],"about":[{"href":"https:\/\/www.grieta.org.mx\/index.php\/wp-json\/wp\/v2\/types\/post"}],"author":[{"embeddable":true,"href":"https:\/\/www.grieta.org.mx\/index.php\/wp-json\/wp\/v2\/users\/2"}],"replies":[{"embeddable":true,"href":"https:\/\/www.grieta.org.mx\/index.php\/wp-json\/wp\/v2\/comments?post=51944"}],"version-history":[{"count":1,"href":"https:\/\/www.grieta.org.mx\/index.php\/wp-json\/wp\/v2\/posts\/51944\/revisions"}],"predecessor-version":[{"id":51946,"href":"https:\/\/www.grieta.org.mx\/index.php\/wp-json\/wp\/v2\/posts\/51944\/revisions\/51946"}],"wp:featuredmedia":[{"embeddable":true,"href":"https:\/\/www.grieta.org.mx\/index.php\/wp-json\/wp\/v2\/media\/51945"}],"wp:attachment":[{"href":"https:\/\/www.grieta.org.mx\/index.php\/wp-json\/wp\/v2\/media?parent=51944"}],"wp:term":[{"taxonomy":"category","embeddable":true,"href":"https:\/\/www.grieta.org.mx\/index.php\/wp-json\/wp\/v2\/categories?post=51944"},{"taxonomy":"post_tag","embeddable":true,"href":"https:\/\/www.grieta.org.mx\/index.php\/wp-json\/wp\/v2\/tags?post=51944"}],"curies":[{"name":"wp","href":"https:\/\/api.w.org\/{rel}","templated":true}]}}