{"id":51899,"date":"2020-07-15T16:55:43","date_gmt":"2020-07-15T21:55:43","guid":{"rendered":"http:\/\/www.grieta.org.mx\/?p=51899"},"modified":"2020-07-18T17:08:46","modified_gmt":"2020-07-18T22:08:46","slug":"gobernador-roba-52-millones-de-pesos-a-trabajadores-de-la-salud-en-nayarit-denuncian","status":"publish","type":"post","link":"https:\/\/www.grieta.org.mx\/index.php\/2020\/07\/15\/gobernador-roba-52-millones-de-pesos-a-trabajadores-de-la-salud-en-nayarit-denuncian\/","title":{"rendered":"Gobernador roba 52 millones de pesos a trabajadores de la salud en Nayarit, denuncian"},"content":{"rendered":"<p><img loading=\"lazy\" decoding=\"async\" data-attachment-id=\"51900\" data-permalink=\"https:\/\/www.grieta.org.mx\/index.php\/2020\/07\/15\/gobernador-roba-52-millones-de-pesos-a-trabajadores-de-la-salud-en-nayarit-denuncian\/echevo-1068x801-4\/\" data-orig-file=\"https:\/\/www.grieta.org.mx\/wp-content\/uploads\/2020\/07\/ECHEVO-1068x801-2.png\" data-orig-size=\"1063,786\" data-comments-opened=\"0\" data-image-meta=\"{&quot;aperture&quot;:&quot;0&quot;,&quot;credit&quot;:&quot;&quot;,&quot;camera&quot;:&quot;&quot;,&quot;caption&quot;:&quot;&quot;,&quot;created_timestamp&quot;:&quot;0&quot;,&quot;copyright&quot;:&quot;&quot;,&quot;focal_length&quot;:&quot;0&quot;,&quot;iso&quot;:&quot;0&quot;,&quot;shutter_speed&quot;:&quot;0&quot;,&quot;title&quot;:&quot;&quot;,&quot;orientation&quot;:&quot;0&quot;}\" data-image-title=\"ECHEVO-1068&amp;#215;801\" data-image-description=\"\" data-image-caption=\"\" data-medium-file=\"https:\/\/www.grieta.org.mx\/wp-content\/uploads\/2020\/07\/ECHEVO-1068x801-2-300x222.png\" data-large-file=\"https:\/\/www.grieta.org.mx\/wp-content\/uploads\/2020\/07\/ECHEVO-1068x801-2-1024x757.png\" class=\"aligncenter wp-image-51900\" src=\"http:\/\/www.grieta.org.mx\/wp-content\/uploads\/2020\/07\/ECHEVO-1068x801-2.png\" alt=\"\" width=\"801\" height=\"592\" srcset=\"https:\/\/www.grieta.org.mx\/wp-content\/uploads\/2020\/07\/ECHEVO-1068x801-2.png 1063w, https:\/\/www.grieta.org.mx\/wp-content\/uploads\/2020\/07\/ECHEVO-1068x801-2-300x222.png 300w, https:\/\/www.grieta.org.mx\/wp-content\/uploads\/2020\/07\/ECHEVO-1068x801-2-768x568.png 768w, https:\/\/www.grieta.org.mx\/wp-content\/uploads\/2020\/07\/ECHEVO-1068x801-2-1024x757.png 1024w, https:\/\/www.grieta.org.mx\/wp-content\/uploads\/2020\/07\/ECHEVO-1068x801-2-676x500.png 676w\" sizes=\"auto, (max-width: 801px) 100vw, 801px\" \/><\/p>\n<p>Foto: Realidades de Nayarit<\/p>\n<p><em>Denuncian trabajadores del sector salud que el gobernador panista, Antonio Echevarr\u00eda en contubernio con el Secretario de Salud, Ra\u00fal Santiago L\u00f3pez D\u00edaz, les quit\u00f3 a lo descarado de su cheque 52 millones 800 mil pesos presuntamente para las campa\u00f1as pol\u00edticas<\/em><\/p>\n<p>Servio Tulio Berumen \/ Realiades de Nayarit<\/p>\n<p>Tepic, Nayarit.- Mi\u00e9rcoles 15 de Julio del 2020.- Denuncian trabajadores del sector salud que el gobernador panista, To\u00f1o Echevarr\u00eda Garc\u00eda, anda desesperado agarrando dinero de donde se pueda para financiar, aseguran, las pr\u00f3ximas campa\u00f1as pol\u00edticas de sus candidatos, ahora -se\u00f1alan- las v\u00edctimas fueron los trabajadores sindicalizados de la Secretar\u00eda de Salud de Nayarit (SSN) a quienes les quit\u00f3 a la brava del cheque 52 millones 800 mil pesos.<\/p>\n<p>Denuncian los trabajadores, que estos 52 millones de pesos, corresponden al pago de tres prestaciones que se encuentran contempladas dentro del Contrato Colectivo de Trabajo.<\/p>\n<p>La primera de ellas, tiene que ver con el pago del est\u00edmulo trimestral relativo a puntualidad que asciende a 2 mil 500 pesos.<\/p>\n<p>Por este concepto, se\u00f1alaron, el gobernador les quit\u00f3 a la brava el pago de los dos trimestres del a\u00f1o, Enero-Febrero-Marzo y Abril-Mayo-Junio, que sumados dan 5 mil pesos que multiplicados por 2 mil 400 trabajadores de base que reciben este beneficio, dan un total de 12 millones de pesos.<\/p>\n<p>En cuanto a las otras dos prestaciones que les quitaron a la brava: el est\u00edmulo de puntualidad y asistencia; y el est\u00edmulo por asistencia perfecta, dan un total de 17 mil pesos por trabajador; que multiplicados estos 17 mil pesos por los 2 mil 400 trabajadores de plaza 416, dan un monto de 40 millones 800 mil pesos.<\/p>\n<p>En total, la sumatoria de estas dos cantidades, los 12 millones m\u00e1s los 40 millones 800 mil pesos, dan un monto total de 52 millones 800 mil pesos.<\/p>\n<p>Todo este dinero, aseguraron sumamente encabronados los trabajadores, fue el que les quitaron a la brava del cheque, el gobernador, To\u00f1o Echevarr\u00eda Garc\u00eda, en contubernio con el Secretario de Salud, Ra\u00fal Santiago L\u00f3pez; la Directora de Administraci\u00f3n, Iris \u00c1lvarez Qui\u00f1ones y la Subdirectora de Recursos Humanos, N\u00f3mina y Pago, Erika Hern\u00e1ndez Cort\u00e9s, quienes han formado se\u00f1alan los trabajadores, una mafia de gavilanes que no m\u00e1s andan tras el dinero.<\/p>\n<p>Cabe se\u00f1alar, puntualizaron, que el gobernador no ten\u00eda ning\u00fan motivo para robarles el salario a los trabajadores por ser recurso federal, ya que el Presidente, Andr\u00e9s Manuel L\u00f3pez Obrador, le adelant\u00f3 al gobernador, To\u00f1o Echevarr\u00eda Garc\u00eda, 6 mil 400 millones de pesos, correspondientes al tercer trimestre del a\u00f1o Julio-Agosto-Septiembre, de los cuales 2 mil 214 millones 968 mil 482 pesos, fueron destinados al sector salud.<\/p>\n<p>Por lo tanto, si sumamos los 6 mil 400 millones del tercer trimestre, m\u00e1s los 5 mil 700 millones de pesos, que le mando la SHCP del segundo trimestre Abril-Mayo-Junio, dan un total de $ 12 mil 100 millones de pesos, de los cuales el gobernador no ha rendido cuentas de ning\u00fan s\u00f3lo peso; \u00bfQu\u00e9 le hace To\u00f1o a tanto dinero? Seg\u00fan, eso es rico, pero, parece un muerto de hambre rob\u00e1ndole el dinero a los trabajadores de la Secretar\u00eda de Salud de Nayarit, finalizaron los denuncientes.<\/p>\n<p><a href=\"http:\/\/realidadessperiodico.com\/?p=47404\">http:\/\/realidadessperiodico.com\/?p=47404<\/a><\/p>\n","protected":false},"excerpt":{"rendered":"<p>Foto: Realidades de Nayarit Denuncian trabajadores del sector salud que el gobernador panista, Antonio Echevarr\u00eda en contubernio con el Secretario de Salud, Ra\u00fal Santiago L\u00f3pez D\u00edaz, les quit\u00f3 a lo &hellip; <a href=\"https:\/\/www.grieta.org.mx\/index.php\/2020\/07\/15\/gobernador-roba-52-millones-de-pesos-a-trabajadores-de-la-salud-en-nayarit-denuncian\/\" class=\"more-link\">Leer m\u00e1s<\/a><\/p>\n","protected":false},"author":2,"featured_media":21928,"comment_status":"closed","ping_status":"closed","sticky":false,"template":"","format":"standard","meta":{"ngg_post_thumbnail":0,"_jetpack_newsletter_access":"","_jetpack_dont_email_post_to_subs":false,"_jetpack_newsletter_tier_id":0,"_jetpack_memberships_contains_paywalled_content":false,"_jetpack_memberships_contains_paid_content":false,"footnotes":""},"categories":[80,918,2573,23,2,83],"tags":[2102,3133,2367],"class_list":["post-51899","post","type-post","status-publish","format-standard","has-post-thumbnail","hentry","category-cintillo","category-privatizacion-del-sector-salud","category-crisis-del-sector-salud-en-nayarit","category-nayarit","category-noticias-nacionales","category-temas-nacionales","tag-conflicto-laboral","tag-crisis-del-sector-salud","tag-crisis-en-el-sector-salud","entry"],"jetpack_featured_media_url":"https:\/\/www.grieta.org.mx\/wp-content\/uploads\/2018\/03\/14524434_1106112876131411_958039263622046936_o.jpg","jetpack_sharing_enabled":true,"jetpack_shortlink":"https:\/\/wp.me\/p7ZJR4-dv5","jetpack_likes_enabled":false,"jetpack-related-posts":[{"id":46888,"url":"https:\/\/www.grieta.org.mx\/index.php\/2020\/03\/26\/gobernador-de-nayarit-tiene-a-los-hospitales-en-la-ruina\/","url_meta":{"origin":51899,"position":0},"title":"Gobernador de Nayarit tiene a los hospitales en la ruina","author":"grieta","date":"26 marzo, 2020","format":false,"excerpt":"Foto: Realidades de Nayarit Denuncian los trabajadores del Sector Salud que el gobernador panista, Antonio Echevarr\u00eda Garc\u00eda, se la ha llevado a puros salivazos, pero no se ha preocupado porque los hospitales y centros de salud cuenten con lo m\u00ednimo indispensable para enfrentar la pandemia del Coronavirus Mildra Ben\u00edtez Robledo\u2026","rel":"","context":"En &quot;CINTILLO&quot;","block_context":{"text":"CINTILLO","link":"https:\/\/www.grieta.org.mx\/index.php\/category\/cintillo\/"},"img":{"alt_text":"","src":"https:\/\/i0.wp.com\/www.grieta.org.mx\/wp-content\/uploads\/2018\/03\/14524434_1106112876131411_958039263622046936_o.jpg?resize=350%2C200&ssl=1","width":350,"height":200,"srcset":"https:\/\/i0.wp.com\/www.grieta.org.mx\/wp-content\/uploads\/2018\/03\/14524434_1106112876131411_958039263622046936_o.jpg?resize=350%2C200&ssl=1 1x, https:\/\/i0.wp.com\/www.grieta.org.mx\/wp-content\/uploads\/2018\/03\/14524434_1106112876131411_958039263622046936_o.jpg?resize=525%2C300&ssl=1 1.5x, https:\/\/i0.wp.com\/www.grieta.org.mx\/wp-content\/uploads\/2018\/03\/14524434_1106112876131411_958039263622046936_o.jpg?resize=700%2C400&ssl=1 2x"},"classes":[]},{"id":51530,"url":"https:\/\/www.grieta.org.mx\/index.php\/2020\/07\/02\/trabajadores-del-sector-salud-denuncian-despidos-nayarit\/","url_meta":{"origin":51899,"position":1},"title":"Trabajadores del sector salud denuncian despidos (Nayarit)","author":"grieta","date":"2 julio, 2020","format":false,"excerpt":"Foto: Realidades de Nayarit Denuncian trabajadores que el gobernador panista, Antonio Echevarr\u00eda est\u00e1 despidiendo a personal que tiene hasta 12 a\u00f1os laborando para hacerle campo a sus amigos, compadres y amiguitas, para dejarlos basificados antes de que termine su nefasto cuatrienio Ver\u00f3nica Ram\u00edrez \/ Realidades de Nayarit Tepic, Nayarit.- Jueves\u2026","rel":"","context":"En &quot;CINTILLO&quot;","block_context":{"text":"CINTILLO","link":"https:\/\/www.grieta.org.mx\/index.php\/category\/cintillo\/"},"img":{"alt_text":"","src":"https:\/\/i0.wp.com\/www.grieta.org.mx\/wp-content\/uploads\/2018\/03\/14524434_1106112876131411_958039263622046936_o.jpg?resize=350%2C200&ssl=1","width":350,"height":200,"srcset":"https:\/\/i0.wp.com\/www.grieta.org.mx\/wp-content\/uploads\/2018\/03\/14524434_1106112876131411_958039263622046936_o.jpg?resize=350%2C200&ssl=1 1x, https:\/\/i0.wp.com\/www.grieta.org.mx\/wp-content\/uploads\/2018\/03\/14524434_1106112876131411_958039263622046936_o.jpg?resize=525%2C300&ssl=1 1.5x, https:\/\/i0.wp.com\/www.grieta.org.mx\/wp-content\/uploads\/2018\/03\/14524434_1106112876131411_958039263622046936_o.jpg?resize=700%2C400&ssl=1 2x"},"classes":[]},{"id":51691,"url":"https:\/\/www.grieta.org.mx\/index.php\/2020\/07\/07\/trabajadores-de-la-salud-exigen-renuncia-de-tono-denuncian-que-escondio-equipos-de-proteccion-contra-el-covid-19-nayarit\/","url_meta":{"origin":51899,"position":2},"title":"Trabajadores de la salud exigen renuncia de To\u00f1o, denuncian que escondi\u00f3 equipos de protecci\u00f3n contra el Covid-19 (Nayarit)","author":"grieta","date":"7 julio, 2020","format":false,"excerpt":"Foto: Realidades de Nayarit M\u00e1s de 5 mil trabajadores del sector salud, entre ellos m\u00e9dicos y enfermeras, le exigen al gobernador panista, Antonio Echevarr\u00eda Garc\u00eda y al secretario de Salud, Ra\u00fal Santiago L\u00f3pez que renuncien por ineptos, mentirosos e irresponsables Los culpan de haber escondido 32 mil 184 equipos de\u2026","rel":"","context":"En &quot;CINTILLO&quot;","block_context":{"text":"CINTILLO","link":"https:\/\/www.grieta.org.mx\/index.php\/category\/cintillo\/"},"img":{"alt_text":"","src":"https:\/\/i0.wp.com\/www.grieta.org.mx\/wp-content\/uploads\/2018\/03\/14524434_1106112876131411_958039263622046936_o.jpg?resize=350%2C200&ssl=1","width":350,"height":200,"srcset":"https:\/\/i0.wp.com\/www.grieta.org.mx\/wp-content\/uploads\/2018\/03\/14524434_1106112876131411_958039263622046936_o.jpg?resize=350%2C200&ssl=1 1x, https:\/\/i0.wp.com\/www.grieta.org.mx\/wp-content\/uploads\/2018\/03\/14524434_1106112876131411_958039263622046936_o.jpg?resize=525%2C300&ssl=1 1.5x, https:\/\/i0.wp.com\/www.grieta.org.mx\/wp-content\/uploads\/2018\/03\/14524434_1106112876131411_958039263622046936_o.jpg?resize=700%2C400&ssl=1 2x"},"classes":[]},{"id":46522,"url":"https:\/\/www.grieta.org.mx\/index.php\/2020\/03\/17\/nayarit-no-esta-preparado-para-la-pandemia-afirman-trabajadores-de-la-secretaria-de-salud\/","url_meta":{"origin":51899,"position":3},"title":"Nayarit no esta preparado para la pandemia. Afirman trabajadores de la Secretaria de Salud","author":"grieta","date":"17 marzo, 2020","format":false,"excerpt":"Foto: Ilustrativa Redacci\u00f3n \/ Realidades de Nayarit En redes sociales los mismos trabajadores de la Secretaria de Salud del Estado de Nayarit, solicitaron a las autoridades del estado la dotaci\u00f3n de insumos y material para poder enfrentar en su momento la pandemia del COVID19. Afirman no estar preparados con infraestructura,\u2026","rel":"","context":"En &quot;CINTILLO&quot;","block_context":{"text":"CINTILLO","link":"https:\/\/www.grieta.org.mx\/index.php\/category\/cintillo\/"},"img":{"alt_text":"","src":"https:\/\/i0.wp.com\/www.grieta.org.mx\/wp-content\/uploads\/2020\/03\/hospital-general-tepic-2.jpg?resize=350%2C200&ssl=1","width":350,"height":200,"srcset":"https:\/\/i0.wp.com\/www.grieta.org.mx\/wp-content\/uploads\/2020\/03\/hospital-general-tepic-2.jpg?resize=350%2C200&ssl=1 1x, https:\/\/i0.wp.com\/www.grieta.org.mx\/wp-content\/uploads\/2020\/03\/hospital-general-tepic-2.jpg?resize=525%2C300&ssl=1 1.5x"},"classes":[]},{"id":51334,"url":"https:\/\/www.grieta.org.mx\/index.php\/2020\/06\/24\/directora-del-hospital-despiadada-con-el-personal-denuncian-nayarit\/","url_meta":{"origin":51899,"position":4},"title":"Directora del hospital despiadada con el personal, denuncian (Nayarit)","author":"grieta","date":"24 junio, 2020","format":false,"excerpt":"Foto: Realidades de Nayarit Miguel Castillo Sandoval \/ Realidades de Nayarit Tecuala, Nayarit. 24\/06\/20 .- Personal del centro de salud y pueblo en general, manifiestan que tienen tiempo demandando ante el gobierno del estado y en la secretar\u00eda de salud la destituci\u00f3n inmediata de la directora del hospital de este\u2026","rel":"","context":"En &quot;CINTILLO&quot;","block_context":{"text":"CINTILLO","link":"https:\/\/www.grieta.org.mx\/index.php\/category\/cintillo\/"},"img":{"alt_text":"","src":"https:\/\/i0.wp.com\/www.grieta.org.mx\/wp-content\/uploads\/2020\/06\/TECUALA-HOSPITAL.jpg?resize=350%2C200&ssl=1","width":350,"height":200,"srcset":"https:\/\/i0.wp.com\/www.grieta.org.mx\/wp-content\/uploads\/2020\/06\/TECUALA-HOSPITAL.jpg?resize=350%2C200&ssl=1 1x, https:\/\/i0.wp.com\/www.grieta.org.mx\/wp-content\/uploads\/2020\/06\/TECUALA-HOSPITAL.jpg?resize=525%2C300&ssl=1 1.5x, https:\/\/i0.wp.com\/www.grieta.org.mx\/wp-content\/uploads\/2020\/06\/TECUALA-HOSPITAL.jpg?resize=700%2C400&ssl=1 2x"},"classes":[]},{"id":55752,"url":"https:\/\/www.grieta.org.mx\/index.php\/2020\/12\/10\/medicos-se-manifiestan-frente-a-palacio-de-gobierno-por-despidos-injustificados-nayarit\/","url_meta":{"origin":51899,"position":5},"title":"M\u00e9dicos se manifiestan frente a palacio de gobierno por despidos injustificados (Nayarit)","author":"grieta","date":"10 diciembre, 2020","format":false,"excerpt":"Foto: Realidades de Nayarit El gobernador panista, Antonio Echevarr\u00eda Garc\u00eda, les da su regalo de Navidad despidi\u00e9ndolos despu\u00e9s de 20 a\u00f1os de trabajo y arriesgar su vida por el Covid, todo para acomodar antes de irse a sus amigotes y parentela sin experiencia Y continuar\u00e1n los despidos injustificados hasta completar\u2026","rel":"","context":"En &quot;CINTILLO&quot;","block_context":{"text":"CINTILLO","link":"https:\/\/www.grieta.org.mx\/index.php\/category\/cintillo\/"},"img":{"alt_text":"","src":"https:\/\/i0.wp.com\/www.grieta.org.mx\/wp-content\/uploads\/2020\/12\/covid-9-630x420-1.jpg?resize=350%2C200&ssl=1","width":350,"height":200,"srcset":"https:\/\/i0.wp.com\/www.grieta.org.mx\/wp-content\/uploads\/2020\/12\/covid-9-630x420-1.jpg?resize=350%2C200&ssl=1 1x, https:\/\/i0.wp.com\/www.grieta.org.mx\/wp-content\/uploads\/2020\/12\/covid-9-630x420-1.jpg?resize=525%2C300&ssl=1 1.5x"},"classes":[]}],"_links":{"self":[{"href":"https:\/\/www.grieta.org.mx\/index.php\/wp-json\/wp\/v2\/posts\/51899","targetHints":{"allow":["GET"]}}],"collection":[{"href":"https:\/\/www.grieta.org.mx\/index.php\/wp-json\/wp\/v2\/posts"}],"about":[{"href":"https:\/\/www.grieta.org.mx\/index.php\/wp-json\/wp\/v2\/types\/post"}],"author":[{"embeddable":true,"href":"https:\/\/www.grieta.org.mx\/index.php\/wp-json\/wp\/v2\/users\/2"}],"replies":[{"embeddable":true,"href":"https:\/\/www.grieta.org.mx\/index.php\/wp-json\/wp\/v2\/comments?post=51899"}],"version-history":[{"count":1,"href":"https:\/\/www.grieta.org.mx\/index.php\/wp-json\/wp\/v2\/posts\/51899\/revisions"}],"predecessor-version":[{"id":51901,"href":"https:\/\/www.grieta.org.mx\/index.php\/wp-json\/wp\/v2\/posts\/51899\/revisions\/51901"}],"wp:featuredmedia":[{"embeddable":true,"href":"https:\/\/www.grieta.org.mx\/index.php\/wp-json\/wp\/v2\/media\/21928"}],"wp:attachment":[{"href":"https:\/\/www.grieta.org.mx\/index.php\/wp-json\/wp\/v2\/media?parent=51899"}],"wp:term":[{"taxonomy":"category","embeddable":true,"href":"https:\/\/www.grieta.org.mx\/index.php\/wp-json\/wp\/v2\/categories?post=51899"},{"taxonomy":"post_tag","embeddable":true,"href":"https:\/\/www.grieta.org.mx\/index.php\/wp-json\/wp\/v2\/tags?post=51899"}],"curies":[{"name":"wp","href":"https:\/\/api.w.org\/{rel}","templated":true}]}}