{"id":51891,"date":"2020-06-25T16:18:16","date_gmt":"2020-06-25T21:18:16","guid":{"rendered":"http:\/\/www.grieta.org.mx\/?p=51891"},"modified":"2020-07-18T16:24:48","modified_gmt":"2020-07-18T21:24:48","slug":"sindicato-del-inbal-buscara-apoyo-legal-para-defender-al-teatro-jimenez-rueda-ciudad-de-mexico","status":"publish","type":"post","link":"https:\/\/www.grieta.org.mx\/index.php\/2020\/06\/25\/sindicato-del-inbal-buscara-apoyo-legal-para-defender-al-teatro-jimenez-rueda-ciudad-de-mexico\/","title":{"rendered":"Sindicato del INBAL buscar\u00e1 apoyo legal para defender al Teatro Jim\u00e9nez Rueda (Ciudad de M\u00e9xico)"},"content":{"rendered":"<p><img loading=\"lazy\" decoding=\"async\" data-attachment-id=\"51892\" data-permalink=\"https:\/\/www.grieta.org.mx\/index.php\/2020\/06\/25\/sindicato-del-inbal-buscara-apoyo-legal-para-defender-al-teatro-jimenez-rueda-ciudad-de-mexico\/sindicato-del-inbal-buscara-apoyo-legal-para-defender-al-teatro-jimenez-rueda-cdmx-jul\/\" data-orig-file=\"https:\/\/www.grieta.org.mx\/wp-content\/uploads\/2020\/07\/Sindicato-del-INBAL-buscar\u00e1-apoyo-legal-para-defender-al-Teatro-Jim\u00e9nez-Rueda-cdmx-jul.jpeg\" data-orig-size=\"870,522\" data-comments-opened=\"0\" data-image-meta=\"{&quot;aperture&quot;:&quot;0&quot;,&quot;credit&quot;:&quot;&quot;,&quot;camera&quot;:&quot;&quot;,&quot;caption&quot;:&quot;&quot;,&quot;created_timestamp&quot;:&quot;0&quot;,&quot;copyright&quot;:&quot;&quot;,&quot;focal_length&quot;:&quot;0&quot;,&quot;iso&quot;:&quot;0&quot;,&quot;shutter_speed&quot;:&quot;0&quot;,&quot;title&quot;:&quot;&quot;,&quot;orientation&quot;:&quot;0&quot;}\" data-image-title=\"Sindicato del INBAL buscar\u00e1 apoyo legal para defender al Teatro Jim\u00e9nez Rueda cdmx jul\" data-image-description=\"\" data-image-caption=\"\" data-medium-file=\"https:\/\/www.grieta.org.mx\/wp-content\/uploads\/2020\/07\/Sindicato-del-INBAL-buscar\u00e1-apoyo-legal-para-defender-al-Teatro-Jim\u00e9nez-Rueda-cdmx-jul-300x180.jpeg\" data-large-file=\"https:\/\/www.grieta.org.mx\/wp-content\/uploads\/2020\/07\/Sindicato-del-INBAL-buscar\u00e1-apoyo-legal-para-defender-al-Teatro-Jim\u00e9nez-Rueda-cdmx-jul.jpeg\" class=\"aligncenter wp-image-51892\" src=\"http:\/\/www.grieta.org.mx\/wp-content\/uploads\/2020\/07\/Sindicato-del-INBAL-buscar\u00e1-apoyo-legal-para-defender-al-Teatro-Jim\u00e9nez-Rueda-cdmx-jul.jpeg\" alt=\"\" width=\"632\" height=\"379\" srcset=\"https:\/\/www.grieta.org.mx\/wp-content\/uploads\/2020\/07\/Sindicato-del-INBAL-buscar\u00e1-apoyo-legal-para-defender-al-Teatro-Jim\u00e9nez-Rueda-cdmx-jul.jpeg 870w, https:\/\/www.grieta.org.mx\/wp-content\/uploads\/2020\/07\/Sindicato-del-INBAL-buscar\u00e1-apoyo-legal-para-defender-al-Teatro-Jim\u00e9nez-Rueda-cdmx-jul-300x180.jpeg 300w, https:\/\/www.grieta.org.mx\/wp-content\/uploads\/2020\/07\/Sindicato-del-INBAL-buscar\u00e1-apoyo-legal-para-defender-al-Teatro-Jim\u00e9nez-Rueda-cdmx-jul-768x461.jpeg 768w, https:\/\/www.grieta.org.mx\/wp-content\/uploads\/2020\/07\/Sindicato-del-INBAL-buscar\u00e1-apoyo-legal-para-defender-al-Teatro-Jim\u00e9nez-Rueda-cdmx-jul-833x500.jpeg 833w\" sizes=\"auto, (max-width: 632px) 100vw, 632px\" \/><br \/>\nInterior del Teatro Julio Jim\u00e9nez Rueda. Foto: Google Maps<\/p>\n<p>Niza rivera \/ Proceso<\/p>\n<blockquote><p>CIUDAD DE M\u00c9XICO (APRO).- Para el Sindicato Nacional de Cultura (SINAC) Secci\u00f3n ODIII22 del Instituto Nacional de Bellas Artes y Literatura (INBAL), el proceder legal del INBAL ante el Teatro Julio Jim\u00e9nez Rueda, que deja al recinto expuesto a una posible demolici\u00f3n sin reposici\u00f3n, es un \u201catropello a la cultura\u201d.<\/p><\/blockquote>\n<p>En entrevista telef\u00f3nica con Apro, Yolanda I. Aguila Mendoza, secretaria de Promoci\u00f3n y Escalaf\u00f3n en dicha secci\u00f3n, record\u00f3 que la defensa del recinto se remonta al 2012, 2015, y 2017. En este \u00faltimo a\u00f1o a ra\u00edz de \u201cda\u00f1os estructurales\u201d.<\/p>\n<p>Coment\u00f3:<\/p>\n<p>\u201cEn 2012 hubo un movimiento muy fuerte por parte de la comunidad cultural, y de nosotros como entonces delegaci\u00f3n, y se logr\u00f3 salvar el teatro, m\u00e1s tarde en el sismo del 2017 las autoridades volvieron a poner la mira sobre el teatro a ra\u00edz de \u2018da\u00f1os estructurales\u2019, pero no mostraron documentaci\u00f3n, sabemos que el inmueble de al lado tiene una inclinaci\u00f3n, pero nada m\u00e1s, y ante la presi\u00f3n que ejercimos en 2017 se lleg\u00f3 a un convenio en 2018, con la entonces titular del INBAL, Lidia Camacho\u201d.<\/p>\n<p>En ese convenio de 2018 se garantiz\u00f3 la reposici\u00f3n del teatro en caso de ser demolido, pero ante este nuevo documento signado entre INBAL e ISSSTE se hace a un lado el documento de 2018 y se retomar\u00eda una posible demolici\u00f3n del teatro.<\/p>\n<p>Esta misma semana, despu\u00e9s de que el INBAL diera a conocer la resoluci\u00f3n del proceso legal acompa\u00f1ado de un expediente jur\u00eddico que demostr\u00f3 que el teatro no ten\u00eda afectaciones derivadas del sismo de 2017, se determin\u00f3 que el INBAL devolviera al ISSSTE el Teatro Julio Jim\u00e9nez Rueda.<\/p>\n<p>Ante la informaci\u00f3n emitida por parte del instituto, la comunidad art\u00edstica y algunos colectivos se pronunciaron con 148 firmas en un documento en donde se exige a la titular del INBAL un informe legal sobre la situaci\u00f3n del Jim\u00e9nez Rueda.<\/p>\n<p>Entre los firmantes de la carta se encuentran la Asociaci\u00f3n Nacional de Teatros Independientes (ANTI), Moccam, Red Alterna para las Artes Esc\u00e9nicas S.C. de R.L, Asociaci\u00f3n Nacional de Direcci\u00f3n Esc\u00e9nica, Colegio de Productores de Teatro, Teatro de M\u00e9xico, Sociedad Mexicana de Productores de Teatro, Teatromex, C\u00edrculo Teatral, Esc\u00e9nica Colectiva.<\/p>\n<p>Tambi\u00e9n signaron la misiva Luis de Tavira, H\u00e9ctor Bonilla, Gabriela Chayo, Eugenia de la O, Alberto Ju\u00e1rez, Javier Zaragoza, Alfonso Miranda, Diego Alejandro Morales, David Olgu\u00edn, Mercedes Olea, Gabriel Pascal, Angelina Pel\u00e1ez, Adri\u00e1n Pe\u00f1a, Paulo Pi\u00f1a, Jos\u00e9 Manuel Razo Luna, Roberto Soto, Hilda Trujillo, Zaide Silvia, Francisco Jes\u00fas Barrag\u00e1n, Swald Huerta, Calafia M. Pi\u00f1a Ju\u00e1rez, V\u00edctor Weinstock, Jos\u00e9 Sefami, Jaime Chabaud, Alberto Estrella, Juan Carlos Mojica Tavera y Alan Said Sandoval Valencia, entre muchos otros.<\/p>\n<p>Sobre el tema, Rub\u00e9n Dar\u00edo Berm\u00fadez Guerrero, restaurador con 43 a\u00f1os de labor en el INBAL y secretario general del SINAC Secci\u00f3n ODIII22, coment\u00f3:<\/p>\n<p>\u201cVamos a buscar asesor\u00eda legal y proceder para un amparo, tratando de quitar esta disposici\u00f3n de convenio entre las dos partes, porque el comodato lo pueden hacer, pero un decreto presidencial no, y creo que lo m\u00e1s importantes es preguntarse \u00bfpor qu\u00e9 se tienen que perder los espacios culturales?<\/p>\n<p>\u201cEn estos momentos de crisis la cultura es un paliativo importante para el pa\u00eds, y retomo las palabras de Andr\u00e9s Manuel L\u00f3pez Obrador, no importan las personas sino el pa\u00eds, tal parece que aqu\u00ed esta situaci\u00f3n no aplica.<\/p>\n<p>Y concluye:<\/p>\n<p>\u201cAl INAH le recortan el presupuesto de una manera tremenda, est\u00e1n en riesgo recintos y zonas arqueol\u00f3gicas, al igual que la labor de investigaci\u00f3n. No entiendo qu\u00e9 pretenden hacer de la cultura. Nos preocupa el cierre de un espacio cultural como el Jim\u00e9nez Rueda, porque es la memoria colectiva de la comunidad art\u00edstica y cultural de M\u00e9xico\u201d.<\/p>\n<p><a href=\"https:\/\/www.proceso.com.mx\/635812\/sindicato-del-inbal-buscara-apoyo-legal-para-defender-al-teatro-jimenez-rueda\" target=\"_blank\" rel=\"noopener noreferrer\">https:\/\/www.proceso.com.mx\/635812\/sindicato-del-inbal-buscara-apoyo-legal-para-defender-al-teatro-jimenez-rueda<\/a><\/p>\n","protected":false},"excerpt":{"rendered":"<p>Interior del Teatro Julio Jim\u00e9nez Rueda. Foto: Google Maps Niza rivera \/ Proceso CIUDAD DE M\u00c9XICO (APRO).- Para el Sindicato Nacional de Cultura (SINAC) Secci\u00f3n ODIII22 del Instituto Nacional de &hellip; <a href=\"https:\/\/www.grieta.org.mx\/index.php\/2020\/06\/25\/sindicato-del-inbal-buscara-apoyo-legal-para-defender-al-teatro-jimenez-rueda-ciudad-de-mexico\/\" class=\"more-link\">Leer m\u00e1s<\/a><\/p>\n","protected":false},"author":2,"featured_media":51892,"comment_status":"closed","ping_status":"closed","sticky":false,"template":"","format":"standard","meta":{"ngg_post_thumbnail":0,"_jetpack_newsletter_access":"","_jetpack_dont_email_post_to_subs":false,"_jetpack_newsletter_tier_id":0,"_jetpack_memberships_contains_paywalled_content":false,"_jetpack_memberships_contains_paid_content":false,"footnotes":""},"categories":[80,14,2065,2],"tags":[],"class_list":["post-51891","post","type-post","status-publish","format-standard","has-post-thumbnail","hentry","category-cintillo","category-ciudad-de-mexico","category-movilizaciones-y-protestas-de-habitantes-de-la-ciudad-de-mexico","category-noticias-nacionales","entry"],"jetpack_featured_media_url":"https:\/\/www.grieta.org.mx\/wp-content\/uploads\/2020\/07\/Sindicato-del-INBAL-buscar\u00e1-apoyo-legal-para-defender-al-Teatro-Jim\u00e9nez-Rueda-cdmx-jul.jpeg","jetpack_sharing_enabled":true,"jetpack_shortlink":"https:\/\/wp.me\/p7ZJR4-duX","jetpack_likes_enabled":false,"jetpack-related-posts":[{"id":58900,"url":"https:\/\/www.grieta.org.mx\/index.php\/2021\/04\/19\/estudiantes-de-danza-piden-a-segob-ayuda-para-atender-y-sancionar-casos-de-agresion-sexual-en-el-inbal-ciudad-de-mexico\/","url_meta":{"origin":51891,"position":0},"title":"Estudiantes de danza piden a Segob ayuda para atender y sancionar casos de agresi\u00f3n sexual en el INBAL (Ciudad de M\u00e9xico)","author":"grieta","date":"19 abril, 2021","format":false,"excerpt":"Animal Pol\u00edtico Foto: Cuartoscuro Se solicit\u00f3 apoyo a la secretaria de Gobernaci\u00f3n, Olga S\u00e1nchez Cordero, a la secretaria de Cultura, Alejandra Frausto Guerrero, y a la secretaria de Funci\u00f3n P\u00fablica, Irma Er\u00e9ndira Sandoval Ballesteros. Estudiantes de la Academia de Danza Mexicana (ADM), adscrita al Instituto Nacional de Bellas Artes y\u2026","rel":"","context":"En &quot;CINTILLO&quot;","block_context":{"text":"CINTILLO","link":"https:\/\/www.grieta.org.mx\/index.php\/category\/cintillo\/"},"img":{"alt_text":"","src":"https:\/\/i0.wp.com\/www.grieta.org.mx\/wp-content\/uploads\/2021\/04\/Estudiantes-de-danza-piden-a-Segob-ayuda-para-atender-y-sancionar-casos-de-agresion-sexual-en-el-INBAL-cdmx-abr.jpeg?resize=350%2C200&ssl=1","width":350,"height":200,"srcset":"https:\/\/i0.wp.com\/www.grieta.org.mx\/wp-content\/uploads\/2021\/04\/Estudiantes-de-danza-piden-a-Segob-ayuda-para-atender-y-sancionar-casos-de-agresion-sexual-en-el-INBAL-cdmx-abr.jpeg?resize=350%2C200&ssl=1 1x, https:\/\/i0.wp.com\/www.grieta.org.mx\/wp-content\/uploads\/2021\/04\/Estudiantes-de-danza-piden-a-Segob-ayuda-para-atender-y-sancionar-casos-de-agresion-sexual-en-el-INBAL-cdmx-abr.jpeg?resize=525%2C300&ssl=1 1.5x, https:\/\/i0.wp.com\/www.grieta.org.mx\/wp-content\/uploads\/2021\/04\/Estudiantes-de-danza-piden-a-Segob-ayuda-para-atender-y-sancionar-casos-de-agresion-sexual-en-el-INBAL-cdmx-abr.jpeg?resize=700%2C400&ssl=1 2x, https:\/\/i0.wp.com\/www.grieta.org.mx\/wp-content\/uploads\/2021\/04\/Estudiantes-de-danza-piden-a-Segob-ayuda-para-atender-y-sancionar-casos-de-agresion-sexual-en-el-INBAL-cdmx-abr.jpeg?resize=1050%2C600&ssl=1 3x, https:\/\/i0.wp.com\/www.grieta.org.mx\/wp-content\/uploads\/2021\/04\/Estudiantes-de-danza-piden-a-Segob-ayuda-para-atender-y-sancionar-casos-de-agresion-sexual-en-el-INBAL-cdmx-abr.jpeg?resize=1400%2C800&ssl=1 4x"},"classes":[]},{"id":34825,"url":"https:\/\/www.grieta.org.mx\/index.php\/2019\/06\/13\/sindicatos-de-cultura-amenazan-con-sumar-mas-instituciones-a-paro-ciudad-de-mexico\/","url_meta":{"origin":51891,"position":1},"title":"Sindicatos de Cultura amenazan con sumar m\u00e1s instituciones a paro (Ciudad de M\u00e9xico)","author":"grieta","date":"13 junio, 2019","format":false,"excerpt":"Yanet Aguilar Sosa y Alida Pi\u00f1\u00f3n\/El Universal Por vez primera, los trabajadores del sector central, del INAH y el INBA, congregados en el SNDTSC, trabajan con bases comunes y han logrado paralizar parte de la Secretar\u00eda de Cultura Por tres d\u00edas, integrantes del Sindicato Nacional Democr\u00e1tico de Trabajadores de la\u2026","rel":"","context":"En &quot;CINTILLO&quot;","block_context":{"text":"CINTILLO","link":"https:\/\/www.grieta.org.mx\/index.php\/category\/cintillo\/"},"img":{"alt_text":"","src":"https:\/\/i0.wp.com\/www.grieta.org.mx\/wp-content\/uploads\/2018\/03\/14524434_1106112876131411_958039263622046936_o.jpg?resize=350%2C200&ssl=1","width":350,"height":200,"srcset":"https:\/\/i0.wp.com\/www.grieta.org.mx\/wp-content\/uploads\/2018\/03\/14524434_1106112876131411_958039263622046936_o.jpg?resize=350%2C200&ssl=1 1x, https:\/\/i0.wp.com\/www.grieta.org.mx\/wp-content\/uploads\/2018\/03\/14524434_1106112876131411_958039263622046936_o.jpg?resize=525%2C300&ssl=1 1.5x, https:\/\/i0.wp.com\/www.grieta.org.mx\/wp-content\/uploads\/2018\/03\/14524434_1106112876131411_958039263622046936_o.jpg?resize=700%2C400&ssl=1 2x"},"classes":[]},{"id":49119,"url":"https:\/\/www.grieta.org.mx\/index.php\/2020\/05\/12\/cdmx-trabajadores-de-rtp-presentan-queja-ante-cndh-de-omisiones-ante-el-covid-19\/","url_meta":{"origin":51891,"position":2},"title":"CDMX: trabajadores de RTP presentan queja ante CNDH de omisiones ante el covid-19","author":"grieta","date":"12 mayo, 2020","format":false,"excerpt":"Trabajadores de la RTP interpusieron una queja ante la CNDH contra su director general, Ram\u00f3n Jim\u00e9nez L\u00f3pez, en la que denuncian el deceso de alrededor de 10 trabajadores por covid-19 en menos de 15 d\u00edas Foto: Octavio G\u00f3mez Sara Pantoja \/ Proceso CIUDAD DE M\u00c9XICO (apro). \u2013 Trabajadores de la\u2026","rel":"","context":"En &quot;CINTILLO&quot;","block_context":{"text":"CINTILLO","link":"https:\/\/www.grieta.org.mx\/index.php\/category\/cintillo\/"},"img":{"alt_text":"","src":"https:\/\/i0.wp.com\/www.grieta.org.mx\/wp-content\/uploads\/2020\/05\/CDMX-trabajadores-de-RTP-presentan-queja-ante-CNDH-de-omisiones-ante-el-covid-19-cdmx-may.jpg?resize=350%2C200&ssl=1","width":350,"height":200,"srcset":"https:\/\/i0.wp.com\/www.grieta.org.mx\/wp-content\/uploads\/2020\/05\/CDMX-trabajadores-de-RTP-presentan-queja-ante-CNDH-de-omisiones-ante-el-covid-19-cdmx-may.jpg?resize=350%2C200&ssl=1 1x, https:\/\/i0.wp.com\/www.grieta.org.mx\/wp-content\/uploads\/2020\/05\/CDMX-trabajadores-de-RTP-presentan-queja-ante-CNDH-de-omisiones-ante-el-covid-19-cdmx-may.jpg?resize=525%2C300&ssl=1 1.5x, https:\/\/i0.wp.com\/www.grieta.org.mx\/wp-content\/uploads\/2020\/05\/CDMX-trabajadores-de-RTP-presentan-queja-ante-CNDH-de-omisiones-ante-el-covid-19-cdmx-may.jpg?resize=700%2C400&ssl=1 2x"},"classes":[]},{"id":54629,"url":"https:\/\/www.grieta.org.mx\/index.php\/2020\/10\/10\/con-una-cumbia-artistas-piden-a-amlo-reconsiderar-el-megaproyecto-de-chapultepec-ciudad-de-mexico\/","url_meta":{"origin":51891,"position":3},"title":"Con una cumbia, artistas piden a AMLO reconsiderar el megaproyecto de Chapultepec (Ciudad de M\u00e9xico)","author":"grieta","date":"10 octubre, 2020","format":false,"excerpt":"Imagen: Proceso Columba V\u00e9rtiz De La Fuente\u00a0 \/ Proceso CIUDAD DE M\u00c9XICO (proceso.com.mx).- El Movimiento Colectivo por la Cultura y el Arte en M\u00e9xico (MOCCAM), tras reuniones con artistas, creadores, hacedores y trabajadores de arte y cultura de toda la Rep\u00fablica Mexicana, da a conocer que coincidieron que \u201cno debe\u2026","rel":"","context":"En &quot;CINTILLO&quot;","block_context":{"text":"CINTILLO","link":"https:\/\/www.grieta.org.mx\/index.php\/category\/cintillo\/"},"img":{"alt_text":"","src":"https:\/\/i0.wp.com\/www.grieta.org.mx\/wp-content\/uploads\/2020\/11\/Con-una-cumbia-artistas-piden-a-AMLO-reconsiderar-el-megaproyecto-de-Chapultepec-cdmx-nov.jpg?resize=350%2C200&ssl=1","width":350,"height":200,"srcset":"https:\/\/i0.wp.com\/www.grieta.org.mx\/wp-content\/uploads\/2020\/11\/Con-una-cumbia-artistas-piden-a-AMLO-reconsiderar-el-megaproyecto-de-Chapultepec-cdmx-nov.jpg?resize=350%2C200&ssl=1 1x, https:\/\/i0.wp.com\/www.grieta.org.mx\/wp-content\/uploads\/2020\/11\/Con-una-cumbia-artistas-piden-a-AMLO-reconsiderar-el-megaproyecto-de-Chapultepec-cdmx-nov.jpg?resize=525%2C300&ssl=1 1.5x, https:\/\/i0.wp.com\/www.grieta.org.mx\/wp-content\/uploads\/2020\/11\/Con-una-cumbia-artistas-piden-a-AMLO-reconsiderar-el-megaproyecto-de-Chapultepec-cdmx-nov.jpg?resize=700%2C400&ssl=1 2x"},"classes":[]},{"id":16060,"url":"https:\/\/www.grieta.org.mx\/index.php\/2016\/07\/07\/con-4-marchas-y-mas-de-30-bloqueos-la-cdmx-dice-no-a-la-reforma-educativa\/","url_meta":{"origin":51891,"position":4},"title":"Con 4 marchas y m\u00e1s de 30 bloqueos la CdMx dice no a la Reforma Educativa","author":"grieta","date":"7 julio, 2016","format":false,"excerpt":"Ciudad de M\u00e9xico.- M\u00e1s de 30 bloqueos en principales avenidas, al menos cuatro marchas, concentraciones, toma de escuelas por madres y padres de familia, concentraciones, brigadeo informativo en sem\u00e1foros y el paro indefinido de labores en 267 escuelas, fueron parte de las expresiones de apoyo que la ciudadan\u00eda dio ayer\u2026","rel":"","context":"En &quot;cdmx&quot;","block_context":{"text":"cdmx","link":"https:\/\/www.grieta.org.mx\/index.php\/category\/cdmx\/"},"img":{"alt_text":"","src":"https:\/\/i0.wp.com\/www.grieta.org.mx\/wp-content\/uploads\/2018\/03\/14524434_1106112876131411_958039263622046936_o.jpg?resize=350%2C200&ssl=1","width":350,"height":200,"srcset":"https:\/\/i0.wp.com\/www.grieta.org.mx\/wp-content\/uploads\/2018\/03\/14524434_1106112876131411_958039263622046936_o.jpg?resize=350%2C200&ssl=1 1x, https:\/\/i0.wp.com\/www.grieta.org.mx\/wp-content\/uploads\/2018\/03\/14524434_1106112876131411_958039263622046936_o.jpg?resize=525%2C300&ssl=1 1.5x, https:\/\/i0.wp.com\/www.grieta.org.mx\/wp-content\/uploads\/2018\/03\/14524434_1106112876131411_958039263622046936_o.jpg?resize=700%2C400&ssl=1 2x"},"classes":[]},{"id":72478,"url":"https:\/\/www.grieta.org.mx\/index.php\/2026\/01\/04\/en-solidaridad-con-el-pueblo-venezolano\/","url_meta":{"origin":51891,"position":5},"title":"EN SOLIDARIDAD CON EL PUEBLO VENEZOLANO","author":"grieta","date":"4 enero, 2026","format":false,"excerpt":"EN SOLIDARIDAD CON EL PUEBLO VENEZOLANO En las primeras horas del 03 de enero de 2026, las tropas de Estados Unidos de Am\u00e9rica (EUA) invadieron territorio venezolano, bombardearon distintos puntos de ese pa\u00eds y secuestraron al presidente de esa naci\u00f3n y a su esposa. Estados Unidos pretende, as\u00ed, apoderarse de\u2026","rel":"","context":"En &quot;CINTILLO&quot;","block_context":{"text":"CINTILLO","link":"https:\/\/www.grieta.org.mx\/index.php\/category\/cintillo\/"},"img":{"alt_text":"","src":"https:\/\/i0.wp.com\/www.grieta.org.mx\/wp-content\/uploads\/2026\/01\/CIN_ven.jpg?resize=350%2C200&ssl=1","width":350,"height":200,"srcset":"https:\/\/i0.wp.com\/www.grieta.org.mx\/wp-content\/uploads\/2026\/01\/CIN_ven.jpg?resize=350%2C200&ssl=1 1x, https:\/\/i0.wp.com\/www.grieta.org.mx\/wp-content\/uploads\/2026\/01\/CIN_ven.jpg?resize=525%2C300&ssl=1 1.5x, https:\/\/i0.wp.com\/www.grieta.org.mx\/wp-content\/uploads\/2026\/01\/CIN_ven.jpg?resize=700%2C400&ssl=1 2x"},"classes":[]}],"_links":{"self":[{"href":"https:\/\/www.grieta.org.mx\/index.php\/wp-json\/wp\/v2\/posts\/51891","targetHints":{"allow":["GET"]}}],"collection":[{"href":"https:\/\/www.grieta.org.mx\/index.php\/wp-json\/wp\/v2\/posts"}],"about":[{"href":"https:\/\/www.grieta.org.mx\/index.php\/wp-json\/wp\/v2\/types\/post"}],"author":[{"embeddable":true,"href":"https:\/\/www.grieta.org.mx\/index.php\/wp-json\/wp\/v2\/users\/2"}],"replies":[{"embeddable":true,"href":"https:\/\/www.grieta.org.mx\/index.php\/wp-json\/wp\/v2\/comments?post=51891"}],"version-history":[{"count":1,"href":"https:\/\/www.grieta.org.mx\/index.php\/wp-json\/wp\/v2\/posts\/51891\/revisions"}],"predecessor-version":[{"id":51893,"href":"https:\/\/www.grieta.org.mx\/index.php\/wp-json\/wp\/v2\/posts\/51891\/revisions\/51893"}],"wp:featuredmedia":[{"embeddable":true,"href":"https:\/\/www.grieta.org.mx\/index.php\/wp-json\/wp\/v2\/media\/51892"}],"wp:attachment":[{"href":"https:\/\/www.grieta.org.mx\/index.php\/wp-json\/wp\/v2\/media?parent=51891"}],"wp:term":[{"taxonomy":"category","embeddable":true,"href":"https:\/\/www.grieta.org.mx\/index.php\/wp-json\/wp\/v2\/categories?post=51891"},{"taxonomy":"post_tag","embeddable":true,"href":"https:\/\/www.grieta.org.mx\/index.php\/wp-json\/wp\/v2\/tags?post=51891"}],"curies":[{"name":"wp","href":"https:\/\/api.w.org\/{rel}","templated":true}]}}