{"id":51887,"date":"2020-06-24T15:58:39","date_gmt":"2020-06-24T20:58:39","guid":{"rendered":"http:\/\/www.grieta.org.mx\/?p=51887"},"modified":"2020-07-18T16:10:45","modified_gmt":"2020-07-18T21:10:45","slug":"por-su-inaccion-colectivo-de-damnificados-termina-relacion-con-el-comisionado-cesar-cravioto-ciudad-de-mexico","status":"publish","type":"post","link":"https:\/\/www.grieta.org.mx\/index.php\/2020\/06\/24\/por-su-inaccion-colectivo-de-damnificados-termina-relacion-con-el-comisionado-cesar-cravioto-ciudad-de-mexico\/","title":{"rendered":"Por \u201csu inacci\u00f3n\u201d, colectivo de damnificados termina relaci\u00f3n con el comisionado C\u00e9sar Cravioto (Ciudad de M\u00e9xico)"},"content":{"rendered":"<p><img loading=\"lazy\" decoding=\"async\" data-attachment-id=\"51889\" data-permalink=\"https:\/\/www.grieta.org.mx\/index.php\/2020\/06\/24\/por-su-inaccion-colectivo-de-damnificados-termina-relacion-con-el-comisionado-cesar-cravioto-ciudad-de-mexico\/por-su-inaccion-colectivo-de-damnificados-termina-relacion-con-el-comisionado-cesar-cravioto-cdmx-jul\/\" data-orig-file=\"https:\/\/www.grieta.org.mx\/wp-content\/uploads\/2020\/07\/Por-\u201csu-inacci\u00f3n\u201d-colectivo-de-damnificados-termina-relaci\u00f3n-con-el-comisionado-C\u00e9sar-Cravioto-cdmx-jul.jpg\" data-orig-size=\"870,522\" data-comments-opened=\"0\" data-image-meta=\"{&quot;aperture&quot;:&quot;0&quot;,&quot;credit&quot;:&quot;&quot;,&quot;camera&quot;:&quot;&quot;,&quot;caption&quot;:&quot;&quot;,&quot;created_timestamp&quot;:&quot;0&quot;,&quot;copyright&quot;:&quot;&quot;,&quot;focal_length&quot;:&quot;0&quot;,&quot;iso&quot;:&quot;0&quot;,&quot;shutter_speed&quot;:&quot;0&quot;,&quot;title&quot;:&quot;&quot;,&quot;orientation&quot;:&quot;0&quot;}\" data-image-title=\"Por \u201csu inacci\u00f3n\u201d, colectivo de damnificados termina relaci\u00f3n con el comisionado C\u00e9sar Cravioto cdmx jul\" data-image-description=\"\" data-image-caption=\"\" data-medium-file=\"https:\/\/www.grieta.org.mx\/wp-content\/uploads\/2020\/07\/Por-\u201csu-inacci\u00f3n\u201d-colectivo-de-damnificados-termina-relaci\u00f3n-con-el-comisionado-C\u00e9sar-Cravioto-cdmx-jul-300x180.jpg\" data-large-file=\"https:\/\/www.grieta.org.mx\/wp-content\/uploads\/2020\/07\/Por-\u201csu-inacci\u00f3n\u201d-colectivo-de-damnificados-termina-relaci\u00f3n-con-el-comisionado-C\u00e9sar-Cravioto-cdmx-jul.jpg\" class=\"aligncenter wp-image-51889\" src=\"http:\/\/www.grieta.org.mx\/wp-content\/uploads\/2020\/07\/Por-\u201csu-inacci\u00f3n\u201d-colectivo-de-damnificados-termina-relaci\u00f3n-con-el-comisionado-C\u00e9sar-Cravioto-cdmx-jul.jpg\" alt=\"\" width=\"619\" height=\"371\" srcset=\"https:\/\/www.grieta.org.mx\/wp-content\/uploads\/2020\/07\/Por-\u201csu-inacci\u00f3n\u201d-colectivo-de-damnificados-termina-relaci\u00f3n-con-el-comisionado-C\u00e9sar-Cravioto-cdmx-jul.jpg 870w, https:\/\/www.grieta.org.mx\/wp-content\/uploads\/2020\/07\/Por-\u201csu-inacci\u00f3n\u201d-colectivo-de-damnificados-termina-relaci\u00f3n-con-el-comisionado-C\u00e9sar-Cravioto-cdmx-jul-300x180.jpg 300w, https:\/\/www.grieta.org.mx\/wp-content\/uploads\/2020\/07\/Por-\u201csu-inacci\u00f3n\u201d-colectivo-de-damnificados-termina-relaci\u00f3n-con-el-comisionado-C\u00e9sar-Cravioto-cdmx-jul-768x461.jpg 768w, https:\/\/www.grieta.org.mx\/wp-content\/uploads\/2020\/07\/Por-\u201csu-inacci\u00f3n\u201d-colectivo-de-damnificados-termina-relaci\u00f3n-con-el-comisionado-C\u00e9sar-Cravioto-cdmx-jul-833x500.jpg 833w\" sizes=\"auto, (max-width: 619px) 100vw, 619px\" \/><br \/>\nC\u00e9sar Cravioto, comisionado para la Reconstrucci\u00f3n. Foto: Benjam\u00edn Flores<\/p>\n<p>Sara Pantoja \/ Proceso<\/p>\n<blockquote><p>CIUDAD DE M\u00c9XICO (apro).- El colectivo Damnificados Unidos de la Ciudad de M\u00e9xico (DUCDMX) dio a conocer que termin\u00f3 la relaci\u00f3n con C\u00e9sar Cravioto, comisionado para la Reconstrucci\u00f3n, debido a \u201csu inacci\u00f3n, ineficacia y falta de resultados\u201d, y por su \u201cfalta de voluntad pol\u00edtica y capacidad de gesti\u00f3n\u201d.<\/p><\/blockquote>\n<p>Agreg\u00f3 que buscar\u00e1n la interlocuci\u00f3n directa con la jefa de gobierno, Claudia Sheinbaum, para que resuelva sus demandas de hace casi tres a\u00f1os.<\/p>\n<p>En un comunicado, la organizaci\u00f3n expres\u00f3 su solidaridad con los cerca de 120 \u201cnuevos damnificados\u201d de 40 familias del edificio 52 de la Unidad Habitacional Lindavista Vallejo, en la alcald\u00eda Gustavo A. Madero, desalojado tras el sismo de magnitud 7.5 ocurrido la ma\u00f1ana de ayer.<\/p>\n<p>Adem\u00e1s, demand\u00f3 \u201catenci\u00f3n inmediata\u201d para que esas personas regresen a casa lo m\u00e1s pronto posible, \u201csin el uso de cr\u00e9ditos ni de modelos de tipo lucrativo y neoliberal como la redensificaci\u00f3n\u201d.<\/p>\n<p>Luego del sismo, la organizaci\u00f3n exigi\u00f3 la \u201crevisi\u00f3n estructural inmediata y prioritaria a los edificios afectados por el sismo del 19 de septiembre de 2017\u201d. Y alert\u00f3 que podr\u00eda haber otros temblores que da\u00f1en a\u00fan m\u00e1s las estructuras.<\/p>\n<p>La agrupaci\u00f3n destac\u00f3 que, aunque el sismo de ayer fue menor que el del 19 de septiembre 2017, revel\u00f3 la \u201ccarencia estructural\u201d en la atenci\u00f3n que el Estado Mexicano tiene con las personas damnificadas, pues \u201ca\u00fan no pueden solventar de manera integral\u201d la emergencia pasada. Como muestra, dijo, est\u00e1n \u201clas decenas de edificios desatendidos desde aquella fecha\u201d.<\/p>\n<p>Esa desatenci\u00f3n, acus\u00f3, no es por falta de recursos econ\u00f3micos, sino \u201cfalta de voluntad pol\u00edtica y de capacidad de gesti\u00f3n del liderazgo\u201d del comisionado para la Reconstrucci\u00f3n, C\u00e9sar Cravioto, por lo que decidi\u00f3 terminar su relaci\u00f3n con \u00e9l y buscar interlocuci\u00f3n directa con Sheinbaum Pardo.<\/p>\n<p>De paso, denunci\u00f3 que sigue \u201cuna generalizada falta de transparencia y rendici\u00f3n de cuentas en los fondos p\u00fablicos para la reconstrucci\u00f3n, siendo casi 120 millones de pesos los que est\u00e1n en entredicho y que no han sido sujetos de sanci\u00f3n alguna\u201d.<\/p>\n<p>De igual manera, la organizaci\u00f3n exigi\u00f3 al gobierno de M\u00e9xico la revisi\u00f3n exhaustiva de dichos fondos, y secund\u00f3 \u201cel esfuerzo\u201d del presidente Andr\u00e9s Manuel L\u00f3pez Obrador para perseguir la corrupci\u00f3n, la malversaci\u00f3n de fondos, la creaci\u00f3n de empresas fantasma y el uso de facturas irregulares.<\/p>\n<p>Por \u00faltimo, Damnificados Unidos de la Ciudad de M\u00e9xico manifest\u00f3 su solidaridad con las familias de las personas fallecidas ayer en Oaxaca, donde se registr\u00f3 el epicentro del sismo. \u201cNuestro respeto y solidaridad por estas p\u00e9rdidas irreparables\u201d, apunt\u00f3.<\/p>\n<p><a href=\"https:\/\/www.proceso.com.mx\/635674\/por-su-inaccion-colectivo-de-damnificados-termina-relacion-con-el-comisionado-cesar-cravioto\" target=\"_blank\" rel=\"noopener noreferrer\">https:\/\/www.proceso.com.mx\/635674\/por-su-inaccion-colectivo-de-damnificados-termina-relacion-con-el-comisionado-cesar-cravioto<\/a><\/p>\n","protected":false},"excerpt":{"rendered":"<p>C\u00e9sar Cravioto, comisionado para la Reconstrucci\u00f3n. Foto: Benjam\u00edn Flores Sara Pantoja \/ Proceso CIUDAD DE M\u00c9XICO (apro).- El colectivo Damnificados Unidos de la Ciudad de M\u00e9xico (DUCDMX) dio a conocer &hellip; <a href=\"https:\/\/www.grieta.org.mx\/index.php\/2020\/06\/24\/por-su-inaccion-colectivo-de-damnificados-termina-relacion-con-el-comisionado-cesar-cravioto-ciudad-de-mexico\/\" class=\"more-link\">Leer m\u00e1s<\/a><\/p>\n","protected":false},"author":2,"featured_media":51889,"comment_status":"closed","ping_status":"closed","sticky":false,"template":"","format":"standard","meta":{"ngg_post_thumbnail":0,"_jetpack_newsletter_access":"","_jetpack_dont_email_post_to_subs":false,"_jetpack_newsletter_tier_id":0,"_jetpack_memberships_contains_paywalled_content":false,"_jetpack_memberships_contains_paid_content":false,"footnotes":""},"categories":[80,14,1026,1742,2065,2],"tags":[1028],"class_list":["post-51887","post","type-post","status-publish","format-standard","has-post-thumbnail","hentry","category-cintillo","category-ciudad-de-mexico","category-damnificados-por-el-sismo-del-19-de-septiembre","category-damnificados-y-reconstruccion-en-la-ciudad-de-mexico","category-movilizaciones-y-protestas-de-habitantes-de-la-ciudad-de-mexico","category-noticias-nacionales","tag-damnificados","entry"],"jetpack_featured_media_url":"https:\/\/www.grieta.org.mx\/wp-content\/uploads\/2020\/07\/Por-\u201csu-inacci\u00f3n\u201d-colectivo-de-damnificados-termina-relaci\u00f3n-con-el-comisionado-C\u00e9sar-Cravioto-cdmx-jul.jpg","jetpack_sharing_enabled":true,"jetpack_shortlink":"https:\/\/wp.me\/p7ZJR4-duT","jetpack_likes_enabled":false,"jetpack-related-posts":[{"id":35785,"url":"https:\/\/www.grieta.org.mx\/index.php\/2019\/07\/02\/deben-aparecer-3-mil-mdp-de-donaciones-damnificados-unidos-de-la-cdmx\/","url_meta":{"origin":51887,"position":0},"title":"Deben aparecer 3 mil mdp de donaciones: Damnificados Unidos de la CDMX","author":"grieta","date":"2 julio, 2019","format":false,"excerpt":"Redacci\u00f3n\/ PROCESO CIUDAD DE M\u00c9XICO (apro).- La organizaci\u00f3n ciudadana Damnificados Unidos de la Ciudad de M\u00e9xico exigi\u00f3 castigar a funcionarios del gobierno de Miguel \u00c1ngel Mancera y de Claudia Sheinbaum \u201cque propiciaron la opacidad\u201d de las donaciones nacionales e internacionales para atender la emergencia de los sismos del 7 y\u2026","rel":"","context":"En &quot;CINTILLO&quot;","block_context":{"text":"CINTILLO","link":"https:\/\/www.grieta.org.mx\/index.php\/category\/cintillo\/"},"img":{"alt_text":"","src":"https:\/\/i0.wp.com\/www.grieta.org.mx\/wp-content\/uploads\/2019\/07\/Damnificados.jpg?resize=350%2C200&ssl=1","width":350,"height":200,"srcset":"https:\/\/i0.wp.com\/www.grieta.org.mx\/wp-content\/uploads\/2019\/07\/Damnificados.jpg?resize=350%2C200&ssl=1 1x, https:\/\/i0.wp.com\/www.grieta.org.mx\/wp-content\/uploads\/2019\/07\/Damnificados.jpg?resize=525%2C300&ssl=1 1.5x, https:\/\/i0.wp.com\/www.grieta.org.mx\/wp-content\/uploads\/2019\/07\/Damnificados.jpg?resize=700%2C400&ssl=1 2x, https:\/\/i0.wp.com\/www.grieta.org.mx\/wp-content\/uploads\/2019\/07\/Damnificados.jpg?resize=1050%2C600&ssl=1 3x"},"classes":[]},{"id":53630,"url":"https:\/\/www.grieta.org.mx\/index.php\/2020\/09\/19\/a-3-anos-del-19s-apenas-se-avanza-y-no-hay-empresas-sancionadas-acusan-damnificados-en-la-cdmx\/","url_meta":{"origin":51887,"position":1},"title":"A 3 a\u00f1os del 19S apenas se avanza y no hay empresas sancionadas, acusan damnificados en la CdMx","author":"grieta","date":"19 septiembre, 2020","format":false,"excerpt":"Imagen: sinembargo.mx Dulce Olvera \/ SinEmbargo A tres a\u00f1os del terremoto del 19S, la Comisi\u00f3n para la Reconstrucci\u00f3n solo ha entregado 86 de 370 viviendas multifamiliares y 2 mil 260 de 7 mil 294 unifamiliares, de acuerdo con su \u00faltima actualizaci\u00f3n. Hartos de la lentitud en las obras y en\u2026","rel":"","context":"En &quot;CINTILLO&quot;","block_context":{"text":"CINTILLO","link":"https:\/\/www.grieta.org.mx\/index.php\/category\/cintillo\/"},"img":{"alt_text":"","src":"https:\/\/i0.wp.com\/www.grieta.org.mx\/wp-content\/uploads\/2020\/09\/A-3-anos-del-19S-apenas-se-avanza-y-no-hay-empresas-sancionadas-acusan-damnificados-en-la-CdMx.jpg?resize=350%2C200&ssl=1","width":350,"height":200,"srcset":"https:\/\/i0.wp.com\/www.grieta.org.mx\/wp-content\/uploads\/2020\/09\/A-3-anos-del-19S-apenas-se-avanza-y-no-hay-empresas-sancionadas-acusan-damnificados-en-la-CdMx.jpg?resize=350%2C200&ssl=1 1x, https:\/\/i0.wp.com\/www.grieta.org.mx\/wp-content\/uploads\/2020\/09\/A-3-anos-del-19S-apenas-se-avanza-y-no-hay-empresas-sancionadas-acusan-damnificados-en-la-CdMx.jpg?resize=525%2C300&ssl=1 1.5x, https:\/\/i0.wp.com\/www.grieta.org.mx\/wp-content\/uploads\/2020\/09\/A-3-anos-del-19S-apenas-se-avanza-y-no-hay-empresas-sancionadas-acusan-damnificados-en-la-CdMx.jpg?resize=700%2C400&ssl=1 2x, https:\/\/i0.wp.com\/www.grieta.org.mx\/wp-content\/uploads\/2020\/09\/A-3-anos-del-19S-apenas-se-avanza-y-no-hay-empresas-sancionadas-acusan-damnificados-en-la-CdMx.jpg?resize=1050%2C600&ssl=1 3x"},"classes":[]},{"id":52776,"url":"https:\/\/www.grieta.org.mx\/index.php\/2020\/08\/11\/el-negocio-que-representan-los-damnificados-del-sismo-del-2017-en-ciudad-de-mexico\/","url_meta":{"origin":51887,"position":2},"title":"El negocio que representan los damnificados del sismo del 2017 en Ciudad de M\u00e9xico","author":"grieta","date":"11 agosto, 2020","format":false,"excerpt":"Fotos tomadas de: avispa.org \u00c1ngel Huerta \/ Avispa Midia Eran las 13:14 horas del 19 de septiembre del 2017 cuando un sismo de magnitud 7.1 se origin\u00f3 a doce kil\u00f3metros al sureste de Axochiapan, Morelos, en el l\u00edmite con el estado de Puebla. Tiempo despu\u00e9s de este terrible suceso, en\u2026","rel":"","context":"En &quot;CINTILLO&quot;","block_context":{"text":"CINTILLO","link":"https:\/\/www.grieta.org.mx\/index.php\/category\/cintillo\/"},"img":{"alt_text":"","src":"https:\/\/i0.wp.com\/www.grieta.org.mx\/wp-content\/uploads\/2020\/08\/El-negocio-que-representan-los-damnificados-del-sismo-del-2017-en-Ciudad-de-Mexico-ago-cdmx.jpg?resize=350%2C200&ssl=1","width":350,"height":200,"srcset":"https:\/\/i0.wp.com\/www.grieta.org.mx\/wp-content\/uploads\/2020\/08\/El-negocio-que-representan-los-damnificados-del-sismo-del-2017-en-Ciudad-de-Mexico-ago-cdmx.jpg?resize=350%2C200&ssl=1 1x, https:\/\/i0.wp.com\/www.grieta.org.mx\/wp-content\/uploads\/2020\/08\/El-negocio-que-representan-los-damnificados-del-sismo-del-2017-en-Ciudad-de-Mexico-ago-cdmx.jpg?resize=525%2C300&ssl=1 1.5x, https:\/\/i0.wp.com\/www.grieta.org.mx\/wp-content\/uploads\/2020\/08\/El-negocio-que-representan-los-damnificados-del-sismo-del-2017-en-Ciudad-de-Mexico-ago-cdmx.jpg?resize=700%2C400&ssl=1 2x, https:\/\/i0.wp.com\/www.grieta.org.mx\/wp-content\/uploads\/2020\/08\/El-negocio-que-representan-los-damnificados-del-sismo-del-2017-en-Ciudad-de-Mexico-ago-cdmx.jpg?resize=1050%2C600&ssl=1 3x, https:\/\/i0.wp.com\/www.grieta.org.mx\/wp-content\/uploads\/2020\/08\/El-negocio-que-representan-los-damnificados-del-sismo-del-2017-en-Ciudad-de-Mexico-ago-cdmx.jpg?resize=1400%2C800&ssl=1 4x"},"classes":[]},{"id":39389,"url":"https:\/\/www.grieta.org.mx\/index.php\/2019\/09\/19\/dos-anos-del-s19-seguimos-en-la-calle-y-la-corrupcion-continua-recriminan-damnificados-unidos\/","url_meta":{"origin":51887,"position":3},"title":"Dos a\u00f1os del S19, seguimos en la calle y la corrupci\u00f3n contin\u00faa, recriminan Damnificados Unidos","author":"grieta","date":"19 septiembre, 2019","format":false,"excerpt":"Blanca Estela Flores, damnificada del Multifamiliar Tlalpan, detall\u00f3 que los damnificados denunciaron, el pasado mes de mayo, que en el edificio 4B del Multifamiliar Tlalpan, la empresa REM Ingenier\u00eda Ecol\u00f3gica, estaba vendiendo a sobre costos. Dijo que, por ejemplo, un juego de ba\u00f1o que vale 1,800 pesos, la empresa lo\u2026","rel":"","context":"En &quot;CINTILLO&quot;","block_context":{"text":"CINTILLO","link":"https:\/\/www.grieta.org.mx\/index.php\/category\/cintillo\/"},"img":{"alt_text":"","src":"https:\/\/i0.wp.com\/www.grieta.org.mx\/wp-content\/uploads\/2019\/09\/damnificados.jpg?resize=350%2C200&ssl=1","width":350,"height":200,"srcset":"https:\/\/i0.wp.com\/www.grieta.org.mx\/wp-content\/uploads\/2019\/09\/damnificados.jpg?resize=350%2C200&ssl=1 1x, https:\/\/i0.wp.com\/www.grieta.org.mx\/wp-content\/uploads\/2019\/09\/damnificados.jpg?resize=525%2C300&ssl=1 1.5x, https:\/\/i0.wp.com\/www.grieta.org.mx\/wp-content\/uploads\/2019\/09\/damnificados.jpg?resize=700%2C400&ssl=1 2x, https:\/\/i0.wp.com\/www.grieta.org.mx\/wp-content\/uploads\/2019\/09\/damnificados.jpg?resize=1050%2C600&ssl=1 3x"},"classes":[]},{"id":27175,"url":"https:\/\/www.grieta.org.mx\/index.php\/2018\/09\/22\/damnificados-del-edificio-centauro-perdieron-sus-escrituras-el-19s-y-no-saben-si-recuperaran-su-hogar\/","url_meta":{"origin":51887,"position":4},"title":"Damnificados del edificio Centauro perdieron sus escrituras el 19S y no saben si recuperar\u00e1n su hogar","author":"grieta","date":"22 septiembre, 2018","format":false,"excerpt":"","rel":"","context":"En &quot;CINTILLO&quot;","block_context":{"text":"CINTILLO","link":"https:\/\/www.grieta.org.mx\/index.php\/category\/cintillo\/"},"img":{"alt_text":"","src":"https:\/\/i0.wp.com\/www.grieta.org.mx\/wp-content\/uploads\/2018\/10\/Demolicion_Edificio_Osa_Mayor-5-e1537582336854-960x500.jpg?resize=350%2C200&ssl=1","width":350,"height":200,"srcset":"https:\/\/i0.wp.com\/www.grieta.org.mx\/wp-content\/uploads\/2018\/10\/Demolicion_Edificio_Osa_Mayor-5-e1537582336854-960x500.jpg?resize=350%2C200&ssl=1 1x, https:\/\/i0.wp.com\/www.grieta.org.mx\/wp-content\/uploads\/2018\/10\/Demolicion_Edificio_Osa_Mayor-5-e1537582336854-960x500.jpg?resize=525%2C300&ssl=1 1.5x, https:\/\/i0.wp.com\/www.grieta.org.mx\/wp-content\/uploads\/2018\/10\/Demolicion_Edificio_Osa_Mayor-5-e1537582336854-960x500.jpg?resize=700%2C400&ssl=1 2x"},"classes":[]},{"id":39222,"url":"https:\/\/www.grieta.org.mx\/index.php\/2019\/09\/15\/en-la-calle-y-endeudados-80-de-damnificados-del-19-s\/","url_meta":{"origin":51887,"position":5},"title":"En la calle y endeudados 80% de damnificados del 19-S","author":"grieta","date":"15 septiembre, 2019","format":false,"excerpt":"Daniel Flores\/Publ\u00edmetro De acuerdo con el comisionado para la Reconstrucci\u00f3n de la Ciudad de M\u00e9xico ser\u00e1 hasta 2021 cuando finalice el plan de reconstrucci\u00f3n y regresen a sus casas m\u00e1s de 80 mil personas, lo cual se estima tendr\u00eda un costo final de siete mil millones de pesos A 24\u2026","rel":"","context":"En &quot;CINTILLO&quot;","block_context":{"text":"CINTILLO","link":"https:\/\/www.grieta.org.mx\/index.php\/category\/cintillo\/"},"img":{"alt_text":"","src":"https:\/\/i0.wp.com\/www.grieta.org.mx\/wp-content\/uploads\/2019\/09\/441a3307-7eda1956eb74fa16ea9e4373baad87a8-1200x600.jpg?resize=350%2C200&ssl=1","width":350,"height":200,"srcset":"https:\/\/i0.wp.com\/www.grieta.org.mx\/wp-content\/uploads\/2019\/09\/441a3307-7eda1956eb74fa16ea9e4373baad87a8-1200x600.jpg?resize=350%2C200&ssl=1 1x, https:\/\/i0.wp.com\/www.grieta.org.mx\/wp-content\/uploads\/2019\/09\/441a3307-7eda1956eb74fa16ea9e4373baad87a8-1200x600.jpg?resize=525%2C300&ssl=1 1.5x, https:\/\/i0.wp.com\/www.grieta.org.mx\/wp-content\/uploads\/2019\/09\/441a3307-7eda1956eb74fa16ea9e4373baad87a8-1200x600.jpg?resize=700%2C400&ssl=1 2x, https:\/\/i0.wp.com\/www.grieta.org.mx\/wp-content\/uploads\/2019\/09\/441a3307-7eda1956eb74fa16ea9e4373baad87a8-1200x600.jpg?resize=1050%2C600&ssl=1 3x"},"classes":[]}],"_links":{"self":[{"href":"https:\/\/www.grieta.org.mx\/index.php\/wp-json\/wp\/v2\/posts\/51887","targetHints":{"allow":["GET"]}}],"collection":[{"href":"https:\/\/www.grieta.org.mx\/index.php\/wp-json\/wp\/v2\/posts"}],"about":[{"href":"https:\/\/www.grieta.org.mx\/index.php\/wp-json\/wp\/v2\/types\/post"}],"author":[{"embeddable":true,"href":"https:\/\/www.grieta.org.mx\/index.php\/wp-json\/wp\/v2\/users\/2"}],"replies":[{"embeddable":true,"href":"https:\/\/www.grieta.org.mx\/index.php\/wp-json\/wp\/v2\/comments?post=51887"}],"version-history":[{"count":1,"href":"https:\/\/www.grieta.org.mx\/index.php\/wp-json\/wp\/v2\/posts\/51887\/revisions"}],"predecessor-version":[{"id":51890,"href":"https:\/\/www.grieta.org.mx\/index.php\/wp-json\/wp\/v2\/posts\/51887\/revisions\/51890"}],"wp:featuredmedia":[{"embeddable":true,"href":"https:\/\/www.grieta.org.mx\/index.php\/wp-json\/wp\/v2\/media\/51889"}],"wp:attachment":[{"href":"https:\/\/www.grieta.org.mx\/index.php\/wp-json\/wp\/v2\/media?parent=51887"}],"wp:term":[{"taxonomy":"category","embeddable":true,"href":"https:\/\/www.grieta.org.mx\/index.php\/wp-json\/wp\/v2\/categories?post=51887"},{"taxonomy":"post_tag","embeddable":true,"href":"https:\/\/www.grieta.org.mx\/index.php\/wp-json\/wp\/v2\/tags?post=51887"}],"curies":[{"name":"wp","href":"https:\/\/api.w.org\/{rel}","templated":true}]}}