{"id":51842,"date":"2020-07-01T11:32:12","date_gmt":"2020-07-01T16:32:12","guid":{"rendered":"http:\/\/www.grieta.org.mx\/?p=51842"},"modified":"2020-07-17T11:39:21","modified_gmt":"2020-07-17T16:39:21","slug":"medico-del-imss-acusa-que-sin-proteccion-en-zacatecas-se-atienden-casos-de-coronavirus","status":"publish","type":"post","link":"https:\/\/www.grieta.org.mx\/index.php\/2020\/07\/01\/medico-del-imss-acusa-que-sin-proteccion-en-zacatecas-se-atienden-casos-de-coronavirus\/","title":{"rendered":"M\u00e9dico del IMSS acusa que sin protecci\u00f3n, en Zacatecas se atienden casos de coronavirus"},"content":{"rendered":"<blockquote><p>Armando Rosales, neurocirujano del Hospital General Zona 1 de Zacatecas, realiz\u00f3 una protesta virtual para se\u00f1alar las carencias que enfrentan al atender pacientes durante la pandemia.<\/p><\/blockquote>\n<figure id=\"attachment_51844\" aria-describedby=\"caption-attachment-51844\" style=\"width: 800px\" class=\"wp-caption aligncenter\"><img loading=\"lazy\" decoding=\"async\" data-attachment-id=\"51844\" data-permalink=\"https:\/\/www.grieta.org.mx\/index.php\/2020\/07\/01\/medico-del-imss-acusa-que-sin-proteccion-en-zacatecas-se-atienden-casos-de-coronavirus\/aspectos-personal-medico-atiende-pacientes_0_1_1200_746\/\" data-orig-file=\"https:\/\/www.grieta.org.mx\/wp-content\/uploads\/2020\/07\/aspectos-personal-medico-atiende-pacientes_0_1_1200_746.jpg\" data-orig-size=\"958,596\" data-comments-opened=\"0\" data-image-meta=\"{&quot;aperture&quot;:&quot;0&quot;,&quot;credit&quot;:&quot;&quot;,&quot;camera&quot;:&quot;&quot;,&quot;caption&quot;:&quot;&quot;,&quot;created_timestamp&quot;:&quot;0&quot;,&quot;copyright&quot;:&quot;&quot;,&quot;focal_length&quot;:&quot;0&quot;,&quot;iso&quot;:&quot;0&quot;,&quot;shutter_speed&quot;:&quot;0&quot;,&quot;title&quot;:&quot;&quot;,&quot;orientation&quot;:&quot;0&quot;}\" data-image-title=\"aspectos-personal-medico-atiende-pacientes_0_1_1200_746\" data-image-description=\"\" data-image-caption=\"&lt;p&gt;El neurocirujano se\u00f1al\u00f3 las carencias en las condiciones laborales durante la pandemia. (Agencia Enfoque) &lt;\/p&gt;\n\" data-medium-file=\"https:\/\/www.grieta.org.mx\/wp-content\/uploads\/2020\/07\/aspectos-personal-medico-atiende-pacientes_0_1_1200_746-300x187.jpg\" data-large-file=\"https:\/\/www.grieta.org.mx\/wp-content\/uploads\/2020\/07\/aspectos-personal-medico-atiende-pacientes_0_1_1200_746.jpg\" class=\"wp-image-51844\" src=\"http:\/\/www.grieta.org.mx\/wp-content\/uploads\/2020\/07\/aspectos-personal-medico-atiende-pacientes_0_1_1200_746.jpg\" alt=\"\" width=\"800\" height=\"498\" srcset=\"https:\/\/www.grieta.org.mx\/wp-content\/uploads\/2020\/07\/aspectos-personal-medico-atiende-pacientes_0_1_1200_746.jpg 958w, https:\/\/www.grieta.org.mx\/wp-content\/uploads\/2020\/07\/aspectos-personal-medico-atiende-pacientes_0_1_1200_746-300x187.jpg 300w, https:\/\/www.grieta.org.mx\/wp-content\/uploads\/2020\/07\/aspectos-personal-medico-atiende-pacientes_0_1_1200_746-768x478.jpg 768w, https:\/\/www.grieta.org.mx\/wp-content\/uploads\/2020\/07\/aspectos-personal-medico-atiende-pacientes_0_1_1200_746-804x500.jpg 804w\" sizes=\"auto, (max-width: 800px) 100vw, 800px\" \/><figcaption id=\"caption-attachment-51844\" class=\"wp-caption-text\">El neurocirujano se\u00f1al\u00f3 las carencias en las condiciones laborales durante la pandemia. (Agencia Enfoque)<\/figcaption><\/figure>\n<p>Blanca Valadez \/ Milenio, 01 de julio de 2020<br \/>\nCiudad de M\u00e9xico \/<\/p>\n<p>Un neurocirujano del Hospital General Zona 1, del IMSS Zacatecas, exigi\u00f3 a las autoridades que, en la lucha contra el coronavirus, sumen a todo el gremio sindical y puntualicen por escrito cada cl\u00e1usula de riesgo, con la finalidad de proteger a las familias de los m\u00e9dicos.<\/p>\n<p>A trav\u00e9s de un mensaje en redes sociales, el especialista identificado como Armando Rosales Torres acus\u00f3 al director general del hospital, Eduardo Erik Puch Cevallos, y a la delegada, Sandra Dur\u00e1n V\u00e1zquez, de pretender obligar al personal a atender pacientes sin contar con los equipos de protecci\u00f3n necesarios.<\/p>\n<p>\u201cMandaron citar a los compa\u00f1eros de cirug\u00eda general, en donde, de una manera perversa y ma\u00f1osa, hicieron un rol donde dicen que todos los m\u00e9dicos familiares tenemos que atender a pacientes en el \u00e1rea covid&#8221;, declar\u00f3 Rosales.<\/p>\n<p>Te recomendamos: IMSS ha reconvertido 184 hospitales por covid-19<\/p>\n<p>El m\u00e9dico invit\u00f3 a la delegada a trabajar en el \u00e1rea descrita donde \u00e9l labora, para que d\u00e9 cuenta de las carencias del equipo que otorgan al personal. \u201c\u00a1Ya basta! Hoy es un d\u00eda muy especial para los trabajadores del seguro social. Hoy alzaremos la voz. Cada quien desde su trinchera\u201d.<\/p>\n<p>Rosales Torres mencion\u00f3 que el Sindicato Nacional de Trabajadores del Seguro Social, que lidera Olivares Cerda, no los doblegar\u00e1 y recalc\u00f3 que est\u00e1 dispuesto a entrar al \u00e1rea covid en caso de ser necesario, siempre y cuando las condiciones de seguridad sean las adecuadas.<\/p>\n<p>Sobre los Bonos Covid, integrados en el Contrato Colectivo, insisti\u00f3 en recibirlos por completo, pues requiere de toda la protecci\u00f3n para su familia. \u201cNosotros somos los que hacemos esta instituci\u00f3n, ustedes van de paso&#8221;, finaliz\u00f3.<\/p>\n<p><a href=\"https:\/\/www.milenio.com\/estados\/coronavirus-medico-imss-protesta-condiciones-laborales\">https:\/\/www.milenio.com\/estados\/coronavirus-medico-imss-protesta-condiciones-laborales<\/a><br \/>\n&nbsp;<\/p>\n<p>&nbsp;<\/p>\n","protected":false},"excerpt":{"rendered":"<p>Armando Rosales, neurocirujano del Hospital General Zona 1 de Zacatecas, realiz\u00f3 una protesta virtual para se\u00f1alar las carencias que enfrentan al atender pacientes durante la pandemia. Blanca Valadez \/ Milenio, &hellip; <a href=\"https:\/\/www.grieta.org.mx\/index.php\/2020\/07\/01\/medico-del-imss-acusa-que-sin-proteccion-en-zacatecas-se-atienden-casos-de-coronavirus\/\" class=\"more-link\">Leer m\u00e1s<\/a><\/p>\n","protected":false},"author":2,"featured_media":51844,"comment_status":"closed","ping_status":"closed","sticky":false,"template":"","format":"standard","meta":{"ngg_post_thumbnail":0,"_jetpack_newsletter_access":"","_jetpack_dont_email_post_to_subs":false,"_jetpack_newsletter_tier_id":0,"_jetpack_memberships_contains_paywalled_content":false,"_jetpack_memberships_contains_paid_content":false,"footnotes":""},"categories":[80,2312,3249,3250,76],"tags":[2250,3241,3133],"class_list":["post-51842","post","type-post","status-publish","format-standard","has-post-thumbnail","hentry","category-cintillo","category-conflictos-laborales-del-sector-salud-en-zacatecas","category-covid-19-en-zacatecas","category-crisis-en-el-sector-salud-en-zacatedas","category-zacatecas","tag-conflictos-laborales-en-el-sector-publico","tag-covid-19","tag-crisis-del-sector-salud","entry"],"jetpack_featured_media_url":"https:\/\/www.grieta.org.mx\/wp-content\/uploads\/2020\/07\/aspectos-personal-medico-atiende-pacientes_0_1_1200_746.jpg","jetpack_sharing_enabled":true,"jetpack_shortlink":"https:\/\/wp.me\/p7ZJR4-dua","jetpack_likes_enabled":false,"jetpack-related-posts":[{"id":52681,"url":"https:\/\/www.grieta.org.mx\/index.php\/2020\/08\/07\/protestan-contra-despido-de-medico-del-imss-zacatecas\/","url_meta":{"origin":51842,"position":0},"title":"Protestan contra despido de m\u00e9dico del IMSS (Zacatecas)","author":"grieta","date":"7 agosto, 2020","format":false,"excerpt":"Zacatecasonline, 07 de Agosto de 2020 Zacatecas, Zac.- Luego de dar una conferencia de prensa en la que el neurocirujano Armando Rosales Torres anunci\u00f3 que presentar\u00e1 una demanda por despido injustificado, se realiz\u00f3 una manifestaci\u00f3n pac\u00edfica en la avenida Gonz\u00e1lez Ortega con apoyo de miembros de sindicatos que lo apoyan.\u2026","rel":"","context":"En &quot;CINTILLO&quot;","block_context":{"text":"CINTILLO","link":"https:\/\/www.grieta.org.mx\/index.php\/category\/cintillo\/"},"img":{"alt_text":"","src":"https:\/\/i0.wp.com\/www.grieta.org.mx\/wp-content\/uploads\/2018\/03\/14524434_1106112876131411_958039263622046936_o.jpg?resize=350%2C200&ssl=1","width":350,"height":200,"srcset":"https:\/\/i0.wp.com\/www.grieta.org.mx\/wp-content\/uploads\/2018\/03\/14524434_1106112876131411_958039263622046936_o.jpg?resize=350%2C200&ssl=1 1x, https:\/\/i0.wp.com\/www.grieta.org.mx\/wp-content\/uploads\/2018\/03\/14524434_1106112876131411_958039263622046936_o.jpg?resize=525%2C300&ssl=1 1.5x, https:\/\/i0.wp.com\/www.grieta.org.mx\/wp-content\/uploads\/2018\/03\/14524434_1106112876131411_958039263622046936_o.jpg?resize=700%2C400&ssl=1 2x"},"classes":[]},{"id":53264,"url":"https:\/\/www.grieta.org.mx\/index.php\/2020\/09\/03\/medicos-denuncian-despidos-tras-evidenciar-falta-de-equipo-medico\/","url_meta":{"origin":51842,"position":1},"title":"M\u00e9dicos denuncian despidos tras evidenciar falta de equipo m\u00e9dico","author":"grieta","date":"3 septiembre, 2020","format":false,"excerpt":"Redacci\u00f3n de La Silla Rota, 03 de septiembre de 2020 Despu\u00e9s de 27 a\u00f1os de servicio, el 3 de agosto el IMSS de Zacatecas hizo efectiva la rescisi\u00f3n del contrato de Armando Rosales, m\u00e9dico neurocirujano, quien denunci\u00f3 las carencias del hospital para su personal. Trabajadores de la salud han denunciando\u2026","rel":"","context":"En &quot;CINTILLO&quot;","block_context":{"text":"CINTILLO","link":"https:\/\/www.grieta.org.mx\/index.php\/category\/cintillo\/"},"img":{"alt_text":"","src":"https:\/\/i0.wp.com\/www.grieta.org.mx\/wp-content\/uploads\/2020\/09\/medicos-focus-0-0-983-557.jpg?resize=350%2C200&ssl=1","width":350,"height":200,"srcset":"https:\/\/i0.wp.com\/www.grieta.org.mx\/wp-content\/uploads\/2020\/09\/medicos-focus-0-0-983-557.jpg?resize=350%2C200&ssl=1 1x, https:\/\/i0.wp.com\/www.grieta.org.mx\/wp-content\/uploads\/2020\/09\/medicos-focus-0-0-983-557.jpg?resize=525%2C300&ssl=1 1.5x, https:\/\/i0.wp.com\/www.grieta.org.mx\/wp-content\/uploads\/2020\/09\/medicos-focus-0-0-983-557.jpg?resize=700%2C400&ssl=1 2x"},"classes":[]},{"id":47240,"url":"https:\/\/www.grieta.org.mx\/index.php\/2020\/04\/04\/personal-del-imss-de-zacatecas-se-manifiesta-contra-delegada\/","url_meta":{"origin":51842,"position":2},"title":"Personal del IMSS de Zacatecas se manifiesta contra delegada","author":"grieta","date":"4 abril, 2020","format":false,"excerpt":"Aseguran que no hay liderazgo en el hospital para tomar medidas que protejan tanto al personal como a los pacientes del posible contagio de coronavirus. Redacci\u00f3n \/ Zacatecas en Imagen, 04 de abril de 2020 Zacatecas.- Personal m\u00e9dico del Hospital General de Zona 1 Dr. Emilio Varela Luj\u00e1n se manifest\u00f3\u2026","rel":"","context":"En &quot;CINTILLO&quot;","block_context":{"text":"CINTILLO","link":"https:\/\/www.grieta.org.mx\/index.php\/category\/cintillo\/"},"img":{"alt_text":"","src":"https:\/\/i0.wp.com\/www.grieta.org.mx\/wp-content\/uploads\/2020\/04\/https-_imagenzac.com_.mx_wp-content_uploads_2020_03_3-6.jpg?resize=350%2C200&ssl=1","width":350,"height":200,"srcset":"https:\/\/i0.wp.com\/www.grieta.org.mx\/wp-content\/uploads\/2020\/04\/https-_imagenzac.com_.mx_wp-content_uploads_2020_03_3-6.jpg?resize=350%2C200&ssl=1 1x, https:\/\/i0.wp.com\/www.grieta.org.mx\/wp-content\/uploads\/2020\/04\/https-_imagenzac.com_.mx_wp-content_uploads_2020_03_3-6.jpg?resize=525%2C300&ssl=1 1.5x, https:\/\/i0.wp.com\/www.grieta.org.mx\/wp-content\/uploads\/2020\/04\/https-_imagenzac.com_.mx_wp-content_uploads_2020_03_3-6.jpg?resize=700%2C400&ssl=1 2x, https:\/\/i0.wp.com\/www.grieta.org.mx\/wp-content\/uploads\/2020\/04\/https-_imagenzac.com_.mx_wp-content_uploads_2020_03_3-6.jpg?resize=1050%2C600&ssl=1 3x"},"classes":[]},{"id":47138,"url":"https:\/\/www.grieta.org.mx\/index.php\/2020\/03\/31\/muere-medico-del-imss-con-covid-19-en-zacatecas\/","url_meta":{"origin":51842,"position":3},"title":"Muere m\u00e9dico del IMSS con Covid-19 en Zacatecas","author":"grieta","date":"31 marzo, 2020","format":false,"excerpt":"Redacci\u00f3n \/ Aristegui Noticias, 31 de marzo de 2020 El Instituto Mexicano del Seguro Social (IMSS) lament\u00f3 el \u201clamentable fallecimiento del m\u00e9dico familiar \u201cRJRM\u201d, de 38 a\u00f1os de edad, que laboraba en la Unidad de Medicina Familiar (UMF) No. 57, de Zacatecas, ocurrido la noche de este lunes 30 de\u2026","rel":"","context":"En &quot;CINTILLO&quot;","block_context":{"text":"CINTILLO","link":"https:\/\/www.grieta.org.mx\/index.php\/category\/cintillo\/"},"img":{"alt_text":"","src":"https:\/\/i0.wp.com\/www.grieta.org.mx\/wp-content\/uploads\/2020\/04\/UNIDAD_IMSS-482x220.jpg?resize=350%2C200&ssl=1","width":350,"height":200},"classes":[]},{"id":49459,"url":"https:\/\/www.grieta.org.mx\/index.php\/2020\/05\/17\/al-imss-nuestra-vida-le-vale-madres-medico-zacatecas\/","url_meta":{"origin":51842,"position":4},"title":"Al IMSS nuestra vida le vale madres, m\u00e9dico (Zacatecas)","author":"grieta","date":"17 mayo, 2020","format":false,"excerpt":"Un m\u00e9dico del Hospital General de Zona 1 de Zacatecas exhibi\u00f3 el equipo de protecci\u00f3n insuficiente y de mala calidad Peri\u00f3dico Z\u00f3calo Por Agencia Reforma, 15 de mayo de 2020 Ciudad de M\u00e9xico.- Un m\u00e9dico del Hospital General de Zona 1 de Zacatecas exhibi\u00f3 el equipo de protecci\u00f3n insuficiente y\u2026","rel":"","context":"En &quot;CINTILLO&quot;","block_context":{"text":"CINTILLO","link":"https:\/\/www.grieta.org.mx\/index.php\/category\/cintillo\/"},"img":{"alt_text":"","src":"https:\/\/i0.wp.com\/www.grieta.org.mx\/wp-content\/uploads\/2020\/05\/https-_www.zocalo.com_.mx_images_sized_images_uploads_articles_doc-1589601723-621x354.jpg?resize=350%2C200&ssl=1","width":350,"height":200,"srcset":"https:\/\/i0.wp.com\/www.grieta.org.mx\/wp-content\/uploads\/2020\/05\/https-_www.zocalo.com_.mx_images_sized_images_uploads_articles_doc-1589601723-621x354.jpg?resize=350%2C200&ssl=1 1x, https:\/\/i0.wp.com\/www.grieta.org.mx\/wp-content\/uploads\/2020\/05\/https-_www.zocalo.com_.mx_images_sized_images_uploads_articles_doc-1589601723-621x354.jpg?resize=525%2C300&ssl=1 1.5x"},"classes":[]},{"id":49462,"url":"https:\/\/www.grieta.org.mx\/index.php\/2020\/05\/12\/personal-del-imss-zacatecas-protesta-en-demanda-de-material-para-covid-19\/","url_meta":{"origin":51842,"position":5},"title":"Personal del IMSS Zacatecas protesta en demanda de material para COVID-19","author":"grieta","date":"12 mayo, 2020","format":false,"excerpt":"M\u00e9dicos y enfermeras del Hospital General No.1 del Instituto Mexicano del Seguro Social (IMSS) en Zacatecas se manifestaron este martes para denunciar que a\u00fan no reciben el material necesario para atender a pacientes con el nuevo coronavirus COVID-19. Omar Hern\u00e1ndez \/ unoTV, 12 de mayo de 2020. \u00a0 El hospital\u2026","rel":"","context":"En &quot;CINTILLO&quot;","block_context":{"text":"CINTILLO","link":"https:\/\/www.grieta.org.mx\/index.php\/category\/cintillo\/"},"img":{"alt_text":"","src":"https:\/\/i0.wp.com\/www.grieta.org.mx\/wp-content\/uploads\/2020\/05\/226617-Principal.jpg?resize=350%2C200&ssl=1","width":350,"height":200,"srcset":"https:\/\/i0.wp.com\/www.grieta.org.mx\/wp-content\/uploads\/2020\/05\/226617-Principal.jpg?resize=350%2C200&ssl=1 1x, https:\/\/i0.wp.com\/www.grieta.org.mx\/wp-content\/uploads\/2020\/05\/226617-Principal.jpg?resize=525%2C300&ssl=1 1.5x, https:\/\/i0.wp.com\/www.grieta.org.mx\/wp-content\/uploads\/2020\/05\/226617-Principal.jpg?resize=700%2C400&ssl=1 2x"},"classes":[]}],"_links":{"self":[{"href":"https:\/\/www.grieta.org.mx\/index.php\/wp-json\/wp\/v2\/posts\/51842","targetHints":{"allow":["GET"]}}],"collection":[{"href":"https:\/\/www.grieta.org.mx\/index.php\/wp-json\/wp\/v2\/posts"}],"about":[{"href":"https:\/\/www.grieta.org.mx\/index.php\/wp-json\/wp\/v2\/types\/post"}],"author":[{"embeddable":true,"href":"https:\/\/www.grieta.org.mx\/index.php\/wp-json\/wp\/v2\/users\/2"}],"replies":[{"embeddable":true,"href":"https:\/\/www.grieta.org.mx\/index.php\/wp-json\/wp\/v2\/comments?post=51842"}],"version-history":[{"count":1,"href":"https:\/\/www.grieta.org.mx\/index.php\/wp-json\/wp\/v2\/posts\/51842\/revisions"}],"predecessor-version":[{"id":51845,"href":"https:\/\/www.grieta.org.mx\/index.php\/wp-json\/wp\/v2\/posts\/51842\/revisions\/51845"}],"wp:featuredmedia":[{"embeddable":true,"href":"https:\/\/www.grieta.org.mx\/index.php\/wp-json\/wp\/v2\/media\/51844"}],"wp:attachment":[{"href":"https:\/\/www.grieta.org.mx\/index.php\/wp-json\/wp\/v2\/media?parent=51842"}],"wp:term":[{"taxonomy":"category","embeddable":true,"href":"https:\/\/www.grieta.org.mx\/index.php\/wp-json\/wp\/v2\/categories?post=51842"},{"taxonomy":"post_tag","embeddable":true,"href":"https:\/\/www.grieta.org.mx\/index.php\/wp-json\/wp\/v2\/tags?post=51842"}],"curies":[{"name":"wp","href":"https:\/\/api.w.org\/{rel}","templated":true}]}}