{"id":51821,"date":"2020-07-13T10:26:11","date_gmt":"2020-07-13T15:26:11","guid":{"rendered":"http:\/\/www.grieta.org.mx\/?p=51821"},"modified":"2020-07-17T10:53:16","modified_gmt":"2020-07-17T15:53:16","slug":"familiares-de-desaparecidos-insisten-en-que-se-repita-designacion-del-titular-de-la-comision-de-busqueda-en-guanajuato","status":"publish","type":"post","link":"https:\/\/www.grieta.org.mx\/index.php\/2020\/07\/13\/familiares-de-desaparecidos-insisten-en-que-se-repita-designacion-del-titular-de-la-comision-de-busqueda-en-guanajuato\/","title":{"rendered":"Familiares de desaparecidos insisten en que se repita designaci\u00f3n del titular de la Comisi\u00f3n de B\u00fasqueda en Guanajuato"},"content":{"rendered":"<blockquote><p>Familiares de desaparecidas piden ser tomados en cuenta para la designaci\u00f3n del titular de la Comisi\u00f3n de B\u00fasqueda en Guanajuato y que el gobernador se disculpe por la represi\u00f3n policial.<\/p><\/blockquote>\n<figure id=\"attachment_51822\" aria-describedby=\"caption-attachment-51822\" style=\"width: 800px\" class=\"wp-caption aligncenter\"><img loading=\"lazy\" decoding=\"async\" data-attachment-id=\"51822\" data-permalink=\"https:\/\/www.grieta.org.mx\/index.php\/2020\/07\/13\/familiares-de-desaparecidos-insisten-en-que-se-repita-designacion-del-titular-de-la-comision-de-busqueda-en-guanajuato\/https-_www-animalpolitico-com_wp-content_uploads_2020_07_guanajuato_victimas_comision_busqueda-e1594680656595\/\" data-orig-file=\"https:\/\/www.grieta.org.mx\/wp-content\/uploads\/2020\/07\/https-_www.animalpolitico.com_wp-content_uploads_2020_07_guanajuato_victimas_comision_busqueda-e1594680656595.jpeg\" data-orig-size=\"1276,665\" data-comments-opened=\"0\" data-image-meta=\"{&quot;aperture&quot;:&quot;0&quot;,&quot;credit&quot;:&quot;&quot;,&quot;camera&quot;:&quot;&quot;,&quot;caption&quot;:&quot;&quot;,&quot;created_timestamp&quot;:&quot;0&quot;,&quot;copyright&quot;:&quot;&quot;,&quot;focal_length&quot;:&quot;0&quot;,&quot;iso&quot;:&quot;0&quot;,&quot;shutter_speed&quot;:&quot;0&quot;,&quot;title&quot;:&quot;&quot;,&quot;orientation&quot;:&quot;0&quot;}\" data-image-title=\"https _www.animalpolitico.com_wp-content_uploads_2020_07_guanajuato_victimas_comision_busqueda-e1594680656595\" data-image-description=\"\" data-image-caption=\"&lt;p&gt;Foto: Cuartoscuro&lt;\/p&gt;\n\" data-medium-file=\"https:\/\/www.grieta.org.mx\/wp-content\/uploads\/2020\/07\/https-_www.animalpolitico.com_wp-content_uploads_2020_07_guanajuato_victimas_comision_busqueda-e1594680656595-300x156.jpeg\" data-large-file=\"https:\/\/www.grieta.org.mx\/wp-content\/uploads\/2020\/07\/https-_www.animalpolitico.com_wp-content_uploads_2020_07_guanajuato_victimas_comision_busqueda-e1594680656595-1024x534.jpeg\" class=\"wp-image-51822\" src=\"http:\/\/www.grieta.org.mx\/wp-content\/uploads\/2020\/07\/https-_www.animalpolitico.com_wp-content_uploads_2020_07_guanajuato_victimas_comision_busqueda-e1594680656595.jpeg\" alt=\"\" width=\"800\" height=\"417\" srcset=\"https:\/\/www.grieta.org.mx\/wp-content\/uploads\/2020\/07\/https-_www.animalpolitico.com_wp-content_uploads_2020_07_guanajuato_victimas_comision_busqueda-e1594680656595.jpeg 1276w, https:\/\/www.grieta.org.mx\/wp-content\/uploads\/2020\/07\/https-_www.animalpolitico.com_wp-content_uploads_2020_07_guanajuato_victimas_comision_busqueda-e1594680656595-300x156.jpeg 300w, https:\/\/www.grieta.org.mx\/wp-content\/uploads\/2020\/07\/https-_www.animalpolitico.com_wp-content_uploads_2020_07_guanajuato_victimas_comision_busqueda-e1594680656595-768x400.jpeg 768w, https:\/\/www.grieta.org.mx\/wp-content\/uploads\/2020\/07\/https-_www.animalpolitico.com_wp-content_uploads_2020_07_guanajuato_victimas_comision_busqueda-e1594680656595-1024x534.jpeg 1024w, https:\/\/www.grieta.org.mx\/wp-content\/uploads\/2020\/07\/https-_www.animalpolitico.com_wp-content_uploads_2020_07_guanajuato_victimas_comision_busqueda-e1594680656595-959x500.jpeg 959w\" sizes=\"auto, (max-width: 800px) 100vw, 800px\" \/><figcaption id=\"caption-attachment-51822\" class=\"wp-caption-text\">Foto: Cuartoscuro<\/figcaption><\/figure>\n<p>Por Redacci\u00f3n Animal Pol\u00edtico, 13 de julio de 2020<\/p>\n<p>Guanajuato.- Familiares de personas desaparecidos en Guanajuato pidieron al gobernador reconsiderar la designaci\u00f3n del titular de la Comisi\u00f3n de B\u00fasqueda estatal y tomar en cuenta la opini\u00f3n de las v\u00edctimas, as\u00ed como disculparse por la represi\u00f3n de polic\u00edas que les impidieron manifestarse el pasado 10 de julio.<\/p>\n<p>A trav\u00e9s de una carta, integrantes del colectivo Sembrando Comunidad se\u00f1alaron que este 12 de julio sostuvieron una reuni\u00f3n con el gobernador Diego Sinhue, sin embargo, algunos asuntos de inter\u00e9s de las v\u00edctimas \u201cno se precisaron\u201d.<\/p>\n<p>Acerca del proceso de la designaci\u00f3n del titular de la Comisi\u00f3n de B\u00fasqueda, las familias del colectivo reclamaron que esta fue hecha sin criterios transparente, ni se les tom\u00f3 en cuenta. Por ello, pidieron que se reponga el proceso de selecci\u00f3n, para \u201cgarantizar el espacio al que tenemos derecho, que nuestra voz se escuche en un proceso que nos atraviesa directamente\u201d.<\/p>\n<p>\u201cNuestro objetivo es encontrar una persona con el perfil adecuado y la experiencia necesaria, y ofrecemos nuestras manos para tan importante labor\u201d, se\u00f1alaron.<\/p>\n<p>Con relaci\u00f3n a la disculpa p\u00fablica, agradecieron que la ofreciera directamente a las v\u00edctimas durante la reuni\u00f3n que sostuvieron, sin embargo, se dijeron en desacuerdo con su opini\u00f3n sobre \u201chacer prevalecer el \u201cEstado de derecho\u201d, cuando nosotras ejerc\u00edamos nuestro derecho de manifestarnos pac\u00edficamente\u201d.<\/p>\n<p>Tambi\u00e9n reclamaron que esperaban que las disculpas por el abuso policiaco fueran ofrecidas p\u00fablicamente en conferencia de prensa al finalizar la reuni\u00f3n, lo cual no ocurri\u00f3.<\/p>\n<p>\u201cSe\u00f1or gobernador, una disculpa p\u00fablica de usted y su secretario de Seguridad es lo m\u00ednimo que esperamos, junto con la certeza de que no se perseguir\u00e1 penalmente a las compa\u00f1eras, as\u00ed como el reconocimiento p\u00fablico de que las violentas en ning\u00fan momento fuimos nosotras y que se harantice que nunca m\u00e1s un polic\u00eda golpear\u00e1 a una familia que busca\u201d, se\u00f1alaron.<\/p>\n<p>Las familias pidieron al gobierno de Guanajuato establecer la metodolog\u00eda y cronograma para las mesas de trabajo que prometieron desde el 16 de enero, a las que pidieron la asistencia del fiscal Carlos Zamarripa.<br \/>\n<em><br \/>\nAcabamos de entregar al gobernador @diegosinhue nuestra respuesta sobre lo que se habl\u00f3 en la reuni\u00f3n de ayer con el colectivo.<br \/>\nNecesitamos acciones concretas y voluntad de su parte para que se cumplan.<br \/>\nAqu\u00ed nuestra carta ?? pic.twitter.com\/2QffRWJiXy<\/em><\/p>\n<p>\u2014 Sembrando Comunidad (@SembrandoComun1)<\/p>\n<p><a href=\"https:\/\/www.animalpolitico.com\/2020\/07\/familias-desaparecidos-comision-busqueda-guanajuato-disculpa\/\">https:\/\/www.animalpolitico.com\/2020\/07\/familias-desaparecidos-comision-busqueda-guanajuato-disculpa\/<\/a><\/p>\n","protected":false},"excerpt":{"rendered":"<p>Familiares de desaparecidas piden ser tomados en cuenta para la designaci\u00f3n del titular de la Comisi\u00f3n de B\u00fasqueda en Guanajuato y que el gobernador se disculpe por la represi\u00f3n policial. &hellip; <a href=\"https:\/\/www.grieta.org.mx\/index.php\/2020\/07\/13\/familiares-de-desaparecidos-insisten-en-que-se-repita-designacion-del-titular-de-la-comision-de-busqueda-en-guanajuato\/\" class=\"more-link\">Leer m\u00e1s<\/a><\/p>\n","protected":false},"author":2,"featured_media":51822,"comment_status":"closed","ping_status":"closed","sticky":false,"template":"","format":"standard","meta":{"ngg_post_thumbnail":0,"_jetpack_newsletter_access":"","_jetpack_dont_email_post_to_subs":false,"_jetpack_newsletter_tier_id":0,"_jetpack_memberships_contains_paywalled_content":false,"_jetpack_memberships_contains_paid_content":false,"footnotes":""},"categories":[80,1432,17,2910,2337],"tags":[3018,2220,1668,2590],"class_list":["post-51821","post","type-post","status-publish","format-standard","has-post-thumbnail","hentry","category-cintillo","category-desaparecidos-en-guanajuato","category-guanajuato","category-resistencias-en-guanajuato","category-violencia-de-las-fuerzas-represivas-en-guanajuato","tag-colectivos-de-busqueda-de-desaparecidos","tag-colectivos-rastreadores-de-desaparecidos","tag-familiares-de-desaparecidos","tag-marcha-por-desaparecidos","entry"],"jetpack_featured_media_url":"https:\/\/www.grieta.org.mx\/wp-content\/uploads\/2020\/07\/https-_www.animalpolitico.com_wp-content_uploads_2020_07_guanajuato_victimas_comision_busqueda-e1594680656595.jpeg","jetpack_sharing_enabled":true,"jetpack_shortlink":"https:\/\/wp.me\/p7ZJR4-dtP","jetpack_likes_enabled":false,"jetpack-related-posts":[{"id":51755,"url":"https:\/\/www.grieta.org.mx\/index.php\/2020\/07\/09\/colectivos-de-familiares-de-personas-desaparecidas-instalan-un-planton-en-el-centro-de-guanajuato-capital\/","url_meta":{"origin":51821,"position":0},"title":"Colectivos de familiares de personas desaparecidas instalan un plant\u00f3n en el centro de Guanajuato capital.","author":"grieta","date":"9 julio, 2020","format":false,"excerpt":"TV GUANAJUATO -julio 9, 2020 Guanajuato.- Exigen ser escuchados personalmente por el gobernador Diego Sinhue Rodr\u00edguez Vallejo, a fin de externar su inconformidad respecto a la designaci\u00f3n del titular de la Comisi\u00f3n de B\u00fasqueda de Personas. El pasado 27 de mayo una comisi\u00f3n del \u201cColectivo a tu Encuentro\u201d en representaci\u00f3n\u2026","rel":"","context":"En &quot;CINTILLO&quot;","block_context":{"text":"CINTILLO","link":"https:\/\/www.grieta.org.mx\/index.php\/category\/cintillo\/"},"img":{"alt_text":"","src":"https:\/\/i0.wp.com\/www.grieta.org.mx\/wp-content\/uploads\/2020\/07\/https-_tvguanajuato.com_wp-content_uploads_2020_07_COLECTIVO.jpeg?resize=350%2C200&ssl=1","width":350,"height":200,"srcset":"https:\/\/i0.wp.com\/www.grieta.org.mx\/wp-content\/uploads\/2020\/07\/https-_tvguanajuato.com_wp-content_uploads_2020_07_COLECTIVO.jpeg?resize=350%2C200&ssl=1 1x, https:\/\/i0.wp.com\/www.grieta.org.mx\/wp-content\/uploads\/2020\/07\/https-_tvguanajuato.com_wp-content_uploads_2020_07_COLECTIVO.jpeg?resize=525%2C300&ssl=1 1.5x, https:\/\/i0.wp.com\/www.grieta.org.mx\/wp-content\/uploads\/2020\/07\/https-_tvguanajuato.com_wp-content_uploads_2020_07_COLECTIVO.jpeg?resize=700%2C400&ssl=1 2x"},"classes":[]},{"id":51071,"url":"https:\/\/www.grieta.org.mx\/index.php\/2020\/06\/13\/exigen-reglas-claras-para-nombrar-al-titular-de-la-comision-de-busqueda-de-guanajuato\/","url_meta":{"origin":51821,"position":1},"title":"Exigen reglas claras para nombrar al titular de la Comisi\u00f3n de B\u00fasqueda de Guanajuato","author":"grieta","date":"13 junio, 2020","format":false,"excerpt":"Ver\u00f3nica Espinosa\/ Proceso, 13 de junio de 2020 GUANAJUATO, Gto. (proceso.com.mx).- El gobierno del estado public\u00f3 la convocatoria para la consulta p\u00fablica con la que se designar\u00e1 al titular de la Comisi\u00f3n de B\u00fasqueda de Personas Desaparecidas en Guanajuato, de acuerdo a la recientemente aprobada ley estatal de la materia,\u2026","rel":"","context":"En &quot;CINTILLO&quot;","block_context":{"text":"CINTILLO","link":"https:\/\/www.grieta.org.mx\/index.php\/category\/cintillo\/"},"img":{"alt_text":"","src":"https:\/\/i0.wp.com\/www.grieta.org.mx\/wp-content\/uploads\/2020\/06\/5d54c187ff42193d63-5ffffb94-d776-477f-8125-e8fc106b36a4-c.jpg?resize=350%2C200&ssl=1","width":350,"height":200,"srcset":"https:\/\/i0.wp.com\/www.grieta.org.mx\/wp-content\/uploads\/2020\/06\/5d54c187ff42193d63-5ffffb94-d776-477f-8125-e8fc106b36a4-c.jpg?resize=350%2C200&ssl=1 1x, https:\/\/i0.wp.com\/www.grieta.org.mx\/wp-content\/uploads\/2020\/06\/5d54c187ff42193d63-5ffffb94-d776-477f-8125-e8fc106b36a4-c.jpg?resize=525%2C300&ssl=1 1.5x, https:\/\/i0.wp.com\/www.grieta.org.mx\/wp-content\/uploads\/2020\/06\/5d54c187ff42193d63-5ffffb94-d776-477f-8125-e8fc106b36a4-c.jpg?resize=700%2C400&ssl=1 2x, https:\/\/i0.wp.com\/www.grieta.org.mx\/wp-content\/uploads\/2020\/06\/5d54c187ff42193d63-5ffffb94-d776-477f-8125-e8fc106b36a4-c.jpg?resize=1050%2C600&ssl=1 3x"},"classes":[]},{"id":57226,"url":"https:\/\/www.grieta.org.mx\/index.php\/2021\/02\/21\/familiares-de-desaparecidos-piden-transparentar-busqueda-en-guanajuato\/","url_meta":{"origin":51821,"position":2},"title":"Familiares de desaparecidos piden transparentar b\u00fasqueda en Guanajuato","author":"grieta","date":"21 febrero, 2021","format":false,"excerpt":"\u00a0 Familiares de v\u00edctimas de desaparici\u00f3n forzada en Guanajuato pidieron a las autoridades que les informen sobre la b\u00fasqueda de restos, debido a que no son invitados por el sem\u00e1foro epidemiol\u00f3gico rojo en la entidad \u00a0 Por Ver\u00f3nica Espinosa \/ Proceso, domingo, 21 de febrero de 2021 GUANAJUATO, Gto. (proceso.com.mx).\u2013\u2026","rel":"","context":"En &quot;CINTILLO&quot;","block_context":{"text":"CINTILLO","link":"https:\/\/www.grieta.org.mx\/index.php\/category\/cintillo\/"},"img":{"alt_text":"","src":"https:\/\/i0.wp.com\/www.grieta.org.mx\/wp-content\/uploads\/2021\/02\/f800x450-128062_179508_5050.jpg?resize=350%2C200&ssl=1","width":350,"height":200,"srcset":"https:\/\/i0.wp.com\/www.grieta.org.mx\/wp-content\/uploads\/2021\/02\/f800x450-128062_179508_5050.jpg?resize=350%2C200&ssl=1 1x, https:\/\/i0.wp.com\/www.grieta.org.mx\/wp-content\/uploads\/2021\/02\/f800x450-128062_179508_5050.jpg?resize=525%2C300&ssl=1 1.5x, https:\/\/i0.wp.com\/www.grieta.org.mx\/wp-content\/uploads\/2021\/02\/f800x450-128062_179508_5050.jpg?resize=700%2C400&ssl=1 2x"},"classes":[]},{"id":51977,"url":"https:\/\/www.grieta.org.mx\/index.php\/2020\/07\/15\/tambien-nos-puede-escuchar-familiares-de-desaparecidos-en-guanajuato-a-amlo\/","url_meta":{"origin":51821,"position":3},"title":"&#8216;Tambi\u00e9n nos puede escuchar&#8217; : familiares de desaparecidos en Guanajuato a AMLO","author":"grieta","date":"15 julio, 2020","format":false,"excerpt":"Con informaci\u00f3n de Redacci\u00f3n Animal Pol\u00edtico, 15 de julio de 2020 Familiares de personas desaparecidas en Guanajuato se reunieron frete a la XII Regi\u00f3n Militar, en donde se realiza la conferencia matutina del presidente Andr\u00e9s Manuel L\u00f3pez Obrador, acompa\u00f1ado del gobernador del estado, Diego Sinhue Rodr\u00edguez, y otros miembros del\u2026","rel":"","context":"En &quot;CINTILLO&quot;","block_context":{"text":"CINTILLO","link":"https:\/\/www.grieta.org.mx\/index.php\/category\/cintillo\/"},"img":{"alt_text":"","src":"https:\/\/i0.wp.com\/www.grieta.org.mx\/wp-content\/uploads\/2020\/07\/WhatsApp-Image-2020-07-15-at-09.16.07.jpeg?resize=350%2C200&ssl=1","width":350,"height":200,"srcset":"https:\/\/i0.wp.com\/www.grieta.org.mx\/wp-content\/uploads\/2020\/07\/WhatsApp-Image-2020-07-15-at-09.16.07.jpeg?resize=350%2C200&ssl=1 1x, https:\/\/i0.wp.com\/www.grieta.org.mx\/wp-content\/uploads\/2020\/07\/WhatsApp-Image-2020-07-15-at-09.16.07.jpeg?resize=525%2C300&ssl=1 1.5x"},"classes":[]},{"id":51703,"url":"https:\/\/www.grieta.org.mx\/index.php\/2020\/07\/10\/policias-de-guanajuato-detienen-a-familiares-de-desaparecidos-y-a-una-de-ellas-le-rompen-la-pierna-por-protestar\/","url_meta":{"origin":51821,"position":4},"title":"Polic\u00edas de Guanajuato detienen a familiares de desaparecidos y a una de ellas le rompen la pierna por protestar","author":"grieta","date":"10 julio, 2020","format":false,"excerpt":"Colectivos y organismos de derechos humanos exigieron la liberaci\u00f3n de Gisela Verenice Olimpia Montoya, Carla Ver\u00f3nica Mart\u00ednez Jim\u00e9nez y Ver\u00f3nica Dur\u00e1n Lara, familiares de personas desaparecidas que protestaban contra el nombramiento del titular de la Comisi\u00f3n Estatal de B\u00fasqueda (CEB). Por Redacci\u00f3n Animal Pol\u00edtico 10 de julio de 2020 Polic\u00edas\u2026","rel":"","context":"En &quot;CINTILLO&quot;","block_context":{"text":"CINTILLO","link":"https:\/\/www.grieta.org.mx\/index.php\/category\/cintillo\/"},"img":{"alt_text":"","src":"https:\/\/i0.wp.com\/www.grieta.org.mx\/wp-content\/uploads\/2020\/07\/WhatsApp-Image-2020-07-10-at-12.53.35-e1594404031798.jpeg?resize=350%2C200&ssl=1","width":350,"height":200,"srcset":"https:\/\/i0.wp.com\/www.grieta.org.mx\/wp-content\/uploads\/2020\/07\/WhatsApp-Image-2020-07-10-at-12.53.35-e1594404031798.jpeg?resize=350%2C200&ssl=1 1x, https:\/\/i0.wp.com\/www.grieta.org.mx\/wp-content\/uploads\/2020\/07\/WhatsApp-Image-2020-07-10-at-12.53.35-e1594404031798.jpeg?resize=525%2C300&ssl=1 1.5x, https:\/\/i0.wp.com\/www.grieta.org.mx\/wp-content\/uploads\/2020\/07\/WhatsApp-Image-2020-07-10-at-12.53.35-e1594404031798.jpeg?resize=700%2C400&ssl=1 2x, https:\/\/i0.wp.com\/www.grieta.org.mx\/wp-content\/uploads\/2020\/07\/WhatsApp-Image-2020-07-10-at-12.53.35-e1594404031798.jpeg?resize=1050%2C600&ssl=1 3x"},"classes":[]},{"id":52541,"url":"https:\/\/www.grieta.org.mx\/index.php\/2020\/07\/21\/guanajuato-un-gobierno-que-ni-ve-ni-oye-a-las-victimas-de-la-violencia\/","url_meta":{"origin":51821,"position":5},"title":"Guanajuato: un gobierno que ni ve ni oye a las v\u00edctimas de la violencia","author":"grieta","date":"21 julio, 2020","format":false,"excerpt":"Con el aumento de la violencia en Guanajuato surgen nuevas v\u00edctimas de desaparici\u00f3n y colectivos de familiares que las buscan. Pero el gobierno del estado los acusa de ser opositores pol\u00edticos Pie de P\u00e1gina, 21 de julio 2020 Texto: Jos\u00e9 Ignacio De Alba Foto: cortes\u00eda Sembrando Comunidad El industrial estado\u2026","rel":"","context":"En &quot;CINTILLO&quot;","block_context":{"text":"CINTILLO","link":"https:\/\/www.grieta.org.mx\/index.php\/category\/cintillo\/"},"img":{"alt_text":"","src":"https:\/\/i0.wp.com\/www.grieta.org.mx\/wp-content\/uploads\/2020\/08\/desaparecidos_guanajuato.jpg?resize=350%2C200&ssl=1","width":350,"height":200,"srcset":"https:\/\/i0.wp.com\/www.grieta.org.mx\/wp-content\/uploads\/2020\/08\/desaparecidos_guanajuato.jpg?resize=350%2C200&ssl=1 1x, https:\/\/i0.wp.com\/www.grieta.org.mx\/wp-content\/uploads\/2020\/08\/desaparecidos_guanajuato.jpg?resize=525%2C300&ssl=1 1.5x, https:\/\/i0.wp.com\/www.grieta.org.mx\/wp-content\/uploads\/2020\/08\/desaparecidos_guanajuato.jpg?resize=700%2C400&ssl=1 2x, https:\/\/i0.wp.com\/www.grieta.org.mx\/wp-content\/uploads\/2020\/08\/desaparecidos_guanajuato.jpg?resize=1050%2C600&ssl=1 3x"},"classes":[]}],"_links":{"self":[{"href":"https:\/\/www.grieta.org.mx\/index.php\/wp-json\/wp\/v2\/posts\/51821","targetHints":{"allow":["GET"]}}],"collection":[{"href":"https:\/\/www.grieta.org.mx\/index.php\/wp-json\/wp\/v2\/posts"}],"about":[{"href":"https:\/\/www.grieta.org.mx\/index.php\/wp-json\/wp\/v2\/types\/post"}],"author":[{"embeddable":true,"href":"https:\/\/www.grieta.org.mx\/index.php\/wp-json\/wp\/v2\/users\/2"}],"replies":[{"embeddable":true,"href":"https:\/\/www.grieta.org.mx\/index.php\/wp-json\/wp\/v2\/comments?post=51821"}],"version-history":[{"count":1,"href":"https:\/\/www.grieta.org.mx\/index.php\/wp-json\/wp\/v2\/posts\/51821\/revisions"}],"predecessor-version":[{"id":51825,"href":"https:\/\/www.grieta.org.mx\/index.php\/wp-json\/wp\/v2\/posts\/51821\/revisions\/51825"}],"wp:featuredmedia":[{"embeddable":true,"href":"https:\/\/www.grieta.org.mx\/index.php\/wp-json\/wp\/v2\/media\/51822"}],"wp:attachment":[{"href":"https:\/\/www.grieta.org.mx\/index.php\/wp-json\/wp\/v2\/media?parent=51821"}],"wp:term":[{"taxonomy":"category","embeddable":true,"href":"https:\/\/www.grieta.org.mx\/index.php\/wp-json\/wp\/v2\/categories?post=51821"},{"taxonomy":"post_tag","embeddable":true,"href":"https:\/\/www.grieta.org.mx\/index.php\/wp-json\/wp\/v2\/tags?post=51821"}],"curies":[{"name":"wp","href":"https:\/\/api.w.org\/{rel}","templated":true}]}}