{"id":51784,"date":"2020-07-13T17:37:41","date_gmt":"2020-07-13T22:37:41","guid":{"rendered":"http:\/\/www.grieta.org.mx\/?p=51784"},"modified":"2020-07-15T17:44:08","modified_gmt":"2020-07-15T22:44:08","slug":"susana-prieto-denuncia-por-persecucion-judicial-a-gobernadores-de-chihuahua-y-tamaulipas","status":"publish","type":"post","link":"https:\/\/www.grieta.org.mx\/index.php\/2020\/07\/13\/susana-prieto-denuncia-por-persecucion-judicial-a-gobernadores-de-chihuahua-y-tamaulipas\/","title":{"rendered":"Susana Prieto denuncia por persecuci\u00f3n judicial a gobernadores de Chihuahua y Tamaulipas"},"content":{"rendered":"<p>Patricia MAyorga\/Proceso<br \/>\n13 julio 2020<\/p>\n<p><img loading=\"lazy\" decoding=\"async\" data-attachment-id=\"51785\" data-permalink=\"https:\/\/www.grieta.org.mx\/index.php\/2020\/07\/13\/susana-prieto-denuncia-por-persecucion-judicial-a-gobernadores-de-chihuahua-y-tamaulipas\/susana-prieto-2\/\" data-orig-file=\"https:\/\/www.grieta.org.mx\/wp-content\/uploads\/2020\/07\/Susana-Prieto.jpg\" data-orig-size=\"850,476\" data-comments-opened=\"0\" data-image-meta=\"{&quot;aperture&quot;:&quot;0&quot;,&quot;credit&quot;:&quot;&quot;,&quot;camera&quot;:&quot;&quot;,&quot;caption&quot;:&quot;&quot;,&quot;created_timestamp&quot;:&quot;0&quot;,&quot;copyright&quot;:&quot;&quot;,&quot;focal_length&quot;:&quot;0&quot;,&quot;iso&quot;:&quot;0&quot;,&quot;shutter_speed&quot;:&quot;0&quot;,&quot;title&quot;:&quot;&quot;,&quot;orientation&quot;:&quot;1&quot;}\" data-image-title=\"Susana-Prieto\" data-image-description=\"\" data-image-caption=\"\" data-medium-file=\"https:\/\/www.grieta.org.mx\/wp-content\/uploads\/2020\/07\/Susana-Prieto-300x168.jpg\" data-large-file=\"https:\/\/www.grieta.org.mx\/wp-content\/uploads\/2020\/07\/Susana-Prieto.jpg\" src=\"http:\/\/www.grieta.org.mx\/wp-content\/uploads\/2020\/07\/Susana-Prieto.jpg\" alt=\"\" width=\"850\" height=\"476\" class=\"aligncenter size-full wp-image-51785\" srcset=\"https:\/\/www.grieta.org.mx\/wp-content\/uploads\/2020\/07\/Susana-Prieto.jpg 850w, https:\/\/www.grieta.org.mx\/wp-content\/uploads\/2020\/07\/Susana-Prieto-300x168.jpg 300w, https:\/\/www.grieta.org.mx\/wp-content\/uploads\/2020\/07\/Susana-Prieto-768x430.jpg 768w\" sizes=\"auto, (max-width: 850px) 100vw, 850px\" \/><br \/>\nSusana Prieto Terrazas. Foto: Facebook<br \/>\nCIUDAD DE M\u00c9XICO (apro).- La abogada laboral Susana Prieto Terrazas acus\u00f3 a los gobernadores de Chihuahua y Tamaulipas, Javier Corral Jurado y Francisco Garc\u00eda Cabeza de Vaca, respectivamente, de persecuci\u00f3n judicial en su contra por afectar intereses econ\u00f3micos de la industria maquiladora.<\/p>\n<p>En rueda de prensa desde Centro Nacional de Comunicaci\u00f3n Social (Cencos), la abogada dio a conocer el proceso de constituci\u00f3n del sindicato que asesora en Matamoros, Tamaulipas, donde el sindicalismo \u201ccharro\u201d, dijo, controla toda actividad en colusi\u00f3n con el gobierno estatal y con las c\u00e1maras empresariales.<\/p>\n<p>Sobre su detenci\u00f3n el pasado 8 de junio en Matamoros, Tamaulipas, Prieto Terrazas asegur\u00f3 que fue ilegal y el proceso penal estuvo viciado para negarle la libertad, por orden del gobernador Garc\u00eda Cabeza de Vaca, presionado por Index, Canacintra y Coparmex.<\/p>\n<p>Detall\u00f3 que promovieron un recurso de revisi\u00f3n contra la medida de prisi\u00f3n y finalmente fue liberada, pero con la orden de no entrar a Matamoros y no moverse del estado de Chihuahua, es decir que no puede viajar a El Paso, Texas, donde tiene su domicilio.<\/p>\n<p>La jueza que lleva su caso, en Matamoros, le orden\u00f3 salir de Tamaulipas e ir a vivir al estado de Chihuahua, adem\u00e1s de pagar 66 mil pesos como reparaci\u00f3n del da\u00f1o para que los trabajadores de la Junta Local de Conciliaci\u00f3n y Arbitraje tomen terapia psicol\u00f3gica.<\/p>\n<p>Al llegar a Chihuahua se enter\u00f3 que hay dos carpetas de investigaci\u00f3n en su contra, pese a que el fiscal de la Zona Norte neg\u00f3 que hubiera alguna indagaci\u00f3n.<\/p>\n<p>\u201cEl Ministerio P\u00fablico hizo valer que yo ten\u00eda propiedades en Delicias, Jim\u00e9nez y Ciudad Ju\u00e1rez, lo cual es falso, y tambi\u00e9n me llam\u00f3 mucho la atenci\u00f3n que exist\u00edan en Chihuahua tres carpetas de investigaci\u00f3n en mi contra; inmediatamente me fui a Ju\u00e1rez, confront\u00e9 al fiscal y me dijo que no hab\u00eda ninguna carpeta de investigaci\u00f3n en contra m\u00eda\u201d.<\/p>\n<p>La asesora legal del Sindicato Nacional Independiente de Trabajadores de Industrias y Servicios (SNITIS) de Ciudad Ju\u00e1rez relat\u00f3 que los gobernadores Javier Corral Jurado y Francisco Javier Garc\u00eda Cabeza de Vaca no actuaron solos.<\/p>\n<p>Precis\u00f3 que el 8 de junio fue detenida, el 9 de junio, en Chihuahua, sus acusadores pidieron a un juez de Control que librara una orden de aprehensi\u00f3n y al d\u00eda siguiente salieron las dos \u00f3rdenes.<\/p>\n<p>La primera, dijo, es por un hecho presuntamente cometido el 20 de abril de 2020. La denunciante fue una de las empresas maquiladoras que viol\u00f3 \u201cflagrantemente\u201d el decreto del gobierno federal por la pandemia: Electrocomponentes de M\u00e9xico, con m\u00e1s de 8 mil trabajadoras, a quienes no protegi\u00f3 con cubrebocas ni con otras medidas de seguridad sanitaria.<\/p>\n<p>La compa\u00f1\u00eda la acus\u00f3 de privar ilegalmente de la libertad al gerente y otros funcionarios, desde el 20 de abril a las 6 horas hasta las 5 horas del d\u00eda siguiente.<\/p>\n<p>\u201cPero esa empresa fue clausurada por la Secretar\u00eda del Trabajo federal el 17 de abril de 2020, y as\u00ed lo dice la Polic\u00eda Estatal, que acudi\u00f3 al llamado de la maquiladora. Un funcionario de la empresa les dijo que los trabajadores se estaban manifestando afuera (\u2026) no los pod\u00edan dejar entrar porque la Secretar\u00eda del Trabajo clausur\u00f3 la empresa el 17 de abril. El gobierno est\u00e1 involucrado en los tres niveles a trav\u00e9s de un funcionario que fue a declarar que no era cierto que estaba clausurada, cuando los mismos funcionarios dicen que s\u00ed ante la Polic\u00eda Estatal\u201d.<\/p>\n<p>La abogada asegur\u00f3 que ella permaneci\u00f3 un momento en la planta para denunciar junto con los obreros las arbitrariedades de la empresa, pero luego se fue a su casa, porque es una persona vulnerable ante el covid-19.<\/p>\n<p>La otra denuncia, abund\u00f3, es de la expareja de su esposo, pero no quiso abundar en ella, s\u00f3lo asegur\u00f3 que tienen como prueba la captura de pantalla de una llamada que Susana Prieto hizo a la presunta afectada.<\/p>\n<p>Tras destacar que se trat\u00f3 de una asociaci\u00f3n delictuosa de los dos gobernadores con las c\u00e1maras empresariales, que aplaudieron la \u201csentencia inconstitucional\u201d que hab\u00eda dado la jueza, se\u00f1al\u00f3 que en un desplegado pagado \u00e9stas agradecieron al gobierno de Tamaulipas porque \u201cpuso orden, emitiendo declaraciones falsas, que respetan la democratizaci\u00f3n sindical\u201d.<\/p>\n<p>Los abogados de Susana Prieto promovieron un amparo con el que impidieron que fuera detenida en Chihuahua.<\/p>\n<p>\u201cCuando llegue ante jueces de Chihuahua, no voy a huir de nadie, mis abogados presentar\u00e1n la semana que entra un escrito para que fijen hora y fecha para mi vinculaci\u00f3n a proceso. Es probable que me priven de la libertad en Chihuahua. Van a decir: \u2018s\u00ed eres de peligrosidad, pero ahora s\u00ed tienes dos carpetas, m\u00e1s de la de Tamaulipas&#8217;\u201d.<\/p>\n<p>Esos argumentos y su doble nacionalidad, mexicana y americana, pueden ser el pretexto para presumir que se podr\u00eda sustraer de la acci\u00f3n penal, apunt\u00f3.<\/p>\n<p>El secretario general del SNITIS, Jaime Guarneros, pidi\u00f3 a las autoridades que dejen en paz a la asesora legal, no sin antes declarar que est\u00e1n hartos de la corrupci\u00f3n de los gobernadores de Tamaulipas y Chihuahua, que le han fabricado delitos.<\/p>\n<p>\u201cSi venimos es porque queremos su libertad absoluta, porque la queremos demasiado y ha luchado por nosotros\u201d, solt\u00f3 Guarneros, quien viaj\u00f3 desde Tamaulipas a Ciudad de M\u00e9xico para asistir a la rueda de prensa.<\/p>\n<p><a href=\"https:\/\/www.proceso.com.mx\/638159\/susana-prieto-denuncia-por-persecucion-judicial-a-gobernadores-de-chihuahua-y-tamaulipas\" rel=\"noopener noreferrer\" target=\"_blank\">https:\/\/www.proceso.com.mx\/638159\/susana-prieto-denuncia-por-persecucion-judicial-a-gobernadores-de-chihuahua-y-tamaulipas<\/a><\/p>\n","protected":false},"excerpt":{"rendered":"<p>Patricia MAyorga\/Proceso 13 julio 2020 Susana Prieto Terrazas. Foto: Facebook CIUDAD DE M\u00c9XICO (apro).- La abogada laboral Susana Prieto Terrazas acus\u00f3 a los gobernadores de Chihuahua y Tamaulipas, Javier Corral &hellip; <a href=\"https:\/\/www.grieta.org.mx\/index.php\/2020\/07\/13\/susana-prieto-denuncia-por-persecucion-judicial-a-gobernadores-de-chihuahua-y-tamaulipas\/\" class=\"more-link\">Leer m\u00e1s<\/a><\/p>\n","protected":false},"author":2,"featured_media":51785,"comment_status":"closed","ping_status":"closed","sticky":false,"template":"","format":"standard","meta":{"ngg_post_thumbnail":0,"_jetpack_newsletter_access":"","_jetpack_dont_email_post_to_subs":false,"_jetpack_newsletter_tier_id":0,"_jetpack_memberships_contains_paywalled_content":false,"_jetpack_memberships_contains_paid_content":false,"footnotes":""},"categories":[12,80,1398,1137,2011,2,33],"tags":[2841,3468,2406,3583,3544],"class_list":["post-51784","post","type-post","status-publish","format-standard","has-post-thumbnail","hentry","category-chihuahua","category-cintillo","category-conflictos-laborales-en-chihuahua","category-explotacion-y-precariedad-laboral-en-tamaulipas","category-lucha-de-trabajadores-de-la-industria-maquiladora-en-tamaulipas","category-noticias-nacionales","category-tamaulipas","tag-explotacion-y-precariedad-laboral","tag-movimiento-20-30","tag-movimiento-obrero","tag-snitis","tag-susana-prieto","entry"],"jetpack_featured_media_url":"https:\/\/www.grieta.org.mx\/wp-content\/uploads\/2020\/07\/Susana-Prieto.jpg","jetpack_sharing_enabled":true,"jetpack_shortlink":"https:\/\/wp.me\/p7ZJR4-dte","jetpack_likes_enabled":false,"jetpack-related-posts":[{"id":51508,"url":"https:\/\/www.grieta.org.mx\/index.php\/2020\/07\/01\/liberan-a-susana-prieto-tamaulipas\/","url_meta":{"origin":51784,"position":0},"title":"Liberan a Susana Prieto (Tamaulipas)","author":"grieta","date":"1 julio, 2020","format":false,"excerpt":"Staff\/El Diario de Ju\u00e1rez 1 julio 2020 Ciudad Ju\u00e1rez\u2014 La abogada laborista juarense, Susana Prieto Terrazas abandon\u00f3 esta noche el Centro de Ejecuci\u00f3n de Penas y Sanciones de Ciudad Victoria Tamaulipas y al recobrar su libertad se\u00f1al\u00f3 que fue acusada por delitos que no cometi\u00f3 por entrevistas que hiciera el\u2026","rel":"","context":"En &quot;CINTILLO&quot;","block_context":{"text":"CINTILLO","link":"https:\/\/www.grieta.org.mx\/index.php\/category\/cintillo\/"},"img":{"alt_text":"","src":"https:\/\/i0.wp.com\/www.grieta.org.mx\/wp-content\/uploads\/2020\/07\/20200701092721273-0-1679860.jpg?resize=350%2C200&ssl=1","width":350,"height":200,"srcset":"https:\/\/i0.wp.com\/www.grieta.org.mx\/wp-content\/uploads\/2020\/07\/20200701092721273-0-1679860.jpg?resize=350%2C200&ssl=1 1x, https:\/\/i0.wp.com\/www.grieta.org.mx\/wp-content\/uploads\/2020\/07\/20200701092721273-0-1679860.jpg?resize=525%2C300&ssl=1 1.5x, https:\/\/i0.wp.com\/www.grieta.org.mx\/wp-content\/uploads\/2020\/07\/20200701092721273-0-1679860.jpg?resize=700%2C400&ssl=1 2x"},"classes":[]},{"id":50575,"url":"https:\/\/www.grieta.org.mx\/index.php\/2020\/06\/08\/detienen-a-la-abogada-susana-prieto-en-matamoros-tamaulipas\/","url_meta":{"origin":51784,"position":1},"title":"Detienen a la abogada Susana Prieto en Matamoros (Tamaulipas)","author":"grieta","date":"8 junio, 2020","format":false,"excerpt":"Mar\u00eda L\u00f3pez\/Milenio 8 junio 2020 La misma abogada, quien a trav\u00e9s de una transmisi\u00f3n en vivo a trav\u00e9s de Facebook, inform\u00f3 que polic\u00edas ministeriales le notificaban sobre una orden de aprehensi\u00f3n en su contra. Detienen a la abogada Susana Prieto | Cortes\u00eda Elementos de la Polic\u00eda Ministerial, ejecutaron una orden\u2026","rel":"","context":"En &quot;CINTILLO&quot;","block_context":{"text":"CINTILLO","link":"https:\/\/www.grieta.org.mx\/index.php\/category\/cintillo\/"},"img":{"alt_text":"","src":"https:\/\/i0.wp.com\/www.grieta.org.mx\/wp-content\/uploads\/2020\/06\/detienen-a-la-abogada-susana_54_0_820_510.jpg?resize=350%2C200&ssl=1","width":350,"height":200,"srcset":"https:\/\/i0.wp.com\/www.grieta.org.mx\/wp-content\/uploads\/2020\/06\/detienen-a-la-abogada-susana_54_0_820_510.jpg?resize=350%2C200&ssl=1 1x, https:\/\/i0.wp.com\/www.grieta.org.mx\/wp-content\/uploads\/2020\/06\/detienen-a-la-abogada-susana_54_0_820_510.jpg?resize=525%2C300&ssl=1 1.5x, https:\/\/i0.wp.com\/www.grieta.org.mx\/wp-content\/uploads\/2020\/06\/detienen-a-la-abogada-susana_54_0_820_510.jpg?resize=700%2C400&ssl=1 2x"},"classes":[]},{"id":51116,"url":"https:\/\/www.grieta.org.mx\/index.php\/2020\/06\/09\/bloquean-accesos-a-parques-industriales-por-detencion-de-susana-prieto-tamaulipas\/","url_meta":{"origin":51784,"position":2},"title":"Bloquean accesos a parques industriales por detenci\u00f3n de Susana Prieto (Tamaulipas)","author":"grieta","date":"9 junio, 2020","format":false,"excerpt":"Carlos Ju\u00e1rez\/El Heraldo de M\u00e9xico 9 junio 2020 En el lugar permanecen autoridades de la Guardia Nacional, sin embargo no han podido liberar estas v\u00edas federales Estas acciones son en reacci\u00f3n luego de la detenci\u00f3n de Susana Prieto el d\u00eda de ayer por la tarde en esta localidad. Foto: Especial\u2026","rel":"","context":"En &quot;CINTILLO&quot;","block_context":{"text":"CINTILLO","link":"https:\/\/www.grieta.org.mx\/index.php\/category\/cintillo\/"},"img":{"alt_text":"","src":"https:\/\/i0.wp.com\/www.grieta.org.mx\/wp-content\/uploads\/2020\/06\/parques-industriales.jpg?resize=350%2C200&ssl=1","width":350,"height":200,"srcset":"https:\/\/i0.wp.com\/www.grieta.org.mx\/wp-content\/uploads\/2020\/06\/parques-industriales.jpg?resize=350%2C200&ssl=1 1x, https:\/\/i0.wp.com\/www.grieta.org.mx\/wp-content\/uploads\/2020\/06\/parques-industriales.jpg?resize=525%2C300&ssl=1 1.5x, https:\/\/i0.wp.com\/www.grieta.org.mx\/wp-content\/uploads\/2020\/06\/parques-industriales.jpg?resize=700%2C400&ssl=1 2x, https:\/\/i0.wp.com\/www.grieta.org.mx\/wp-content\/uploads\/2020\/06\/parques-industriales.jpg?resize=1050%2C600&ssl=1 3x"},"classes":[]},{"id":32876,"url":"https:\/\/www.grieta.org.mx\/index.php\/2019\/05\/02\/toma-matamoros-movimiento-20-32-tamaulipas\/","url_meta":{"origin":51784,"position":3},"title":"\u00b4Toma\u00b4 Matamoros movimiento 20\/32 (Tamaulipas)","author":"grieta","date":"2 mayo, 2019","format":false,"excerpt":"Miguel Jim\u00e9nez \/ El Ma\u00f1ana Desquician el tr\u00e1fico. Recorren principales avenidas El tr\u00e1fico vehicular en Matamoros fue desquiciado en la ma\u00f1ana por la marcha que encabez\u00f3 Susana Prieto con el movimiento 20\/32, al recorrer las principales avenidas de la ciudad originando el malestar de los automovilistas. Un contingente entre mil\u2026","rel":"","context":"En &quot;CINTILLO&quot;","block_context":{"text":"CINTILLO","link":"https:\/\/www.grieta.org.mx\/index.php\/category\/cintillo\/"},"img":{"alt_text":"","src":"https:\/\/i0.wp.com\/www.grieta.org.mx\/wp-content\/uploads\/2019\/05\/%C2%B4Toma%C2%B4-Matamoros-movimiento-20-32-tama-may.jpg?resize=350%2C200&ssl=1","width":350,"height":200,"srcset":"https:\/\/i0.wp.com\/www.grieta.org.mx\/wp-content\/uploads\/2019\/05\/%C2%B4Toma%C2%B4-Matamoros-movimiento-20-32-tama-may.jpg?resize=350%2C200&ssl=1 1x, https:\/\/i0.wp.com\/www.grieta.org.mx\/wp-content\/uploads\/2019\/05\/%C2%B4Toma%C2%B4-Matamoros-movimiento-20-32-tama-may.jpg?resize=525%2C300&ssl=1 1.5x"},"classes":[]},{"id":50578,"url":"https:\/\/www.grieta.org.mx\/index.php\/2020\/06\/08\/bloquean-carretera-matamoros-victoria-por-detencion-de-abogada-susana-prieto-tamaulipas\/","url_meta":{"origin":51784,"position":4},"title":"Bloquean carretera Matamoros-Victoria por detenci\u00f3n de abogada Susana Prieto (Tamaulipas)","author":"grieta","date":"8 junio, 2020","format":false,"excerpt":"Sandra Tovar\/El Universal 8 junio 2020 Trabajadores y simpatizantes del movimiento 20\/32 hab\u00edan acudido a las instalaciones de la Fiscal\u00eda de Tamaulipas, donde esperaban su liberaci\u00f3n Matamoros, Tamaulipas.- Trabajadores de maquiladoras y simpatizantes del movimiento 20\/32, bloquearon la carretera Matamoros-Victoria, como protesta por la detenci\u00f3n de la abogada Susana Prieto\u2026","rel":"","context":"En &quot;CINTILLO&quot;","block_context":{"text":"CINTILLO","link":"https:\/\/www.grieta.org.mx\/index.php\/category\/cintillo\/"},"img":{"alt_text":"","src":"https:\/\/i0.wp.com\/www.grieta.org.mx\/wp-content\/uploads\/2020\/06\/bloqueo-obrero.png?resize=350%2C200&ssl=1","width":350,"height":200,"srcset":"https:\/\/i0.wp.com\/www.grieta.org.mx\/wp-content\/uploads\/2020\/06\/bloqueo-obrero.png?resize=350%2C200&ssl=1 1x, https:\/\/i0.wp.com\/www.grieta.org.mx\/wp-content\/uploads\/2020\/06\/bloqueo-obrero.png?resize=525%2C300&ssl=1 1.5x"},"classes":[]},{"id":32468,"url":"https:\/\/www.grieta.org.mx\/index.php\/2019\/04\/11\/sigue-vivo-conflicto-obrero-en-matamoros-tamaulipas\/","url_meta":{"origin":51784,"position":5},"title":"Sigue vivo conflicto obrero en Matamoros (Tamaulipas)","author":"grieta","date":"11 abril, 2019","format":false,"excerpt":"El Sol de Tampico Se enfrentan obreros con polic\u00edas y luego bloquean una carretera; buscaban tomar una f\u00e1brica MATAMOROS.- Extrabajadores de la empresa maquiladora Avances Cient\u00edficos, encabezados por la abogada laboral y l\u00edder del movimiento 20\/32, Susana Prieto, bloquearon por varios minutos la carretera Sendero Nacional en su intento fallido\u2026","rel":"","context":"En &quot;CINTILLO&quot;","block_context":{"text":"CINTILLO","link":"https:\/\/www.grieta.org.mx\/index.php\/category\/cintillo\/"},"img":{"alt_text":"","src":"https:\/\/i0.wp.com\/www.grieta.org.mx\/wp-content\/uploads\/2019\/04\/Sigue-vivo-conflicto-obrero-en-Matamoros-tama-abr.jpg?resize=350%2C200&ssl=1","width":350,"height":200,"srcset":"https:\/\/i0.wp.com\/www.grieta.org.mx\/wp-content\/uploads\/2019\/04\/Sigue-vivo-conflicto-obrero-en-Matamoros-tama-abr.jpg?resize=350%2C200&ssl=1 1x, https:\/\/i0.wp.com\/www.grieta.org.mx\/wp-content\/uploads\/2019\/04\/Sigue-vivo-conflicto-obrero-en-Matamoros-tama-abr.jpg?resize=525%2C300&ssl=1 1.5x, https:\/\/i0.wp.com\/www.grieta.org.mx\/wp-content\/uploads\/2019\/04\/Sigue-vivo-conflicto-obrero-en-Matamoros-tama-abr.jpg?resize=700%2C400&ssl=1 2x"},"classes":[]}],"_links":{"self":[{"href":"https:\/\/www.grieta.org.mx\/index.php\/wp-json\/wp\/v2\/posts\/51784","targetHints":{"allow":["GET"]}}],"collection":[{"href":"https:\/\/www.grieta.org.mx\/index.php\/wp-json\/wp\/v2\/posts"}],"about":[{"href":"https:\/\/www.grieta.org.mx\/index.php\/wp-json\/wp\/v2\/types\/post"}],"author":[{"embeddable":true,"href":"https:\/\/www.grieta.org.mx\/index.php\/wp-json\/wp\/v2\/users\/2"}],"replies":[{"embeddable":true,"href":"https:\/\/www.grieta.org.mx\/index.php\/wp-json\/wp\/v2\/comments?post=51784"}],"version-history":[{"count":1,"href":"https:\/\/www.grieta.org.mx\/index.php\/wp-json\/wp\/v2\/posts\/51784\/revisions"}],"predecessor-version":[{"id":51787,"href":"https:\/\/www.grieta.org.mx\/index.php\/wp-json\/wp\/v2\/posts\/51784\/revisions\/51787"}],"wp:featuredmedia":[{"embeddable":true,"href":"https:\/\/www.grieta.org.mx\/index.php\/wp-json\/wp\/v2\/media\/51785"}],"wp:attachment":[{"href":"https:\/\/www.grieta.org.mx\/index.php\/wp-json\/wp\/v2\/media?parent=51784"}],"wp:term":[{"taxonomy":"category","embeddable":true,"href":"https:\/\/www.grieta.org.mx\/index.php\/wp-json\/wp\/v2\/categories?post=51784"},{"taxonomy":"post_tag","embeddable":true,"href":"https:\/\/www.grieta.org.mx\/index.php\/wp-json\/wp\/v2\/tags?post=51784"}],"curies":[{"name":"wp","href":"https:\/\/api.w.org\/{rel}","templated":true}]}}