{"id":51758,"date":"2020-07-06T19:57:35","date_gmt":"2020-07-07T00:57:35","guid":{"rendered":"http:\/\/www.grieta.org.mx\/?p=51758"},"modified":"2020-07-14T22:15:26","modified_gmt":"2020-07-15T03:15:26","slug":"se-organiza-comunidad-en-leon-para-resistir-despojo-e-industrializacion-forzada","status":"publish","type":"post","link":"https:\/\/www.grieta.org.mx\/index.php\/2020\/07\/06\/se-organiza-comunidad-en-leon-para-resistir-despojo-e-industrializacion-forzada\/","title":{"rendered":"Se organiza comunidad en Le\u00f3n para resistir despojo e industrializaci\u00f3n forzada"},"content":{"rendered":"<blockquote><p>Jardines de Capellan\u00eda lucha por su derecho a la propiedad y a un medio ambiente sano a partir de fraudes e intentos de desalojo por parte de Agros Unidos, empresa de Jos\u00e9 Luis D\u00edaz del Castillo Li\u00e9<\/p><\/blockquote>\n<p>POPLab, 06 de julio de 2020<\/p>\n<p>Como resquicio de resistencia, la comunidad Jardines de Capellan\u00eda se organiza contra el desalojo forzoso que la empresa Agros Unidos, propiedad de Jos\u00e9 Luis D\u00edaz del Castillo Mart\u00ednez y de Jos\u00e9 Luis D\u00edaz del Castillo Li\u00e9 -ex candidato del PRI a la alcald\u00eda de Le\u00f3n en el a\u00f1o 2000-, pretende consumar por segunda ocasi\u00f3n en lo que va del a\u00f1o. A pesar de que existen juicios de amparo con suspensi\u00f3n definitiva en proceso, gracias a la cual se proh\u00edbe la privaci\u00f3n de sus tierras a los habitantes, una nueva orden de &#8220;lanzamiento&#8221; fue decretada en d\u00edas pasados.<\/p>\n<p>En el coraz\u00f3n del corredor industrial del Baj\u00edo, en medio de un clima de violencia desbordante, la cual sit\u00faa a Guanajuato como uno de los estados m\u00e1s peligrosos del pa\u00eds y a algunas de sus ciudades dentro de las m\u00e1s letales del mundo, una comunidad construye los cimientos de un proceso organizativo que pocas veces se observan en el estado: con una organizaci\u00f3n horizontal, con perspectiva ecol\u00f3gica, sin fines partidistas y en abierta resistencia al despojo.<\/p>\n<figure id=\"attachment_51759\" aria-describedby=\"caption-attachment-51759\" style=\"width: 800px\" class=\"wp-caption aligncenter\"><img loading=\"lazy\" decoding=\"async\" data-attachment-id=\"51759\" data-permalink=\"https:\/\/www.grieta.org.mx\/index.php\/2020\/07\/06\/se-organiza-comunidad-en-leon-para-resistir-despojo-e-industrializacion-forzada\/20200705120317_img_1237\/\" data-orig-file=\"https:\/\/www.grieta.org.mx\/wp-content\/uploads\/2020\/07\/20200705120317_IMG_1237.jpg\" data-orig-size=\"1920,1080\" data-comments-opened=\"0\" data-image-meta=\"{&quot;aperture&quot;:&quot;0&quot;,&quot;credit&quot;:&quot;&quot;,&quot;camera&quot;:&quot;&quot;,&quot;caption&quot;:&quot;&quot;,&quot;created_timestamp&quot;:&quot;0&quot;,&quot;copyright&quot;:&quot;&quot;,&quot;focal_length&quot;:&quot;0&quot;,&quot;iso&quot;:&quot;0&quot;,&quot;shutter_speed&quot;:&quot;0&quot;,&quot;title&quot;:&quot;&quot;,&quot;orientation&quot;:&quot;0&quot;}\" data-image-title=\"20200705120317_IMG_1237\" data-image-description=\"\" data-image-caption=\"&lt;p&gt;Foto: Alonso Merino Lubetzky&lt;\/p&gt;\n\" data-medium-file=\"https:\/\/www.grieta.org.mx\/wp-content\/uploads\/2020\/07\/20200705120317_IMG_1237-300x169.jpg\" data-large-file=\"https:\/\/www.grieta.org.mx\/wp-content\/uploads\/2020\/07\/20200705120317_IMG_1237-1024x576.jpg\" class=\"wp-image-51759\" src=\"http:\/\/www.grieta.org.mx\/wp-content\/uploads\/2020\/07\/20200705120317_IMG_1237.jpg\" alt=\"\" width=\"800\" height=\"450\" srcset=\"https:\/\/www.grieta.org.mx\/wp-content\/uploads\/2020\/07\/20200705120317_IMG_1237.jpg 1920w, https:\/\/www.grieta.org.mx\/wp-content\/uploads\/2020\/07\/20200705120317_IMG_1237-300x169.jpg 300w, https:\/\/www.grieta.org.mx\/wp-content\/uploads\/2020\/07\/20200705120317_IMG_1237-768x432.jpg 768w, https:\/\/www.grieta.org.mx\/wp-content\/uploads\/2020\/07\/20200705120317_IMG_1237-1024x576.jpg 1024w, https:\/\/www.grieta.org.mx\/wp-content\/uploads\/2020\/07\/20200705120317_IMG_1237-889x500.jpg 889w\" sizes=\"auto, (max-width: 800px) 100vw, 800px\" \/><figcaption id=\"caption-attachment-51759\" class=\"wp-caption-text\">Foto: Alonso Merino Lubetzky<\/figcaption><\/figure>\n<p>V\u00edctimas de la compraventa ilegal de predios, las familias de Jardines de Capellan\u00eda buscan defender las propiedades que adquirieron con el esfuerzo de muchos a\u00f1os. Acechados por la fuerza p\u00fablica, con una nueva orden ilegal de desocupaci\u00f3n forzada en proceso, las familias celebran asambleas, hacen trabajos comunitarios donde se involucran ni\u00f1as, ni\u00f1os, personas mayores, j\u00f3venes y adultos; protegen al medio ambiente local y dan inicio a un trabajo pol\u00edtico con por lo menos sesenta familias, y sumando.<br \/>\nOrganizaci\u00f3n y resistencia<\/p>\n<p>La comunidad Jardines de Capellan\u00eda se re\u00fane semanalmente para hacer trabajos comunitarios de limpieza, reforestaci\u00f3n, cultivo y cuidado de huertos comunitarios, as\u00ed como de mantenimiento a los espacios colectivos. Han habilitado canchas deportivas donde involucran a j\u00f3venes en las actividades de esparcimiento. Tambi\u00e9n esperan construir a futuro un dispensario m\u00e9dico y un centro de salud que d\u00e9 servicio a su comunidad y a las comunidades vecinas. Sus desperdicios dom\u00e9sticos los separan, compostando los residuos org\u00e1nicos y clasificando los inorg\u00e1nicos en contenedores.<\/p>\n<p>&#8220;Nos dedicamos un ratito los domingos a echarle ganas, a darle forma a la colonia, a recoger basura, deshierbar las calles, hacer cajetes a los mezquites, a dar mantenimiento a lo que haga falta, a la cancha de futbol, el agua que tenemos de este lado. Hacemos varias cosas los domingos&#8221;, dijo Francisco, originario de Duarte, vecino de la colonia 10 de Mayo, que defiende su propiedad y espera mudarse con su familia muy pronto.<\/p>\n<p>En punto de las 10:30 de la ma\u00f1ana se congregan en el \u00e1rea de donaci\u00f3n a sacar escombro, sembrando y trasplantando \u00e1rboles. Los principales proyectos de la comunidad son el huerto de nopales y el cuidado de los mezquites de la zona, alrededor de 200 de acuerdo con sus propios conteos. Llegando el medio d\u00eda, celebran una asamblea donde repasan la estrategia social, legal y medi\u00e1tica para defenderse de la amenaza de desalojo que permanece latente.<\/p>\n<figure id=\"attachment_51760\" aria-describedby=\"caption-attachment-51760\" style=\"width: 800px\" class=\"wp-caption aligncenter\"><img loading=\"lazy\" decoding=\"async\" data-attachment-id=\"51760\" data-permalink=\"https:\/\/www.grieta.org.mx\/index.php\/2020\/07\/06\/se-organiza-comunidad-en-leon-para-resistir-despojo-e-industrializacion-forzada\/20200705123342_img_1281\/\" data-orig-file=\"https:\/\/www.grieta.org.mx\/wp-content\/uploads\/2020\/07\/20200705123342_IMG_1281.jpg\" data-orig-size=\"1920,1080\" data-comments-opened=\"0\" data-image-meta=\"{&quot;aperture&quot;:&quot;0&quot;,&quot;credit&quot;:&quot;&quot;,&quot;camera&quot;:&quot;&quot;,&quot;caption&quot;:&quot;&quot;,&quot;created_timestamp&quot;:&quot;0&quot;,&quot;copyright&quot;:&quot;&quot;,&quot;focal_length&quot;:&quot;0&quot;,&quot;iso&quot;:&quot;0&quot;,&quot;shutter_speed&quot;:&quot;0&quot;,&quot;title&quot;:&quot;&quot;,&quot;orientation&quot;:&quot;0&quot;}\" data-image-title=\"20200705123342_IMG_1281\" data-image-description=\"\" data-image-caption=\"&lt;p&gt;Foto: Alonso Merino Lubetzky&lt;\/p&gt;\n\" data-medium-file=\"https:\/\/www.grieta.org.mx\/wp-content\/uploads\/2020\/07\/20200705123342_IMG_1281-300x169.jpg\" data-large-file=\"https:\/\/www.grieta.org.mx\/wp-content\/uploads\/2020\/07\/20200705123342_IMG_1281-1024x576.jpg\" class=\"wp-image-51760\" src=\"http:\/\/www.grieta.org.mx\/wp-content\/uploads\/2020\/07\/20200705123342_IMG_1281.jpg\" alt=\"\" width=\"800\" height=\"450\" srcset=\"https:\/\/www.grieta.org.mx\/wp-content\/uploads\/2020\/07\/20200705123342_IMG_1281.jpg 1920w, https:\/\/www.grieta.org.mx\/wp-content\/uploads\/2020\/07\/20200705123342_IMG_1281-300x169.jpg 300w, https:\/\/www.grieta.org.mx\/wp-content\/uploads\/2020\/07\/20200705123342_IMG_1281-768x432.jpg 768w, https:\/\/www.grieta.org.mx\/wp-content\/uploads\/2020\/07\/20200705123342_IMG_1281-1024x576.jpg 1024w, https:\/\/www.grieta.org.mx\/wp-content\/uploads\/2020\/07\/20200705123342_IMG_1281-889x500.jpg 889w\" sizes=\"auto, (max-width: 800px) 100vw, 800px\" \/><figcaption id=\"caption-attachment-51760\" class=\"wp-caption-text\">Foto: Alonso Merino Lubetzky<\/figcaption><\/figure>\n<p>Las y los habitantes de Jardines de Capellan\u00eda afirman querer construir una comunidad sostenible que utilice energ\u00edas limpias para abastecerse, implementando un sistema de paneles solares y captando agua de lluvia para no da\u00f1ar el entorno. En los predios particulares se observa que la gente siembra en sus terrenos dando mantenimiento a huertos familiares con calabaza, ma\u00edz y chile, as\u00ed como macetas con plantas medicinales. Varias familias tienen animales de granja como chivos y gallinas. Seg\u00fan cuenta Jos\u00e9 Luis M\u00e1rquez Ch\u00e1vez, habitante desde hace ocho a\u00f1os de la comunidad, tambi\u00e9n tienen pensado comenzar con talleres y otros proyectos educativos para la comunidad.<\/p>\n<p>Dentro de sus denuncias se encuentra el ecocidio de la zona que han documentado ampliamente. En cualquier horario del d\u00eda han visto c\u00f3mo camiones llegan con desperdicios qu\u00edmicos que entierran a unos cuantos metros de la comunidad cerca de las v\u00edas del tren. En las noches han escuchado explosiones y han visto incendiados los basurales. Por momentos han pensado que son tomas clandestinas de combustible o huachicol, pero han comprobado que son los qu\u00edmicos que estallan repentinamente. Reci\u00e9n identificaron un pozo de agua a pocos metros de los enormes basurales qu\u00edmicos que pueden apreciarse a simple vista, por lo que temen que el agua de la zona pueda estar contaminada y est\u00e9 poniendo en riesgo su salud.<\/p>\n<figure id=\"attachment_51761\" aria-describedby=\"caption-attachment-51761\" style=\"width: 800px\" class=\"wp-caption aligncenter\"><img loading=\"lazy\" decoding=\"async\" data-attachment-id=\"51761\" data-permalink=\"https:\/\/www.grieta.org.mx\/index.php\/2020\/07\/06\/se-organiza-comunidad-en-leon-para-resistir-despojo-e-industrializacion-forzada\/whatsapp_image_2020-07-06_at_12-58-11_pm_2\/\" data-orig-file=\"https:\/\/www.grieta.org.mx\/wp-content\/uploads\/2020\/07\/WhatsApp_Image_2020-07-06_at_12.58.11_PM_2.jpg\" data-orig-size=\"1032,581\" data-comments-opened=\"0\" data-image-meta=\"{&quot;aperture&quot;:&quot;0&quot;,&quot;credit&quot;:&quot;&quot;,&quot;camera&quot;:&quot;&quot;,&quot;caption&quot;:&quot;&quot;,&quot;created_timestamp&quot;:&quot;0&quot;,&quot;copyright&quot;:&quot;&quot;,&quot;focal_length&quot;:&quot;0&quot;,&quot;iso&quot;:&quot;0&quot;,&quot;shutter_speed&quot;:&quot;0&quot;,&quot;title&quot;:&quot;&quot;,&quot;orientation&quot;:&quot;0&quot;}\" data-image-title=\"WhatsApp_Image_2020-07-06_at_12.58.11_PM_2\" data-image-description=\"\" data-image-caption=\"&lt;p&gt;Foto: Especial&lt;\/p&gt;\n\" data-medium-file=\"https:\/\/www.grieta.org.mx\/wp-content\/uploads\/2020\/07\/WhatsApp_Image_2020-07-06_at_12.58.11_PM_2-300x169.jpg\" data-large-file=\"https:\/\/www.grieta.org.mx\/wp-content\/uploads\/2020\/07\/WhatsApp_Image_2020-07-06_at_12.58.11_PM_2-1024x576.jpg\" class=\"wp-image-51761\" src=\"http:\/\/www.grieta.org.mx\/wp-content\/uploads\/2020\/07\/WhatsApp_Image_2020-07-06_at_12.58.11_PM_2.jpg\" alt=\"\" width=\"800\" height=\"450\" srcset=\"https:\/\/www.grieta.org.mx\/wp-content\/uploads\/2020\/07\/WhatsApp_Image_2020-07-06_at_12.58.11_PM_2.jpg 1032w, https:\/\/www.grieta.org.mx\/wp-content\/uploads\/2020\/07\/WhatsApp_Image_2020-07-06_at_12.58.11_PM_2-300x169.jpg 300w, https:\/\/www.grieta.org.mx\/wp-content\/uploads\/2020\/07\/WhatsApp_Image_2020-07-06_at_12.58.11_PM_2-768x432.jpg 768w, https:\/\/www.grieta.org.mx\/wp-content\/uploads\/2020\/07\/WhatsApp_Image_2020-07-06_at_12.58.11_PM_2-1024x576.jpg 1024w, https:\/\/www.grieta.org.mx\/wp-content\/uploads\/2020\/07\/WhatsApp_Image_2020-07-06_at_12.58.11_PM_2-888x500.jpg 888w\" sizes=\"auto, (max-width: 800px) 100vw, 800px\" \/><figcaption id=\"caption-attachment-51761\" class=\"wp-caption-text\">Foto: Especial<\/figcaption><\/figure>\n<p><em><br \/>\n&#8220;Est\u00e1 la propuesta de que si el gobierno nos cede aqu\u00ed esto, a lo mejor nada m\u00e1s se va a hacer una escritura comunitaria para no poder vender a nadie. Nada m\u00e1s heredar, heredar, pero vender no. Y ya se propuso eso y la mayor\u00eda dicen que est\u00e1 bien. Porque el gobierno es m\u00e1s f\u00e1cil que ceda as\u00ed a que le digamos no es que queremos estos terrenos para cada quien. Entonces ya no es comunidad, ya va a ser una colonia. Y aqu\u00ed lo que se trata es que no queremos que sea colonia para que sea una comunidad ambiental. \u00bfS\u00ed me entiendes? Eliminar todos los residuos que vienen tirar aqu\u00ed y que los queman. No, es un humader\u00f3n bien feo, aqu\u00ed al lado. Y son los mismos que estaban en la c\u00e1rcel, son los que hacen todo eso, queman qu\u00edmicos y todo eso. Entonces, se propuso eso. La idea es que se haga una escritura comunitaria&#8221;, explic\u00f3 Jos\u00e9 Luis M\u00e1rquez Ch\u00e1vez. <\/em><\/p>\n<p><em><br \/>\n&#8220;El precio real de esto &#8211; dice Francisco &#8211; no es lo que pueda valer en billete o en moneda. El precio real es lo que se quiere hacer aqu\u00ed, lo que se pretende, ser una colonia diferente a las dem\u00e1s. Sin drogadicci\u00f3n, sin cosas as\u00ed, sin violencia. Una colonia organizada donde podamos disponer de un lugar para administrar nuestra basura y nuestros espacios&#8221;.<\/em><\/p>\n<p><strong>El conflicto por la posesi\u00f3n de terrenos<\/strong><\/p>\n<p>Desde los a\u00f1os noventa familias originarias en su mayor\u00eda de la ciudad de Le\u00f3n compraron terrenos a un costado de las v\u00edas del tren en el llamado Tajo Santa Ana, hoy detr\u00e1s de la f\u00e1brica de Rotoplas, justo a un lado de la planta de Michelin y del Parque Industrial Pilba.<\/p>\n<p>En abril del presente a\u00f1o fue cuando sufren su primer intento de desalojo tras una orden judicial a cargo de la jueza de lo tercero penal, la Lic. Grecia Selena Acosta Mu\u00f1iz del municipio de Le\u00f3n, como resultado de un fallo a favor de la empresa Agros Unidos, S. de P.R. de R.L., propiedad de Jos\u00e9 Luis D\u00edaz del Castillo Mart\u00ednez y de Jos\u00e9 Luis D\u00edaz del Castillo Li\u00e9, as\u00ed como de otros familiares D\u00edaz del Castillo, mediante la que se alega la propiedad de esos terrenos.<\/p>\n<p>Dicho fallo a favor de Agros Unidos es producto de un proceso penal contra dos particulares que excavaban y extra\u00edan material como tepetate y tierra de forma ilegal en los terrenos. Al enviar a estas personas a prisi\u00f3n, la jueza concede la restituci\u00f3n de propiedad a Agros Unidos la cual abarca veinticuatro hect\u00e1reas, incluidos los terrenos de la comunidad.<\/p>\n<figure id=\"attachment_51762\" aria-describedby=\"caption-attachment-51762\" style=\"width: 800px\" class=\"wp-caption aligncenter\"><img loading=\"lazy\" decoding=\"async\" data-attachment-id=\"51762\" data-permalink=\"https:\/\/www.grieta.org.mx\/index.php\/2020\/07\/06\/se-organiza-comunidad-en-leon-para-resistir-despojo-e-industrializacion-forzada\/whatsapp_image_2020-07-06_at_12-58-06_pm\/\" data-orig-file=\"https:\/\/www.grieta.org.mx\/wp-content\/uploads\/2020\/07\/WhatsApp_Image_2020-07-06_at_12.58.06_PM.jpg\" data-orig-size=\"1151,694\" data-comments-opened=\"0\" data-image-meta=\"{&quot;aperture&quot;:&quot;0&quot;,&quot;credit&quot;:&quot;&quot;,&quot;camera&quot;:&quot;&quot;,&quot;caption&quot;:&quot;&quot;,&quot;created_timestamp&quot;:&quot;0&quot;,&quot;copyright&quot;:&quot;&quot;,&quot;focal_length&quot;:&quot;0&quot;,&quot;iso&quot;:&quot;0&quot;,&quot;shutter_speed&quot;:&quot;0&quot;,&quot;title&quot;:&quot;&quot;,&quot;orientation&quot;:&quot;0&quot;}\" data-image-title=\"WhatsApp_Image_2020-07-06_at_12.58.06_PM\" data-image-description=\"\" data-image-caption=\"&lt;p&gt;Foto: Especial&lt;\/p&gt;\n\" data-medium-file=\"https:\/\/www.grieta.org.mx\/wp-content\/uploads\/2020\/07\/WhatsApp_Image_2020-07-06_at_12.58.06_PM-300x181.jpg\" data-large-file=\"https:\/\/www.grieta.org.mx\/wp-content\/uploads\/2020\/07\/WhatsApp_Image_2020-07-06_at_12.58.06_PM-1024x617.jpg\" class=\"wp-image-51762\" src=\"http:\/\/www.grieta.org.mx\/wp-content\/uploads\/2020\/07\/WhatsApp_Image_2020-07-06_at_12.58.06_PM.jpg\" alt=\"\" width=\"800\" height=\"482\" srcset=\"https:\/\/www.grieta.org.mx\/wp-content\/uploads\/2020\/07\/WhatsApp_Image_2020-07-06_at_12.58.06_PM.jpg 1151w, https:\/\/www.grieta.org.mx\/wp-content\/uploads\/2020\/07\/WhatsApp_Image_2020-07-06_at_12.58.06_PM-300x181.jpg 300w, https:\/\/www.grieta.org.mx\/wp-content\/uploads\/2020\/07\/WhatsApp_Image_2020-07-06_at_12.58.06_PM-768x463.jpg 768w, https:\/\/www.grieta.org.mx\/wp-content\/uploads\/2020\/07\/WhatsApp_Image_2020-07-06_at_12.58.06_PM-1024x617.jpg 1024w, https:\/\/www.grieta.org.mx\/wp-content\/uploads\/2020\/07\/WhatsApp_Image_2020-07-06_at_12.58.06_PM-829x500.jpg 829w\" sizes=\"auto, (max-width: 800px) 100vw, 800px\" \/><figcaption id=\"caption-attachment-51762\" class=\"wp-caption-text\">Foto: Especial<\/figcaption><\/figure>\n<p>El desalojo se intenta por medio de la fuerza p\u00fablica al que acudieron abogados y la misma juez. &#8220;Un promedio de unos 15 elementos y aparte los licenciados de Agros. Ya iban todos ya dispuestos, no m\u00e1s que la juez al mirar ni\u00f1os, personas discapacitadas, personas de la tercera edad, se detuvieron. Se detuvieron&#8221;, explic\u00f3 Pedro Lu\u00e9vano, tambi\u00e9n propietario e integrante de la asamblea de Jard\u00ednes de Capellan\u00eda.<\/p>\n<p>Al enfrentarse al intento de desalojo las personas de la comunidad interpusieron amparos como terceros perjudicados contra el fallo de la juez que restituye la propiedad a Agros Unidos sin haber considerado su parte en el conflicto. Seg\u00fan cuentan los habitantes, se ha decretado suspensi\u00f3n definitiva a dos amparos que s\u00ed procedieron, lo cual signific\u00f3 que legalmente se suspendi\u00f3 la restituci\u00f3n de propiedad a favor de Agros Unidos, por lo que &#8220;nadie entra y nadie sale&#8221; de las tierras.<\/p>\n<p>En un informe previo al juicio de amparo, la jueza Acosta Mu\u00f1iz dijo &#8220;que s\u00ed pretend\u00eda desalojar, pero que se detuvo por el comportamiento hostil de los habitantes del lugar, mintiendo de que llev\u00e1bamos con nosotros armas, hecho que se desmiente con la serie de videos que se presentaron al juicio de amparo por los que suscribimos&#8221;, se lee en un documento entregado a POPLab por la comunidad.<\/p>\n<p>Sin embargo, la jueza no ha presentado su informe justificativo en tres ocasiones, en las que el juez de amparo le ha solicitado comparecer para justificar sus actos contra la comunidad. &#8220;Eso habla de que tal vez no tiene el sustento legal como para argumentar por qu\u00e9 definitivamente dio un fallo para restituir la propiedad sin tomar en cuenta a las personas que estaban ah\u00ed&#8221;, dijo Robo\u00e1n Rodr\u00edguez Carrera, miembro del proyecto comunitario.<br \/>\n<em>&#8220;Despu\u00e9s de una minuciosa labor de investigaci\u00f3n por parte de los suscritos, as\u00ed como informaci\u00f3n hecha llegar por los terceros interesados en el juicio, nos percatamos que no existe una sentencia definitiva que d\u00e9 conclusi\u00f3n al juicio, sino se presume que es un acuerdo o medida previo con el fin de restituir el predio total a Agros Unidos, Sociedad de Producci\u00f3n Rural de Responsabilidad Limitada, la cual es por completo ilegal debido a que los suscritos somos propietarios y poseedores de nuestros predios, que tenemos en posesi\u00f3n desde inicios del a\u00f1o 2004 y 2005 respectivamente&#8221;.<\/em><\/p>\n<p>La denuncia p\u00fablica que hizo la comunidad el pasado fin de semana es porque la misma juez ha decretado otro desalojo, pese a que la suspensi\u00f3n definitiva de los amparos sigue vigente.<br \/>\n<strong>&#8220;Intereses oscuros&#8221; y terrenos sobrevendidos<\/strong><\/p>\n<p>En todo el proceso, la empresa Agros Unidos ha argumentado que en 2013 le compr\u00f3 las tierras a la Secretar\u00eda de Hacienda Cr\u00e9dito P\u00fablico a trav\u00e9s del Servicio de Administraci\u00f3n y Enajenaci\u00f3n de Bienes (SAE). Seg\u00fan la comunidad y las investigaciones legales de su representaci\u00f3n se demuestra que Hacienda obtuvo los terrenos mediante un embargo en 1999 realizado a una empresa llamada Manufactureras Diversas S.A. de C.V., tambi\u00e9n propiedad de Jos\u00e9 Luis D\u00edaz del Castillo Li\u00e9. El SAE remata los terrenos en 2013, pero a su hijo Jos\u00e9 Luis D\u00edaz del Castillo Mart\u00ednez por medio de Agros Unidos.<\/p>\n<figure id=\"attachment_51763\" aria-describedby=\"caption-attachment-51763\" style=\"width: 800px\" class=\"wp-caption aligncenter\"><img loading=\"lazy\" decoding=\"async\" data-attachment-id=\"51763\" data-permalink=\"https:\/\/www.grieta.org.mx\/index.php\/2020\/07\/06\/se-organiza-comunidad-en-leon-para-resistir-despojo-e-industrializacion-forzada\/20200705123500_img_1284\/\" data-orig-file=\"https:\/\/www.grieta.org.mx\/wp-content\/uploads\/2020\/07\/20200705123500_IMG_1284.jpg\" data-orig-size=\"1920,1080\" data-comments-opened=\"0\" data-image-meta=\"{&quot;aperture&quot;:&quot;0&quot;,&quot;credit&quot;:&quot;&quot;,&quot;camera&quot;:&quot;&quot;,&quot;caption&quot;:&quot;&quot;,&quot;created_timestamp&quot;:&quot;0&quot;,&quot;copyright&quot;:&quot;&quot;,&quot;focal_length&quot;:&quot;0&quot;,&quot;iso&quot;:&quot;0&quot;,&quot;shutter_speed&quot;:&quot;0&quot;,&quot;title&quot;:&quot;&quot;,&quot;orientation&quot;:&quot;0&quot;}\" data-image-title=\"20200705123500_IMG_1284\" data-image-description=\"\" data-image-caption=\"&lt;p&gt;Foto: Alonso Merino Lubetzky&lt;\/p&gt;\n\" data-medium-file=\"https:\/\/www.grieta.org.mx\/wp-content\/uploads\/2020\/07\/20200705123500_IMG_1284-300x169.jpg\" data-large-file=\"https:\/\/www.grieta.org.mx\/wp-content\/uploads\/2020\/07\/20200705123500_IMG_1284-1024x576.jpg\" class=\"wp-image-51763\" src=\"http:\/\/www.grieta.org.mx\/wp-content\/uploads\/2020\/07\/20200705123500_IMG_1284.jpg\" alt=\"\" width=\"800\" height=\"450\" srcset=\"https:\/\/www.grieta.org.mx\/wp-content\/uploads\/2020\/07\/20200705123500_IMG_1284.jpg 1920w, https:\/\/www.grieta.org.mx\/wp-content\/uploads\/2020\/07\/20200705123500_IMG_1284-300x169.jpg 300w, https:\/\/www.grieta.org.mx\/wp-content\/uploads\/2020\/07\/20200705123500_IMG_1284-768x432.jpg 768w, https:\/\/www.grieta.org.mx\/wp-content\/uploads\/2020\/07\/20200705123500_IMG_1284-1024x576.jpg 1024w, https:\/\/www.grieta.org.mx\/wp-content\/uploads\/2020\/07\/20200705123500_IMG_1284-889x500.jpg 889w\" sizes=\"auto, (max-width: 800px) 100vw, 800px\" \/><figcaption id=\"caption-attachment-51763\" class=\"wp-caption-text\">Foto: Alonso Merino Lubetzky<\/figcaption><\/figure>\n<p>Aunado a lo anterior, la comunidad denuncia actos de corrupci\u00f3n y simulaci\u00f3n, como producto de su investigaci\u00f3n jur\u00eddica, en los que estar\u00edan invoclucradas en 2014 tambi\u00e9n Agros Unidos, SAGARPA y otra empresa de la familia D\u00edaz del Castillo, Merca Papel S.A. de C.V. Ambas empresas habr\u00edan simulado la obtenci\u00f3n de 6 millones de pesos como beneficiarios de SAGARPA para la ejecuci\u00f3n de un proyecto en la zona. La comunidad sospecha que con una parte de ese dinero se compr\u00f3 el remate de los terrenos de Hacienda.<\/p>\n<p>Por otro lado, a las personas de la comunidad les vendieron los terrenos una asociaci\u00f3n fraudulenta que la organizaci\u00f3n no ha identificado. Esta asociaci\u00f3n vendi\u00f3 terrenos a m\u00e1s de un comprador, algunos predios hasta a siete personas diferentes, seg\u00fan comentan los habitantes de Jardines de Capellan\u00eda. &#8220;Do\u00f1a Berta Cervantes&#8221; y &#8220;Do\u00f1a Kika (Francisca)&#8221;, como representantes de la asociaci\u00f3n, coadyuvaron a convencer a algunos habitantes de ceder sus derechos a Agros Unidos, derrumbar sus fincas e irse a cambio de una suma de dinero. La asociaci\u00f3n civil se desapareci\u00f3 tras el primer intento de desalojo.<br \/>\n&#8220;Jos\u00e9 Luis D\u00edaz del Castillo y su empresa, al ver esta realidad sabe que al tener la gente la posesi\u00f3n va a ser muy, muy dif\u00edcil que todo esto proceda legalmente y m\u00e1s cuando hay una posesi\u00f3n de muchos, muchos a\u00f1os y comprobada. \u00bfQu\u00e9 quiso hacer? Ofrecer a trav\u00e9s del miedo y amedrentamiento que si no te ibas, de todas maneras te tumbaban tu casa y m\u00e1s te valdr\u00eda tumbar, te damos una indemnizaci\u00f3n, me firmas un convenio de que me cedes los derechos posesorios y te doy algo&#8221;, explicaron en rueda de prensa el viernes.<\/p>\n<p>Hoy la comunidad permanece alerta mediante brigadas de vigilancia ante un posible desalojo que pudiera consumarse. Organizan turnos de d\u00eda, tarde y noche.<br \/>\nPronunciamiento y presentaci\u00f3n p\u00fablica<\/p>\n<p>Despu\u00e9s de tres meses del primer intento de desalojo, la comunidad se presenta p\u00fablicamente como organizaci\u00f3n Comunidad Jardines de Capellan\u00eda. Su primer acto p\u00fablico fue el pasado viernes 03 de julio al que convocaron a una rueda de prensa y en la que informaron de los hechos ocurridos.<\/p>\n<p>El segundo acto fue un pronunciamiento el domingo 05 de julio durante su asamblea, que han dirigido al presidente de la Rep\u00fablica el Lic. Andr\u00e9s Manuel L\u00f3pez Obrador, mediante el que expresan:<\/p>\n<p>&#8220;Por medio del cual solicitamos su intervenci\u00f3n en la situaci\u00f3n de corrupci\u00f3n que encierra la problem\u00e1tica de intento inconstitucional de desalojo de nuestra comunidad. Nuestra comunidad busca ser un modelo de desarrollo comunitario sostenible, mediante la garantizaci\u00f3n del derecho de toda persona a una vivienda digna y decorosa, as\u00ed como el derecho a un medio ambiente sano&#8221;.<\/p>\n<p>En medio de las amenazas, las familias de Jardines de Capellan\u00eda pretenden seguir luchando hasta llegar a las instancias que sean necesarias para defender sus derechos. Hacen un llamado a la sociedad y a los distintos niveles de gobierno para que se ponga atenci\u00f3n a su caso, cuya organizaci\u00f3n esperan sea un ejemplo para otras comunidades, colonias y barrios de la ciudad de Le\u00f3n.<\/p>\n<p><a href=\"https:\/\/poplab.mx\/article\/SeorganizacomunidadenLeonpararesistirdespojoeindustrializacionforzada\">https:\/\/poplab.mx\/article\/SeorganizacomunidadenLeonpararesistirdespojoeindustrializacionforzada<\/a><\/p>\n","protected":false},"excerpt":{"rendered":"<p>Jardines de Capellan\u00eda lucha por su derecho a la propiedad y a un medio ambiente sano a partir de fraudes e intentos de desalojo por parte de Agros Unidos, empresa &hellip; <a href=\"https:\/\/www.grieta.org.mx\/index.php\/2020\/07\/06\/se-organiza-comunidad-en-leon-para-resistir-despojo-e-industrializacion-forzada\/\" class=\"more-link\">Leer m\u00e1s<\/a><\/p>\n","protected":false},"author":2,"featured_media":51759,"comment_status":"closed","ping_status":"closed","sticky":false,"template":"","format":"standard","meta":{"ngg_post_thumbnail":0,"_jetpack_newsletter_access":"","_jetpack_dont_email_post_to_subs":false,"_jetpack_newsletter_tier_id":0,"_jetpack_memberships_contains_paywalled_content":false,"_jetpack_memberships_contains_paid_content":false,"footnotes":""},"categories":[80,3582,1776,2910],"tags":[2346,628,1065,1178],"class_list":["post-51758","post","type-post","status-publish","format-standard","has-post-thumbnail","hentry","category-cintillo","category-defensa-de-la-tierra-y-el-territorio-en-guanajuato","category-despojo-de-tierras-y-territorio-en-guanajuato","category-resistencias-en-guanajuato","tag-defensa-del-medio-ambiente","tag-defensa-del-territorio","tag-despojo-de-agua-y-tierras","tag-destruccion-de-la-naturaleza","entry"],"jetpack_featured_media_url":"https:\/\/www.grieta.org.mx\/wp-content\/uploads\/2020\/07\/20200705120317_IMG_1237.jpg","jetpack_sharing_enabled":true,"jetpack_shortlink":"https:\/\/wp.me\/p7ZJR4-dsO","jetpack_likes_enabled":false,"jetpack-related-posts":[{"id":37311,"url":"https:\/\/www.grieta.org.mx\/index.php\/2019\/07\/17\/la-cuenca-de-la-independencia-amenazada-por-proyecto-minero-guanajuato\/","url_meta":{"origin":51758,"position":0},"title":"La Cuenca de la Independencia amenazada por proyecto minero (Guanajuato)","author":"grieta","date":"17 julio, 2019","format":false,"excerpt":"Se contaminar\u00eda el acu\u00edfero que surte a municipios como Dolores Hidalgo y San Miguel de Allende. \u00a0 Redacci\u00f3n La Coperacha Ciudad de M\u00e9xico \/\/ 17 de julio de 2019 a Coalici\u00f3n en Defensa de la Cuenca de la Independencia y el colectivo Guardianes de la Cuenca, advirtieron que el proyecto\u2026","rel":"","context":"En &quot;CINTILLO&quot;","block_context":{"text":"CINTILLO","link":"https:\/\/www.grieta.org.mx\/index.php\/category\/cintillo\/"},"img":{"alt_text":"","src":"https:\/\/i0.wp.com\/www.grieta.org.mx\/wp-content\/uploads\/2019\/08\/cuenca-independencia-amenazada-proyecto-minero.jpg?resize=350%2C200&ssl=1","width":350,"height":200,"srcset":"https:\/\/i0.wp.com\/www.grieta.org.mx\/wp-content\/uploads\/2019\/08\/cuenca-independencia-amenazada-proyecto-minero.jpg?resize=350%2C200&ssl=1 1x, https:\/\/i0.wp.com\/www.grieta.org.mx\/wp-content\/uploads\/2019\/08\/cuenca-independencia-amenazada-proyecto-minero.jpg?resize=525%2C300&ssl=1 1.5x, https:\/\/i0.wp.com\/www.grieta.org.mx\/wp-content\/uploads\/2019\/08\/cuenca-independencia-amenazada-proyecto-minero.jpg?resize=700%2C400&ssl=1 2x, https:\/\/i0.wp.com\/www.grieta.org.mx\/wp-content\/uploads\/2019\/08\/cuenca-independencia-amenazada-proyecto-minero.jpg?resize=1050%2C600&ssl=1 3x"},"classes":[]},{"id":30565,"url":"https:\/\/www.grieta.org.mx\/index.php\/2019\/02\/27\/comuneros-denuncian-a-empresarios-por-supuesto-desalojo-de-tierras-san-luis-potosi\/","url_meta":{"origin":51758,"position":1},"title":"Comuneros denuncian a empresarios por supuesto desalojo de tierras (San Luis Potos\u00ed)","author":"grieta","date":"27 febrero, 2019","format":false,"excerpt":"Antena San Luis Hoy por la ma\u00f1ana se pod\u00eda leer en una p\u00e1gina de Facebook denominada \u201cComunidad de San Juan de Guadalupe en Resistencia\u201d una publicaci\u00f3n en la que denuncian que comuneros de Mexquitic fueron desalojados de su propia tierra, situaci\u00f3n que se\u00f1alaron no tolerar\u00e1n y defender\u00e1n \u201ccon la vida\u201d.\u2026","rel":"","context":"En &quot;CINTILLO&quot;","block_context":{"text":"CINTILLO","link":"https:\/\/www.grieta.org.mx\/index.php\/category\/cintillo\/"},"img":{"alt_text":"","src":"https:\/\/i0.wp.com\/www.grieta.org.mx\/wp-content\/uploads\/2019\/03\/Comuneros-denuncian-a-empresarios-por-supuesto-desalojo-de-tierras-slp-mzo.jpeg?resize=350%2C200&ssl=1","width":350,"height":200,"srcset":"https:\/\/i0.wp.com\/www.grieta.org.mx\/wp-content\/uploads\/2019\/03\/Comuneros-denuncian-a-empresarios-por-supuesto-desalojo-de-tierras-slp-mzo.jpeg?resize=350%2C200&ssl=1 1x, https:\/\/i0.wp.com\/www.grieta.org.mx\/wp-content\/uploads\/2019\/03\/Comuneros-denuncian-a-empresarios-por-supuesto-desalojo-de-tierras-slp-mzo.jpeg?resize=525%2C300&ssl=1 1.5x, https:\/\/i0.wp.com\/www.grieta.org.mx\/wp-content\/uploads\/2019\/03\/Comuneros-denuncian-a-empresarios-por-supuesto-desalojo-de-tierras-slp-mzo.jpeg?resize=700%2C400&ssl=1 2x"},"classes":[]},{"id":67210,"url":"https:\/\/www.grieta.org.mx\/index.php\/2023\/07\/20\/mezcala-acusa-de-venganza-a-invasor-derrotado-jalisco\/","url_meta":{"origin":51758,"position":2},"title":"Mezcala acusa de venganza a invasor derrotado (Jalisco)","author":"grieta","date":"20 julio, 2023","format":false,"excerpt":"Imagen: El Diario NTR Agust\u00edn del Castillo \/ El Diario NTR El conflicto por las tierras de la comunidad coca de Mezcala con el particular Guillermo Moreno Ibarra no termina pese a que las 10 hect\u00e1reas que estaban en posesi\u00f3n de \u00e9ste fueron reintegradas al patrimonio comunal por orden judicial\u2026","rel":"","context":"En &quot;8. Mezcala&quot;","block_context":{"text":"8. Mezcala","link":"https:\/\/www.grieta.org.mx\/index.php\/category\/espejos-de-la-resistencia\/8-mezcala\/"},"img":{"alt_text":"","src":"https:\/\/i0.wp.com\/www.grieta.org.mx\/wp-content\/uploads\/2023\/07\/2023-07-19_10-07-32___3795.jpg?resize=350%2C200&ssl=1","width":350,"height":200,"srcset":"https:\/\/i0.wp.com\/www.grieta.org.mx\/wp-content\/uploads\/2023\/07\/2023-07-19_10-07-32___3795.jpg?resize=350%2C200&ssl=1 1x, https:\/\/i0.wp.com\/www.grieta.org.mx\/wp-content\/uploads\/2023\/07\/2023-07-19_10-07-32___3795.jpg?resize=525%2C300&ssl=1 1.5x, https:\/\/i0.wp.com\/www.grieta.org.mx\/wp-content\/uploads\/2023\/07\/2023-07-19_10-07-32___3795.jpg?resize=700%2C400&ssl=1 2x"},"classes":[]},{"id":52689,"url":"https:\/\/www.grieta.org.mx\/index.php\/2020\/07\/22\/manifestacion-virtual-no-a-la-mina-en-dolores-hidalgo-guanajuato\/","url_meta":{"origin":51758,"position":3},"title":"Manifestaci\u00f3n Virtual \u201cNo a la Mina\u201d En Dolores Hidalgo  (Guanajuato)","author":"grieta","date":"22 julio, 2020","format":false,"excerpt":"En conmemoraci\u00f3n del \u201cDia Mundial Contra la Miner\u00eda a Cielo Abierto\u201d, activistas se manifestaron virtualmente para reiterar su inconformidad por la pretensi\u00f3n de explotaci\u00f3n que tiene la minera canadiense Argonaut Gold, sobre la mina en el Cerro Del Gallo, en la comunidad de San Ant\u00f3n de las minas, en Dolores\u2026","rel":"","context":"En &quot;CINTILLO&quot;","block_context":{"text":"CINTILLO","link":"https:\/\/www.grieta.org.mx\/index.php\/category\/cintillo\/"},"img":{"alt_text":"","src":"https:\/\/i0.wp.com\/www.grieta.org.mx\/wp-content\/uploads\/2020\/08\/0p.jpg?resize=350%2C200&ssl=1","width":350,"height":200,"srcset":"https:\/\/i0.wp.com\/www.grieta.org.mx\/wp-content\/uploads\/2020\/08\/0p.jpg?resize=350%2C200&ssl=1 1x, https:\/\/i0.wp.com\/www.grieta.org.mx\/wp-content\/uploads\/2020\/08\/0p.jpg?resize=525%2C300&ssl=1 1.5x, https:\/\/i0.wp.com\/www.grieta.org.mx\/wp-content\/uploads\/2020\/08\/0p.jpg?resize=700%2C400&ssl=1 2x, https:\/\/i0.wp.com\/www.grieta.org.mx\/wp-content\/uploads\/2020\/08\/0p.jpg?resize=1050%2C600&ssl=1 3x"},"classes":[]},{"id":71632,"url":"https:\/\/www.grieta.org.mx\/index.php\/2025\/04\/14\/14-abril-2025-organizaciones-y-comunidades-de-oaxaca-rechazan-megaproyectos-y-privatizacion-de-tierras-en-segundo-foro-por-la-defensa-del-territorio\/","url_meta":{"origin":51758,"position":4},"title":"Organizaciones y comunidades de Oaxaca rechazan megaproyectos y privatizaci\u00f3n de tierras en Segundo Foro por la Defensa del Territorio","author":"grieta","date":"14 abril, 2025","format":false,"excerpt":"Imagen; Somos el Medio En el marco del Segundo Foro en Defensa del Territorio y la Propiedad Social, m\u00e1s de 70 comunidades y 30 organizaciones denunciaron el avance del modelo extractivista, el despojo territorial impulsado por megaproyectos como el Corredor Interoce\u00e1nico y las concesiones mineras, y exigieron respeto a la\u2026","rel":"","context":"En &quot;CINTILLO&quot;","block_context":{"text":"CINTILLO","link":"https:\/\/www.grieta.org.mx\/index.php\/category\/cintillo\/"},"img":{"alt_text":"","src":"https:\/\/i0.wp.com\/www.grieta.org.mx\/wp-content\/uploads\/2025\/05\/490677205_691821156574339_6868708116099037531_n.webp?resize=350%2C200&ssl=1","width":350,"height":200,"srcset":"https:\/\/i0.wp.com\/www.grieta.org.mx\/wp-content\/uploads\/2025\/05\/490677205_691821156574339_6868708116099037531_n.webp?resize=350%2C200&ssl=1 1x, https:\/\/i0.wp.com\/www.grieta.org.mx\/wp-content\/uploads\/2025\/05\/490677205_691821156574339_6868708116099037531_n.webp?resize=525%2C300&ssl=1 1.5x, https:\/\/i0.wp.com\/www.grieta.org.mx\/wp-content\/uploads\/2025\/05\/490677205_691821156574339_6868708116099037531_n.webp?resize=700%2C400&ssl=1 2x, https:\/\/i0.wp.com\/www.grieta.org.mx\/wp-content\/uploads\/2025\/05\/490677205_691821156574339_6868708116099037531_n.webp?resize=1050%2C600&ssl=1 3x"},"classes":[]},{"id":65745,"url":"https:\/\/www.grieta.org.mx\/index.php\/2022\/11\/16\/despues-de-nueve-anos-de-lucha-y-resistencia-empresa-eolica-devolvera-territorio-a-comunidad-zapoteca-de-union-hidalgo-oaxaca\/","url_meta":{"origin":51758,"position":5},"title":"Despu\u00e9s de nueve a\u00f1os de lucha y resistencia, empresa e\u00f3lica devolver\u00e1 territorio a comunidad zapoteca de Uni\u00f3n Hidalgo (Oaxaca)","author":"grieta","date":"16 noviembre, 2022","format":false,"excerpt":"Imagen: ProDESC *Declara la nulidad de contratos de empresa e\u00f3lica filial de Renovalia Energy. *Es el segundo triunfo de la comunidad zapoteca de Uni\u00f3n Hidalgo contra empresas e\u00f3licas transnacionales. *Ahora la empresa Demex deber\u00e1 desocupar y regresar parte de los terrenos que ocup\u00f3 para su parque e\u00f3lico Piedra Larga. Pedro\u2026","rel":"","context":"En &quot;5. Istmo&quot;","block_context":{"text":"5. Istmo","link":"https:\/\/www.grieta.org.mx\/index.php\/category\/espejos-de-la-resistencia\/5-istmo\/"},"img":{"alt_text":"","src":"https:\/\/i0.wp.com\/www.grieta.org.mx\/wp-content\/uploads\/2022\/11\/union-hidalgo-demex-prodesc-nulidad-contrato-1.webp?resize=350%2C200&ssl=1","width":350,"height":200,"srcset":"https:\/\/i0.wp.com\/www.grieta.org.mx\/wp-content\/uploads\/2022\/11\/union-hidalgo-demex-prodesc-nulidad-contrato-1.webp?resize=350%2C200&ssl=1 1x, https:\/\/i0.wp.com\/www.grieta.org.mx\/wp-content\/uploads\/2022\/11\/union-hidalgo-demex-prodesc-nulidad-contrato-1.webp?resize=525%2C300&ssl=1 1.5x"},"classes":[]}],"_links":{"self":[{"href":"https:\/\/www.grieta.org.mx\/index.php\/wp-json\/wp\/v2\/posts\/51758","targetHints":{"allow":["GET"]}}],"collection":[{"href":"https:\/\/www.grieta.org.mx\/index.php\/wp-json\/wp\/v2\/posts"}],"about":[{"href":"https:\/\/www.grieta.org.mx\/index.php\/wp-json\/wp\/v2\/types\/post"}],"author":[{"embeddable":true,"href":"https:\/\/www.grieta.org.mx\/index.php\/wp-json\/wp\/v2\/users\/2"}],"replies":[{"embeddable":true,"href":"https:\/\/www.grieta.org.mx\/index.php\/wp-json\/wp\/v2\/comments?post=51758"}],"version-history":[{"count":1,"href":"https:\/\/www.grieta.org.mx\/index.php\/wp-json\/wp\/v2\/posts\/51758\/revisions"}],"predecessor-version":[{"id":51764,"href":"https:\/\/www.grieta.org.mx\/index.php\/wp-json\/wp\/v2\/posts\/51758\/revisions\/51764"}],"wp:featuredmedia":[{"embeddable":true,"href":"https:\/\/www.grieta.org.mx\/index.php\/wp-json\/wp\/v2\/media\/51759"}],"wp:attachment":[{"href":"https:\/\/www.grieta.org.mx\/index.php\/wp-json\/wp\/v2\/media?parent=51758"}],"wp:term":[{"taxonomy":"category","embeddable":true,"href":"https:\/\/www.grieta.org.mx\/index.php\/wp-json\/wp\/v2\/categories?post=51758"},{"taxonomy":"post_tag","embeddable":true,"href":"https:\/\/www.grieta.org.mx\/index.php\/wp-json\/wp\/v2\/tags?post=51758"}],"curies":[{"name":"wp","href":"https:\/\/api.w.org\/{rel}","templated":true}]}}