{"id":5171,"date":"2015-09-12T03:57:26","date_gmt":"2015-09-12T03:57:26","guid":{"rendered":"http:\/\/50.22.11.12\/~grietaor\/?p=5171"},"modified":"2016-03-26T04:57:33","modified_gmt":"2016-03-26T04:57:33","slug":"presentan-amparos-contra-alza-de-tarifa","status":"publish","type":"post","link":"https:\/\/www.grieta.org.mx\/index.php\/2015\/09\/12\/presentan-amparos-contra-alza-de-tarifa\/","title":{"rendered":"Presentan amparos contra alza de tarifa"},"content":{"rendered":"<p>Norma Ayala\/El Universal<\/p>\n<p>Este viernes fueron presentados ante los juzgados federales, 20 bloques de amparos individuales, con 50 firmas cada uno, en contra del alza del transporte p\u00fablico, los cuales albergan a un total de mil ciudadanos, quienes buscan que un juez federal indique que pueden seguir pagando la tarifa de 6.50 pesos por dicho servicio, inform\u00f3 el acad\u00e9mico y promotor de los amparos, C\u00e9sar Tarello.<\/p>\n<p>Cabe mencionar que estas firmas fueron recolectadas en mesas de recepci\u00f3n que instal\u00f3 el Observatorio Ciudadano de Movilidad desde el pasado mi\u00e9rcoles, con la finalidad de recabar firmas de los ciudadanos que desearan ser amparados contra el incremento del transporte en el estado.<\/p>\n<p>\u201cSon 20 demandas que se presentaron, b\u00e1sicamente, de \u00e9stas es un total aproximado de mil personas las que est\u00e1n presentando amparo, divididos entre 20 demandas, son bloques que var\u00edan un poco dependiendo del n\u00famero de ciudadanos que se incorporaron, pero s\u00ed, aproximadamente son bloques de 50 firmas cada uno\u201d, coment\u00f3.<\/p>\n<p>Sin embargo, reiter\u00f3 que estas demandas que fueron presentadas no beneficiaran directamente a la universidad, sino a los que dieron su consentimiento para ser amparados, resoluciones que finalmente se decidir\u00e1n en los Tribunales colegiados.<\/p>\n<p>\u201cEstos recursos son otros amparos, \u00e9ste se presenta persona por persona, es decir, los directamente los afectados, aqu\u00ed ya no es un inter\u00e9s que se llama leg\u00edtimo, sino jur\u00eddico, los que se sienten afectados por que son usuarios del servicio p\u00fablico y este acuerdo general que empez\u00f3 a surtir efectos el 2 de agosto les afecta, entonces, pueden presentar su amparo\u201d, refiri\u00f3.<\/p>\n<p>Puntualiz\u00f3 que, de acuerdo con la regla general, un amparo colectivo debe presentarse dentro de los 15 d\u00edas h\u00e1biles siguientes al acto que causa la violaci\u00f3n Constitucional, sin embargo, coment\u00f3, el art\u00edculo 17, fracci\u00f3n uno de la Ley de amparo, prev\u00e9 que este plazo se ampl\u00ede a 30 d\u00edas, cuando el reclamo se trata de normas generales auto aplicativas.<\/p>\n<p>Esto quiere decir, explic\u00f3 el acad\u00e9mico, que es un acto de autoridad que se conforma no necesario como una ley, porque la ley s\u00f3lo la hacen los diputados, sino que cuando se trata de actos del Poder Ejecutivo o de otras instancias puede ser reglamentos, decretos, acuerdos o a circulares.<\/p>\n<p>\u201cHay muchos de actos administrativos que se conforman como normas, porque al final de d\u00eda, dicen c\u00f3mo se va a comportar algo, c\u00f3mo vamos hacer \u00e9sto, se llaman generales por que afectan a toda la colectividad, en este caso a los usuarios del servicio p\u00fablico, y auto aplicativa, son porque en el momento en que entra en vigor la norma, inmediatamente causa agravio a las personas a quienes va dirigido, no se tiene que hacer ning\u00fan acto adicional\u201d, inform\u00f3 C\u00e9sar Tarello.<\/p>\n<p>En este sentido, el acad\u00e9mico, se\u00f1al\u00f3 que estos amparos se encuentran en dicha condici\u00f3n, ya que el aumento de la tarifa, se dio por un aumento general, realizado por el Instituto Queretano del Transporte, publicada en el peri\u00f3dico oficial, y que entr\u00f3 en vigor el 2 de agosto, por lo tanto todos los que usan el servicio se est\u00e1n viendo afectados.<\/p>\n<p>\u201cPor eso es que consideramos que esto es una norma general auto aplicativa, lo que nos permite estar dentro del plazo de los 30 d\u00edas para demandar, que precisamente se venc\u00eda este viernes. Ahora, el momento m\u00e1s importante del amparo es la admisi\u00f3n, y esperar para el d\u00eda lunes o martes, ya que los juzgados las admitieron, y debemos esperar a que se erradiquen en alg\u00fan juzgado y el d\u00eda martes nos dir\u00e1n si admite o no la demanda\u201d, destac\u00f3.<\/p>\n<p>Agreg\u00f3 que si la demanda no se admite, se presentaran recursos de queja, o bien si se admite, los jueces tendr\u00e1n que resolver si otorgan o no la suspensi\u00f3n, lo cual quiere decir que antes de que se dicte sentencia el acto reclamado no causar\u00eda efecto.<\/p>\n<p>\u201cEsto quiere decir que si a los que presentaron el amparo se admite y se les da la suspensi\u00f3n, no les cobrar\u00edan la tarifa adicional del transporte, tendr\u00edan que aplicarles la anterior\u201d, concluy\u00f3 el acad\u00e9mico.<\/p>\n<p><a href=\"http:\/\/www.eluniversalqueretaro.mx\/portada\/12-09-2015\/presentan-amparos-contra-alza-de-tarifa#sthash.IOgF94xX.dpuf\" target=\"_blank\">www.eluniversalqueretaro.mx\/portada\/12-09-2015\/presentan-amparos-contra-alza-de-tarifa#sthash.IOgF94xX.dpuf<\/a><\/p>\n","protected":false},"excerpt":{"rendered":"<p>Norma Ayala\/El Universal Este viernes fueron presentados ante los juzgados federales, 20 bloques de amparos individuales, con 50 firmas cada uno, en contra del alza del transporte p\u00fablico, los cuales &hellip; <a href=\"https:\/\/www.grieta.org.mx\/index.php\/2015\/09\/12\/presentan-amparos-contra-alza-de-tarifa\/\" class=\"more-link\">Leer m\u00e1s<\/a><\/p>\n","protected":false},"author":2,"featured_media":21928,"comment_status":"closed","ping_status":"open","sticky":false,"template":"","format":"standard","meta":{"ngg_post_thumbnail":0,"_jetpack_newsletter_access":"","_jetpack_dont_email_post_to_subs":false,"_jetpack_newsletter_tier_id":0,"_jetpack_memberships_contains_paywalled_content":false,"_jetpack_memberships_contains_paid_content":false,"footnotes":""},"categories":[80,359],"tags":[97,180],"class_list":["post-5171","post","type-post","status-publish","format-standard","has-post-thumbnail","hentry","category-cintillo","category-queretaro","tag-comunicaciones-y-transportes","tag-protesta","entry"],"jetpack_featured_media_url":"https:\/\/www.grieta.org.mx\/wp-content\/uploads\/2018\/03\/14524434_1106112876131411_958039263622046936_o.jpg","jetpack_sharing_enabled":true,"jetpack_shortlink":"https:\/\/wp.me\/p7ZJR4-1lp","jetpack_likes_enabled":false,"jetpack-related-posts":[{"id":5201,"url":"https:\/\/www.grieta.org.mx\/index.php\/2015\/09\/12\/protestas-contra-el-alza-en-tarifa-de-transporte-en-queretaro\/","url_meta":{"origin":5171,"position":0},"title":"Protestas contra el alza en tarifa de transporte en Quer\u00e9taro","author":"grieta","date":"12 septiembre, 2015","format":false,"excerpt":"12\/09\/15. Presentan amparos contra alza de tarifa El Universal 07\/09\/15. Desestiman amparo de la UAQ contra aumento al transporte p\u00fablico AM Quer\u00e9taro 26\/08\/15. UAQ instalar\u00e1 mesas en 13 facultades para recolectar firmas a favor del amparo contra aumento a tarifa de RedQ C\u00f3dice informativo 21\/08\/15. Colegio de Abogados de Quer\u00e9taro\u2026","rel":"","context":"En &quot;Comunicaciones y transportes&quot;","block_context":{"text":"Comunicaciones y transportes","link":"https:\/\/www.grieta.org.mx\/index.php\/category\/megaproyectos\/comunicaciones-y-transportes\/"},"img":{"alt_text":"","src":"https:\/\/i0.wp.com\/www.grieta.org.mx\/wp-content\/uploads\/2018\/03\/14524434_1106112876131411_958039263622046936_o.jpg?resize=350%2C200&ssl=1","width":350,"height":200,"srcset":"https:\/\/i0.wp.com\/www.grieta.org.mx\/wp-content\/uploads\/2018\/03\/14524434_1106112876131411_958039263622046936_o.jpg?resize=350%2C200&ssl=1 1x, https:\/\/i0.wp.com\/www.grieta.org.mx\/wp-content\/uploads\/2018\/03\/14524434_1106112876131411_958039263622046936_o.jpg?resize=525%2C300&ssl=1 1.5x, https:\/\/i0.wp.com\/www.grieta.org.mx\/wp-content\/uploads\/2018\/03\/14524434_1106112876131411_958039263622046936_o.jpg?resize=700%2C400&ssl=1 2x"},"classes":[]},{"id":37714,"url":"https:\/\/www.grieta.org.mx\/index.php\/2019\/08\/03\/marchan-de-nuevo-contra-el-aumento-al-transporte-anticipan-amparos-jalisco\/","url_meta":{"origin":5171,"position":1},"title":"Marchan de nuevo contra el aumento al transporte; anticipan amparos (Jalisco)","author":"grieta","date":"3 agosto, 2019","format":false,"excerpt":"Foto: F. Atilano - El Informador Sergio Blanco \/ El Informador Una nueva marcha en contra del\u00a0aumento\u00a0a la tarifa del transporte p\u00fablico tuvo lugar la tarde de este s\u00e1bado en el centro de Guadalajara. Los manifestantes ten\u00edan la consigna de no caer en provocaciones, por lo que solamente recurrieron a\u2026","rel":"","context":"En &quot;CINTILLO&quot;","block_context":{"text":"CINTILLO","link":"https:\/\/www.grieta.org.mx\/index.php\/category\/cintillo\/"},"img":{"alt_text":"","src":"https:\/\/i0.wp.com\/www.grieta.org.mx\/wp-content\/uploads\/2019\/08\/m6_crop1564882957609.jpeg_1970638775.jpeg?resize=350%2C200&ssl=1","width":350,"height":200,"srcset":"https:\/\/i0.wp.com\/www.grieta.org.mx\/wp-content\/uploads\/2019\/08\/m6_crop1564882957609.jpeg_1970638775.jpeg?resize=350%2C200&ssl=1 1x, https:\/\/i0.wp.com\/www.grieta.org.mx\/wp-content\/uploads\/2019\/08\/m6_crop1564882957609.jpeg_1970638775.jpeg?resize=525%2C300&ssl=1 1.5x, https:\/\/i0.wp.com\/www.grieta.org.mx\/wp-content\/uploads\/2019\/08\/m6_crop1564882957609.jpeg_1970638775.jpeg?resize=700%2C400&ssl=1 2x"},"classes":[]},{"id":37355,"url":"https:\/\/www.grieta.org.mx\/index.php\/2019\/07\/28\/por-tercer-dia-consecutivo-en-guadalajara-se-manifiestan-contra-alfaro-represor-por-alza-al-transporte-publico-jalisco\/","url_meta":{"origin":5171,"position":2},"title":"Por tercer d\u00eda consecutivo en Guadalajara se manifiestan contra \u201cAlfaro represor\u201d por alza al transporte p\u00fablico (Jalisco)","author":"grieta","date":"28 julio, 2019","format":false,"excerpt":"Fotos: Zona Docs Mario Marlo \/ Zona Docs Por tercer d\u00eda consecutivo, en la ciudad de Guadalajara,\u00a0 se realizaron manifestaciones contra el Gobernador de Jalisco, Enrique Alfaro, despu\u00e9s de que diera a conocer el anunci\u00f3\u00a0de que el costo del pasaje en el transporte p\u00fablico \u00a0increment\u00f3 un 35.7%, de 7 a\u2026","rel":"","context":"En &quot;CINTILLO&quot;","block_context":{"text":"CINTILLO","link":"https:\/\/www.grieta.org.mx\/index.php\/category\/cintillo\/"},"img":{"alt_text":"","src":"https:\/\/i0.wp.com\/www.grieta.org.mx\/wp-content\/uploads\/2019\/08\/Tarifazo-GDL-6.jpg?resize=350%2C200&ssl=1","width":350,"height":200,"srcset":"https:\/\/i0.wp.com\/www.grieta.org.mx\/wp-content\/uploads\/2019\/08\/Tarifazo-GDL-6.jpg?resize=350%2C200&ssl=1 1x, https:\/\/i0.wp.com\/www.grieta.org.mx\/wp-content\/uploads\/2019\/08\/Tarifazo-GDL-6.jpg?resize=525%2C300&ssl=1 1.5x, https:\/\/i0.wp.com\/www.grieta.org.mx\/wp-content\/uploads\/2019\/08\/Tarifazo-GDL-6.jpg?resize=700%2C400&ssl=1 2x, https:\/\/i0.wp.com\/www.grieta.org.mx\/wp-content\/uploads\/2019\/08\/Tarifazo-GDL-6.jpg?resize=1050%2C600&ssl=1 3x"},"classes":[]},{"id":30965,"url":"https:\/\/www.grieta.org.mx\/index.php\/2019\/03\/20\/enrique-alfaro-un-cabron-que-no-respeta-amparos-jalisco\/","url_meta":{"origin":5171,"position":3},"title":"Enrique Alfaro, \u201cun cabr\u00f3n que no respeta amparos\u201d (Jalisco)","author":"grieta","date":"20 marzo, 2019","format":false,"excerpt":"Se empecina en construir el complejo de las Fiestas de Octubre en esta parte de Guadalajara, causando un ecocidio; lo peor, impunemente Rafael Hern\u00e1ndez Gu\u00edzar \/ P\u00e1gina 24 Habitantes de la zona de Huentit\u00e1n en Guadalaja\u00adra denunciaron que Enrique Alfaro Ram\u00edrez, gobernador de Jalisco est\u00e1 cayendo recu\u00adrrentemente en desacato al\u2026","rel":"","context":"En &quot;CINTILLO&quot;","block_context":{"text":"CINTILLO","link":"https:\/\/www.grieta.org.mx\/index.php\/category\/cintillo\/"},"img":{"alt_text":"","src":"https:\/\/i0.wp.com\/www.grieta.org.mx\/wp-content\/uploads\/2018\/03\/14524434_1106112876131411_958039263622046936_o.jpg?resize=350%2C200&ssl=1","width":350,"height":200,"srcset":"https:\/\/i0.wp.com\/www.grieta.org.mx\/wp-content\/uploads\/2018\/03\/14524434_1106112876131411_958039263622046936_o.jpg?resize=350%2C200&ssl=1 1x, https:\/\/i0.wp.com\/www.grieta.org.mx\/wp-content\/uploads\/2018\/03\/14524434_1106112876131411_958039263622046936_o.jpg?resize=525%2C300&ssl=1 1.5x, https:\/\/i0.wp.com\/www.grieta.org.mx\/wp-content\/uploads\/2018\/03\/14524434_1106112876131411_958039263622046936_o.jpg?resize=700%2C400&ssl=1 2x"},"classes":[]},{"id":5206,"url":"https:\/\/www.grieta.org.mx\/index.php\/2015\/08\/13\/preparan-amparo-vs-alza-al-transporte\/","url_meta":{"origin":5171,"position":4},"title":"Preparan amparo vs alza al transporte","author":"grieta","date":"13 agosto, 2015","format":false,"excerpt":"Arlene Pati\u00f1o\/El Economista Estudiantes de la Facultad de Derecho de la Universidad Aut\u00f3noma de Quer\u00e9taro (UAQ) presentar\u00e1n un amparo colectivo en contra del alza de 30% a 8.5 pesos en la tarifa del transporte p\u00fablico. De acuerdo con la secretaria particular de Rector\u00eda, Blanca Guti\u00e9rrez Grageda, se encuentran en la\u2026","rel":"","context":"En &quot;CINTILLO&quot;","block_context":{"text":"CINTILLO","link":"https:\/\/www.grieta.org.mx\/index.php\/category\/cintillo\/"},"img":{"alt_text":"","src":"https:\/\/i0.wp.com\/www.grieta.org.mx\/wp-content\/uploads\/2018\/03\/14524434_1106112876131411_958039263622046936_o.jpg?resize=350%2C200&ssl=1","width":350,"height":200,"srcset":"https:\/\/i0.wp.com\/www.grieta.org.mx\/wp-content\/uploads\/2018\/03\/14524434_1106112876131411_958039263622046936_o.jpg?resize=350%2C200&ssl=1 1x, https:\/\/i0.wp.com\/www.grieta.org.mx\/wp-content\/uploads\/2018\/03\/14524434_1106112876131411_958039263622046936_o.jpg?resize=525%2C300&ssl=1 1.5x, https:\/\/i0.wp.com\/www.grieta.org.mx\/wp-content\/uploads\/2018\/03\/14524434_1106112876131411_958039263622046936_o.jpg?resize=700%2C400&ssl=1 2x"},"classes":[]},{"id":3016,"url":"https:\/\/www.grieta.org.mx\/index.php\/2015\/02\/19\/promueven-amparos-masivos-contra-el-cambio-de-horario-en-quintana-roo\/","url_meta":{"origin":5171,"position":5},"title":"Promueven amparos masivos contra el cambio de horario en Quintana Roo","author":"grieta","date":"19 febrero, 2015","format":false,"excerpt":"CANC\u00daN, MX.- La organizaci\u00f3n \u201cNo al Cambio de Horario en Quintana Roo\u201d public\u00f3 en su sitio web formatos de amparo a efecto de que los padres de familia que se oponen a la aplicaci\u00f3n de la zona horaria del estado inicien a partir de hoy los juicios de garant\u00edas para\u2026","rel":"","context":"En &quot;CINTILLO&quot;","block_context":{"text":"CINTILLO","link":"https:\/\/www.grieta.org.mx\/index.php\/category\/cintillo\/"},"img":{"alt_text":"","src":"https:\/\/i0.wp.com\/www.grieta.org.mx\/wp-content\/uploads\/2018\/03\/14524434_1106112876131411_958039263622046936_o.jpg?resize=350%2C200&ssl=1","width":350,"height":200,"srcset":"https:\/\/i0.wp.com\/www.grieta.org.mx\/wp-content\/uploads\/2018\/03\/14524434_1106112876131411_958039263622046936_o.jpg?resize=350%2C200&ssl=1 1x, https:\/\/i0.wp.com\/www.grieta.org.mx\/wp-content\/uploads\/2018\/03\/14524434_1106112876131411_958039263622046936_o.jpg?resize=525%2C300&ssl=1 1.5x, https:\/\/i0.wp.com\/www.grieta.org.mx\/wp-content\/uploads\/2018\/03\/14524434_1106112876131411_958039263622046936_o.jpg?resize=700%2C400&ssl=1 2x"},"classes":[]}],"_links":{"self":[{"href":"https:\/\/www.grieta.org.mx\/index.php\/wp-json\/wp\/v2\/posts\/5171","targetHints":{"allow":["GET"]}}],"collection":[{"href":"https:\/\/www.grieta.org.mx\/index.php\/wp-json\/wp\/v2\/posts"}],"about":[{"href":"https:\/\/www.grieta.org.mx\/index.php\/wp-json\/wp\/v2\/types\/post"}],"author":[{"embeddable":true,"href":"https:\/\/www.grieta.org.mx\/index.php\/wp-json\/wp\/v2\/users\/2"}],"replies":[{"embeddable":true,"href":"https:\/\/www.grieta.org.mx\/index.php\/wp-json\/wp\/v2\/comments?post=5171"}],"version-history":[{"count":1,"href":"https:\/\/www.grieta.org.mx\/index.php\/wp-json\/wp\/v2\/posts\/5171\/revisions"}],"predecessor-version":[{"id":5208,"href":"https:\/\/www.grieta.org.mx\/index.php\/wp-json\/wp\/v2\/posts\/5171\/revisions\/5208"}],"wp:featuredmedia":[{"embeddable":true,"href":"https:\/\/www.grieta.org.mx\/index.php\/wp-json\/wp\/v2\/media\/21928"}],"wp:attachment":[{"href":"https:\/\/www.grieta.org.mx\/index.php\/wp-json\/wp\/v2\/media?parent=5171"}],"wp:term":[{"taxonomy":"category","embeddable":true,"href":"https:\/\/www.grieta.org.mx\/index.php\/wp-json\/wp\/v2\/categories?post=5171"},{"taxonomy":"post_tag","embeddable":true,"href":"https:\/\/www.grieta.org.mx\/index.php\/wp-json\/wp\/v2\/tags?post=5171"}],"curies":[{"name":"wp","href":"https:\/\/api.w.org\/{rel}","templated":true}]}}