{"id":51685,"date":"2020-07-06T13:33:14","date_gmt":"2020-07-06T18:33:14","guid":{"rendered":"http:\/\/www.grieta.org.mx\/?p=51685"},"modified":"2020-07-11T13:40:55","modified_gmt":"2020-07-11T18:40:55","slug":"issste-colima-con-desabasto-del-55-en-medicamentos-colima","status":"publish","type":"post","link":"https:\/\/www.grieta.org.mx\/index.php\/2020\/07\/06\/issste-colima-con-desabasto-del-55-en-medicamentos-colima\/","title":{"rendered":"ISSSTE Colima con desabasto del 55 % en medicamentos (Colima)"},"content":{"rendered":"<p><img loading=\"lazy\" decoding=\"async\" data-attachment-id=\"51686\" data-permalink=\"https:\/\/www.grieta.org.mx\/index.php\/2020\/07\/06\/issste-colima-con-desabasto-del-55-en-medicamentos-colima\/p1f1-2\/\" data-orig-file=\"https:\/\/www.grieta.org.mx\/wp-content\/uploads\/2020\/07\/p1f1.jpeg\" data-orig-size=\"718,427\" data-comments-opened=\"0\" data-image-meta=\"{&quot;aperture&quot;:&quot;0&quot;,&quot;credit&quot;:&quot;&quot;,&quot;camera&quot;:&quot;&quot;,&quot;caption&quot;:&quot;&quot;,&quot;created_timestamp&quot;:&quot;0&quot;,&quot;copyright&quot;:&quot;&quot;,&quot;focal_length&quot;:&quot;0&quot;,&quot;iso&quot;:&quot;0&quot;,&quot;shutter_speed&quot;:&quot;0&quot;,&quot;title&quot;:&quot;&quot;,&quot;orientation&quot;:&quot;0&quot;}\" data-image-title=\"p1f1\" data-image-description=\"\" data-image-caption=\"\" data-medium-file=\"https:\/\/www.grieta.org.mx\/wp-content\/uploads\/2020\/07\/p1f1-300x178.jpeg\" data-large-file=\"https:\/\/www.grieta.org.mx\/wp-content\/uploads\/2020\/07\/p1f1.jpeg\" class=\"aligncenter wp-image-51686\" src=\"http:\/\/www.grieta.org.mx\/wp-content\/uploads\/2020\/07\/p1f1.jpeg\" alt=\"\" width=\"803\" height=\"476\" srcset=\"https:\/\/www.grieta.org.mx\/wp-content\/uploads\/2020\/07\/p1f1.jpeg 718w, https:\/\/www.grieta.org.mx\/wp-content\/uploads\/2020\/07\/p1f1-300x178.jpeg 300w\" sizes=\"auto, (max-width: 803px) 100vw, 803px\" \/><\/p>\n<p>Foto: Ecos de la Costa<\/p>\n<p>Infoecos \/ Ecos de la Costa<\/p>\n<p>Derechohabientes del ISSSTE en Colima se quejan del desabasto de medicamentos que persiste en el sistema de salud hasta en un 55% en el cuadro b\u00e1sico, lo cual consideran como una afrenta grave por parte de las autoridades delegacionales ya que este tipo de situaciones no se viv\u00edan en nuestro estado desde hace m\u00e1s de 15 a\u00f1os.<\/p>\n<p>En una investigaci\u00f3n realizada por esta casa editora, se pudo constatar que solo se cuenta con un 45% de medicamentos del cuadro b\u00e1sico, adem\u00e1s persiste de la falta de insumos y equipos necesarios no solo para atender de manera regular las emergencias m\u00e9dicas, sino que tambi\u00e9n sobre todo para enfrentar la pandemia del COVID-19, a pesar de que seg\u00fan las propias autoridades delegacionales han se\u00f1alado que se hicieron 16 contrataciones nuevas destinadas para atender exclusivamente casos de coronavirus, hay ausencia de especialistas en los turnos de atenci\u00f3n incluso contando con solo un Internista, el cual ante esta falta de personal termina haciendo labores generales poniendo en alto riesgo a dem\u00e1s pacientes y compa\u00f1eros de trabajo.<\/p>\n<p>En d\u00edas pasados por las redes sociales, varios derechohabientes del ISSSTE se quejaron de la falta de vacunas BCG para ni\u00f1os reci\u00e9n nacidos, de las cuales solo hab\u00eda 30 disponibles.<\/p>\n<p>Esta situaci\u00f3n que aqueja al ISSSTE en Colima no se ve\u00eda en 15 a\u00f1os, es lo que se\u00f1alan m\u00e9dicos y derechohabientes de esta instituci\u00f3n que nos otorgaron una entrevista y que por evitar represalias omiten sus nombres, consideran que el principal problema es que no hay una verdadera cabeza en la delegaci\u00f3n, solo hay encargados, desde que sali\u00f3 Alberto Covarrubias, el ISSSTE se fue para abajo, no hay rumbo, no hay directriz, cada quien hace lo que quiere; por lo que le pedimos a la s\u00faper delegada federal Indira Vizca\u00edno Silva atienda esta problem\u00e1tica, que resuelva la falta de medicamentos e insumos en el ISSSTE de Colima.<\/p>\n<p><a href=\"https:\/\/www.ecosdelacosta.mx\/stories\/5556\">https:\/\/www.ecosdelacosta.mx\/stories\/5556<\/a><\/p>\n","protected":false},"excerpt":{"rendered":"<p>Foto: Ecos de la Costa Infoecos \/ Ecos de la Costa Derechohabientes del ISSSTE en Colima se quejan del desabasto de medicamentos que persiste en el sistema de salud hasta &hellip; <a href=\"https:\/\/www.grieta.org.mx\/index.php\/2020\/07\/06\/issste-colima-con-desabasto-del-55-en-medicamentos-colima\/\" class=\"more-link\">Leer m\u00e1s<\/a><\/p>\n","protected":false},"author":2,"featured_media":51686,"comment_status":"closed","ping_status":"closed","sticky":false,"template":"","format":"standard","meta":{"ngg_post_thumbnail":0,"_jetpack_newsletter_access":"","_jetpack_dont_email_post_to_subs":false,"_jetpack_newsletter_tier_id":0,"_jetpack_memberships_contains_paywalled_content":false,"_jetpack_memberships_contains_paid_content":false,"footnotes":""},"categories":[80,13,3286,918,2365,2,83],"tags":[3133,2367,2366,2551,492],"class_list":["post-51685","post","type-post","status-publish","format-standard","has-post-thumbnail","hentry","category-cintillo","category-colima","category-covid-19-en-colima","category-privatizacion-del-sector-salud","category-crisis-en-el-sector-salud-en-colima","category-noticias-nacionales","category-temas-nacionales","tag-crisis-del-sector-salud","tag-crisis-en-el-sector-salud","tag-desabasto-de-medicinas","tag-falta-de-medicinas","tag-issste","entry"],"jetpack_featured_media_url":"https:\/\/www.grieta.org.mx\/wp-content\/uploads\/2020\/07\/p1f1.jpeg","jetpack_sharing_enabled":true,"jetpack_shortlink":"https:\/\/wp.me\/p7ZJR4-drD","jetpack_likes_enabled":false,"jetpack-related-posts":[{"id":51539,"url":"https:\/\/www.grieta.org.mx\/index.php\/2020\/07\/02\/derechohabientes-denuncian-falta-de-medicamentos-en-issste-colima\/","url_meta":{"origin":51685,"position":0},"title":"Derechohabientes denuncian falta de medicamentos en ISSSTE Colima","author":"grieta","date":"2 julio, 2020","format":false,"excerpt":"Imagen: El Noticiero Anil\u00fa Salazar Mej\u00eda \/ El Noticiero erechohabientes del Issste Colima denuncian p\u00fablicamente de que hay varios medicamentos que faltan como son la insulina y el losartan, utilizados en enfermedades como la diabetes y la presi\u00f3n arterial, por lo que piden soluci\u00f3n a este desabasto. Los afectados, quienes\u2026","rel":"","context":"En &quot;CINTILLO&quot;","block_context":{"text":"CINTILLO","link":"https:\/\/www.grieta.org.mx\/index.php\/category\/cintillo\/"},"img":{"alt_text":"","src":"https:\/\/i0.wp.com\/www.grieta.org.mx\/wp-content\/uploads\/2020\/07\/insulina-1024x644-1-e1593710814946.jpg?resize=350%2C200&ssl=1","width":350,"height":200,"srcset":"https:\/\/i0.wp.com\/www.grieta.org.mx\/wp-content\/uploads\/2020\/07\/insulina-1024x644-1-e1593710814946.jpg?resize=350%2C200&ssl=1 1x, https:\/\/i0.wp.com\/www.grieta.org.mx\/wp-content\/uploads\/2020\/07\/insulina-1024x644-1-e1593710814946.jpg?resize=525%2C300&ssl=1 1.5x, https:\/\/i0.wp.com\/www.grieta.org.mx\/wp-content\/uploads\/2020\/07\/insulina-1024x644-1-e1593710814946.jpg?resize=700%2C400&ssl=1 2x"},"classes":[]},{"id":63408,"url":"https:\/\/www.grieta.org.mx\/index.php\/2022\/02\/17\/issste-colima-sin-abasto-suficiente-de-medicamentos-y-con-falta-de-medicos-especialistas\/","url_meta":{"origin":51685,"position":1},"title":"ISSSTE Colima sin abasto suficiente de medicamentos y con falta de m\u00e9dicos especialistas","author":"grieta","date":"17 febrero, 2022","format":false,"excerpt":"Foto: Cortes\u00eda Redacci\u00f3n \/ El Occidental Una situaci\u00f3n grave se presenta en el Instituto de Seguridad y Servicios Sociales de los Trabajadores del Estado (ISSSTE) Colima, ya que de acuerdo al presidente de la Asociaci\u00f3n de Jubilados, Pensionados y Adultos Mayores, Manuel Godina Velasco, existe un desabasto de medicamentos y\u2026","rel":"","context":"En &quot;CINTILLO&quot;","block_context":{"text":"CINTILLO","link":"https:\/\/www.grieta.org.mx\/index.php\/category\/cintillo\/"},"img":{"alt_text":"","src":"https:\/\/i0.wp.com\/www.grieta.org.mx\/wp-content\/uploads\/2022\/02\/ISSSTE-Colima.jpg?resize=350%2C200&ssl=1","width":350,"height":200,"srcset":"https:\/\/i0.wp.com\/www.grieta.org.mx\/wp-content\/uploads\/2022\/02\/ISSSTE-Colima.jpg?resize=350%2C200&ssl=1 1x, https:\/\/i0.wp.com\/www.grieta.org.mx\/wp-content\/uploads\/2022\/02\/ISSSTE-Colima.jpg?resize=525%2C300&ssl=1 1.5x, https:\/\/i0.wp.com\/www.grieta.org.mx\/wp-content\/uploads\/2022\/02\/ISSSTE-Colima.jpg?resize=700%2C400&ssl=1 2x"},"classes":[]},{"id":72158,"url":"https:\/\/www.grieta.org.mx\/index.php\/2025\/08\/15\/denuncian-desabasto-de-medicamentos-contra-vih-en-el-issste-en-colima\/","url_meta":{"origin":51685,"position":2},"title":"Denuncian desabasto de medicamentos contra VIH en el ISSSTE, en Colima","author":"grieta","date":"15 agosto, 2025","format":false,"excerpt":"Imagen: Ilustrativa Heidi de Le\u00f3n Guti\u00e9rrez \/ Diario Avanzada Colima, M\u00e9xico, Avanzada (15\/08\/2025).- La organizaci\u00f3n Colima Vihve denunci\u00f3 que el ISSSTE en la entidad mantiene un desabasto de medicamentos para tratar el VIH\/sida, lo que ha obligado a pacientes a comprarlos por su cuenta para no poner en riesgo su\u2026","rel":"","context":"En &quot;CINTILLO&quot;","block_context":{"text":"CINTILLO","link":"https:\/\/www.grieta.org.mx\/index.php\/category\/cintillo\/"},"img":{"alt_text":"","src":"https:\/\/i0.wp.com\/www.grieta.org.mx\/wp-content\/uploads\/2025\/08\/img_8809-1.jpg?resize=350%2C200&ssl=1","width":350,"height":200,"srcset":"https:\/\/i0.wp.com\/www.grieta.org.mx\/wp-content\/uploads\/2025\/08\/img_8809-1.jpg?resize=350%2C200&ssl=1 1x, https:\/\/i0.wp.com\/www.grieta.org.mx\/wp-content\/uploads\/2025\/08\/img_8809-1.jpg?resize=525%2C300&ssl=1 1.5x"},"classes":[]},{"id":48587,"url":"https:\/\/www.grieta.org.mx\/index.php\/2020\/04\/29\/desabasto-de-medicamentos-en-el-issste-colima-supera-el-60\/","url_meta":{"origin":51685,"position":3},"title":"Desabasto de medicamentos en el ISSSTE Colima supera el 60%","author":"grieta","date":"29 abril, 2020","format":false,"excerpt":"Imagen: Diario Avanzada Heidi de Le\u00f3n Guti\u00e9rrez \/ Diario Avanzada Colima, M\u00e9xico, Avanzada (29\/04\/2020).- En plena emergencia por el Covid-19, la cl\u00ednica del ISSSTE en Colima, \u00a0Miguel Trejo Ochoa \u00a0registra un desabasto de medicamentos superior al 60 por ciento, lo que est\u00e1 afectando gravemente la econom\u00eda de los derechohabientes. Este\u2026","rel":"","context":"En &quot;CINTILLO&quot;","block_context":{"text":"CINTILLO","link":"https:\/\/www.grieta.org.mx\/index.php\/category\/cintillo\/"},"img":{"alt_text":"","src":"https:\/\/i0.wp.com\/www.grieta.org.mx\/wp-content\/uploads\/2020\/05\/ISSSTE.jpg?resize=350%2C200&ssl=1","width":350,"height":200,"srcset":"https:\/\/i0.wp.com\/www.grieta.org.mx\/wp-content\/uploads\/2020\/05\/ISSSTE.jpg?resize=350%2C200&ssl=1 1x, https:\/\/i0.wp.com\/www.grieta.org.mx\/wp-content\/uploads\/2020\/05\/ISSSTE.jpg?resize=525%2C300&ssl=1 1.5x, https:\/\/i0.wp.com\/www.grieta.org.mx\/wp-content\/uploads\/2020\/05\/ISSSTE.jpg?resize=700%2C400&ssl=1 2x"},"classes":[]},{"id":42862,"url":"https:\/\/www.grieta.org.mx\/index.php\/2020\/01\/08\/denuncian-desabasto-de-medicamentos-contra-el-cancer-en-el-imss-colima\/","url_meta":{"origin":51685,"position":4},"title":"Denuncian desabasto de medicamentos contra el c\u00e1ncer en el IMSS Colima","author":"grieta","date":"8 enero, 2020","format":false,"excerpt":"Foto: El Comentario Francis Bravo \/ El Comentario Seg\u00fan\u00a0manifestaron\u00a0a esta reportera varios\u00a0derechohabientes,\u00a0nuevamente se est\u00e1 presentando en el\u00a0Instituto Mexicano del Seguro Social\u00a0(IMSS) en Colima, un\u00a0desabasto de medicamentos\u00a0para el tratamiento de pacientes con\u00a0c\u00e1ncer. Seg\u00fan manifestaron algunos pacientes con esa enfermedad, derechohabientes del IMSS, los cuales pidieron omitir sus nombres, desde el pasado\u2026","rel":"","context":"En &quot;CINTILLO&quot;","block_context":{"text":"CINTILLO","link":"https:\/\/www.grieta.org.mx\/index.php\/category\/cintillo\/"},"img":{"alt_text":"","src":"https:\/\/i0.wp.com\/www.grieta.org.mx\/wp-content\/uploads\/2020\/01\/fd07eb2d9ecb3911e1f13320a78bccd9-2.jpg?resize=350%2C200&ssl=1","width":350,"height":200,"srcset":"https:\/\/i0.wp.com\/www.grieta.org.mx\/wp-content\/uploads\/2020\/01\/fd07eb2d9ecb3911e1f13320a78bccd9-2.jpg?resize=350%2C200&ssl=1 1x, https:\/\/i0.wp.com\/www.grieta.org.mx\/wp-content\/uploads\/2020\/01\/fd07eb2d9ecb3911e1f13320a78bccd9-2.jpg?resize=525%2C300&ssl=1 1.5x, https:\/\/i0.wp.com\/www.grieta.org.mx\/wp-content\/uploads\/2020\/01\/fd07eb2d9ecb3911e1f13320a78bccd9-2.jpg?resize=700%2C400&ssl=1 2x"},"classes":[]},{"id":49346,"url":"https:\/\/www.grieta.org.mx\/index.php\/2020\/05\/14\/issste-colima-sigue-sin-insumos-para-atender-pacientes-con-covid-19\/","url_meta":{"origin":51685,"position":5},"title":"ISSSTE Colima sigue sin insumos para atender pacientes con Covid-19","author":"grieta","date":"14 mayo, 2020","format":false,"excerpt":"Foto: Ecos de la Costa Infoecos \/ Ecos de la Costa En la Cl\u00ednica hospital del ISSSTE Dr. Miguel Trejo Ochoa en Colima, no se cuenta con c\u00e1psulas para tratar a posibles pacientes con Covid-19. De acuerdo al secretario general de la secci\u00f3n XII del Sindicato del ISSSTE, Carlos Alberto\u2026","rel":"","context":"En &quot;CINTILLO&quot;","block_context":{"text":"CINTILLO","link":"https:\/\/www.grieta.org.mx\/index.php\/category\/cintillo\/"},"img":{"alt_text":"","src":"https:\/\/i0.wp.com\/www.grieta.org.mx\/wp-content\/uploads\/2020\/05\/p1f2.jpg?resize=350%2C200&ssl=1","width":350,"height":200,"srcset":"https:\/\/i0.wp.com\/www.grieta.org.mx\/wp-content\/uploads\/2020\/05\/p1f2.jpg?resize=350%2C200&ssl=1 1x, https:\/\/i0.wp.com\/www.grieta.org.mx\/wp-content\/uploads\/2020\/05\/p1f2.jpg?resize=525%2C300&ssl=1 1.5x, https:\/\/i0.wp.com\/www.grieta.org.mx\/wp-content\/uploads\/2020\/05\/p1f2.jpg?resize=700%2C400&ssl=1 2x, https:\/\/i0.wp.com\/www.grieta.org.mx\/wp-content\/uploads\/2020\/05\/p1f2.jpg?resize=1050%2C600&ssl=1 3x"},"classes":[]}],"_links":{"self":[{"href":"https:\/\/www.grieta.org.mx\/index.php\/wp-json\/wp\/v2\/posts\/51685","targetHints":{"allow":["GET"]}}],"collection":[{"href":"https:\/\/www.grieta.org.mx\/index.php\/wp-json\/wp\/v2\/posts"}],"about":[{"href":"https:\/\/www.grieta.org.mx\/index.php\/wp-json\/wp\/v2\/types\/post"}],"author":[{"embeddable":true,"href":"https:\/\/www.grieta.org.mx\/index.php\/wp-json\/wp\/v2\/users\/2"}],"replies":[{"embeddable":true,"href":"https:\/\/www.grieta.org.mx\/index.php\/wp-json\/wp\/v2\/comments?post=51685"}],"version-history":[{"count":1,"href":"https:\/\/www.grieta.org.mx\/index.php\/wp-json\/wp\/v2\/posts\/51685\/revisions"}],"predecessor-version":[{"id":51687,"href":"https:\/\/www.grieta.org.mx\/index.php\/wp-json\/wp\/v2\/posts\/51685\/revisions\/51687"}],"wp:featuredmedia":[{"embeddable":true,"href":"https:\/\/www.grieta.org.mx\/index.php\/wp-json\/wp\/v2\/media\/51686"}],"wp:attachment":[{"href":"https:\/\/www.grieta.org.mx\/index.php\/wp-json\/wp\/v2\/media?parent=51685"}],"wp:term":[{"taxonomy":"category","embeddable":true,"href":"https:\/\/www.grieta.org.mx\/index.php\/wp-json\/wp\/v2\/categories?post=51685"},{"taxonomy":"post_tag","embeddable":true,"href":"https:\/\/www.grieta.org.mx\/index.php\/wp-json\/wp\/v2\/tags?post=51685"}],"curies":[{"name":"wp","href":"https:\/\/api.w.org\/{rel}","templated":true}]}}