{"id":51638,"date":"2020-07-02T02:59:01","date_gmt":"2020-07-02T07:59:01","guid":{"rendered":"http:\/\/www.grieta.org.mx\/?p=51638"},"modified":"2020-07-07T03:04:37","modified_gmt":"2020-07-07T08:04:37","slug":"conservadores-y-restauradores-protestan-por-recorte","status":"publish","type":"post","link":"https:\/\/www.grieta.org.mx\/index.php\/2020\/07\/02\/conservadores-y-restauradores-protestan-por-recorte\/","title":{"rendered":"Conservadores y restauradores protestan por recorte"},"content":{"rendered":"<p><img loading=\"lazy\" decoding=\"async\" data-attachment-id=\"51639\" data-permalink=\"https:\/\/www.grieta.org.mx\/index.php\/2020\/07\/02\/conservadores-y-restauradores-protestan-por-recorte\/conservadores-y-restauradores-protestan-por-recorte-cdmx-jul\/\" data-orig-file=\"https:\/\/www.grieta.org.mx\/wp-content\/uploads\/2020\/07\/Conservadores-y-restauradores-protestan-por-recorte-cdmx-jul.jpg\" data-orig-size=\"664,498\" data-comments-opened=\"0\" data-image-meta=\"{&quot;aperture&quot;:&quot;0&quot;,&quot;credit&quot;:&quot;&quot;,&quot;camera&quot;:&quot;&quot;,&quot;caption&quot;:&quot;&quot;,&quot;created_timestamp&quot;:&quot;0&quot;,&quot;copyright&quot;:&quot;&quot;,&quot;focal_length&quot;:&quot;0&quot;,&quot;iso&quot;:&quot;0&quot;,&quot;shutter_speed&quot;:&quot;0&quot;,&quot;title&quot;:&quot;&quot;,&quot;orientation&quot;:&quot;0&quot;}\" data-image-title=\"Conservadores y restauradores protestan por recorte cdmx jul\" data-image-description=\"\" data-image-caption=\"\" data-medium-file=\"https:\/\/www.grieta.org.mx\/wp-content\/uploads\/2020\/07\/Conservadores-y-restauradores-protestan-por-recorte-cdmx-jul-300x225.jpg\" data-large-file=\"https:\/\/www.grieta.org.mx\/wp-content\/uploads\/2020\/07\/Conservadores-y-restauradores-protestan-por-recorte-cdmx-jul.jpg\" class=\"aligncenter wp-image-51639\" src=\"http:\/\/www.grieta.org.mx\/wp-content\/uploads\/2020\/07\/Conservadores-y-restauradores-protestan-por-recorte-cdmx-jul.jpg\" alt=\"\" width=\"583\" height=\"437\" srcset=\"https:\/\/www.grieta.org.mx\/wp-content\/uploads\/2020\/07\/Conservadores-y-restauradores-protestan-por-recorte-cdmx-jul.jpg 664w, https:\/\/www.grieta.org.mx\/wp-content\/uploads\/2020\/07\/Conservadores-y-restauradores-protestan-por-recorte-cdmx-jul-300x225.jpg 300w\" sizes=\"auto, (max-width: 583px) 100vw, 583px\" \/><br \/>\nImagen tomada de: www.excelsior.com.mx<\/p>\n<p>Juan Carlos Talavera \/ Excelsior<\/p>\n<blockquote><p>Acad\u00e9micos, alumnos y especialistas del ENCRyM alertaron que el recorte al INAH impedir\u00e1 su labor<\/p><\/blockquote>\n<p>El recorte del 75% en gastos de operaci\u00f3n y servicios generales aplicado al Instituto Nacional de Antropolog\u00eda e Historia (INAH) afecta el funcionamiento de la Escuela Nacional de Conservaci\u00f3n, Restauraci\u00f3n y Museograf\u00eda (ENCRyM) e impactar\u00e1 en la atenci\u00f3n a los compromisos con la sociedad y su patrimonio cultural, denunciaron ayer acad\u00e9micos, alumnos y especialistas de dicho espacio acad\u00e9mico.<\/p>\n<p>&#8220;Reiteramos nuestra solidaridad con la emergencia actual, pero ser\u00e1 complejo que las labores sustantivas de nuestro quehacer, de formaci\u00f3n e investigaci\u00f3n, se puedan desarrollar con menos del 12% de presupuesto\u201d, detalla la misiva.<\/p>\n<p>&#8220;Por lo anterior, disentimos de la postura mantenida por Diego Prieto Hern\u00e1ndez, director del INAH, cuando afirma que no habr\u00e1 afectaci\u00f3n a sus actividades sustantivas tras el recorte. Todo lo contrario. Ante la nueva normalidad, la ENCRyM corre el riesgo de tener que aplazar o acotar sus actividades\u201d.<\/p>\n<p>Adem\u00e1s, afectar\u00e1 \u201clos procesos de selecci\u00f3n y traslados de obras; la continuidad de los proyectos de investigaci\u00f3n de los programas acad\u00e9micos; la contrataci\u00f3n de actividades profesionales y el trabajo de campo, as\u00ed como el desarrollo de las publicaciones y la contrataci\u00f3n de especialistas para cursos\u201d.<\/p>\n<p>&#8220;Por lo cual condenamos en\u00e9rgicamente la reducci\u00f3n presupuestal que se cierne sobre el INAH como la instituci\u00f3n articuladora del rico mosaico cultural que es y ha distinguido a M\u00e9xico\u201d, abunda.<\/p>\n<p>Recordaron que el INAH se dedica a recuperar, proteger, conservar y restaurar el patrimonio cultural arqueol\u00f3gico, hist\u00f3rico y paleontol\u00f3gico, y el desempe\u00f1o de 110 mil monumentos y 53 mil zonas arqueol\u00f3gicas, y una red de 162 museos, laboratorios y centros regionales.<\/p>\n<p><a href=\"https:\/\/www.excelsior.com.mx\/expresiones\/conservadores-y-restauradores-protestan-por-recorte\/1391586\" target=\"_blank\" rel=\"noopener noreferrer\">https:\/\/www.excelsior.com.mx\/expresiones\/conservadores-y-restauradores-protestan-por-recorte\/1391586<\/a><\/p>\n","protected":false},"excerpt":{"rendered":"<p>Imagen tomada de: www.excelsior.com.mx Juan Carlos Talavera \/ Excelsior Acad\u00e9micos, alumnos y especialistas del ENCRyM alertaron que el recorte al INAH impedir\u00e1 su labor El recorte del 75% en gastos &hellip; <a href=\"https:\/\/www.grieta.org.mx\/index.php\/2020\/07\/02\/conservadores-y-restauradores-protestan-por-recorte\/\" class=\"more-link\">Leer m\u00e1s<\/a><\/p>\n","protected":false},"author":2,"featured_media":51639,"comment_status":"closed","ping_status":"closed","sticky":false,"template":"","format":"standard","meta":{"ngg_post_thumbnail":0,"_jetpack_newsletter_access":"","_jetpack_dont_email_post_to_subs":false,"_jetpack_newsletter_tier_id":0,"_jetpack_memberships_contains_paywalled_content":false,"_jetpack_memberships_contains_paid_content":false,"footnotes":""},"categories":[80,14,916,2958,1670,2,83],"tags":[3454,2460,2383],"class_list":["post-51638","post","type-post","status-publish","format-standard","has-post-thumbnail","hentry","category-cintillo","category-ciudad-de-mexico","category-privatizacion-del-la-educacion-publica","category-crisis-de-la-educacion-publica-en-la-ciudad-de-mexico","category-movilizaciones-y-protestas-de-estudiantes-de-la-ciudad-de-mexico","category-noticias-nacionales","category-temas-nacionales","tag-crisis-de-la-educacion-publica","tag-recorte-federal","tag-recorte-presupuestal","entry"],"jetpack_featured_media_url":"https:\/\/www.grieta.org.mx\/wp-content\/uploads\/2020\/07\/Conservadores-y-restauradores-protestan-por-recorte-cdmx-jul.jpg","jetpack_sharing_enabled":true,"jetpack_shortlink":"https:\/\/wp.me\/p7ZJR4-dqS","jetpack_likes_enabled":false,"jetpack-related-posts":[{"id":41002,"url":"https:\/\/www.grieta.org.mx\/index.php\/2019\/11\/05\/exigen-mas-presupuesto-para-prepa-en-linea-tras-recorte-de-97-5-ciudad-de-mexico\/","url_meta":{"origin":51638,"position":0},"title":"Exigen m\u00e1s presupuesto para Prepa en L\u00ednea tras recorte de 97.5% (Ciudad de M\u00e9xico)","author":"grieta","date":"5 noviembre, 2019","format":false,"excerpt":"Miguel \u00c1ngel Bravo \/ Publimetro M\u00e1s de 140 mil alumnos y tres mil profesores se ver\u00e1n afectados por el recorte al presupuesto de este programa en 2020. Integrantes de la Comisi\u00f3n Nacional de Educaci\u00f3n exigieron al Poder Legislativo a no recortar el presupuesto para el programa Prepa en L\u00ednea, el\u2026","rel":"","context":"En &quot;CINTILLO&quot;","block_context":{"text":"CINTILLO","link":"https:\/\/www.grieta.org.mx\/index.php\/category\/cintillo\/"},"img":{"alt_text":"","src":"https:\/\/i0.wp.com\/www.grieta.org.mx\/wp-content\/uploads\/2019\/11\/Exigen-m%C3%A1s-presupuesto-para-Prepa-en-L%C3%ADnea-tras-recorte-de-97.5-cdmx-nov.jpg?resize=350%2C200&ssl=1","width":350,"height":200,"srcset":"https:\/\/i0.wp.com\/www.grieta.org.mx\/wp-content\/uploads\/2019\/11\/Exigen-m%C3%A1s-presupuesto-para-Prepa-en-L%C3%ADnea-tras-recorte-de-97.5-cdmx-nov.jpg?resize=350%2C200&ssl=1 1x, https:\/\/i0.wp.com\/www.grieta.org.mx\/wp-content\/uploads\/2019\/11\/Exigen-m%C3%A1s-presupuesto-para-Prepa-en-L%C3%ADnea-tras-recorte-de-97.5-cdmx-nov.jpg?resize=525%2C300&ssl=1 1.5x, https:\/\/i0.wp.com\/www.grieta.org.mx\/wp-content\/uploads\/2019\/11\/Exigen-m%C3%A1s-presupuesto-para-Prepa-en-L%C3%ADnea-tras-recorte-de-97.5-cdmx-nov.jpg?resize=700%2C400&ssl=1 2x, https:\/\/i0.wp.com\/www.grieta.org.mx\/wp-content\/uploads\/2019\/11\/Exigen-m%C3%A1s-presupuesto-para-Prepa-en-L%C3%ADnea-tras-recorte-de-97.5-cdmx-nov.jpg?resize=1050%2C600&ssl=1 3x"},"classes":[]},{"id":56917,"url":"https:\/\/www.grieta.org.mx\/index.php\/2021\/02\/08\/normalistas-de-tamazulapam-marchan-en-contra-de-recorte-presupuestal-de-su-institucion-oaxaca\/","url_meta":{"origin":51638,"position":1},"title":"Normalistas de Tamazulapam marchan en contra de recorte presupuestal de su instituci\u00f3n (Oaxaca)","author":"grieta","date":"8 febrero, 2021","format":false,"excerpt":"Noticias \/ Redacci\u00f3n. Estudiantes de la Escuela Normal Vanguardia de Tamazulapam iniciaron movilizaciones en la capital de Oaxaca para protestar contra del recorte presupuestal de esta instituci\u00f3n para 2021. Los integrantes iniciaron una marcha desde el paseo Ju\u00e1rez El Llano con destino al kiosko del z\u00f3calo capitalino en donde mediante\u2026","rel":"","context":"En &quot;CINTILLO&quot;","block_context":{"text":"CINTILLO","link":"https:\/\/www.grieta.org.mx\/index.php\/category\/cintillo\/"},"img":{"alt_text":"","src":"https:\/\/i0.wp.com\/www.grieta.org.mx\/wp-content\/uploads\/2021\/02\/A.jpeg?resize=350%2C200&ssl=1","width":350,"height":200,"srcset":"https:\/\/i0.wp.com\/www.grieta.org.mx\/wp-content\/uploads\/2021\/02\/A.jpeg?resize=350%2C200&ssl=1 1x, https:\/\/i0.wp.com\/www.grieta.org.mx\/wp-content\/uploads\/2021\/02\/A.jpeg?resize=525%2C300&ssl=1 1.5x, https:\/\/i0.wp.com\/www.grieta.org.mx\/wp-content\/uploads\/2021\/02\/A.jpeg?resize=700%2C400&ssl=1 2x, https:\/\/i0.wp.com\/www.grieta.org.mx\/wp-content\/uploads\/2021\/02\/A.jpeg?resize=1050%2C600&ssl=1 3x"},"classes":[]},{"id":54804,"url":"https:\/\/www.grieta.org.mx\/index.php\/2020\/09\/22\/588-escuelas-de-tiempo-completo-en-aguascalientes-podrian-quedarse-sin-presupuesto\/","url_meta":{"origin":51638,"position":2},"title":"588 ESCUELAS DE TIEMPO COMPLETO EN AGUASCALIENTES PODR\u00cdAN QUEDARSE SIN PRESUPUESTO","author":"grieta","date":"22 septiembre, 2020","format":false,"excerpt":"Gabriel Soriano\/La Jornada Aguascalientes 22 septiembre 2020 Afectar\u00eda gravemente a las familias donde los padres tienen largas jornadas de trabajo Estudiantes se quedar\u00e1n sin acceso a materias extracurriculares y una alimentaci\u00f3n adecuada Posible eliminaci\u00f3n del programa de Escuelas de Tiempo Completo afectar\u00e1 gravemente a los padres que tienen largas jornadas\u2026","rel":"","context":"En &quot;Aguascalientes&quot;","block_context":{"text":"Aguascalientes","link":"https:\/\/www.grieta.org.mx\/index.php\/category\/noticias-nacionales\/aguascalientes\/"},"img":{"alt_text":"","src":"https:\/\/i0.wp.com\/www.grieta.org.mx\/wp-content\/uploads\/2020\/11\/escuelas-tiempo-completo.jpg?resize=350%2C200","width":350,"height":200},"classes":[]},{"id":40406,"url":"https:\/\/www.grieta.org.mx\/index.php\/2019\/10\/09\/universidad-de-guanajuato-se-une-a-paro-nacional-universitario\/","url_meta":{"origin":51638,"position":3},"title":"Universidad de Guanajuato se une a paro nacional universitario","author":"grieta","date":"9 octubre, 2019","format":false,"excerpt":"El paro se realizar\u00e1 este 9 de octubre como muestra de apoyo a las instituciones de educaci\u00f3n superior que se ver\u00e1n afectadas por el recorte presupuestal de 2020 J. Manuel \u00c1lvarez | El Sol de Le\u00f3n, 09 de octubre de 2019 Con la finalidad de exigir al gobierno federal que\u2026","rel":"","context":"En &quot;CINTILLO&quot;","block_context":{"text":"CINTILLO","link":"https:\/\/www.grieta.org.mx\/index.php\/category\/cintillo\/"},"img":{"alt_text":"","src":"https:\/\/i0.wp.com\/www.grieta.org.mx\/wp-content\/uploads\/2019\/10\/WhatsApp-Image-2019-10-08-at-8.47.24-AM.jpeg?resize=350%2C200&ssl=1","width":350,"height":200,"srcset":"https:\/\/i0.wp.com\/www.grieta.org.mx\/wp-content\/uploads\/2019\/10\/WhatsApp-Image-2019-10-08-at-8.47.24-AM.jpeg?resize=350%2C200&ssl=1 1x, https:\/\/i0.wp.com\/www.grieta.org.mx\/wp-content\/uploads\/2019\/10\/WhatsApp-Image-2019-10-08-at-8.47.24-AM.jpeg?resize=525%2C300&ssl=1 1.5x, https:\/\/i0.wp.com\/www.grieta.org.mx\/wp-content\/uploads\/2019\/10\/WhatsApp-Image-2019-10-08-at-8.47.24-AM.jpeg?resize=700%2C400&ssl=1 2x"},"classes":[]},{"id":20172,"url":"https:\/\/www.grieta.org.mx\/index.php\/2016\/08\/16\/represion-en-la-unam-por-protesta-contra-recorte-matricular\/","url_meta":{"origin":51638,"position":4},"title":"Represi\u00f3n en la UNAM por protesta contra recorte matricular","author":"grieta","date":"16 agosto, 2016","format":false,"excerpt":"15\/08\/16. (Video) Polic\u00edas responden a balazos protesta de estudiantes de FES-Acatl\u00e1n de la UNAMRuptura Colectiva","rel":"","context":"En &quot;Ciudad de M\u00e9xico&quot;","block_context":{"text":"Ciudad de M\u00e9xico","link":"https:\/\/www.grieta.org.mx\/index.php\/category\/noticias-nacionales\/ciudad-de-mexico\/"},"img":{"alt_text":"","src":"https:\/\/i0.wp.com\/www.grieta.org.mx\/wp-content\/uploads\/2018\/03\/14524434_1106112876131411_958039263622046936_o.jpg?resize=350%2C200&ssl=1","width":350,"height":200,"srcset":"https:\/\/i0.wp.com\/www.grieta.org.mx\/wp-content\/uploads\/2018\/03\/14524434_1106112876131411_958039263622046936_o.jpg?resize=350%2C200&ssl=1 1x, https:\/\/i0.wp.com\/www.grieta.org.mx\/wp-content\/uploads\/2018\/03\/14524434_1106112876131411_958039263622046936_o.jpg?resize=525%2C300&ssl=1 1.5x, https:\/\/i0.wp.com\/www.grieta.org.mx\/wp-content\/uploads\/2018\/03\/14524434_1106112876131411_958039263622046936_o.jpg?resize=700%2C400&ssl=1 2x"},"classes":[]},{"id":40769,"url":"https:\/\/www.grieta.org.mx\/index.php\/2019\/10\/30\/protestan-por-recortes-en-cinvestav-queretaro\/","url_meta":{"origin":51638,"position":5},"title":"Protestan por recortes en Cinvestav (Quer\u00e9taro)","author":"grieta","date":"30 octubre, 2019","format":false,"excerpt":"Quadratin QUER\u00c9TARO, Qro., 30 de octubre 2019.- Estudiantes del Centro de Investigaci\u00f3n y de Estudios Avanzados del Instituto Polit\u00e9cnico Nacional (Cinvestav) campus Quer\u00e9taro, realizaron una protesta al exterior, luego de que aseguran los recortes presupuestales, ponen en riesgo los trabajos que se desarrollan en el lugar. Adem\u00e1s, aseguran que las\u2026","rel":"","context":"En &quot;CINTILLO&quot;","block_context":{"text":"CINTILLO","link":"https:\/\/www.grieta.org.mx\/index.php\/category\/cintillo\/"},"img":{"alt_text":"","src":"https:\/\/i0.wp.com\/www.grieta.org.mx\/wp-content\/uploads\/2019\/11\/Protestan-por-recortes-en-Cinvestav-qro-nov.jpg?resize=350%2C200&ssl=1","width":350,"height":200,"srcset":"https:\/\/i0.wp.com\/www.grieta.org.mx\/wp-content\/uploads\/2019\/11\/Protestan-por-recortes-en-Cinvestav-qro-nov.jpg?resize=350%2C200&ssl=1 1x, https:\/\/i0.wp.com\/www.grieta.org.mx\/wp-content\/uploads\/2019\/11\/Protestan-por-recortes-en-Cinvestav-qro-nov.jpg?resize=525%2C300&ssl=1 1.5x, https:\/\/i0.wp.com\/www.grieta.org.mx\/wp-content\/uploads\/2019\/11\/Protestan-por-recortes-en-Cinvestav-qro-nov.jpg?resize=700%2C400&ssl=1 2x, https:\/\/i0.wp.com\/www.grieta.org.mx\/wp-content\/uploads\/2019\/11\/Protestan-por-recortes-en-Cinvestav-qro-nov.jpg?resize=1050%2C600&ssl=1 3x"},"classes":[]}],"_links":{"self":[{"href":"https:\/\/www.grieta.org.mx\/index.php\/wp-json\/wp\/v2\/posts\/51638","targetHints":{"allow":["GET"]}}],"collection":[{"href":"https:\/\/www.grieta.org.mx\/index.php\/wp-json\/wp\/v2\/posts"}],"about":[{"href":"https:\/\/www.grieta.org.mx\/index.php\/wp-json\/wp\/v2\/types\/post"}],"author":[{"embeddable":true,"href":"https:\/\/www.grieta.org.mx\/index.php\/wp-json\/wp\/v2\/users\/2"}],"replies":[{"embeddable":true,"href":"https:\/\/www.grieta.org.mx\/index.php\/wp-json\/wp\/v2\/comments?post=51638"}],"version-history":[{"count":1,"href":"https:\/\/www.grieta.org.mx\/index.php\/wp-json\/wp\/v2\/posts\/51638\/revisions"}],"predecessor-version":[{"id":51640,"href":"https:\/\/www.grieta.org.mx\/index.php\/wp-json\/wp\/v2\/posts\/51638\/revisions\/51640"}],"wp:featuredmedia":[{"embeddable":true,"href":"https:\/\/www.grieta.org.mx\/index.php\/wp-json\/wp\/v2\/media\/51639"}],"wp:attachment":[{"href":"https:\/\/www.grieta.org.mx\/index.php\/wp-json\/wp\/v2\/media?parent=51638"}],"wp:term":[{"taxonomy":"category","embeddable":true,"href":"https:\/\/www.grieta.org.mx\/index.php\/wp-json\/wp\/v2\/categories?post=51638"},{"taxonomy":"post_tag","embeddable":true,"href":"https:\/\/www.grieta.org.mx\/index.php\/wp-json\/wp\/v2\/tags?post=51638"}],"curies":[{"name":"wp","href":"https:\/\/api.w.org\/{rel}","templated":true}]}}