{"id":51620,"date":"2020-06-26T21:32:13","date_gmt":"2020-06-27T02:32:13","guid":{"rendered":"http:\/\/www.grieta.org.mx\/?p=51620"},"modified":"2020-07-06T22:00:30","modified_gmt":"2020-07-07T03:00:30","slug":"salud-ordena-regresar-a-personal-sanitario-vulnerable-a-covid-el-16-de-julio-con-la-pandemia-al-alza-guanajuato","status":"publish","type":"post","link":"https:\/\/www.grieta.org.mx\/index.php\/2020\/06\/26\/salud-ordena-regresar-a-personal-sanitario-vulnerable-a-covid-el-16-de-julio-con-la-pandemia-al-alza-guanajuato\/","title":{"rendered":"Salud ordena regresar a personal sanitario vulnerable a COVID el 16 de julio, con la pandemia al alza (Guanajuato)"},"content":{"rendered":"<p>El Gobierno de Guanajuato ha hecho contratos por adjudicaci\u00f3n directa por m\u00e1s de 107 millones de pesos, comprando la mayor cantidad de art\u00edculos del equipo de protecci\u00f3n al costo m\u00e1s alto<\/p>\n<p>PopLab, 26 de junio de 2020<\/p>\n<p>En el pico de la pandemia por COVID-19 que ha acumulado en las \u00faltimas 72 horas Mil 423 nuevos casos confirmados, la Secretar\u00eda de Salud del Estado pretende regresar a campo a 2 mil trabajadores entre m\u00e9dicos, enfermeras y personal administrativo que se encuentran en los grupos vulnerables a complicaciones por coronavirus. Mediante una circular firmada por el director de Recursos Humanos de la SSG y el l\u00edder del sindicato, se inform\u00f3 que tendr\u00e1n que regresar a campo a partir del d\u00eda 16 de julio.<\/p>\n<p>El secretario de Salud, Daniel D\u00edaz Mart\u00ednez, reconoci\u00f3 p\u00fablicamente que la ausencia de los trabajadores enviados a casa para evitar que se contagien ha afectado la atenci\u00f3n de pacientes en las unidades m\u00e9dicas que tiene la Secretar\u00eda en la entidad.<\/p>\n<p>En el corte de las \u00faltimas 24 horas, Guanajuato report\u00f3 406 casos nuevos y 16 defunciones. <\/p>\n<figure id=\"attachment_51621\" aria-describedby=\"caption-attachment-51621\" style=\"width: 1840px\" class=\"wp-caption aligncenter\"><img loading=\"lazy\" decoding=\"async\" data-attachment-id=\"51621\" data-permalink=\"https:\/\/www.grieta.org.mx\/index.php\/2020\/06\/26\/salud-ordena-regresar-a-personal-sanitario-vulnerable-a-covid-el-16-de-julio-con-la-pandemia-al-alza-guanajuato\/info_junio_26\/\" data-orig-file=\"https:\/\/www.grieta.org.mx\/wp-content\/uploads\/2020\/07\/INFO_JUNIO_26.jpg\" data-orig-size=\"1840,1694\" data-comments-opened=\"0\" data-image-meta=\"{&quot;aperture&quot;:&quot;0&quot;,&quot;credit&quot;:&quot;&quot;,&quot;camera&quot;:&quot;&quot;,&quot;caption&quot;:&quot;&quot;,&quot;created_timestamp&quot;:&quot;0&quot;,&quot;copyright&quot;:&quot;&quot;,&quot;focal_length&quot;:&quot;0&quot;,&quot;iso&quot;:&quot;0&quot;,&quot;shutter_speed&quot;:&quot;0&quot;,&quot;title&quot;:&quot;&quot;,&quot;orientation&quot;:&quot;0&quot;}\" data-image-title=\"INFO_JUNIO_26\" data-image-description=\"\" data-image-caption=\"&lt;p&gt;Imagen: PopLab&lt;\/p&gt;\n\" data-medium-file=\"https:\/\/www.grieta.org.mx\/wp-content\/uploads\/2020\/07\/INFO_JUNIO_26-300x276.jpg\" data-large-file=\"https:\/\/www.grieta.org.mx\/wp-content\/uploads\/2020\/07\/INFO_JUNIO_26-1024x943.jpg\" src=\"http:\/\/www.grieta.org.mx\/wp-content\/uploads\/2020\/07\/INFO_JUNIO_26.jpg\" alt=\"\" width=\"1840\" height=\"1694\" class=\"size-full wp-image-51621\" srcset=\"https:\/\/www.grieta.org.mx\/wp-content\/uploads\/2020\/07\/INFO_JUNIO_26.jpg 1840w, https:\/\/www.grieta.org.mx\/wp-content\/uploads\/2020\/07\/INFO_JUNIO_26-300x276.jpg 300w, https:\/\/www.grieta.org.mx\/wp-content\/uploads\/2020\/07\/INFO_JUNIO_26-768x707.jpg 768w, https:\/\/www.grieta.org.mx\/wp-content\/uploads\/2020\/07\/INFO_JUNIO_26-1024x943.jpg 1024w, https:\/\/www.grieta.org.mx\/wp-content\/uploads\/2020\/07\/INFO_JUNIO_26-543x500.jpg 543w\" sizes=\"auto, (max-width: 1840px) 100vw, 1840px\" \/><figcaption id=\"caption-attachment-51621\" class=\"wp-caption-text\">Imagen: PopLab<\/figcaption><\/figure>\n<p>Guanajuato est\u00e1 por llegar a los 8 mil casos confirmados de COVID-19, mientras las autoridades mantienen las compras por adjudicaci\u00f3n directa de material, equipo m\u00e9dico y pruebas de laboratorio y la contrataci\u00f3n de servicios.<\/p>\n<p>De acuerdo con el apartado de transparencia en el sitio para reportar la actualizaci\u00f3n de coronavirus, la Secretar\u00eda de Salud ha hecho compras en los \u00faltimos tres meses por m\u00e1s de 107 millones de pesos para la atenci\u00f3n de pacientes con COVID-19.<\/p>\n<p>De las compras realizadas, el Gobierno del Estado ha optado adquirir la mayor cantidad art\u00edculos para la protecci\u00f3n del personal de salud con las empresas que ofertan el precio m\u00e1s alto.<\/p>\n<p>Los trajes de Bioseguridad, las mascarillas N95, los goggles y las batas desechables se han comprado a tres proveedores, aunque son las farmac\u00e9uticas que venden m\u00e1s caro a las que se les ha contratado la mayor\u00eda de los art\u00edculos.<\/p>\n<p>Adem\u00e1s, la Secretar\u00eda de Salud report\u00f3 la compra de 2 mil cubrebocas de neopreno para la protecci\u00f3n del personal de salud. Cada cubrebocas se pag\u00f3 en 40 pesos, destin\u00e1ndose en total 81 mil 200 pesos al proveedor Comercializadora Gargil SA de CV. <\/p>\n<figure id=\"attachment_51624\" aria-describedby=\"caption-attachment-51624\" style=\"width: 1024px\" class=\"wp-caption aligncenter\"><img loading=\"lazy\" decoding=\"async\" data-attachment-id=\"51624\" data-permalink=\"https:\/\/www.grieta.org.mx\/index.php\/2020\/06\/26\/salud-ordena-regresar-a-personal-sanitario-vulnerable-a-covid-el-16-de-julio-con-la-pandemia-al-alza-guanajuato\/2020-06-26_personal\/\" data-orig-file=\"https:\/\/www.grieta.org.mx\/wp-content\/uploads\/2020\/07\/2020-06-26_personal.jpg\" data-orig-size=\"1024,576\" data-comments-opened=\"0\" data-image-meta=\"{&quot;aperture&quot;:&quot;0&quot;,&quot;credit&quot;:&quot;&quot;,&quot;camera&quot;:&quot;&quot;,&quot;caption&quot;:&quot;&quot;,&quot;created_timestamp&quot;:&quot;0&quot;,&quot;copyright&quot;:&quot;&quot;,&quot;focal_length&quot;:&quot;0&quot;,&quot;iso&quot;:&quot;0&quot;,&quot;shutter_speed&quot;:&quot;0&quot;,&quot;title&quot;:&quot;&quot;,&quot;orientation&quot;:&quot;1&quot;}\" data-image-title=\"2020-06-26_personal\" data-image-description=\"\" data-image-caption=\"&lt;p&gt;Fotograf\u00eda: Especial.&lt;\/p&gt;\n\" data-medium-file=\"https:\/\/www.grieta.org.mx\/wp-content\/uploads\/2020\/07\/2020-06-26_personal-300x169.jpg\" data-large-file=\"https:\/\/www.grieta.org.mx\/wp-content\/uploads\/2020\/07\/2020-06-26_personal-1024x576.jpg\" src=\"http:\/\/www.grieta.org.mx\/wp-content\/uploads\/2020\/07\/2020-06-26_personal.jpg\" alt=\"\" width=\"1024\" height=\"576\" class=\"size-full wp-image-51624\" srcset=\"https:\/\/www.grieta.org.mx\/wp-content\/uploads\/2020\/07\/2020-06-26_personal.jpg 1024w, https:\/\/www.grieta.org.mx\/wp-content\/uploads\/2020\/07\/2020-06-26_personal-300x169.jpg 300w, https:\/\/www.grieta.org.mx\/wp-content\/uploads\/2020\/07\/2020-06-26_personal-768x432.jpg 768w, https:\/\/www.grieta.org.mx\/wp-content\/uploads\/2020\/07\/2020-06-26_personal-889x500.jpg 889w\" sizes=\"auto, (max-width: 1024px) 100vw, 1024px\" \/><figcaption id=\"caption-attachment-51624\" class=\"wp-caption-text\">Fotograf\u00eda: Especial.<\/figcaption><\/figure>\n<p><strong>Regreso obligado<\/strong><\/p>\n<p>Apenas un par de semanas despu\u00e9s de que el secretario de Salud, Daniel D\u00edaz Mart\u00ednez, hablara de las afectaciones en el servicio a los pacientes porque 2 mil trabajadores de la salud se encuentran en confinamiento al pertenecer a un grupo vulnerable, se emiti\u00f3 una circular interna para anunciar que desde el pr\u00f3ximo 16 de julio tendr\u00e1n que regresar a las unidades m\u00e9dicas.<\/p>\n<p>En el documento fechado el 25 de junio de 2020, se establece que la reincorporaci\u00f3n se dar\u00e1 \u201cde conformidad con los criterios que se establezcan para tal efecto\u201d.<\/p>\n<p>La circular viene con la firma de Juan Manuel Mart\u00ednez Mu\u00f1oz, director general de la Secretar\u00eda de Salud, y con la de Jos\u00e9 Mart\u00edn Cano Mart\u00ednez, secretario general del sindicato SNTA secci\u00f3n 37.<\/p>\n<p>Con el inicio de la contingencia en Guanajuato fue enviado a casa el personal con alguna enfermedad como c\u00e1ncer, diabetes, hipertensi\u00f3n, VIH, mujeres embarazadas y adultos mayores.<\/p>\n<p>Lo anterior, para garantizar su salud por tratarse de personas que se encuentran en grupos de riesgo a complicaciones por COVID-19. <\/p>\n<figure id=\"attachment_51622\" aria-describedby=\"caption-attachment-51622\" style=\"width: 513px\" class=\"wp-caption aligncenter\"><img loading=\"lazy\" decoding=\"async\" data-attachment-id=\"51622\" data-permalink=\"https:\/\/www.grieta.org.mx\/index.php\/2020\/06\/26\/salud-ordena-regresar-a-personal-sanitario-vulnerable-a-covid-el-16-de-julio-con-la-pandemia-al-alza-guanajuato\/captura_de_pantalla_2020-06-26_a_las_19-48-48\/\" data-orig-file=\"https:\/\/www.grieta.org.mx\/wp-content\/uploads\/2020\/07\/Captura_de_pantalla_2020-06-26_a_las_19.48.48.png\" data-orig-size=\"513,664\" data-comments-opened=\"0\" data-image-meta=\"{&quot;aperture&quot;:&quot;0&quot;,&quot;credit&quot;:&quot;&quot;,&quot;camera&quot;:&quot;&quot;,&quot;caption&quot;:&quot;&quot;,&quot;created_timestamp&quot;:&quot;0&quot;,&quot;copyright&quot;:&quot;&quot;,&quot;focal_length&quot;:&quot;0&quot;,&quot;iso&quot;:&quot;0&quot;,&quot;shutter_speed&quot;:&quot;0&quot;,&quot;title&quot;:&quot;&quot;,&quot;orientation&quot;:&quot;0&quot;}\" data-image-title=\"Captura_de_pantalla_2020-06-26_a_las_19.48.48\" data-image-description=\"\" data-image-caption=\"&lt;p&gt;Imagen: PopLab&lt;\/p&gt;\n\" data-medium-file=\"https:\/\/www.grieta.org.mx\/wp-content\/uploads\/2020\/07\/Captura_de_pantalla_2020-06-26_a_las_19.48.48-232x300.png\" data-large-file=\"https:\/\/www.grieta.org.mx\/wp-content\/uploads\/2020\/07\/Captura_de_pantalla_2020-06-26_a_las_19.48.48.png\" src=\"http:\/\/www.grieta.org.mx\/wp-content\/uploads\/2020\/07\/Captura_de_pantalla_2020-06-26_a_las_19.48.48.png\" alt=\"\" width=\"513\" height=\"664\" class=\"size-full wp-image-51622\" srcset=\"https:\/\/www.grieta.org.mx\/wp-content\/uploads\/2020\/07\/Captura_de_pantalla_2020-06-26_a_las_19.48.48.png 513w, https:\/\/www.grieta.org.mx\/wp-content\/uploads\/2020\/07\/Captura_de_pantalla_2020-06-26_a_las_19.48.48-232x300.png 232w, https:\/\/www.grieta.org.mx\/wp-content\/uploads\/2020\/07\/Captura_de_pantalla_2020-06-26_a_las_19.48.48-386x500.png 386w\" sizes=\"auto, (max-width: 513px) 100vw, 513px\" \/><figcaption id=\"caption-attachment-51622\" class=\"wp-caption-text\">Imagen: PopLab<\/figcaption><\/figure>\n<p>Compras al precio m\u00e1s alto<\/p>\n<p>En las compras y servicios contratados por el Gobierno del Estado para atender la contingencia sanitaria, la Secretar\u00eda de Salud ha reportado la erogaci\u00f3n de 107 millones 346 mil 297 pesos, sin que haya pasado por alg\u00fan proceso de licitaci\u00f3n.<\/p>\n<p>Con el argumento de que se ha declarado una emergencia sanitaria, la legislaci\u00f3n vigente permite que las autoridades hagan compras por adjudicaci\u00f3n directa. En total son 80 conceptos los reportados del 16 de marzo al 19 de junio de 2020.<\/p>\n<p>En una comparativa hecha por POPLAB se detect\u00f3 que las compras m\u00e1s altas se dieron al proveedor que ofertaba el precio m\u00e1s elevado en el equipo de protecci\u00f3n para el personal de salud.<\/p>\n<p>Las mascarillas N95 se compraron a dos proveedores: Phoenix Farmac\u00e9utica e Intercontinental de Medicamentos, esta \u00faltima es una empresa que ha sido beneficiada durante los \u00faltimos ocho a\u00f1os con millonarios contratos para el abasto medicamentos y material de curaci\u00f3n.<\/p>\n<p>A Phoenix se compraron 10 mil mascarillas con un costo unitario de 62.64 pesos, mientras que a Intercontinental se le compraron 37 mil art\u00edculos, aunque el precio unitario se elev\u00f3 en 22.21 pesos.<\/p>\n<p>Un caso similar ocurri\u00f3 con la compra de batas desechables. Con las mismas caracter\u00edsticas, a Phoenix se le compraron 3 mil 500 art\u00edculos a 25.37 pesos cada una, mientras que a Intercontinental se pag\u00f3 cada bata a 30.50 pesos, pero se le compraron 14 mil art\u00edculos.<\/p>\n<p>El segundo contrato m\u00e1s cuantioso de la tabla, solo debajo del hospital inflable, fue para la compra de trajes de bioseguridad para el personal m\u00e9dico. A la empresa Grupo Lecamy se le pag\u00f3 13 millones 825 mil pesos por 39 mil 500 art\u00edculos.<\/p>\n<p>A Grupo Lecamy se le pag\u00f3 por cada traje 350 pesos, aunque otras farmac\u00e9uticas vendieron a la Secretar\u00eda de Salud el mismo art\u00edculo hasta 100 pesos m\u00e1s barato.<\/p>\n<p>Los primeros 500 trajes se adquirieron con Phoenix, cada uno tuvo un costo de 251 pesos. Intercontinental de Medicamentos tambi\u00e9n fue proveedor de trajes, a la empresa el Gobierno de Guanajuato le compr\u00f3 4 mil 500 art\u00edculos a 308.56 pesos cada uno.<\/p>\n<p>Grupo Lecamy es una empresa con domicilio fiscal en Ecatepec, Estado de M\u00e9xico, cuyos socios son Manuel Fragoso S\u00e1nchez y Adri\u00e1n Fragoso Trevi\u00f1o.<\/p>\n<figure id=\"attachment_51623\" aria-describedby=\"caption-attachment-51623\" style=\"width: 1920px\" class=\"wp-caption aligncenter\"><img loading=\"lazy\" decoding=\"async\" data-attachment-id=\"51623\" data-permalink=\"https:\/\/www.grieta.org.mx\/index.php\/2020\/06\/26\/salud-ordena-regresar-a-personal-sanitario-vulnerable-a-covid-el-16-de-julio-con-la-pandemia-al-alza-guanajuato\/info_compras\/\" data-orig-file=\"https:\/\/www.grieta.org.mx\/wp-content\/uploads\/2020\/07\/INFO_compras.jpg\" data-orig-size=\"1920,1384\" data-comments-opened=\"0\" data-image-meta=\"{&quot;aperture&quot;:&quot;0&quot;,&quot;credit&quot;:&quot;&quot;,&quot;camera&quot;:&quot;&quot;,&quot;caption&quot;:&quot;&quot;,&quot;created_timestamp&quot;:&quot;0&quot;,&quot;copyright&quot;:&quot;&quot;,&quot;focal_length&quot;:&quot;0&quot;,&quot;iso&quot;:&quot;0&quot;,&quot;shutter_speed&quot;:&quot;0&quot;,&quot;title&quot;:&quot;&quot;,&quot;orientation&quot;:&quot;0&quot;}\" data-image-title=\"INFO_compras\" data-image-description=\"\" data-image-caption=\"&lt;p&gt;Imagen: PopLab&lt;\/p&gt;\n\" data-medium-file=\"https:\/\/www.grieta.org.mx\/wp-content\/uploads\/2020\/07\/INFO_compras-300x216.jpg\" data-large-file=\"https:\/\/www.grieta.org.mx\/wp-content\/uploads\/2020\/07\/INFO_compras-1024x738.jpg\" src=\"http:\/\/www.grieta.org.mx\/wp-content\/uploads\/2020\/07\/INFO_compras.jpg\" alt=\"\" width=\"1920\" height=\"1384\" class=\"size-full wp-image-51623\" srcset=\"https:\/\/www.grieta.org.mx\/wp-content\/uploads\/2020\/07\/INFO_compras.jpg 1920w, https:\/\/www.grieta.org.mx\/wp-content\/uploads\/2020\/07\/INFO_compras-300x216.jpg 300w, https:\/\/www.grieta.org.mx\/wp-content\/uploads\/2020\/07\/INFO_compras-768x554.jpg 768w, https:\/\/www.grieta.org.mx\/wp-content\/uploads\/2020\/07\/INFO_compras-1024x738.jpg 1024w, https:\/\/www.grieta.org.mx\/wp-content\/uploads\/2020\/07\/INFO_compras-694x500.jpg 694w\" sizes=\"auto, (max-width: 1920px) 100vw, 1920px\" \/><figcaption id=\"caption-attachment-51623\" class=\"wp-caption-text\">Imagen: PopLab<\/figcaption><\/figure>\n<p><strong><br \/>\nSe acumulan 16 defunciones<\/strong><\/p>\n<p>Guanajuato se acerca a los 8 mil casos confirmados de coronavirus, 406 confirmados en las \u00faltimas 24 horas. 16 fueron las nuevas defunciones.<\/p>\n<p><a href=\"https:\/\/poplab.mx\/article\/SaludordenaregresarapersonalsanitariovulnerableaCOVIDel16dejulioconlapandemiaalalza\">https:\/\/poplab.mx\/article\/SaludordenaregresarapersonalsanitariovulnerableaCOVIDel16dejulioconlapandemiaalalza<\/a><\/p>\n","protected":false},"excerpt":{"rendered":"<p>El Gobierno de Guanajuato ha hecho contratos por adjudicaci\u00f3n directa por m\u00e1s de 107 millones de pesos, comprando la mayor cantidad de art\u00edculos del equipo de protecci\u00f3n al costo m\u00e1s &hellip; <a href=\"https:\/\/www.grieta.org.mx\/index.php\/2020\/06\/26\/salud-ordena-regresar-a-personal-sanitario-vulnerable-a-covid-el-16-de-julio-con-la-pandemia-al-alza-guanajuato\/\" class=\"more-link\">Leer m\u00e1s<\/a><\/p>\n","protected":false},"author":2,"featured_media":51621,"comment_status":"closed","ping_status":"closed","sticky":false,"template":"","format":"standard","meta":{"ngg_post_thumbnail":0,"_jetpack_newsletter_access":"","_jetpack_dont_email_post_to_subs":false,"_jetpack_newsletter_tier_id":0,"_jetpack_memberships_contains_paywalled_content":false,"_jetpack_memberships_contains_paid_content":false,"footnotes":""},"categories":[80,3239,2595,17],"tags":[3241,2367],"class_list":["post-51620","post","type-post","status-publish","format-standard","has-post-thumbnail","hentry","category-cintillo","category-covid-19-en-guanajuato","category-crisis-en-el-sector-salud-en-guanajuato","category-guanajuato","tag-covid-19","tag-crisis-en-el-sector-salud","entry"],"jetpack_featured_media_url":"https:\/\/www.grieta.org.mx\/wp-content\/uploads\/2020\/07\/INFO_JUNIO_26.jpg","jetpack_sharing_enabled":true,"jetpack_shortlink":"https:\/\/wp.me\/p7ZJR4-dqA","jetpack_likes_enabled":false,"jetpack-related-posts":[{"id":51465,"url":"https:\/\/www.grieta.org.mx\/index.php\/2020\/06\/17\/salamanca-sin-camas-para-pacientes-covid-rompe-record-de-casos-guanajuato\/","url_meta":{"origin":51620,"position":0},"title":"Salamanca sin camas para pacientes Covid, rompe record de casos (Guanajuato)","author":"grieta","date":"17 junio, 2020","format":false,"excerpt":"Her\u00e9ndira Gonz\u00e1lez \/ Meganoticias, 17-06-2020 Salamanca ya no cuenta con camas disponibles para pacientes Covid, Salamanca entr\u00f3 en un record hist\u00f3rico al confirmar 30 nuevos casos, en 24 horas. Actualmente Salamanca tiene 278 casos confirmados. La jurisdicci\u00f3n sanitaria V y sus municipios que la conforman Uriangato, Morole\u00f3n, Yuriria, Jaral del\u2026","rel":"","context":"En &quot;CINTILLO&quot;","block_context":{"text":"CINTILLO","link":"https:\/\/www.grieta.org.mx\/index.php\/category\/cintillo\/"},"img":{"alt_text":"","src":"https:\/\/i0.wp.com\/www.grieta.org.mx\/wp-content\/uploads\/2018\/03\/14524434_1106112876131411_958039263622046936_o.jpg?resize=350%2C200&ssl=1","width":350,"height":200,"srcset":"https:\/\/i0.wp.com\/www.grieta.org.mx\/wp-content\/uploads\/2018\/03\/14524434_1106112876131411_958039263622046936_o.jpg?resize=350%2C200&ssl=1 1x, https:\/\/i0.wp.com\/www.grieta.org.mx\/wp-content\/uploads\/2018\/03\/14524434_1106112876131411_958039263622046936_o.jpg?resize=525%2C300&ssl=1 1.5x, https:\/\/i0.wp.com\/www.grieta.org.mx\/wp-content\/uploads\/2018\/03\/14524434_1106112876131411_958039263622046936_o.jpg?resize=700%2C400&ssl=1 2x"},"classes":[]},{"id":50022,"url":"https:\/\/www.grieta.org.mx\/index.php\/2020\/05\/26\/en-guanajuato-covid-19-arrebato-la-vida-a-5-trabajadores-de-la-salud-hay-102-contagiados\/","url_meta":{"origin":51620,"position":1},"title":"En Guanajuato, covid-19 arrebat\u00f3 la vida a 5 trabajadores de la salud; hay 102 contagiados","author":"grieta","date":"26 mayo, 2020","format":false,"excerpt":"Ver\u00f3nica Espinosa\/ Proceso, 26 de mayo de 2020 GUANAJUATO, Gto. (apro).- Los trabajadores de la salud fallecidos en la entidad a causa del covid-19 suman cinco hasta este mi\u00e9rcoles y 102 los contagiados, seg\u00fan el reporte la Secretar\u00eda de Salud. Ayer muri\u00f3 un m\u00e9dico de 53 a\u00f1os que laboraba en\u2026","rel":"","context":"En &quot;CINTILLO&quot;","block_context":{"text":"CINTILLO","link":"https:\/\/www.grieta.org.mx\/index.php\/category\/cintillo\/"},"img":{"alt_text":"","src":"https:\/\/i0.wp.com\/www.grieta.org.mx\/wp-content\/uploads\/2020\/05\/Guanajuato-870x522.jpg?resize=350%2C200&ssl=1","width":350,"height":200,"srcset":"https:\/\/i0.wp.com\/www.grieta.org.mx\/wp-content\/uploads\/2020\/05\/Guanajuato-870x522.jpg?resize=350%2C200&ssl=1 1x, https:\/\/i0.wp.com\/www.grieta.org.mx\/wp-content\/uploads\/2020\/05\/Guanajuato-870x522.jpg?resize=525%2C300&ssl=1 1.5x, https:\/\/i0.wp.com\/www.grieta.org.mx\/wp-content\/uploads\/2020\/05\/Guanajuato-870x522.jpg?resize=700%2C400&ssl=1 2x"},"classes":[]},{"id":49816,"url":"https:\/\/www.grieta.org.mx\/index.php\/2020\/05\/15\/despiden-a-dos-medicos-que-solicitaron-insumos-en-guanajuato\/","url_meta":{"origin":51620,"position":2},"title":"Despiden a dos m\u00e9dicos que solicitaron insumos en Guanajuato","author":"grieta","date":"15 mayo, 2020","format":false,"excerpt":"Una de las empleadas despedidas acot\u00f3 que no le han presentado el documento que avale la baja; la demanda era por productos m\u00e9dicos y medidas de seguridad ante el Covid-19 REdacci\u00f3n Eje Central, 15 de mayo de 2020 La pandemia de Covid-19 contin\u00faa dejando estragos en nuestro pa\u00eds, uno de\u2026","rel":"","context":"En &quot;CINTILLO&quot;","block_context":{"text":"CINTILLO","link":"https:\/\/www.grieta.org.mx\/index.php\/category\/cintillo\/"},"img":{"alt_text":"","src":"https:\/\/i0.wp.com\/www.grieta.org.mx\/wp-content\/uploads\/2018\/03\/14524434_1106112876131411_958039263622046936_o.jpg?resize=350%2C200&ssl=1","width":350,"height":200,"srcset":"https:\/\/i0.wp.com\/www.grieta.org.mx\/wp-content\/uploads\/2018\/03\/14524434_1106112876131411_958039263622046936_o.jpg?resize=350%2C200&ssl=1 1x, https:\/\/i0.wp.com\/www.grieta.org.mx\/wp-content\/uploads\/2018\/03\/14524434_1106112876131411_958039263622046936_o.jpg?resize=525%2C300&ssl=1 1.5x, https:\/\/i0.wp.com\/www.grieta.org.mx\/wp-content\/uploads\/2018\/03\/14524434_1106112876131411_958039263622046936_o.jpg?resize=700%2C400&ssl=1 2x"},"classes":[]},{"id":52005,"url":"https:\/\/www.grieta.org.mx\/index.php\/2020\/07\/22\/hace-crisis-falta-de-prestaciones-laborales-a-trabajadores-de-la-salud-en-guanajuato-rechazan-propaganda-oficial\/","url_meta":{"origin":51620,"position":3},"title":"Hace crisis falta de prestaciones laborales a trabajadores de la salud en Guanajuato; rechazan propaganda oficial","author":"grieta","date":"22 julio, 2020","format":false,"excerpt":"Comunidad de profesionales sanitarios cuestiona condiciones laborales \"competitivas\" del Instituto de Salud P\u00fablica de Guanajuato PopLab \/ 22 de julio de 2020 Al tiempo que la entidad se colocaba en el 2\u00b0 lugar de contagios activos por COVID-19, el personal de salud organiz\u00f3 una manifestaci\u00f3n masiva en redes sociales contra\u2026","rel":"","context":"En &quot;CINTILLO&quot;","block_context":{"text":"CINTILLO","link":"https:\/\/www.grieta.org.mx\/index.php\/category\/cintillo\/"},"img":{"alt_text":"","src":"https:\/\/i0.wp.com\/www.grieta.org.mx\/wp-content\/uploads\/2020\/07\/03-1-scaled.jpg?resize=350%2C200&ssl=1","width":350,"height":200,"srcset":"https:\/\/i0.wp.com\/www.grieta.org.mx\/wp-content\/uploads\/2020\/07\/03-1-scaled.jpg?resize=350%2C200&ssl=1 1x, https:\/\/i0.wp.com\/www.grieta.org.mx\/wp-content\/uploads\/2020\/07\/03-1-scaled.jpg?resize=525%2C300&ssl=1 1.5x, https:\/\/i0.wp.com\/www.grieta.org.mx\/wp-content\/uploads\/2020\/07\/03-1-scaled.jpg?resize=700%2C400&ssl=1 2x, https:\/\/i0.wp.com\/www.grieta.org.mx\/wp-content\/uploads\/2020\/07\/03-1-scaled.jpg?resize=1050%2C600&ssl=1 3x, https:\/\/i0.wp.com\/www.grieta.org.mx\/wp-content\/uploads\/2020\/07\/03-1-scaled.jpg?resize=1400%2C800&ssl=1 4x"},"classes":[]},{"id":49083,"url":"https:\/\/www.grieta.org.mx\/index.php\/2020\/05\/02\/estudiantes-de-medicina-exigen-garantias-para-volver-a-atender-pacientes-guanajuato\/","url_meta":{"origin":51620,"position":4},"title":"Estudiantes de medicina exigen garant\u00edas para volver a atender pacientes (Guanajuato)","author":"grieta","date":"2 mayo, 2020","format":false,"excerpt":"Ver\u00f3nica Espinosa 2 de mayo de 2020 \/ proceso GUANAJUATO, Gto. (proceso.com.mx).\u2013 Asociaciones de estudiantes de medicina que se encuentran en calidad de pregrado \u2013pasantes de servicio social, internos\u2013 demandaron que se les permita continuar con su ciclo acad\u00e9mico fuera de los campos cl\u00ednicos, se respeten las jornadas laborales y\u2026","rel":"","context":"En &quot;CINTILLO&quot;","block_context":{"text":"CINTILLO","link":"https:\/\/www.grieta.org.mx\/index.php\/category\/cintillo\/"},"img":{"alt_text":"","src":"https:\/\/i0.wp.com\/www.grieta.org.mx\/wp-content\/uploads\/2020\/05\/https-_cdn.proceso.com_.mx_media_2020_04_Medicina-UNAM.jpg?resize=350%2C200&ssl=1","width":350,"height":200,"srcset":"https:\/\/i0.wp.com\/www.grieta.org.mx\/wp-content\/uploads\/2020\/05\/https-_cdn.proceso.com_.mx_media_2020_04_Medicina-UNAM.jpg?resize=350%2C200&ssl=1 1x, https:\/\/i0.wp.com\/www.grieta.org.mx\/wp-content\/uploads\/2020\/05\/https-_cdn.proceso.com_.mx_media_2020_04_Medicina-UNAM.jpg?resize=525%2C300&ssl=1 1.5x, https:\/\/i0.wp.com\/www.grieta.org.mx\/wp-content\/uploads\/2020\/05\/https-_cdn.proceso.com_.mx_media_2020_04_Medicina-UNAM.jpg?resize=700%2C400&ssl=1 2x"},"classes":[]},{"id":54928,"url":"https:\/\/www.grieta.org.mx\/index.php\/2020\/11\/05\/solo-en-leon-170-contagios-de-trabajadores-de-la-salud-en-los-ultimos-14-dias-guanajuato-quinto-en-ese-rubro\/","url_meta":{"origin":51620,"position":5},"title":"Solo en Le\u00f3n, 170 contagios de trabajadores de la salud en los \u00faltimos 14 d\u00edas; Guanajuato, quinto en ese rubro","author":"grieta","date":"5 noviembre, 2020","format":false,"excerpt":"Los acumulados de COVID-19 en la entidad rozan ya los 52 mil casos y las 3,500 defunciones POPLab, 04 de noviembre de 2020 Le\u00f3n, Guanajuato.- La movilidad generada en Guanajuato con la instalaci\u00f3n del amarillo en el sem\u00e1foro de reactivaci\u00f3n, decretada por el gobierno del estado a partir del 5\u2026","rel":"","context":"En &quot;CINTILLO&quot;","block_context":{"text":"CINTILLO","link":"https:\/\/www.grieta.org.mx\/index.php\/category\/cintillo\/"},"img":{"alt_text":"","src":"https:\/\/i0.wp.com\/www.grieta.org.mx\/wp-content\/uploads\/2018\/03\/14524434_1106112876131411_958039263622046936_o.jpg?resize=350%2C200&ssl=1","width":350,"height":200,"srcset":"https:\/\/i0.wp.com\/www.grieta.org.mx\/wp-content\/uploads\/2018\/03\/14524434_1106112876131411_958039263622046936_o.jpg?resize=350%2C200&ssl=1 1x, https:\/\/i0.wp.com\/www.grieta.org.mx\/wp-content\/uploads\/2018\/03\/14524434_1106112876131411_958039263622046936_o.jpg?resize=525%2C300&ssl=1 1.5x, https:\/\/i0.wp.com\/www.grieta.org.mx\/wp-content\/uploads\/2018\/03\/14524434_1106112876131411_958039263622046936_o.jpg?resize=700%2C400&ssl=1 2x"},"classes":[]}],"_links":{"self":[{"href":"https:\/\/www.grieta.org.mx\/index.php\/wp-json\/wp\/v2\/posts\/51620","targetHints":{"allow":["GET"]}}],"collection":[{"href":"https:\/\/www.grieta.org.mx\/index.php\/wp-json\/wp\/v2\/posts"}],"about":[{"href":"https:\/\/www.grieta.org.mx\/index.php\/wp-json\/wp\/v2\/types\/post"}],"author":[{"embeddable":true,"href":"https:\/\/www.grieta.org.mx\/index.php\/wp-json\/wp\/v2\/users\/2"}],"replies":[{"embeddable":true,"href":"https:\/\/www.grieta.org.mx\/index.php\/wp-json\/wp\/v2\/comments?post=51620"}],"version-history":[{"count":1,"href":"https:\/\/www.grieta.org.mx\/index.php\/wp-json\/wp\/v2\/posts\/51620\/revisions"}],"predecessor-version":[{"id":51625,"href":"https:\/\/www.grieta.org.mx\/index.php\/wp-json\/wp\/v2\/posts\/51620\/revisions\/51625"}],"wp:featuredmedia":[{"embeddable":true,"href":"https:\/\/www.grieta.org.mx\/index.php\/wp-json\/wp\/v2\/media\/51621"}],"wp:attachment":[{"href":"https:\/\/www.grieta.org.mx\/index.php\/wp-json\/wp\/v2\/media?parent=51620"}],"wp:term":[{"taxonomy":"category","embeddable":true,"href":"https:\/\/www.grieta.org.mx\/index.php\/wp-json\/wp\/v2\/categories?post=51620"},{"taxonomy":"post_tag","embeddable":true,"href":"https:\/\/www.grieta.org.mx\/index.php\/wp-json\/wp\/v2\/tags?post=51620"}],"curies":[{"name":"wp","href":"https:\/\/api.w.org\/{rel}","templated":true}]}}