{"id":51502,"date":"2020-07-01T11:46:09","date_gmt":"2020-07-01T16:46:09","guid":{"rendered":"http:\/\/www.grieta.org.mx\/?p=51502"},"modified":"2020-07-04T11:50:24","modified_gmt":"2020-07-04T16:50:24","slug":"nuevamente-protestan-vecinos-por-falta-de-agua-en-aguascalientes","status":"publish","type":"post","link":"https:\/\/www.grieta.org.mx\/index.php\/2020\/07\/01\/nuevamente-protestan-vecinos-por-falta-de-agua-en-aguascalientes\/","title":{"rendered":"NUEVAMENTE PROTESTAN VECINOS POR FALTA DE AGUA EN AGUASCALIENTES"},"content":{"rendered":"<p>Gabriel Soriano\/La Jornada Aguascalientes<br \/>\n1 julio 2020<\/p>\n<p><img loading=\"lazy\" decoding=\"async\" data-attachment-id=\"51503\" data-permalink=\"https:\/\/www.grieta.org.mx\/index.php\/2020\/07\/01\/nuevamente-protestan-vecinos-por-falta-de-agua-en-aguascalientes\/protesta-agua\/\" data-orig-file=\"https:\/\/www.grieta.org.mx\/wp-content\/uploads\/2020\/07\/protesta-agua.jpg\" data-orig-size=\"275,183\" data-comments-opened=\"0\" data-image-meta=\"{&quot;aperture&quot;:&quot;0&quot;,&quot;credit&quot;:&quot;&quot;,&quot;camera&quot;:&quot;&quot;,&quot;caption&quot;:&quot;&quot;,&quot;created_timestamp&quot;:&quot;0&quot;,&quot;copyright&quot;:&quot;&quot;,&quot;focal_length&quot;:&quot;0&quot;,&quot;iso&quot;:&quot;0&quot;,&quot;shutter_speed&quot;:&quot;0&quot;,&quot;title&quot;:&quot;&quot;,&quot;orientation&quot;:&quot;0&quot;}\" data-image-title=\"protesta agua\" data-image-description=\"\" data-image-caption=\"\" data-medium-file=\"https:\/\/www.grieta.org.mx\/wp-content\/uploads\/2020\/07\/protesta-agua.jpg\" data-large-file=\"https:\/\/www.grieta.org.mx\/wp-content\/uploads\/2020\/07\/protesta-agua.jpg\" src=\"http:\/\/www.grieta.org.mx\/wp-content\/uploads\/2020\/07\/protesta-agua.jpg\" alt=\"\" width=\"275\" height=\"183\" class=\"aligncenter size-full wp-image-51503\" \/><\/p>\n<p>\u201cEl pueblo ya se cans\u00f3 de promesas, es necesario que sepamos cu\u00e1l ser\u00e1 el destino del servicio del agua\u201d<br \/>\nAcusan de cobros excesivos, cobros a pesar de no contar con el servicio, desabastos frecuentes y tandeos<br \/>\nUna vez m\u00e1s, vecinos se manifiestan frente al palacio municipal pues no han tenido agua desde hace d\u00edas. Exigen a la alcaldesa, Teresa Jim\u00e9nez Esquivel, que cumpla y quite a Veolia como concesionaria. <\/p>\n<p>Desde el inicio del a\u00f1o, varias colonias se han manifestado frente al palacio municipal para exigir el abasto de agua. Es frecuente escuchar que vecinos de Periodistas, Cumbres, Guadalupe Peralta, Rodolfo Landeros, Mac\u00edas Arellano y Villas de las Palmas por falta de agua se manifiesten por falta de agua.<\/p>\n<p>En anteriores protestas, el grupo de manifestantes no rebasaban las cincuenta personas, esta vez fueron cerca de ciento cincuenta asistentes quienes cargando pancartas se manifestaron pasadas las 10:00 de la ma\u00f1ana.<\/p>\n<p>\u201cEl pueblo ya se cans\u00f3 de promesas y es necesario que sepamos cu\u00e1l ser\u00e1 el destino del servicio del agua, que se resuelvan los problemas\u201d, coment\u00f3 uno de los manifestantes.<\/p>\n<p>Cobros excesivos, cobros a pesar de no contar con el servicio, desabastos frecuentes y tandeos son los motivos que siguen obligando a las personas a continuar moviliz\u00e1ndose para expresar su inconformidad con la concesionaria. \u201cFuera Veolia\u201d es lo que ped\u00edan los protestantes.<\/p>\n<p>Tras la protesta frente al palacio, tapizaron la fachada con los carteles que cargaban, bloqueando las puertas y las ventanas. \u201cSin verg\u00fcenzas, puro aire, nada de agua\u201d, \u201cTeresa c\u00f3mplice de Veolia, paren de robar al pueblo\u201d, son algunas de las consignas con las que se manifestaron.<\/p>\n<p><a href=\"https:\/\/www.lja.mx\/2020\/07\/nuevamente-protestan-vecinos-por-falta-de-agua-en-aguascalientes\/\" rel=\"noopener noreferrer\" target=\"_blank\">https:\/\/www.lja.mx\/2020\/07\/nuevamente-protestan-vecinos-por-falta-de-agua-en-aguascalientes\/<\/a><\/p>\n","protected":false},"excerpt":{"rendered":"<p>Gabriel Soriano\/La Jornada Aguascalientes 1 julio 2020 \u201cEl pueblo ya se cans\u00f3 de promesas, es necesario que sepamos cu\u00e1l ser\u00e1 el destino del servicio del agua\u201d Acusan de cobros excesivos, &hellip; <a href=\"https:\/\/www.grieta.org.mx\/index.php\/2020\/07\/01\/nuevamente-protestan-vecinos-por-falta-de-agua-en-aguascalientes\/\" class=\"more-link\">Leer m\u00e1s<\/a><\/p>\n","protected":false},"author":2,"featured_media":51503,"comment_status":"closed","ping_status":"closed","sticky":false,"template":"","format":"standard","meta":{"ngg_post_thumbnail":0,"_jetpack_newsletter_access":"","_jetpack_dont_email_post_to_subs":false,"_jetpack_newsletter_tier_id":0,"_jetpack_memberships_contains_paywalled_content":false,"_jetpack_memberships_contains_paid_content":false,"footnotes":""},"categories":[4,80,914,3090,2,83],"tags":[2403,1120,3288],"class_list":["post-51502","post","type-post","status-publish","format-standard","has-post-thumbnail","hentry","category-aguascalientes","category-cintillo","category-privatizacion-del-agua","category-crisis-del-agua-en-aguascalientes","category-noticias-nacionales","category-temas-nacionales","tag-crisis-del-agua","tag-falta-de-agua","tag-protesta-vecinal","entry"],"jetpack_featured_media_url":"https:\/\/www.grieta.org.mx\/wp-content\/uploads\/2020\/07\/protesta-agua.jpg","jetpack_sharing_enabled":true,"jetpack_shortlink":"https:\/\/wp.me\/p7ZJR4-doG","jetpack_likes_enabled":false,"jetpack-related-posts":[{"id":56460,"url":"https:\/\/www.grieta.org.mx\/index.php\/2021\/01\/28\/vecinos-protestan-por-cobros-de-la-cea-de-hasta-70-mil-pesos-sin-tener-servicio-queretaro\/","url_meta":{"origin":51502,"position":0},"title":"VECINOS PROTESTAN POR COBROS DE LA CEA DE HASTA 70 MIL PESOS SIN TENER SERVICIO (Quer\u00e9taro)","author":"grieta","date":"28 enero, 2021","format":false,"excerpt":"INFOQROMEX Santiago de Quer\u00e9taro, Qro., a 28 de enero de 2021. Vecinos del fraccionamiento Paseos de San Miguel en la Delegaci\u00f3n F\u00e9lix Osores del municipio de Quer\u00e9taro protestan ante la Comisi\u00f3n Estatal de Aguas por cobros excesivos y la falta de servicio, hace seis a\u00f1os realizaron acuerdos con el Organismo\u2026","rel":"","context":"En &quot;CINTILLO&quot;","block_context":{"text":"CINTILLO","link":"https:\/\/www.grieta.org.mx\/index.php\/category\/cintillo\/"},"img":{"alt_text":"","src":"https:\/\/i0.wp.com\/www.grieta.org.mx\/wp-content\/uploads\/2021\/01\/VECINOS-PROTESTAN-POR-COBROS-DE-LA-CEA-DE-HASTA-70-MIL-PESOS-SIN-TENER-SERVICIO-qro-ene.jpg?resize=350%2C200&ssl=1","width":350,"height":200,"srcset":"https:\/\/i0.wp.com\/www.grieta.org.mx\/wp-content\/uploads\/2021\/01\/VECINOS-PROTESTAN-POR-COBROS-DE-LA-CEA-DE-HASTA-70-MIL-PESOS-SIN-TENER-SERVICIO-qro-ene.jpg?resize=350%2C200&ssl=1 1x, https:\/\/i0.wp.com\/www.grieta.org.mx\/wp-content\/uploads\/2021\/01\/VECINOS-PROTESTAN-POR-COBROS-DE-LA-CEA-DE-HASTA-70-MIL-PESOS-SIN-TENER-SERVICIO-qro-ene.jpg?resize=525%2C300&ssl=1 1.5x, https:\/\/i0.wp.com\/www.grieta.org.mx\/wp-content\/uploads\/2021\/01\/VECINOS-PROTESTAN-POR-COBROS-DE-LA-CEA-DE-HASTA-70-MIL-PESOS-SIN-TENER-SERVICIO-qro-ene.jpg?resize=700%2C400&ssl=1 2x"},"classes":[]},{"id":49053,"url":"https:\/\/www.grieta.org.mx\/index.php\/2020\/04\/24\/quieren-apoyos-por-covid-19-en-aguascalientes-se-manifiestan-musicos-gente-sin-agua-y-trabajadoras-sexuales\/","url_meta":{"origin":51502,"position":1},"title":"Quieren apoyos por COVID-19: En Aguascalientes se manifiestan m\u00fasicos, gente sin agua y trabajadoras sexuales","author":"grieta","date":"24 abril, 2020","format":false,"excerpt":"Francisco Corona Trejo\/La Jornada Aguascalientes 24\/04\/2020 Tan s\u00f3lo va la mitad del viernes 24 de abril, d\u00eda que tradicionalmente ser\u00eda de fiesta por su naturaleza previa a los festejos de San Marcos en plena verbena abrile\u00f1a de Aguascalientes, y ya hubo tres manifestaciones diferentes en el centro de Aguascalientes debido\u2026","rel":"","context":"En &quot;Aguascalientes&quot;","block_context":{"text":"Aguascalientes","link":"https:\/\/www.grieta.org.mx\/index.php\/category\/noticias-nacionales\/aguascalientes\/"},"img":{"alt_text":"","src":"https:\/\/i0.wp.com\/www.grieta.org.mx\/wp-content\/uploads\/2020\/05\/photo5557507267084003254.jpg?resize=350%2C200&ssl=1","width":350,"height":200,"srcset":"https:\/\/i0.wp.com\/www.grieta.org.mx\/wp-content\/uploads\/2020\/05\/photo5557507267084003254.jpg?resize=350%2C200&ssl=1 1x, https:\/\/i0.wp.com\/www.grieta.org.mx\/wp-content\/uploads\/2020\/05\/photo5557507267084003254.jpg?resize=525%2C300&ssl=1 1.5x, https:\/\/i0.wp.com\/www.grieta.org.mx\/wp-content\/uploads\/2020\/05\/photo5557507267084003254.jpg?resize=700%2C400&ssl=1 2x"},"classes":[]},{"id":59407,"url":"https:\/\/www.grieta.org.mx\/index.php\/2021\/05\/14\/vecinos-de-tabachines-suman-30-horas-con-toma-de-pozo-denuncian-altos-cobros-y-desabasto-de-agua-jalisco\/","url_meta":{"origin":51502,"position":2},"title":"Vecinos de Tabachines suman 30 horas con toma de pozo, denuncian altos cobros y desabasto de agua (Jalisco)","author":"grieta","date":"14 mayo, 2021","format":false,"excerpt":"Foto: Edgar Flores Edgar Flores \/ El Diario NTR Mantienen vecinos de Tabachines, plant\u00f3n en pozo de agua. Ya son casi 30 horas de protesta, y acusan falta de soluciones por parte del director del Sistema Intermunicipal de los Servicios de Agua Potable y Alcantarillado (Siapa), Carlos Enrique Torres Lugo.\u2026","rel":"","context":"En &quot;CINTILLO&quot;","block_context":{"text":"CINTILLO","link":"https:\/\/www.grieta.org.mx\/index.php\/category\/cintillo\/"},"img":{"alt_text":"","src":"https:\/\/i0.wp.com\/www.grieta.org.mx\/wp-content\/uploads\/2021\/05\/2021-05-14_06-05-07___1052-e1621283364314.jpg?resize=350%2C200&ssl=1","width":350,"height":200,"srcset":"https:\/\/i0.wp.com\/www.grieta.org.mx\/wp-content\/uploads\/2021\/05\/2021-05-14_06-05-07___1052-e1621283364314.jpg?resize=350%2C200&ssl=1 1x, https:\/\/i0.wp.com\/www.grieta.org.mx\/wp-content\/uploads\/2021\/05\/2021-05-14_06-05-07___1052-e1621283364314.jpg?resize=525%2C300&ssl=1 1.5x, https:\/\/i0.wp.com\/www.grieta.org.mx\/wp-content\/uploads\/2021\/05\/2021-05-14_06-05-07___1052-e1621283364314.jpg?resize=700%2C400&ssl=1 2x"},"classes":[]},{"id":59798,"url":"https:\/\/www.grieta.org.mx\/index.php\/2021\/06\/12\/vecinos-de-tlaquepaque-tienen-meses-que-acarrean-agua-para-sus-hogares-jalisco\/","url_meta":{"origin":51502,"position":3},"title":"Vecinos de Tlaquepaque tienen meses que acarrean agua para sus hogares (Jalisco)","author":"grieta","date":"12 junio, 2021","format":false,"excerpt":"Foto: Georgina Garc\u00eda Georgina Garc\u00eda \/ UDGTV No solo la zona norte de la ciudad carece de agua. En la privada de la Rep\u00fablica de Uruguay, del centro de San Pedro Tlaquepaque, tienen meses con un servicio intermitente. Los vecinos tuvieron que conseguir tinacos que colocaron afuera de sus viviendas\u2026","rel":"","context":"En &quot;CINTILLO&quot;","block_context":{"text":"CINTILLO","link":"https:\/\/www.grieta.org.mx\/index.php\/category\/cintillo\/"},"img":{"alt_text":"","src":"https:\/\/i0.wp.com\/www.grieta.org.mx\/wp-content\/uploads\/2021\/06\/Agua-Georgina-Garci%CC%81a-Soli%CC%81s-560x420-1.jpeg?resize=350%2C200&ssl=1","width":350,"height":200,"srcset":"https:\/\/i0.wp.com\/www.grieta.org.mx\/wp-content\/uploads\/2021\/06\/Agua-Georgina-Garci%CC%81a-Soli%CC%81s-560x420-1.jpeg?resize=350%2C200&ssl=1 1x, https:\/\/i0.wp.com\/www.grieta.org.mx\/wp-content\/uploads\/2021\/06\/Agua-Georgina-Garci%CC%81a-Soli%CC%81s-560x420-1.jpeg?resize=525%2C300&ssl=1 1.5x"},"classes":[]},{"id":49012,"url":"https:\/\/www.grieta.org.mx\/index.php\/2020\/05\/12\/vecinos-de-ecatepec-piden-agua-afuera-de-palacio-nacional-estado-de-mexico\/","url_meta":{"origin":51502,"position":4},"title":"Vecinos de Ecatepec piden agua afuera de Palacio Nacional (Estado de M\u00e9xico)","author":"grieta","date":"12 mayo, 2020","format":false,"excerpt":"Foto: Jos\u00e9 Antonio Garc\u00eda Jos\u00e9 Antonio Garc\u00eda \/ Excelsior Piden les sea reinstalado el suministro de agua potable a trav\u00e9s de la red hidr\u00e1ulica ya que desde hace 30 d\u00edas no hay servicio Vecinos de las colonias Florida, Alborada de Arag\u00f3n, Parques de Arag\u00f3n, Villas Cosmos y Fuentes, todas del\u2026","rel":"","context":"En &quot;CINTILLO&quot;","block_context":{"text":"CINTILLO","link":"https:\/\/www.grieta.org.mx\/index.php\/category\/cintillo\/"},"img":{"alt_text":"","src":"https:\/\/i0.wp.com\/www.grieta.org.mx\/wp-content\/uploads\/2020\/05\/Vecinos-de-Ecatepec-piden-agua-afuera-de-Palacio-Nacional-edomex-may.jpg?resize=350%2C200&ssl=1","width":350,"height":200,"srcset":"https:\/\/i0.wp.com\/www.grieta.org.mx\/wp-content\/uploads\/2020\/05\/Vecinos-de-Ecatepec-piden-agua-afuera-de-Palacio-Nacional-edomex-may.jpg?resize=350%2C200&ssl=1 1x, https:\/\/i0.wp.com\/www.grieta.org.mx\/wp-content\/uploads\/2020\/05\/Vecinos-de-Ecatepec-piden-agua-afuera-de-Palacio-Nacional-edomex-may.jpg?resize=525%2C300&ssl=1 1.5x"},"classes":[]},{"id":49043,"url":"https:\/\/www.grieta.org.mx\/index.php\/2016\/02\/13\/la-privatizacion-del-agua-el-caso-del-municipio-de-aguascalientes\/","url_meta":{"origin":51502,"position":5},"title":"La privatizaci\u00f3n del Agua, el caso del municipio de Aguascalientes","author":"grieta","date":"13 febrero, 2016","format":false,"excerpt":"EL CHICOTE En la actualidad mucho se ha dicho sobre que los servicios p\u00fablicos (agua, luz, servicio de recolecci\u00f3n de basura, etc.) privatizados son m\u00e1s \u201ceficaces\u201d y \u201ceficientes\u201d que s\u00ed los mantuviera el gobierno, ya que es \u201cineficiente\u201d. En ese sentido Pe\u00f1a Nieto y el Congreso de la Uni\u00f3n han\u2026","rel":"","context":"En &quot;Aguascalientes&quot;","block_context":{"text":"Aguascalientes","link":"https:\/\/www.grieta.org.mx\/index.php\/category\/noticias-nacionales\/aguascalientes\/"},"img":{"alt_text":"","src":"https:\/\/i0.wp.com\/www.grieta.org.mx\/wp-content\/uploads\/2020\/05\/privatizcic3b3n-del-agua.jpg?resize=350%2C200&ssl=1","width":350,"height":200,"srcset":"https:\/\/i0.wp.com\/www.grieta.org.mx\/wp-content\/uploads\/2020\/05\/privatizcic3b3n-del-agua.jpg?resize=350%2C200&ssl=1 1x, https:\/\/i0.wp.com\/www.grieta.org.mx\/wp-content\/uploads\/2020\/05\/privatizcic3b3n-del-agua.jpg?resize=525%2C300&ssl=1 1.5x"},"classes":[]}],"_links":{"self":[{"href":"https:\/\/www.grieta.org.mx\/index.php\/wp-json\/wp\/v2\/posts\/51502","targetHints":{"allow":["GET"]}}],"collection":[{"href":"https:\/\/www.grieta.org.mx\/index.php\/wp-json\/wp\/v2\/posts"}],"about":[{"href":"https:\/\/www.grieta.org.mx\/index.php\/wp-json\/wp\/v2\/types\/post"}],"author":[{"embeddable":true,"href":"https:\/\/www.grieta.org.mx\/index.php\/wp-json\/wp\/v2\/users\/2"}],"replies":[{"embeddable":true,"href":"https:\/\/www.grieta.org.mx\/index.php\/wp-json\/wp\/v2\/comments?post=51502"}],"version-history":[{"count":1,"href":"https:\/\/www.grieta.org.mx\/index.php\/wp-json\/wp\/v2\/posts\/51502\/revisions"}],"predecessor-version":[{"id":51504,"href":"https:\/\/www.grieta.org.mx\/index.php\/wp-json\/wp\/v2\/posts\/51502\/revisions\/51504"}],"wp:featuredmedia":[{"embeddable":true,"href":"https:\/\/www.grieta.org.mx\/index.php\/wp-json\/wp\/v2\/media\/51503"}],"wp:attachment":[{"href":"https:\/\/www.grieta.org.mx\/index.php\/wp-json\/wp\/v2\/media?parent=51502"}],"wp:term":[{"taxonomy":"category","embeddable":true,"href":"https:\/\/www.grieta.org.mx\/index.php\/wp-json\/wp\/v2\/categories?post=51502"},{"taxonomy":"post_tag","embeddable":true,"href":"https:\/\/www.grieta.org.mx\/index.php\/wp-json\/wp\/v2\/tags?post=51502"}],"curies":[{"name":"wp","href":"https:\/\/api.w.org\/{rel}","templated":true}]}}