{"id":51467,"date":"2020-06-25T17:14:49","date_gmt":"2020-06-25T22:14:49","guid":{"rendered":"http:\/\/www.grieta.org.mx\/?p=51467"},"modified":"2020-06-30T17:24:00","modified_gmt":"2020-06-30T22:24:00","slug":"cedh-interviene-en-el-caso-de-joven-baleado-por-elementos-de-la-gn-en-michoacan","status":"publish","type":"post","link":"https:\/\/www.grieta.org.mx\/index.php\/2020\/06\/25\/cedh-interviene-en-el-caso-de-joven-baleado-por-elementos-de-la-gn-en-michoacan\/","title":{"rendered":"CEDH interviene en el caso de joven baleado por elementos de la GN, en Michoac\u00e1n"},"content":{"rendered":"<figure id=\"attachment_51468\" aria-describedby=\"caption-attachment-51468\" style=\"width: 1024px\" class=\"wp-caption aligncenter\"><img loading=\"lazy\" decoding=\"async\" data-attachment-id=\"51468\" data-permalink=\"https:\/\/www.grieta.org.mx\/index.php\/2020\/06\/25\/cedh-interviene-en-el-caso-de-joven-baleado-por-elementos-de-la-gn-en-michoacan\/https-_cdn-proceso-com-mx_media_2020_06_cedh\/\" data-orig-file=\"https:\/\/www.grieta.org.mx\/wp-content\/uploads\/2020\/06\/https-_cdn.proceso.com_.mx_media_2020_06_cedh.jpg\" data-orig-size=\"1024,684\" data-comments-opened=\"0\" data-image-meta=\"{&quot;aperture&quot;:&quot;0&quot;,&quot;credit&quot;:&quot;&quot;,&quot;camera&quot;:&quot;&quot;,&quot;caption&quot;:&quot;&quot;,&quot;created_timestamp&quot;:&quot;0&quot;,&quot;copyright&quot;:&quot;&quot;,&quot;focal_length&quot;:&quot;0&quot;,&quot;iso&quot;:&quot;0&quot;,&quot;shutter_speed&quot;:&quot;0&quot;,&quot;title&quot;:&quot;&quot;,&quot;orientation&quot;:&quot;0&quot;}\" data-image-title=\"https _cdn.proceso.com.mx_media_2020_06_cedh\" data-image-description=\"\" data-image-caption=\"&lt;p&gt;Instalaciones de la Comisi\u00f3n Estatal de Derechos Humanos de Michoac\u00e1n. Foto: cedhmichoacan.org&lt;\/p&gt;\n\" data-medium-file=\"https:\/\/www.grieta.org.mx\/wp-content\/uploads\/2020\/06\/https-_cdn.proceso.com_.mx_media_2020_06_cedh-300x200.jpg\" data-large-file=\"https:\/\/www.grieta.org.mx\/wp-content\/uploads\/2020\/06\/https-_cdn.proceso.com_.mx_media_2020_06_cedh-1024x684.jpg\" src=\"http:\/\/www.grieta.org.mx\/wp-content\/uploads\/2020\/06\/https-_cdn.proceso.com_.mx_media_2020_06_cedh.jpg\" alt=\"\" width=\"1024\" height=\"684\" class=\"size-full wp-image-51468\" srcset=\"https:\/\/www.grieta.org.mx\/wp-content\/uploads\/2020\/06\/https-_cdn.proceso.com_.mx_media_2020_06_cedh.jpg 1024w, https:\/\/www.grieta.org.mx\/wp-content\/uploads\/2020\/06\/https-_cdn.proceso.com_.mx_media_2020_06_cedh-300x200.jpg 300w, https:\/\/www.grieta.org.mx\/wp-content\/uploads\/2020\/06\/https-_cdn.proceso.com_.mx_media_2020_06_cedh-768x513.jpg 768w, https:\/\/www.grieta.org.mx\/wp-content\/uploads\/2020\/06\/https-_cdn.proceso.com_.mx_media_2020_06_cedh-749x500.jpg 749w\" sizes=\"auto, (max-width: 1024px) 100vw, 1024px\" \/><figcaption id=\"caption-attachment-51468\" class=\"wp-caption-text\">Instalaciones de la Comisi\u00f3n Estatal de Derechos Humanos de Michoac\u00e1n. Foto: cedhmichoacan.org<\/figcaption><\/figure>\n<p>Francisco Castellanos J. \/ Proceso, 25 de  junio de 2020<\/p>\n<p>MORELIA, Mich., (apro).- La Comisi\u00f3n Estatal de Derechos Humanos (CEDH) inici\u00f3 una queja de oficio por el caso de un estudiante baleado durante un operativo realizado ayer por elementos de la Guardia Nacional (GN) en la tenencia de Guacamayas, municipio de L\u00e1zaro C\u00e1rdenas.<\/p>\n<p>Por instrucciones del encargado de despacho de la CEDH, Uble Mej\u00eda Mora, el visitador regional de L\u00e1zaro C\u00e1rdenas, Agust\u00edn Zapi\u00e9n Ram\u00edrez, integr\u00f3 el expediente LAZ\/191\/2020 por violaci\u00f3n al derecho a la integridad y seguridad personal, mismo que se remitir\u00e1 de manera inmediata a la Comisi\u00f3n Nacional de los Derechos Humanos (CNDH) por cuesti\u00f3n de competencia.<\/p>\n<p>De acuerdo con informaci\u00f3n period\u00edstica, un joven identificado como Meracik J.M.V., de 23 a\u00f1os, fue baleado en la tenencia de Guacamayas por elementos de la Guardia Nacional, cuando acud\u00eda a una tienda cercana a su domicilio.<\/p>\n<p>Los hechos ocurrieron tras un operativo de b\u00fasqueda y localizaci\u00f3n de delincuentes. Seg\u00fan la informaci\u00f3n difundida, los elementos de la GN, al verlo sospechoso, dispararon contra el estudiante en cuatro ocasiones, provoc\u00e1ndole lesiones en un brazo. Meracik fue atendido en el lugar por una ambulancia de Protecci\u00f3n Civil Municipal y luego trasladado a una cl\u00ednica particular.<\/p>\n<p>La CEDH reiter\u00f3 que toda detenci\u00f3n, sometimiento y aseguramiento de persona debe estar prevista como delictiva por la legislaci\u00f3n o como falta administrativa por las leyes secundarias, para no violentar la normatividad y que prevalezca en todo momento el respeto a los derechos humanos.<\/p>\n<p>El organismo se pronunci\u00f3 porque todo acto realizado por servidores p\u00fablicos para hacer cumplir la ley se realice conforme a las disposiciones establecidas en la Constituci\u00f3n Pol\u00edtica de los Estados Unidos Mexicanos, los tratados internacionales y las leyes y reglamentos locales disponibles.<\/p>\n<p><a href=\"https:\/\/www.proceso.com.mx\/635827\/cedh-interviene-en-el-caso-de-joven-baleado-por-elementos-de-la-gn-en-michoacan\">https:\/\/www.proceso.com.mx\/635827\/cedh-interviene-en-el-caso-de-joven-baleado-por-elementos-de-la-gn-en-michoacan<\/a><\/p>\n","protected":false},"excerpt":{"rendered":"<p>Francisco Castellanos J. \/ Proceso, 25 de junio de 2020 MORELIA, Mich., (apro).- La Comisi\u00f3n Estatal de Derechos Humanos (CEDH) inici\u00f3 una queja de oficio por el caso de un &hellip; <a href=\"https:\/\/www.grieta.org.mx\/index.php\/2020\/06\/25\/cedh-interviene-en-el-caso-de-joven-baleado-por-elementos-de-la-gn-en-michoacan\/\" class=\"more-link\">Leer m\u00e1s<\/a><\/p>\n","protected":false},"author":2,"featured_media":51468,"comment_status":"closed","ping_status":"closed","sticky":false,"template":"","format":"standard","meta":{"ngg_post_thumbnail":0,"_jetpack_newsletter_access":"","_jetpack_dont_email_post_to_subs":false,"_jetpack_newsletter_tier_id":0,"_jetpack_memberships_contains_paywalled_content":false,"_jetpack_memberships_contains_paid_content":false,"footnotes":""},"categories":[80,987,21,3570,3336],"tags":[614,1692],"class_list":["post-51467","post","type-post","status-publish","format-standard","has-post-thumbnail","hentry","category-cintillo","category-conflictos-y-resistencia-de-las-escuelas-normales-rurales-de-michoacan","category-michoacan","category-militarizacion-en-michoacan","category-violencia-delas-fuerzas-represivas-en-michoacan","tag-militarizacion","tag-represion-a-estudiantes","entry"],"jetpack_featured_media_url":"https:\/\/www.grieta.org.mx\/wp-content\/uploads\/2020\/06\/https-_cdn.proceso.com_.mx_media_2020_06_cedh.jpg","jetpack_sharing_enabled":true,"jetpack_shortlink":"https:\/\/wp.me\/p7ZJR4-do7","jetpack_likes_enabled":false,"jetpack-related-posts":[{"id":44776,"url":"https:\/\/www.grieta.org.mx\/index.php\/2020\/01\/16\/condicion-del-rio-lerma-estaria-provocando-leucemia-cancer-infantil-y-muerte-de-peces-en-la-piedad-cedh-investiga-michoacan\/","url_meta":{"origin":51467,"position":0},"title":"Condici\u00f3n del R\u00edo Lerma estar\u00eda provocando leucemia, c\u00e1ncer infantil y muerte de peces en La Piedad; CEDH investiga (Michoac\u00e1n)","author":"grieta","date":"16 enero, 2020","format":false,"excerpt":"Redacci\u00f3n \/ La Voz de Michoac\u00e1n, 16 de enero de 2020 Morelia, Michoac\u00e1n. La Comisi\u00f3n Estatal de los Derechos Humanos (CEDH) inici\u00f3 una investigaci\u00f3n de oficio por la afectaci\u00f3n a la salud de la poblaci\u00f3n, derivada de la contaminaci\u00f3n del R\u00edo Lerma en el municipio de La Piedad. De acuerdo\u2026","rel":"","context":"En &quot;CINTILLO&quot;","block_context":{"text":"CINTILLO","link":"https:\/\/www.grieta.org.mx\/index.php\/category\/cintillo\/"},"img":{"alt_text":"","src":"https:\/\/i0.wp.com\/www.grieta.org.mx\/wp-content\/uploads\/2020\/02\/https-_www.lavozdemichoacan.com_.mx_wp-content_uploads_2020_01_RC3ADo-Lerma.jpg?resize=350%2C200&ssl=1","width":350,"height":200,"srcset":"https:\/\/i0.wp.com\/www.grieta.org.mx\/wp-content\/uploads\/2020\/02\/https-_www.lavozdemichoacan.com_.mx_wp-content_uploads_2020_01_RC3ADo-Lerma.jpg?resize=350%2C200&ssl=1 1x, https:\/\/i0.wp.com\/www.grieta.org.mx\/wp-content\/uploads\/2020\/02\/https-_www.lavozdemichoacan.com_.mx_wp-content_uploads_2020_01_RC3ADo-Lerma.jpg?resize=525%2C300&ssl=1 1.5x, https:\/\/i0.wp.com\/www.grieta.org.mx\/wp-content\/uploads\/2020\/02\/https-_www.lavozdemichoacan.com_.mx_wp-content_uploads_2020_01_RC3ADo-Lerma.jpg?resize=700%2C400&ssl=1 2x"},"classes":[]},{"id":26435,"url":"https:\/\/www.grieta.org.mx\/index.php\/2018\/09\/10\/profesores-se-manifiestan-en-lazaro-cardenas-michoacan\/","url_meta":{"origin":51467,"position":1},"title":"Profesores se manifiestan en L\u00e1zaro C\u00e1rdenas, Michoac\u00e1n","author":"grieta","date":"10 septiembre, 2018","format":false,"excerpt":"Redacci\u00f3n\/ Noventa grados L\u00e1zaro C\u00e1rdenas, Mich., a 10 de septiembre del 2018.- Profesores de la regi\u00f3n Costa protestan este lunes en L\u00e1zaro C\u00e1rdenas en exigencia de pagos de prestaciones que les adeuda el gobierno del estado. Los profesores dijeron que el gobierno estatal tiene adeudos de bonos con ellos desde\u2026","rel":"","context":"En &quot;CINTILLO&quot;","block_context":{"text":"CINTILLO","link":"https:\/\/www.grieta.org.mx\/index.php\/category\/cintillo\/"},"img":{"alt_text":"","src":"https:\/\/i0.wp.com\/www.grieta.org.mx\/wp-content\/uploads\/2018\/09\/profesores-tren.jpg?resize=350%2C200&ssl=1","width":350,"height":200,"srcset":"https:\/\/i0.wp.com\/www.grieta.org.mx\/wp-content\/uploads\/2018\/09\/profesores-tren.jpg?resize=350%2C200&ssl=1 1x, https:\/\/i0.wp.com\/www.grieta.org.mx\/wp-content\/uploads\/2018\/09\/profesores-tren.jpg?resize=525%2C300&ssl=1 1.5x, https:\/\/i0.wp.com\/www.grieta.org.mx\/wp-content\/uploads\/2018\/09\/profesores-tren.jpg?resize=700%2C400&ssl=1 2x"},"classes":[]},{"id":53932,"url":"https:\/\/www.grieta.org.mx\/index.php\/2020\/09\/23\/exigen-aparicion-con-vida-de-jessica-joven-de-21-anos-desaparecida-en-morelia-michoacan\/","url_meta":{"origin":51467,"position":2},"title":"Exigen aparici\u00f3n con vida de Jessica, joven de 21 a\u00f1os desaparecida en Morelia (Michoac\u00e1n)","author":"grieta","date":"23 septiembre, 2020","format":false,"excerpt":"\u00a0 Carlos Arrieta \/ El Universal, 23 de septiembre de 2020 Morelia.- Familiares y colectivos feministas exigieron este mi\u00e9rcoles en Morelia la pronta aparici\u00f3n con vida de Jessica Gonz\u00e1lez Villase\u00f1or, una joven de 21 a\u00f1os de edad. Jessica fue vista por \u00faltima vez el pasado 21 de septiembre cuando sali\u00f3\u2026","rel":"","context":"En &quot;CINTILLO&quot;","block_context":{"text":"CINTILLO","link":"https:\/\/www.grieta.org.mx\/index.php\/category\/cintillo\/"},"img":{"alt_text":"","src":"https:\/\/i0.wp.com\/www.grieta.org.mx\/wp-content\/uploads\/2020\/10\/https-_www.eluniversal.com_.mx_sites_default_files_u5070_michoacan_1.jpg?resize=350%2C200&ssl=1","width":350,"height":200,"srcset":"https:\/\/i0.wp.com\/www.grieta.org.mx\/wp-content\/uploads\/2020\/10\/https-_www.eluniversal.com_.mx_sites_default_files_u5070_michoacan_1.jpg?resize=350%2C200&ssl=1 1x, https:\/\/i0.wp.com\/www.grieta.org.mx\/wp-content\/uploads\/2020\/10\/https-_www.eluniversal.com_.mx_sites_default_files_u5070_michoacan_1.jpg?resize=525%2C300&ssl=1 1.5x"},"classes":[]},{"id":35949,"url":"https:\/\/www.grieta.org.mx\/index.php\/2019\/04\/15\/tanhuato-y-yurecuaro-rebasados-para-atender-a-jornaleros-agricolas-michoacan\/","url_meta":{"origin":51467,"position":3},"title":"Tanhuato y Yur\u00e9cuaro, rebasados para atender a jornaleros agr\u00edcolas (Michoac\u00e1n)","author":"grieta","date":"15 abril, 2019","format":false,"excerpt":"La CEDH acepta que en los municipios no existen las condiciones adecuadas en los albergues DANIELA OSORIO \/ El Sol de Michoac\u00e1n, 15 de abril de 2019 Los municipios receptores de jornaleros agr\u00edcolas se encuentran rebasados por la cantidad de personas que hay en este sector, y sin apoyo de\u2026","rel":"","context":"En &quot;CINTILLO&quot;","block_context":{"text":"CINTILLO","link":"https:\/\/www.grieta.org.mx\/index.php\/category\/cintillo\/"},"img":{"alt_text":"","src":"https:\/\/i0.wp.com\/www.grieta.org.mx\/wp-content\/uploads\/2019\/07\/JORNALEROS-YURECUARO.jpg?resize=350%2C200&ssl=1","width":350,"height":200,"srcset":"https:\/\/i0.wp.com\/www.grieta.org.mx\/wp-content\/uploads\/2019\/07\/JORNALEROS-YURECUARO.jpg?resize=350%2C200&ssl=1 1x, https:\/\/i0.wp.com\/www.grieta.org.mx\/wp-content\/uploads\/2019\/07\/JORNALEROS-YURECUARO.jpg?resize=525%2C300&ssl=1 1.5x, https:\/\/i0.wp.com\/www.grieta.org.mx\/wp-content\/uploads\/2019\/07\/JORNALEROS-YURECUARO.jpg?resize=700%2C400&ssl=1 2x"},"classes":[]},{"id":29798,"url":"https:\/\/www.grieta.org.mx\/index.php\/2019\/02\/28\/planteles-cobaem-de-lc-se-suman-a-paro-contra-recortes-al-presupuesto-lazaro-cardenas-michoacan\/","url_meta":{"origin":51467,"position":4},"title":"Planteles Cobaem de LC se suman a paro contra recortes al presupuesto (L\u00e1zaro C\u00e1rdenas, Michoac\u00e1n)","author":"grieta","date":"28 febrero, 2019","format":false,"excerpt":"Arnulfo Mora\/Quadrat\u00edn L\u00c1ZARO C\u00c1RDENAS, Mich., 28 de febrero de 2019.- En defensa de sus prestaciones, maestros de los planteles Cobaem de este municipio y de Arteaga se suman al paro estatal este jueves y viernes, adem\u00e1s de que tomar\u00e1n las oficinas del SAT, dieron a conocer fuentes del Sindicato de\u2026","rel":"","context":"En &quot;CINTILLO&quot;","block_context":{"text":"CINTILLO","link":"https:\/\/www.grieta.org.mx\/index.php\/category\/cintillo\/"},"img":{"alt_text":"","src":"https:\/\/i0.wp.com\/www.grieta.org.mx\/wp-content\/uploads\/2019\/02\/cobaem1-1160x700.jpg?resize=350%2C200&ssl=1","width":350,"height":200,"srcset":"https:\/\/i0.wp.com\/www.grieta.org.mx\/wp-content\/uploads\/2019\/02\/cobaem1-1160x700.jpg?resize=350%2C200&ssl=1 1x, https:\/\/i0.wp.com\/www.grieta.org.mx\/wp-content\/uploads\/2019\/02\/cobaem1-1160x700.jpg?resize=525%2C300&ssl=1 1.5x, https:\/\/i0.wp.com\/www.grieta.org.mx\/wp-content\/uploads\/2019\/02\/cobaem1-1160x700.jpg?resize=700%2C400&ssl=1 2x, https:\/\/i0.wp.com\/www.grieta.org.mx\/wp-content\/uploads\/2019\/02\/cobaem1-1160x700.jpg?resize=1050%2C600&ssl=1 3x"},"classes":[]},{"id":41975,"url":"https:\/\/www.grieta.org.mx\/index.php\/2019\/12\/06\/cnte-bloquea-vias-del-tren-en-lazaro-cardenas-michoacan\/","url_meta":{"origin":51467,"position":5},"title":"CNTE bloquea v\u00edas del tren en L\u00e1zaro C\u00e1rdenas, Michoac\u00e1n","author":"grieta","date":"6 diciembre, 2019","format":false,"excerpt":"Diario de M\u00e9xico, 06 de diciembre de 2019 M\u00e9xico.-Integrantes de la Coordinadora Nacional de Trabajadores de la Educaci\u00f3n (CNTE) bloquearon las v\u00edas del tren del municipio de L\u00e1zaro C\u00e1rdenas, Michoac\u00e1n, en exigencia del pago de quincenas pendientes, aguinaldo y bonos. Se trata de docentes de telesecundarias de la secci\u00f3n DII-185,\u2026","rel":"","context":"En &quot;CINTILLO&quot;","block_context":{"text":"CINTILLO","link":"https:\/\/www.grieta.org.mx\/index.php\/category\/cintillo\/"},"img":{"alt_text":"","src":"https:\/\/i0.wp.com\/www.grieta.org.mx\/wp-content\/uploads\/2019\/12\/dede-6-12-19.jpg?resize=350%2C200&ssl=1","width":350,"height":200,"srcset":"https:\/\/i0.wp.com\/www.grieta.org.mx\/wp-content\/uploads\/2019\/12\/dede-6-12-19.jpg?resize=350%2C200&ssl=1 1x, https:\/\/i0.wp.com\/www.grieta.org.mx\/wp-content\/uploads\/2019\/12\/dede-6-12-19.jpg?resize=525%2C300&ssl=1 1.5x, https:\/\/i0.wp.com\/www.grieta.org.mx\/wp-content\/uploads\/2019\/12\/dede-6-12-19.jpg?resize=700%2C400&ssl=1 2x, https:\/\/i0.wp.com\/www.grieta.org.mx\/wp-content\/uploads\/2019\/12\/dede-6-12-19.jpg?resize=1050%2C600&ssl=1 3x"},"classes":[]}],"_links":{"self":[{"href":"https:\/\/www.grieta.org.mx\/index.php\/wp-json\/wp\/v2\/posts\/51467","targetHints":{"allow":["GET"]}}],"collection":[{"href":"https:\/\/www.grieta.org.mx\/index.php\/wp-json\/wp\/v2\/posts"}],"about":[{"href":"https:\/\/www.grieta.org.mx\/index.php\/wp-json\/wp\/v2\/types\/post"}],"author":[{"embeddable":true,"href":"https:\/\/www.grieta.org.mx\/index.php\/wp-json\/wp\/v2\/users\/2"}],"replies":[{"embeddable":true,"href":"https:\/\/www.grieta.org.mx\/index.php\/wp-json\/wp\/v2\/comments?post=51467"}],"version-history":[{"count":1,"href":"https:\/\/www.grieta.org.mx\/index.php\/wp-json\/wp\/v2\/posts\/51467\/revisions"}],"predecessor-version":[{"id":51469,"href":"https:\/\/www.grieta.org.mx\/index.php\/wp-json\/wp\/v2\/posts\/51467\/revisions\/51469"}],"wp:featuredmedia":[{"embeddable":true,"href":"https:\/\/www.grieta.org.mx\/index.php\/wp-json\/wp\/v2\/media\/51468"}],"wp:attachment":[{"href":"https:\/\/www.grieta.org.mx\/index.php\/wp-json\/wp\/v2\/media?parent=51467"}],"wp:term":[{"taxonomy":"category","embeddable":true,"href":"https:\/\/www.grieta.org.mx\/index.php\/wp-json\/wp\/v2\/categories?post=51467"},{"taxonomy":"post_tag","embeddable":true,"href":"https:\/\/www.grieta.org.mx\/index.php\/wp-json\/wp\/v2\/tags?post=51467"}],"curies":[{"name":"wp","href":"https:\/\/api.w.org\/{rel}","templated":true}]}}