{"id":514,"date":"2015-08-02T00:04:36","date_gmt":"2015-08-02T00:04:36","guid":{"rendered":"http:\/\/50.22.11.12\/~grietaor\/?p=514"},"modified":"2016-03-01T03:01:05","modified_gmt":"2016-03-01T03:01:05","slug":"ohl-corrupcion-de-montiel-a-pena-primera-parte","status":"publish","type":"post","link":"https:\/\/www.grieta.org.mx\/index.php\/2015\/08\/02\/ohl-corrupcion-de-montiel-a-pena-primera-parte\/","title":{"rendered":"OHL, corrupci\u00f3n de Montiel a Pe\u00f1a (Primera Parte)"},"content":{"rendered":"<p>Jenaro Villamil<\/p>\n<p>Hace 11 a\u00f1os, el entonces gobernador del Estado de M\u00e9xico, Arturo Montiel, tir\u00f3 la casa por la ventana para festejar el bautizo de sus dos hijos gemelos, Sof\u00eda y Adri\u00e1n, con la joven francesa Maude Versini, su segunda esposa.<\/p>\n<p>Al convivio en El Santuario de Valle de Bravo, acudieron funcionarios, familiares, jerarcas religiosos y empresarios cercanos del entorno montielista. Tres millones de pesos se destinaron del erario p\u00fablico mexiquense para celebrar a los gemelos y las relaciones p\u00fablicas de Arturo Montiel.<\/p>\n<p>Entre los presentes, estuvo un espigado empresario espa\u00f1ol a quienes pocos conoc\u00edan en ese momento. Se trataba de Juan Miguel Villar Mir, marqu\u00e9s y accionista mayoritario de la empresa Obrascon Huarte La\u00edn (OHL) que apenas unos meses antes, en febrero de 2003, gan\u00f3 la licitaci\u00f3n para construir, dise\u00f1ar, financiar y operar el Circuito Exterior Mexiquense.<\/p>\n<p>Esta obra de infraestructura carretera se convirti\u00f3 en la m\u00e1s grande en la entidad (110 kil\u00f3metros en operaci\u00f3n), la m\u00e1s importante para el grupo espa\u00f1ol (24, 921 millones de pesos en sus tres etapas), que le representan el 50.1 por ciento de sus ingresos en M\u00e9xico, y la m\u00e1s cara e irregular por las modificaciones constantes al t\u00edtulo de concesi\u00f3n.<\/p>\n<p>En aquel bautizo se sell\u00f3 la cercan\u00eda entre Montiel y Villar Mir, recuerdan algunos de los asistentes a aquel evento en Valle de Bravo. Estuvo presente tambi\u00e9n el entonces joven coordinador de los diputados locales del PRI, Enrique Pe\u00f1a Nieto, futuro sucesor de Montiel en la gubernatura, y el empresario de origen tamaulipeco Juan Armando Hinojosa Cant\u00fa, cabeza del Grupo HIGA.<\/p>\n<p>\u201cOHL y Grupo HIGA alg\u00fan d\u00eda se encontrar\u00e1n en sus esc\u00e1ndalos. Son afluentes del mismo r\u00edo\u201d, coment\u00f3 a Proceso un funcionario del Estado de M\u00e9xico que conoci\u00f3 el inicio de esta relaci\u00f3n entre constructoras y poder pol\u00edtico local.<\/p>\n<p>Montiel le otorg\u00f3 tambi\u00e9n en 2005 a OHL la licitaci\u00f3n para ampliar, mejorar y desarrollar el Aeropuerto Internacional de Toluca, hasta el 2055. OHL tiene el 49 por ciento del control de Administradora Mexiquense del Aeropuerto de Toluca, mientras el gobierno del Estado de M\u00e9xico posee el 25 por ciento y la Aeropuertos y Servicios Auxiliares (ASA), de la SCT, tiene el 26 por ciento.<\/p>\n<p>La bonanza con Pe\u00f1a<\/p>\n<p>Los beneficios que obtuvo OHL del gobierno motielista continuaron con Pe\u00f1a Nieto al frente del Palacio de Gobierno de Toluca y con Eruviel \u00c1vila, sucesor pe\u00f1ista, quien fue apoyado en la contienda interna del PRI en 2011 por el propio Arturo Montiel.<\/p>\n<p>De hecho, el Circuito Exterior Mexiquense se ha construido en tres etapas: la primera, hasta el 2005, cont\u00f3 con 52 kil\u00f3metros, en el gobierno de Montiel; la segunda y tercera, en 2010 y 2011, complet\u00f3 el tramo de 110 kil\u00f3metros en operaci\u00f3n, durante la administraci\u00f3n pe\u00f1ista.<\/p>\n<p>En el gobierno de Eruviel Avila se realiz\u00f3 la quinta modificaci\u00f3n del contrato del Circuito Exterior Mexiquense que extendi\u00f3 hasta 2051 y le permiti\u00f3 a la empresa cobrar incrementos adicionales a las tarifas de peaje, entre 2013-2021, de manera irregular.<\/p>\n<p>OHL concret\u00f3 en la primera mitad de 2015 el 25 por ciento del capital social del Circuito Exterior Mexiquense a IFM Global Infrastructure Fund, mediante la cual obtuvo 9 mil millones de pesos que le permitir\u00e1n \u201cparticipar en nuevos proyectos de infraestructura que se pueden presentar y al mismo tiempo nos da liquidez necesaria\u201d, seg\u00fan su informe del segundo trimestre ante la Bolsa Mexicana de Valores.<\/p>\n<p>En poco m\u00e1s de una d\u00e9cada, OHL consolid\u00f3 y acrecent\u00f3 sus negocios en el Estado de M\u00e9xico, en el Distrito Federal, en Puebla y en todo el pa\u00eds. Pe\u00f1a Nieto le otorg\u00f3 la concesi\u00f3n del Viaducto Bicentenario, de 2008 al 2038, que corre desde el ex Toreo de Cuatro Caminos hasta el kil\u00f3metro 44 de la autopista M\u00e9xico-Quer\u00e9taro. La inversi\u00f3n fue de 10 mil 071 millones de pesos.<\/p>\n<p>Las irregularidades en la construcci\u00f3n del Viaducto Bicentenario fueron el origen de los primeros audios filtrados a trav\u00e9s de Youtube, en mayo de este a\u00f1o. El caso origin\u00f3 un emplazamiento de la Comisi\u00f3n Permanente del Congreso de la Uni\u00f3n, el pasado 1 de julio, para que la Secretar\u00eda de la Funci\u00f3n P\u00fablica d\u00e9 a conocer su informe sobre auditor\u00edas e investigaciones realizadas en torno a la construcci\u00f3n y operaci\u00f3n del Viaducto.<\/p>\n<p>El gobierno de Marcelo Ebrard, en el Distrito Federal, le concesion\u00f3 en junio de 2010 y hasta 2043 la construcci\u00f3n de la Autopista Urbana Norte que conecta al ex Toreo de Cuatro Caminos con el distribuidor de San Antonio, por 9,522 millones de pesos; y la Superv\u00eda Poetas, que conecta el sur con el poniente del DF. OHL tiene el 50 por ciento de esta obra cuya inversi\u00f3n total fue de 2,607 millones de pesos.<\/p>\n<p>La verdadera bonanza se ha dado en esta administraci\u00f3n federal. En los primeros dos a\u00f1os del gobierno federal, Pe\u00f1a Nieto y su secretario de Comunicaciones y Transportes, Gerardo Ruiz Esparza, le otorgaron al menos 7 contratos importantes a OHL, entre ellos, los siguientes: el 64 por ciento de la construcci\u00f3n de la autopista Atizap\u00e1n-Atlacomulco, en marzo de 2014, por un monto de 9,500 millones de pesos; el tramo 1 del Tren Interurbano M\u00e9xico-Toluca, de m\u00e1s de 10 mil millones de pesos con una filial de Grupo Hermes, de Carlos Hank Rohn; el segundo piso de la Autopista M\u00e9xico-Puebla, con una inversi\u00f3n de 10 mil millones de pesos, de los cuales 5 mil millones aport\u00f3 el gobierno federal y la otra mitad ser\u00e1 aportada en 51 por ciento por OHL y 49 por ciento por PINFRA, de David Pe\u00f1aloza; en octubre de 2014 la SCT le otorg\u00f3 el fallo favorable a OHL y a la francesa Alstom para la L\u00ednea 3 del Tren El\u00e9ctrico de Guadalajara, por un monto de 7 mil 418 millones de pesos.<\/p>\n<p><a href=\"http:\/\/homozapping.com.mx\/2015\/08\/ohl-corrupcion-de-montiel-a-pena-primera-parte\/\" target=\"_blank\">homozapping.com.mx\/2015\/08\/ohl-corrupcion-de-montiel-a-pena-primera-parte\/<\/a><\/p>\n","protected":false},"excerpt":{"rendered":"<p>Jenaro Villamil Hace 11 a\u00f1os, el entonces gobernador del Estado de M\u00e9xico, Arturo Montiel, tir\u00f3 la casa por la ventana para festejar el bautizo de sus dos hijos gemelos, Sof\u00eda &hellip; <a href=\"https:\/\/www.grieta.org.mx\/index.php\/2015\/08\/02\/ohl-corrupcion-de-montiel-a-pena-primera-parte\/\" class=\"more-link\">Leer m\u00e1s<\/a><\/p>\n","protected":false},"author":2,"featured_media":21928,"comment_status":"closed","ping_status":"open","sticky":false,"template":"","format":"standard","meta":{"ngg_post_thumbnail":0,"_jetpack_newsletter_access":"","_jetpack_dont_email_post_to_subs":false,"_jetpack_newsletter_tier_id":0,"_jetpack_memberships_contains_paywalled_content":false,"_jetpack_memberships_contains_paid_content":false,"footnotes":""},"categories":[80],"tags":[92],"class_list":["post-514","post","type-post","status-publish","format-standard","has-post-thumbnail","hentry","category-cintillo","tag-estado-de-mexico","entry"],"jetpack_featured_media_url":"https:\/\/www.grieta.org.mx\/wp-content\/uploads\/2018\/03\/14524434_1106112876131411_958039263622046936_o.jpg","jetpack_sharing_enabled":true,"jetpack_shortlink":"https:\/\/wp.me\/p7ZJR4-8i","jetpack_likes_enabled":false,"jetpack-related-posts":[{"id":506,"url":"https:\/\/www.grieta.org.mx\/index.php\/2015\/10\/31\/ejidatarios-denuncian-abusos-de-ohl-por-circuito-exterior-mexiquense\/","url_meta":{"origin":514,"position":0},"title":"Ejidatarios denuncian abusos de OHL por Circuito Exterior Mexiquense","author":"grieta","date":"31 octubre, 2015","format":false,"excerpt":"31\/10\/15. Ejidatarios denuncian abusos de OHLLa Silla Rota 05\/09\/15. Ejidatarios de Tultepec protestan contra OHLEl Universal 03\/08\/15. OHL, corrupci\u00f3n de Montiel a Pe\u00f1a (Segunda Parte)Homozapping 02\/08\/15. OHL, corrupci\u00f3n de Montiel a Pe\u00f1a (Primera Parte)Homozapping","rel":"","context":"En &quot;Estado de M\u00e9xico&quot;","block_context":{"text":"Estado de M\u00e9xico","link":"https:\/\/www.grieta.org.mx\/index.php\/category\/noticias-nacionales\/estado-de-mexico\/"},"img":{"alt_text":"","src":"https:\/\/i0.wp.com\/www.grieta.org.mx\/wp-content\/uploads\/2018\/03\/14524434_1106112876131411_958039263622046936_o.jpg?resize=350%2C200&ssl=1","width":350,"height":200,"srcset":"https:\/\/i0.wp.com\/www.grieta.org.mx\/wp-content\/uploads\/2018\/03\/14524434_1106112876131411_958039263622046936_o.jpg?resize=350%2C200&ssl=1 1x, https:\/\/i0.wp.com\/www.grieta.org.mx\/wp-content\/uploads\/2018\/03\/14524434_1106112876131411_958039263622046936_o.jpg?resize=525%2C300&ssl=1 1.5x, https:\/\/i0.wp.com\/www.grieta.org.mx\/wp-content\/uploads\/2018\/03\/14524434_1106112876131411_958039263622046936_o.jpg?resize=700%2C400&ssl=1 2x"},"classes":[]},{"id":512,"url":"https:\/\/www.grieta.org.mx\/index.php\/2015\/08\/03\/ohl-corrupcion-de-montiel-a-pena-segunda-parte\/","url_meta":{"origin":514,"position":1},"title":"OHL, corrupci\u00f3n de Montiel a Pe\u00f1a (Segunda Parte)","author":"grieta","date":"3 agosto, 2015","format":false,"excerpt":"Jenaro Villamil Autoesc\u00e1ndalos y corrupci\u00f3n Nada fren\u00f3 el desarrollo y los negocios de OHL en el Estado de M\u00e9xico. Ni las denuncias por despojo contra ejidatarios y propietarios de predios en la construcci\u00f3n del Circuito Exterior Mexiquense y del Viaducto Bicentenario, ni las denuncias por abuso y colusi\u00f3n en el\u2026","rel":"","context":"En &quot;CINTILLO&quot;","block_context":{"text":"CINTILLO","link":"https:\/\/www.grieta.org.mx\/index.php\/category\/cintillo\/"},"img":{"alt_text":"","src":"https:\/\/i0.wp.com\/www.grieta.org.mx\/wp-content\/uploads\/2018\/03\/14524434_1106112876131411_958039263622046936_o.jpg?resize=350%2C200&ssl=1","width":350,"height":200,"srcset":"https:\/\/i0.wp.com\/www.grieta.org.mx\/wp-content\/uploads\/2018\/03\/14524434_1106112876131411_958039263622046936_o.jpg?resize=350%2C200&ssl=1 1x, https:\/\/i0.wp.com\/www.grieta.org.mx\/wp-content\/uploads\/2018\/03\/14524434_1106112876131411_958039263622046936_o.jpg?resize=525%2C300&ssl=1 1.5x, https:\/\/i0.wp.com\/www.grieta.org.mx\/wp-content\/uploads\/2018\/03\/14524434_1106112876131411_958039263622046936_o.jpg?resize=700%2C400&ssl=1 2x"},"classes":[]},{"id":507,"url":"https:\/\/www.grieta.org.mx\/index.php\/2015\/10\/31\/ejidatarios-denuncian-abusos-de-ohl\/","url_meta":{"origin":514,"position":2},"title":"Ejidatarios denuncian abusos de OHL","author":"grieta","date":"31 octubre, 2015","format":false,"excerpt":"La empresa espa\u00f1ola OHL se ha visto envuelta en diversos esc\u00e1ndalos de corrupci\u00f3n y se prepara para ensanchar su controvertido Circuito Exterior Mexiquense La obra fue nombrada por el otrora gobernador Enrique Pe\u00f1a Nieto, como la obra carretera m\u00e1s importante del pa\u00eds. En una entrevista realizada por PROCESO, ejidatarios han\u2026","rel":"","context":"En &quot;CINTILLO&quot;","block_context":{"text":"CINTILLO","link":"https:\/\/www.grieta.org.mx\/index.php\/category\/cintillo\/"},"img":{"alt_text":"","src":"https:\/\/i0.wp.com\/www.grieta.org.mx\/wp-content\/uploads\/2018\/03\/14524434_1106112876131411_958039263622046936_o.jpg?resize=350%2C200&ssl=1","width":350,"height":200,"srcset":"https:\/\/i0.wp.com\/www.grieta.org.mx\/wp-content\/uploads\/2018\/03\/14524434_1106112876131411_958039263622046936_o.jpg?resize=350%2C200&ssl=1 1x, https:\/\/i0.wp.com\/www.grieta.org.mx\/wp-content\/uploads\/2018\/03\/14524434_1106112876131411_958039263622046936_o.jpg?resize=525%2C300&ssl=1 1.5x, https:\/\/i0.wp.com\/www.grieta.org.mx\/wp-content\/uploads\/2018\/03\/14524434_1106112876131411_958039263622046936_o.jpg?resize=700%2C400&ssl=1 2x"},"classes":[]},{"id":510,"url":"https:\/\/www.grieta.org.mx\/index.php\/2015\/09\/05\/ejidatarios-de-tultepec-protestan-contra-ohl\/","url_meta":{"origin":514,"position":3},"title":"Ejidatarios de Tultepec protestan contra OHL","author":"grieta","date":"5 septiembre, 2015","format":false,"excerpt":"Juan Manuel Barrera TULTEPEC, M\u00e9x.\u2014 Polic\u00edas estatales desalojaron a ejidatarios de este municipio que bloquearon durante dos horas el Circuito Exterior Mexiquense, a la altura de la caseta de cobro de Tultepec. Los inconformes exigieron a la empresa espa\u00f1ola OHL y al gobierno mexiquense el pago de predios ejidales que\u2026","rel":"","context":"En &quot;CINTILLO&quot;","block_context":{"text":"CINTILLO","link":"https:\/\/www.grieta.org.mx\/index.php\/category\/cintillo\/"},"img":{"alt_text":"","src":"https:\/\/i0.wp.com\/www.grieta.org.mx\/wp-content\/uploads\/2018\/03\/14524434_1106112876131411_958039263622046936_o.jpg?resize=350%2C200&ssl=1","width":350,"height":200,"srcset":"https:\/\/i0.wp.com\/www.grieta.org.mx\/wp-content\/uploads\/2018\/03\/14524434_1106112876131411_958039263622046936_o.jpg?resize=350%2C200&ssl=1 1x, https:\/\/i0.wp.com\/www.grieta.org.mx\/wp-content\/uploads\/2018\/03\/14524434_1106112876131411_958039263622046936_o.jpg?resize=525%2C300&ssl=1 1.5x, https:\/\/i0.wp.com\/www.grieta.org.mx\/wp-content\/uploads\/2018\/03\/14524434_1106112876131411_958039263622046936_o.jpg?resize=700%2C400&ssl=1 2x"},"classes":[]},{"id":20218,"url":"https:\/\/www.grieta.org.mx\/index.php\/2016\/08\/21\/ohl-y-damo-solo-se-echan-la-bolita-trabajadores-exigen-pago-de-salarios\/","url_meta":{"origin":514,"position":4},"title":"\u201cOHL y DAMO s\u00f3lo se echan la bolita\u201d; trabajadores exigen pago de salarios","author":"grieta","date":"21 agosto, 2016","format":false,"excerpt":"El d\u00eda de ayer trabajadores de la construcci\u00f3n del Tren Interurbano M\u00e9xico-Toluca realizaron actos de protesta a trav\u00e9s de la movilizaci\u00f3n social y el bloque carretero con el fin de exigir el pago de sueldos. La empresa DAMO, encargada de contratar personal para obras, debe al menos 100 trabajadores tres\u2026","rel":"","context":"En &quot;CINTILLO&quot;","block_context":{"text":"CINTILLO","link":"https:\/\/www.grieta.org.mx\/index.php\/category\/cintillo\/"},"img":{"alt_text":"","src":"https:\/\/i0.wp.com\/www.grieta.org.mx\/wp-content\/uploads\/2018\/03\/14524434_1106112876131411_958039263622046936_o.jpg?resize=350%2C200&ssl=1","width":350,"height":200,"srcset":"https:\/\/i0.wp.com\/www.grieta.org.mx\/wp-content\/uploads\/2018\/03\/14524434_1106112876131411_958039263622046936_o.jpg?resize=350%2C200&ssl=1 1x, https:\/\/i0.wp.com\/www.grieta.org.mx\/wp-content\/uploads\/2018\/03\/14524434_1106112876131411_958039263622046936_o.jpg?resize=525%2C300&ssl=1 1.5x, https:\/\/i0.wp.com\/www.grieta.org.mx\/wp-content\/uploads\/2018\/03\/14524434_1106112876131411_958039263622046936_o.jpg?resize=700%2C400&ssl=1 2x"},"classes":[]},{"id":46709,"url":"https:\/\/www.grieta.org.mx\/index.php\/2020\/03\/21\/comunidad-de-xochicuautla-logra-detener-carretera-impulsada-por-pena-nieto-estado-de-mexico\/","url_meta":{"origin":514,"position":5},"title":"Comunidad de Xochicuautla logra detener carretera impulsada por Pe\u00f1a Nieto (Estado de M\u00e9xico)","author":"grieta","date":"21 marzo, 2020","format":false,"excerpt":"Texto: Lydiette Carri\u00f3n Fotos: Sa\u00fal L\u00f3pez Pie de P\u00e1gina La comunidad ind\u00edgena otom\u00ed H\u00f1ath\u00f6 San Francisco Xochicuautla y su barrio La Concepci\u00f3n ganaron la suspensi\u00f3n definitiva de la autopista M\u00e9xico-Naucalpan. \u00c9sta es la culminaci\u00f3n de 13 a\u00f1os de oposici\u00f3n al gobierno del Estado de M\u00e9xico y una empresa filial a\u2026","rel":"","context":"En &quot;6. Xochicuautla&quot;","block_context":{"text":"6. Xochicuautla","link":"https:\/\/www.grieta.org.mx\/index.php\/category\/espejos-de-la-resistencia\/6-xochicuautla\/"},"img":{"alt_text":"","src":"https:\/\/i0.wp.com\/www.grieta.org.mx\/wp-content\/uploads\/2020\/03\/Comunidad-de-Xochicuautla-logra-detener-carretera-impulsada-por-Pe%C3%B1a-Nieto-edomex-mzo.jpeg?resize=350%2C200&ssl=1","width":350,"height":200,"srcset":"https:\/\/i0.wp.com\/www.grieta.org.mx\/wp-content\/uploads\/2020\/03\/Comunidad-de-Xochicuautla-logra-detener-carretera-impulsada-por-Pe%C3%B1a-Nieto-edomex-mzo.jpeg?resize=350%2C200&ssl=1 1x, https:\/\/i0.wp.com\/www.grieta.org.mx\/wp-content\/uploads\/2020\/03\/Comunidad-de-Xochicuautla-logra-detener-carretera-impulsada-por-Pe%C3%B1a-Nieto-edomex-mzo.jpeg?resize=525%2C300&ssl=1 1.5x, https:\/\/i0.wp.com\/www.grieta.org.mx\/wp-content\/uploads\/2020\/03\/Comunidad-de-Xochicuautla-logra-detener-carretera-impulsada-por-Pe%C3%B1a-Nieto-edomex-mzo.jpeg?resize=700%2C400&ssl=1 2x, https:\/\/i0.wp.com\/www.grieta.org.mx\/wp-content\/uploads\/2020\/03\/Comunidad-de-Xochicuautla-logra-detener-carretera-impulsada-por-Pe%C3%B1a-Nieto-edomex-mzo.jpeg?resize=1050%2C600&ssl=1 3x"},"classes":[]}],"_links":{"self":[{"href":"https:\/\/www.grieta.org.mx\/index.php\/wp-json\/wp\/v2\/posts\/514","targetHints":{"allow":["GET"]}}],"collection":[{"href":"https:\/\/www.grieta.org.mx\/index.php\/wp-json\/wp\/v2\/posts"}],"about":[{"href":"https:\/\/www.grieta.org.mx\/index.php\/wp-json\/wp\/v2\/types\/post"}],"author":[{"embeddable":true,"href":"https:\/\/www.grieta.org.mx\/index.php\/wp-json\/wp\/v2\/users\/2"}],"replies":[{"embeddable":true,"href":"https:\/\/www.grieta.org.mx\/index.php\/wp-json\/wp\/v2\/comments?post=514"}],"version-history":[{"count":1,"href":"https:\/\/www.grieta.org.mx\/index.php\/wp-json\/wp\/v2\/posts\/514\/revisions"}],"predecessor-version":[{"id":515,"href":"https:\/\/www.grieta.org.mx\/index.php\/wp-json\/wp\/v2\/posts\/514\/revisions\/515"}],"wp:featuredmedia":[{"embeddable":true,"href":"https:\/\/www.grieta.org.mx\/index.php\/wp-json\/wp\/v2\/media\/21928"}],"wp:attachment":[{"href":"https:\/\/www.grieta.org.mx\/index.php\/wp-json\/wp\/v2\/media?parent=514"}],"wp:term":[{"taxonomy":"category","embeddable":true,"href":"https:\/\/www.grieta.org.mx\/index.php\/wp-json\/wp\/v2\/categories?post=514"},{"taxonomy":"post_tag","embeddable":true,"href":"https:\/\/www.grieta.org.mx\/index.php\/wp-json\/wp\/v2\/tags?post=514"}],"curies":[{"name":"wp","href":"https:\/\/api.w.org\/{rel}","templated":true}]}}