{"id":51327,"date":"2020-06-22T15:20:25","date_gmt":"2020-06-22T20:20:25","guid":{"rendered":"http:\/\/www.grieta.org.mx\/?p=51327"},"modified":"2020-06-27T15:32:08","modified_gmt":"2020-06-27T20:32:08","slug":"falta-de-agua-y-energia-electrica-en-poblado-de-palos-blancos-nayarit","status":"publish","type":"post","link":"https:\/\/www.grieta.org.mx\/index.php\/2020\/06\/22\/falta-de-agua-y-energia-electrica-en-poblado-de-palos-blancos-nayarit\/","title":{"rendered":"Falta de agua y energ\u00eda el\u00e9ctrica en poblado de Palos Blancos (Nayarit)"},"content":{"rendered":"<p><img loading=\"lazy\" decoding=\"async\" data-attachment-id=\"51329\" data-permalink=\"https:\/\/www.grieta.org.mx\/index.php\/2020\/06\/22\/falta-de-agua-y-energia-electrica-en-poblado-de-palos-blancos-nayarit\/pozo\/\" data-orig-file=\"https:\/\/www.grieta.org.mx\/wp-content\/uploads\/2020\/06\/pozo.jpg\" data-orig-size=\"800,1067\" data-comments-opened=\"0\" data-image-meta=\"{&quot;aperture&quot;:&quot;0&quot;,&quot;credit&quot;:&quot;&quot;,&quot;camera&quot;:&quot;&quot;,&quot;caption&quot;:&quot;&quot;,&quot;created_timestamp&quot;:&quot;0&quot;,&quot;copyright&quot;:&quot;&quot;,&quot;focal_length&quot;:&quot;0&quot;,&quot;iso&quot;:&quot;0&quot;,&quot;shutter_speed&quot;:&quot;0&quot;,&quot;title&quot;:&quot;&quot;,&quot;orientation&quot;:&quot;0&quot;}\" data-image-title=\"pozo\" data-image-description=\"\" data-image-caption=\"\" data-medium-file=\"https:\/\/www.grieta.org.mx\/wp-content\/uploads\/2020\/06\/pozo-225x300.jpg\" data-large-file=\"https:\/\/www.grieta.org.mx\/wp-content\/uploads\/2020\/06\/pozo-768x1024.jpg\" class=\"aligncenter wp-image-51329\" src=\"http:\/\/www.grieta.org.mx\/wp-content\/uploads\/2020\/06\/pozo.jpg\" alt=\"\" width=\"799\" height=\"1066\" srcset=\"https:\/\/www.grieta.org.mx\/wp-content\/uploads\/2020\/06\/pozo.jpg 800w, https:\/\/www.grieta.org.mx\/wp-content\/uploads\/2020\/06\/pozo-225x300.jpg 225w, https:\/\/www.grieta.org.mx\/wp-content\/uploads\/2020\/06\/pozo-768x1024.jpg 768w, https:\/\/www.grieta.org.mx\/wp-content\/uploads\/2020\/06\/pozo-375x500.jpg 375w\" sizes=\"auto, (max-width: 799px) 100vw, 799px\" \/><\/p>\n<p>Foto: Realidades de Nayarit<\/p>\n<p>Miguel Castillo Sandoval \/ Realidades de Nayarit<\/p>\n<p>Tecuala, Nayarit. 22\/06\/20.- Heriberto L\u00f3pez Rojas alias, \u201cEl Titiyo\u201d ha abandonado a los pobladores de Palos Blancos; sus habitantes se\u00f1alan que desde tiempo que no llega agua entubada a sus domicilios, la bomba tambi\u00e9n tiene mucho tiempo que no funciona pues no hay energ\u00eda el\u00e9ctrica, pero la C.F.E. de todas maneras est\u00e1 cobrando la renta; \u201cnosotros desconocemos qu\u00e9 renta\u201d, puntualizan los denunciantes.<\/p>\n<p>El pozo que construyeron hace muchos a\u00f1os no tienen agua, pues necesita que lo desazolven, \u201cnuestro pueblo es chico, utilizamos aguas de los pozos salubres, no es buena para ba\u00f1arse, menos para consumir, solo lavamos los trastes y la ropa el agua nos echa a perder, tenemos que comprar el agua m\u00e1s limpia para el consumo personal, la venden muy cara, pues argumentan los que la venden que Palos Blancos est\u00e1 muy retirado de la civilizaci\u00f3n.<\/p>\n<p>No tenemos luz p\u00fablica, no importa que nuestro pueblo sea peque\u00f1o, los votos tambi\u00e9n cuentan, pues nos dicen las autoridades municipales que no llegan las obras a Palos Blancos, porque el pueblo de Las Anonas las necesita m\u00e1s.<\/p>\n<p>No queremos obra, queremos que nos arreglen el pozo y nos llegue el agua a nuestras viviendas, pero ni gobierno federal, estatal menos municipal, al mentado Titiyo si lo encontramos ni los conocemos, pues nunca ha venido a Palos Blancos, solo cuando anduvo comiendo tierra por estos lados buscando votos, poquitos pero de todas maneras contaron\u201d, terminaron diciendo los denunciantes.<\/p>\n<p>Heriberto L\u00f3pez Rojas alias, \u201cEl Titiyo\u201d de extracci\u00f3n priista, seg\u00fan en sus obligaciones, tiene que visitar obligadamente cuando menos dos veces por a\u00f1o las comunidades de su municipio para ver la problem\u00e1tica que est\u00e1n viviendo en ese lugar sus pobladores, y acompa\u00f1ado de los funcionarios y el regidor de esa demarcaci\u00f3n, cuando menos que le tapen el ojo al macho, en estos momentos dif\u00edciles por la pandemia es cuando m\u00e1s solos se sienten los ciudadanos de Palos Blancos, pues nadie les ha tendido la mano, \u201cEl Titiyo\u201d no les tiende la mano en tiempos normales muchos menos en estos tiempos de pandemia, se quejan los ciudadanos.<\/p>\n<p>Se\u00f1alan que es una tristeza ver c\u00f3mo el PRI coloc\u00f3 a un presidente municipal irresponsable, un presidente falto de tacto, falto de esp\u00edritu de servicio.<\/p>\n<p>Manifiestan que ven con tristeza c\u00f3mo sus colaboradores de hacen ricos al amparo del dinero p\u00fablico y el pueblo no merece un pozo de agua para ba\u00f1arse y poder lavar su ropa, \u201cel PRI no ha dejado de ser un partido que anida a sujetos corruptos, mentirosos y soberbios\u201d, concluyeron.<\/p>\n<p><a href=\"http:\/\/realidadessperiodico.com\/?p=43839\">http:\/\/realidadessperiodico.com\/?p=43839<\/a><\/p>\n","protected":false},"excerpt":{"rendered":"<p>Foto: Realidades de Nayarit Miguel Castillo Sandoval \/ Realidades de Nayarit Tecuala, Nayarit. 22\/06\/20.- Heriberto L\u00f3pez Rojas alias, \u201cEl Titiyo\u201d ha abandonado a los pobladores de Palos Blancos; sus habitantes &hellip; <a href=\"https:\/\/www.grieta.org.mx\/index.php\/2020\/06\/22\/falta-de-agua-y-energia-electrica-en-poblado-de-palos-blancos-nayarit\/\" class=\"more-link\">Leer m\u00e1s<\/a><\/p>\n","protected":false},"author":2,"featured_media":51329,"comment_status":"closed","ping_status":"closed","sticky":false,"template":"","format":"standard","meta":{"ngg_post_thumbnail":0,"_jetpack_newsletter_access":"","_jetpack_dont_email_post_to_subs":false,"_jetpack_newsletter_tier_id":0,"_jetpack_memberships_contains_paywalled_content":false,"_jetpack_memberships_contains_paid_content":false,"footnotes":""},"categories":[80,2432,914,23,2,2534,83],"tags":[2849,2403,1558,3044,2058],"class_list":["post-51327","post","type-post","status-publish","format-standard","has-post-thumbnail","hentry","category-cintillo","category-conflictos-por-el-agua-el-nayarit","category-privatizacion-del-agua","category-nayarit","category-noticias-nacionales","category-protestas-contra-las-altas-tarifas-de-la-cfe-en-nayarit","category-temas-nacionales","tag-conflictos-con-la-cfe","tag-crisis-del-agua","tag-desabasto-de-agua","tag-despojo-del-agua","tag-distribucion-agua","entry"],"jetpack_featured_media_url":"https:\/\/www.grieta.org.mx\/wp-content\/uploads\/2020\/06\/pozo.jpg","jetpack_sharing_enabled":true,"jetpack_shortlink":"https:\/\/wp.me\/p7ZJR4-dlR","jetpack_likes_enabled":false,"jetpack-related-posts":[{"id":52217,"url":"https:\/\/www.grieta.org.mx\/index.php\/2020\/08\/01\/pobladores-de-tecuala-denuncian-falta-de-agua-nayarit\/","url_meta":{"origin":51327,"position":0},"title":"Pobladores de Tecuala denuncian falta de agua (Nayarit)","author":"grieta","date":"1 agosto, 2020","format":false,"excerpt":"Imagen: Realidades de Nayarit Emilio Castillo Hern\u00e1ndez \/ Realidades de Nayarit Tecuala, Nayarit. S\u00e1bado 01 de agosto del 2020.- La falta de agua potable es un problema constante en el municipio de Tecuala, y en la comunidad de San Felipe no es la excepci\u00f3n; pobladores de dicha comunidad aseguran que\u2026","rel":"","context":"En &quot;CINTILLO&quot;","block_context":{"text":"CINTILLO","link":"https:\/\/www.grieta.org.mx\/index.php\/category\/cintillo\/"},"img":{"alt_text":"","src":"https:\/\/i0.wp.com\/www.grieta.org.mx\/wp-content\/uploads\/2020\/08\/agua-3.jpg?resize=350%2C200&ssl=1","width":350,"height":200,"srcset":"https:\/\/i0.wp.com\/www.grieta.org.mx\/wp-content\/uploads\/2020\/08\/agua-3.jpg?resize=350%2C200&ssl=1 1x, https:\/\/i0.wp.com\/www.grieta.org.mx\/wp-content\/uploads\/2020\/08\/agua-3.jpg?resize=525%2C300&ssl=1 1.5x, https:\/\/i0.wp.com\/www.grieta.org.mx\/wp-content\/uploads\/2020\/08\/agua-3.jpg?resize=700%2C400&ssl=1 2x"},"classes":[]},{"id":48887,"url":"https:\/\/www.grieta.org.mx\/index.php\/2020\/05\/08\/en-plena-pandemia-la-col-nueva-esperanza-sin-agua-luz-ni-drenaje\/","url_meta":{"origin":51327,"position":1},"title":"En plena pandemia, la Col. Nueva Esperanza sin agua, luz ni drenaje (Nayarit)","author":"grieta","date":"8 mayo, 2020","format":false,"excerpt":"Existe un riesgo latente de propagaci\u00f3n del COVID-19 Arcelia Garc\u00eda Ortega \/ Realidades de Nayarit Tepic, Nayarit.- Viernes 08 de mayo del 2020.- Habitantes de la colonia Nueva Esperanza, est\u00e1n desesperados porque en plena contingencia por el COVID-19, no tienen los servicios b\u00e1sicos e indispensables, como son el agua, la\u2026","rel":"","context":"En &quot;CINTILLO&quot;","block_context":{"text":"CINTILLO","link":"https:\/\/www.grieta.org.mx\/index.php\/category\/cintillo\/"},"img":{"alt_text":"","src":"https:\/\/i0.wp.com\/www.grieta.org.mx\/wp-content\/uploads\/2020\/05\/agua-2.jpg?resize=350%2C200&ssl=1","width":350,"height":200,"srcset":"https:\/\/i0.wp.com\/www.grieta.org.mx\/wp-content\/uploads\/2020\/05\/agua-2.jpg?resize=350%2C200&ssl=1 1x, https:\/\/i0.wp.com\/www.grieta.org.mx\/wp-content\/uploads\/2020\/05\/agua-2.jpg?resize=525%2C300&ssl=1 1.5x, https:\/\/i0.wp.com\/www.grieta.org.mx\/wp-content\/uploads\/2020\/05\/agua-2.jpg?resize=700%2C400&ssl=1 2x"},"classes":[]},{"id":51698,"url":"https:\/\/www.grieta.org.mx\/index.php\/2020\/07\/10\/agua-con-heces-en-san-vicente-nayarit\/","url_meta":{"origin":51327,"position":2},"title":"Agua con heces en San Vicente (Nayarit)","author":"grieta","date":"10 julio, 2020","format":false,"excerpt":"Imagen: Realidades de Nayarit V\u00edctor Trejo Olmos \/ Realidades de Nayarit Bah\u00eda de Banderas, Nayarit. Viernes 10 de julio del 2020.- Ex\u00e1menes de laboratorio arrojan que el agua que dota el Oromapas en el fraccionamiento Hacienda de San Vicente contiene heces fecales. Vecinos del fraccionamiento en menci\u00f3n hacen el reporte\u2026","rel":"","context":"En &quot;CINTILLO&quot;","block_context":{"text":"CINTILLO","link":"https:\/\/www.grieta.org.mx\/index.php\/category\/cintillo\/"},"img":{"alt_text":"","src":"https:\/\/i0.wp.com\/www.grieta.org.mx\/wp-content\/uploads\/2020\/07\/agua.jpg?resize=350%2C200&ssl=1","width":350,"height":200,"srcset":"https:\/\/i0.wp.com\/www.grieta.org.mx\/wp-content\/uploads\/2020\/07\/agua.jpg?resize=350%2C200&ssl=1 1x, https:\/\/i0.wp.com\/www.grieta.org.mx\/wp-content\/uploads\/2020\/07\/agua.jpg?resize=525%2C300&ssl=1 1.5x, https:\/\/i0.wp.com\/www.grieta.org.mx\/wp-content\/uploads\/2020\/07\/agua.jpg?resize=700%2C400&ssl=1 2x"},"classes":[]},{"id":46119,"url":"https:\/\/www.grieta.org.mx\/index.php\/2020\/03\/10\/rosamorada-sin-agua-nayarit\/","url_meta":{"origin":51327,"position":3},"title":"Rosamorada sin agua (Nayarit)","author":"grieta","date":"10 marzo, 2020","format":false,"excerpt":"Foto: Realidades de Nayarit Distintos ejidos tienen m\u00e1s de un mes sin el vital l\u00edquido Misael Santana Huerta \/ Realidades de Nayarit Pimientillo del municipio de Rosamorada, Nayarit. Habitantes de ejidos del sur de Rosamorada, con desesperaci\u00f3n nos est\u00e1n haciendo llegar la fatal noticia, en el sentido de que desde\u2026","rel":"","context":"En &quot;CINTILLO&quot;","block_context":{"text":"CINTILLO","link":"https:\/\/www.grieta.org.mx\/index.php\/category\/cintillo\/"},"img":{"alt_text":"","src":"https:\/\/i0.wp.com\/www.grieta.org.mx\/wp-content\/uploads\/2020\/03\/sin-agua.jpg?resize=350%2C200&ssl=1","width":350,"height":200,"srcset":"https:\/\/i0.wp.com\/www.grieta.org.mx\/wp-content\/uploads\/2020\/03\/sin-agua.jpg?resize=350%2C200&ssl=1 1x, https:\/\/i0.wp.com\/www.grieta.org.mx\/wp-content\/uploads\/2020\/03\/sin-agua.jpg?resize=525%2C300&ssl=1 1.5x, https:\/\/i0.wp.com\/www.grieta.org.mx\/wp-content\/uploads\/2020\/03\/sin-agua.jpg?resize=700%2C400&ssl=1 2x"},"classes":[]},{"id":36978,"url":"https:\/\/www.grieta.org.mx\/index.php\/2019\/07\/16\/vecinos-bloquean-avenida-victoria-de-tepic-por-falta-de-agua-potable-nayarit\/","url_meta":{"origin":51327,"position":4},"title":"Vecinos bloquean avenida Victoria de Tepic por falta de agua potable (Nayarit)","author":"grieta","date":"16 julio, 2019","format":false,"excerpt":"Foto: El Sol de Nayarit Redacci\u00f3n \/ El Sol de Nayarit Esta tarde de martes un grupo de ciudadanos pertenecientes a colonia Santa Teresita, H. Casas y otras zonas aleda\u00f1as a la avenida Victoria, tomaron un tramo de esta vialidad, a la altura de la calle P. Guerrero. El motivo\u2026","rel":"","context":"En &quot;CINTILLO&quot;","block_context":{"text":"CINTILLO","link":"https:\/\/www.grieta.org.mx\/index.php\/category\/cintillo\/"},"img":{"alt_text":"","src":"https:\/\/i0.wp.com\/www.grieta.org.mx\/wp-content\/uploads\/2019\/07\/temp_nota_01_67072_17_20190716203110_117agua.jpg?resize=350%2C200&ssl=1","width":350,"height":200,"srcset":"https:\/\/i0.wp.com\/www.grieta.org.mx\/wp-content\/uploads\/2019\/07\/temp_nota_01_67072_17_20190716203110_117agua.jpg?resize=350%2C200&ssl=1 1x, https:\/\/i0.wp.com\/www.grieta.org.mx\/wp-content\/uploads\/2019\/07\/temp_nota_01_67072_17_20190716203110_117agua.jpg?resize=525%2C300&ssl=1 1.5x"},"classes":[]},{"id":54781,"url":"https:\/\/www.grieta.org.mx\/index.php\/2020\/11\/04\/por-falta-de-agua-toman-manifestantes-el-libramiento-de-tepic-nayarit\/","url_meta":{"origin":51327,"position":5},"title":"Por falta de agua toman manifestantes el Libramiento de Tepic (Nayarit)","author":"grieta","date":"4 noviembre, 2020","format":false,"excerpt":"Foto: Misalel Ulloa Isiordia Los manifestantes exigen el servicio de agua potable y solicitan la presencia del titular del SIAPA Tepic, Oscar Medina para el funcionario municipal cumpla su palabra. Fernando Ulloa P\u00e9rez \/ Meridiano.mx Ante la falta del servicio de agua potable desde hace m\u00e1s de 8 d\u00edas, la\u2026","rel":"","context":"En &quot;CINTILLO&quot;","block_context":{"text":"CINTILLO","link":"https:\/\/www.grieta.org.mx\/index.php\/category\/cintillo\/"},"img":{"alt_text":"","src":"https:\/\/i0.wp.com\/www.grieta.org.mx\/wp-content\/uploads\/2020\/11\/1604535109_1604533679_valle_real.jpg?resize=350%2C200&ssl=1","width":350,"height":200,"srcset":"https:\/\/i0.wp.com\/www.grieta.org.mx\/wp-content\/uploads\/2020\/11\/1604535109_1604533679_valle_real.jpg?resize=350%2C200&ssl=1 1x, https:\/\/i0.wp.com\/www.grieta.org.mx\/wp-content\/uploads\/2020\/11\/1604535109_1604533679_valle_real.jpg?resize=525%2C300&ssl=1 1.5x, https:\/\/i0.wp.com\/www.grieta.org.mx\/wp-content\/uploads\/2020\/11\/1604535109_1604533679_valle_real.jpg?resize=700%2C400&ssl=1 2x"},"classes":[]}],"_links":{"self":[{"href":"https:\/\/www.grieta.org.mx\/index.php\/wp-json\/wp\/v2\/posts\/51327","targetHints":{"allow":["GET"]}}],"collection":[{"href":"https:\/\/www.grieta.org.mx\/index.php\/wp-json\/wp\/v2\/posts"}],"about":[{"href":"https:\/\/www.grieta.org.mx\/index.php\/wp-json\/wp\/v2\/types\/post"}],"author":[{"embeddable":true,"href":"https:\/\/www.grieta.org.mx\/index.php\/wp-json\/wp\/v2\/users\/2"}],"replies":[{"embeddable":true,"href":"https:\/\/www.grieta.org.mx\/index.php\/wp-json\/wp\/v2\/comments?post=51327"}],"version-history":[{"count":1,"href":"https:\/\/www.grieta.org.mx\/index.php\/wp-json\/wp\/v2\/posts\/51327\/revisions"}],"predecessor-version":[{"id":51330,"href":"https:\/\/www.grieta.org.mx\/index.php\/wp-json\/wp\/v2\/posts\/51327\/revisions\/51330"}],"wp:featuredmedia":[{"embeddable":true,"href":"https:\/\/www.grieta.org.mx\/index.php\/wp-json\/wp\/v2\/media\/51329"}],"wp:attachment":[{"href":"https:\/\/www.grieta.org.mx\/index.php\/wp-json\/wp\/v2\/media?parent=51327"}],"wp:term":[{"taxonomy":"category","embeddable":true,"href":"https:\/\/www.grieta.org.mx\/index.php\/wp-json\/wp\/v2\/categories?post=51327"},{"taxonomy":"post_tag","embeddable":true,"href":"https:\/\/www.grieta.org.mx\/index.php\/wp-json\/wp\/v2\/tags?post=51327"}],"curies":[{"name":"wp","href":"https:\/\/api.w.org\/{rel}","templated":true}]}}