{"id":51311,"date":"2020-06-24T14:42:26","date_gmt":"2020-06-24T19:42:26","guid":{"rendered":"http:\/\/www.grieta.org.mx\/?p=51311"},"modified":"2020-06-27T14:48:14","modified_gmt":"2020-06-27T19:48:14","slug":"colima-cuenta-con-247-mdp-para-mejorar-la-seguridad-y-no-ha-invertido-un-solo-peso","status":"publish","type":"post","link":"https:\/\/www.grieta.org.mx\/index.php\/2020\/06\/24\/colima-cuenta-con-247-mdp-para-mejorar-la-seguridad-y-no-ha-invertido-un-solo-peso\/","title":{"rendered":"Colima cuenta con 247 MDP para mejorar la seguridad y no ha invertido un solo peso"},"content":{"rendered":"<p><img loading=\"lazy\" decoding=\"async\" data-attachment-id=\"51312\" data-permalink=\"https:\/\/www.grieta.org.mx\/index.php\/2020\/06\/24\/colima-cuenta-con-247-mdp-para-mejorar-la-seguridad-y-no-ha-invertido-un-solo-peso\/gobernador-de-colima-saludando\/\" data-orig-file=\"https:\/\/www.grieta.org.mx\/wp-content\/uploads\/2020\/06\/Gobernador-de-Colima-saludando.jpg\" data-orig-size=\"1600,1376\" data-comments-opened=\"0\" data-image-meta=\"{&quot;aperture&quot;:&quot;0&quot;,&quot;credit&quot;:&quot;&quot;,&quot;camera&quot;:&quot;&quot;,&quot;caption&quot;:&quot;&quot;,&quot;created_timestamp&quot;:&quot;0&quot;,&quot;copyright&quot;:&quot;&quot;,&quot;focal_length&quot;:&quot;0&quot;,&quot;iso&quot;:&quot;0&quot;,&quot;shutter_speed&quot;:&quot;0&quot;,&quot;title&quot;:&quot;&quot;,&quot;orientation&quot;:&quot;0&quot;}\" data-image-title=\"Gobernador-de-Colima-saludando\" data-image-description=\"\" data-image-caption=\"\" data-medium-file=\"https:\/\/www.grieta.org.mx\/wp-content\/uploads\/2020\/06\/Gobernador-de-Colima-saludando-300x258.jpg\" data-large-file=\"https:\/\/www.grieta.org.mx\/wp-content\/uploads\/2020\/06\/Gobernador-de-Colima-saludando-1024x881.jpg\" class=\"aligncenter wp-image-51312\" src=\"http:\/\/www.grieta.org.mx\/wp-content\/uploads\/2020\/06\/Gobernador-de-Colima-saludando.jpg\" alt=\"\" width=\"800\" height=\"688\" srcset=\"https:\/\/www.grieta.org.mx\/wp-content\/uploads\/2020\/06\/Gobernador-de-Colima-saludando.jpg 1600w, https:\/\/www.grieta.org.mx\/wp-content\/uploads\/2020\/06\/Gobernador-de-Colima-saludando-300x258.jpg 300w, https:\/\/www.grieta.org.mx\/wp-content\/uploads\/2020\/06\/Gobernador-de-Colima-saludando-768x660.jpg 768w, https:\/\/www.grieta.org.mx\/wp-content\/uploads\/2020\/06\/Gobernador-de-Colima-saludando-1024x881.jpg 1024w, https:\/\/www.grieta.org.mx\/wp-content\/uploads\/2020\/06\/Gobernador-de-Colima-saludando-581x500.jpg 581w\" sizes=\"auto, (max-width: 800px) 100vw, 800px\" \/><\/p>\n<p>Foto: Diario Avanzada<\/p>\n<p>Heidi de Le\u00f3n Guti\u00e9rrez \/ Diario Avanzada<\/p>\n<p>Colima, M\u00e9xico, Avanzada (24\/06\/2020).-\u00a0Hasta el pasado mes de abril, el Gobierno de Colima no hab\u00eda ejercido un solo peso del Fondo de Aportaciones para la Seguridad P\u00fablica (FASP) a pesar de que es l\u00edder en homicidios dolosos en el pa\u00eds por cada 100 mil habitantes.<\/p>\n<p>La entidad recibi\u00f3 de la Federaci\u00f3n 247 millones de pesos por parte del FASP, pero un estudio del Secretariado Ejecutivo del Sistema Nacional de Seguridad P\u00fablica (SESNSP) muestra que pese al incremento en los niveles de violencia, y de contar con recursos para mejorar la seguridad, no ha hecho ninguna inversi\u00f3n para ello.<\/p>\n<p>La informaci\u00f3n anterior se desprende de una investigaci\u00f3n que realiz\u00f3 el periodista, Arturo \u00c1ngel y que public\u00f3 en el portal: \u201cAnimal Pol\u00edtico\u201d, en la cual se documenta que el Congreso de la Uni\u00f3n aprob\u00f3 un fondo destinado para la seguridad que asciende a 9 mil 600 millones de pesos.<\/p>\n<p>En su investigaci\u00f3n refiere que Colima y Guanajuato, a pesar de que lideran\u00a0 la violencia homicida en el pa\u00eds, no han hecho ninguna inversi\u00f3n para mejorar la seguridad en los primeros cuatro meses de este a\u00f1o.<\/p>\n<p>En la publicaci\u00f3n se menciona que la secretar\u00eda de Hacienda y Cr\u00e9dito P\u00fablico\u00a0 ya ha transferido a los estados 3 mil 716 millones de pesos de los 9 mil 500 millones de pesos con los que cuenta el FASP, sin embargo, en el caso de Colima no existe ninguna inversi\u00f3n en materia de seguridad a pesar de que ya cuenta con el dinero para ello.<\/p>\n<p>Refiere que en el resto de las entidades, s\u00f3lo han invertido uno de cada 10 pesos que recibieron de la Federaci\u00f3n por este concepto.<\/p>\n<p><a href=\"https:\/\/www.diarioavanzada.com.mx\/?p=13513\">https:\/\/www.diarioavanzada.com.mx\/?p=13513<\/a><\/p>\n","protected":false},"excerpt":{"rendered":"<p>Foto: Diario Avanzada Heidi de Le\u00f3n Guti\u00e9rrez \/ Diario Avanzada Colima, M\u00e9xico, Avanzada (24\/06\/2020).-\u00a0Hasta el pasado mes de abril, el Gobierno de Colima no hab\u00eda ejercido un solo peso del &hellip; <a href=\"https:\/\/www.grieta.org.mx\/index.php\/2020\/06\/24\/colima-cuenta-con-247-mdp-para-mejorar-la-seguridad-y-no-ha-invertido-un-solo-peso\/\" class=\"more-link\">Leer m\u00e1s<\/a><\/p>\n","protected":false},"author":2,"featured_media":21928,"comment_status":"closed","ping_status":"closed","sticky":false,"template":"","format":"standard","meta":{"ngg_post_thumbnail":0,"_jetpack_newsletter_access":"","_jetpack_dont_email_post_to_subs":false,"_jetpack_newsletter_tier_id":0,"_jetpack_memberships_contains_paywalled_content":false,"_jetpack_memberships_contains_paid_content":false,"footnotes":""},"categories":[80,13,1126,2],"tags":[3024,1133],"class_list":["post-51311","post","type-post","status-publish","format-standard","has-post-thumbnail","hentry","category-cintillo","category-colima","category-incremento-en-la-violencia-en-colima","category-noticias-nacionales","tag-aumento-de-la-violencia","tag-incremento-en-la-violencia","entry"],"jetpack_featured_media_url":"https:\/\/www.grieta.org.mx\/wp-content\/uploads\/2018\/03\/14524434_1106112876131411_958039263622046936_o.jpg","jetpack_sharing_enabled":true,"jetpack_shortlink":"https:\/\/wp.me\/p7ZJR4-dlB","jetpack_likes_enabled":false,"jetpack-related-posts":[{"id":52638,"url":"https:\/\/www.grieta.org.mx\/index.php\/2020\/08\/09\/asesinaron-a-426-personas-en-colima-en-lo-que-va-de-2020\/","url_meta":{"origin":51311,"position":0},"title":"Asesinaron a 426 personas en Colima en lo que va de 2020","author":"grieta","date":"9 agosto, 2020","format":false,"excerpt":"Imagen: Diario Avanzada Redacci\u00f3n \/ Diario Avanzada Colima, M\u00e9xico, Avanzada (09\/08\/2020).- Colima tiene el primer lugar en homicidios dolosos por cada 100 mil habitantes desde que el gobernador Jos\u00e9 Ignacio Peralta S\u00e1nchez inici\u00f3 su mandato. Como pol\u00edtica de Estado, no se informa a diario de los atentados que se perpetran,\u2026","rel":"","context":"En &quot;CINTILLO&quot;","block_context":{"text":"CINTILLO","link":"https:\/\/www.grieta.org.mx\/index.php\/category\/cintillo\/"},"img":{"alt_text":"","src":"https:\/\/i0.wp.com\/www.grieta.org.mx\/wp-content\/uploads\/2020\/08\/image-27.png?resize=350%2C200&ssl=1","width":350,"height":200,"srcset":"https:\/\/i0.wp.com\/www.grieta.org.mx\/wp-content\/uploads\/2020\/08\/image-27.png?resize=350%2C200&ssl=1 1x, https:\/\/i0.wp.com\/www.grieta.org.mx\/wp-content\/uploads\/2020\/08\/image-27.png?resize=525%2C300&ssl=1 1.5x, https:\/\/i0.wp.com\/www.grieta.org.mx\/wp-content\/uploads\/2020\/08\/image-27.png?resize=700%2C400&ssl=1 2x"},"classes":[]},{"id":55722,"url":"https:\/\/www.grieta.org.mx\/index.php\/2020\/12\/11\/pese-a-discurso-oficial-homicidios-aumentaron-35-en-colima\/","url_meta":{"origin":51311,"position":1},"title":"Pese a discurso oficial homicidios aumentaron 35% en Colima","author":"grieta","date":"11 diciembre, 2020","format":false,"excerpt":"Imagen: Diario Avanzada Heidi de Le\u00f3n Guti\u00e9rrez \/ Diario Avanzada Colima, M\u00e9xico, Avanzada (11\/12\/2020).- Por una parte, el discurso desde el Gobierno del estado expone que se trabaja por la seguridad de los colimenses, por otra, las cifras muestran que la violencia homicida va en aumento en el territorio estatal.\u2026","rel":"","context":"En &quot;CINTILLO&quot;","block_context":{"text":"CINTILLO","link":"https:\/\/www.grieta.org.mx\/index.php\/category\/cintillo\/"},"img":{"alt_text":"","src":"https:\/\/i0.wp.com\/www.grieta.org.mx\/wp-content\/uploads\/2020\/12\/Homicidios-julio-faltan.png?resize=350%2C200&ssl=1","width":350,"height":200,"srcset":"https:\/\/i0.wp.com\/www.grieta.org.mx\/wp-content\/uploads\/2020\/12\/Homicidios-julio-faltan.png?resize=350%2C200&ssl=1 1x, https:\/\/i0.wp.com\/www.grieta.org.mx\/wp-content\/uploads\/2020\/12\/Homicidios-julio-faltan.png?resize=525%2C300&ssl=1 1.5x"},"classes":[]},{"id":70397,"url":"https:\/\/www.grieta.org.mx\/index.php\/2024\/11\/04\/en-los-primeros-tres-anos-del-gobierno-de-indira-se-registraron-2435-homicidios-colima\/","url_meta":{"origin":51311,"position":2},"title":"En los primeros tres a\u00f1os del gobierno de Indira se registraron 2,435 homicidios (Colima)","author":"grieta","date":"4 noviembre, 2024","format":false,"excerpt":"Imagen: Diario Avanzada Heidi de Le\u00f3n Guti\u00e9rrez \/ Diario Avanzada Colima, M\u00e9xico, Avanzada (04\/11\/2024).- Los asesinatos en Colima se han convertido en una constante que ocurre en cualquier momento del d\u00eda y en cualquier punto de la entidad, afectando tanto \u00e1reas urbanas como rurales. En los primeros tres a\u00f1os de\u2026","rel":"","context":"En &quot;CINTILLO&quot;","block_context":{"text":"CINTILLO","link":"https:\/\/www.grieta.org.mx\/index.php\/category\/cintillo\/"},"img":{"alt_text":"","src":"https:\/\/i0.wp.com\/www.grieta.org.mx\/wp-content\/uploads\/2024\/11\/30844273-784b-4ed3-aea1-478839d2a4a8-1.jpg?resize=350%2C200&ssl=1","width":350,"height":200,"srcset":"https:\/\/i0.wp.com\/www.grieta.org.mx\/wp-content\/uploads\/2024\/11\/30844273-784b-4ed3-aea1-478839d2a4a8-1.jpg?resize=350%2C200&ssl=1 1x, https:\/\/i0.wp.com\/www.grieta.org.mx\/wp-content\/uploads\/2024\/11\/30844273-784b-4ed3-aea1-478839d2a4a8-1.jpg?resize=525%2C300&ssl=1 1.5x, https:\/\/i0.wp.com\/www.grieta.org.mx\/wp-content\/uploads\/2024\/11\/30844273-784b-4ed3-aea1-478839d2a4a8-1.jpg?resize=700%2C400&ssl=1 2x, https:\/\/i0.wp.com\/www.grieta.org.mx\/wp-content\/uploads\/2024\/11\/30844273-784b-4ed3-aea1-478839d2a4a8-1.jpg?resize=1050%2C600&ssl=1 3x"},"classes":[]},{"id":47911,"url":"https:\/\/www.grieta.org.mx\/index.php\/2020\/04\/16\/asesinan-a-28-personas-en-colima-en-15-dias\/","url_meta":{"origin":51311,"position":3},"title":"Asesinan a 28 personas en Colima en 15 d\u00edas","author":"grieta","date":"16 abril, 2020","format":false,"excerpt":"Imagen: Diario Avanzada Redacci\u00f3n \/ Diario Avanzada Colima, M\u00e9xico, Avanzada (16\/04\/2020).- Colima tiene el primer lugar en homicidios dolosos por cada 100 mil habitantes desde que el gobernador Jos\u00e9 Ignacio Peralta S\u00e1nchez inici\u00f3 su mandato. Como pol\u00edtica de Estado, no se informa a diario de los atentados que se perpetran,\u2026","rel":"","context":"En &quot;CINTILLO&quot;","block_context":{"text":"CINTILLO","link":"https:\/\/www.grieta.org.mx\/index.php\/category\/cintillo\/"},"img":{"alt_text":"","src":"https:\/\/i0.wp.com\/www.grieta.org.mx\/wp-content\/uploads\/2020\/04\/93641383_359796774971228_775090353949638656_n.jpg?resize=350%2C200&ssl=1","width":350,"height":200,"srcset":"https:\/\/i0.wp.com\/www.grieta.org.mx\/wp-content\/uploads\/2020\/04\/93641383_359796774971228_775090353949638656_n.jpg?resize=350%2C200&ssl=1 1x, https:\/\/i0.wp.com\/www.grieta.org.mx\/wp-content\/uploads\/2020\/04\/93641383_359796774971228_775090353949638656_n.jpg?resize=525%2C300&ssl=1 1.5x, https:\/\/i0.wp.com\/www.grieta.org.mx\/wp-content\/uploads\/2020\/04\/93641383_359796774971228_775090353949638656_n.jpg?resize=700%2C400&ssl=1 2x, https:\/\/i0.wp.com\/www.grieta.org.mx\/wp-content\/uploads\/2020\/04\/93641383_359796774971228_775090353949638656_n.jpg?resize=1050%2C600&ssl=1 3x"},"classes":[]},{"id":42859,"url":"https:\/\/www.grieta.org.mx\/index.php\/2020\/01\/06\/colima-aparece-en-rojo-en-siete-de-once-delitos-que-se-monitorean\/","url_meta":{"origin":51311,"position":4},"title":"Colima aparece en rojo en siete de once delitos que se monitorean","author":"grieta","date":"6 enero, 2020","format":false,"excerpt":"Imagen: Diario Avanzada Heidi de Le\u00f3n Guti\u00e9rrez \/ Diario Avanzada Colima, M\u00e9xico, Avanzada (06\/01\/2020).- Los homicidios, la extorsi\u00f3n, los robos a negocio, el narcomenudeo, las lesiones, la violaci\u00f3n sexual y la violencia familiar son los delitos en los que el estado de Colima se encuentra por arriba de la media\u2026","rel":"","context":"En &quot;CINTILLO&quot;","block_context":{"text":"CINTILLO","link":"https:\/\/www.grieta.org.mx\/index.php\/category\/cintillo\/"},"img":{"alt_text":"","src":"https:\/\/i0.wp.com\/www.grieta.org.mx\/wp-content\/uploads\/2020\/01\/Colima-con-olor-a-muerte-1005x500-1.jpg?resize=350%2C200&ssl=1","width":350,"height":200,"srcset":"https:\/\/i0.wp.com\/www.grieta.org.mx\/wp-content\/uploads\/2020\/01\/Colima-con-olor-a-muerte-1005x500-1.jpg?resize=350%2C200&ssl=1 1x, https:\/\/i0.wp.com\/www.grieta.org.mx\/wp-content\/uploads\/2020\/01\/Colima-con-olor-a-muerte-1005x500-1.jpg?resize=525%2C300&ssl=1 1.5x, https:\/\/i0.wp.com\/www.grieta.org.mx\/wp-content\/uploads\/2020\/01\/Colima-con-olor-a-muerte-1005x500-1.jpg?resize=700%2C400&ssl=1 2x"},"classes":[]},{"id":47177,"url":"https:\/\/www.grieta.org.mx\/index.php\/2020\/03\/31\/en-cinco-anos-aumentaron-660-los-delitos-sexuales-en-colima\/","url_meta":{"origin":51311,"position":5},"title":"En cinco a\u00f1os aumentaron 660% los delitos sexuales en Colima","author":"grieta","date":"31 marzo, 2020","format":false,"excerpt":"Foto: Diario Avanzada Redacci\u00f3n \/ Diario Avanzada Colima, M\u00e9xico, Avanzada (31\/03\/2020).- En los \u00faltimos cinco a\u00f1os, se incrementaron en 660 por ciento las denuncias por delitos contra la libertad y la seguridad sexual en Colima, de acuerdo con cifras del Secretariado Ejecutivo del Sistema Nacional de Seguridad P\u00fablica (SESNSP). El\u2026","rel":"","context":"En &quot;CINTILLO&quot;","block_context":{"text":"CINTILLO","link":"https:\/\/www.grieta.org.mx\/index.php\/category\/cintillo\/"},"img":{"alt_text":"","src":"https:\/\/i0.wp.com\/www.grieta.org.mx\/wp-content\/uploads\/2020\/04\/VIOLENCIA.jpeg?resize=350%2C200&ssl=1","width":350,"height":200,"srcset":"https:\/\/i0.wp.com\/www.grieta.org.mx\/wp-content\/uploads\/2020\/04\/VIOLENCIA.jpeg?resize=350%2C200&ssl=1 1x, https:\/\/i0.wp.com\/www.grieta.org.mx\/wp-content\/uploads\/2020\/04\/VIOLENCIA.jpeg?resize=525%2C300&ssl=1 1.5x, https:\/\/i0.wp.com\/www.grieta.org.mx\/wp-content\/uploads\/2020\/04\/VIOLENCIA.jpeg?resize=700%2C400&ssl=1 2x, https:\/\/i0.wp.com\/www.grieta.org.mx\/wp-content\/uploads\/2020\/04\/VIOLENCIA.jpeg?resize=1050%2C600&ssl=1 3x, https:\/\/i0.wp.com\/www.grieta.org.mx\/wp-content\/uploads\/2020\/04\/VIOLENCIA.jpeg?resize=1400%2C800&ssl=1 4x"},"classes":[]}],"_links":{"self":[{"href":"https:\/\/www.grieta.org.mx\/index.php\/wp-json\/wp\/v2\/posts\/51311","targetHints":{"allow":["GET"]}}],"collection":[{"href":"https:\/\/www.grieta.org.mx\/index.php\/wp-json\/wp\/v2\/posts"}],"about":[{"href":"https:\/\/www.grieta.org.mx\/index.php\/wp-json\/wp\/v2\/types\/post"}],"author":[{"embeddable":true,"href":"https:\/\/www.grieta.org.mx\/index.php\/wp-json\/wp\/v2\/users\/2"}],"replies":[{"embeddable":true,"href":"https:\/\/www.grieta.org.mx\/index.php\/wp-json\/wp\/v2\/comments?post=51311"}],"version-history":[{"count":1,"href":"https:\/\/www.grieta.org.mx\/index.php\/wp-json\/wp\/v2\/posts\/51311\/revisions"}],"predecessor-version":[{"id":51313,"href":"https:\/\/www.grieta.org.mx\/index.php\/wp-json\/wp\/v2\/posts\/51311\/revisions\/51313"}],"wp:featuredmedia":[{"embeddable":true,"href":"https:\/\/www.grieta.org.mx\/index.php\/wp-json\/wp\/v2\/media\/21928"}],"wp:attachment":[{"href":"https:\/\/www.grieta.org.mx\/index.php\/wp-json\/wp\/v2\/media?parent=51311"}],"wp:term":[{"taxonomy":"category","embeddable":true,"href":"https:\/\/www.grieta.org.mx\/index.php\/wp-json\/wp\/v2\/categories?post=51311"},{"taxonomy":"post_tag","embeddable":true,"href":"https:\/\/www.grieta.org.mx\/index.php\/wp-json\/wp\/v2\/tags?post=51311"}],"curies":[{"name":"wp","href":"https:\/\/api.w.org\/{rel}","templated":true}]}}