{"id":51305,"date":"2020-06-26T14:02:15","date_gmt":"2020-06-26T19:02:15","guid":{"rendered":"http:\/\/www.grieta.org.mx\/?p=51305"},"modified":"2020-06-27T14:12:36","modified_gmt":"2020-06-27T19:12:36","slug":"busqueda-de-desaparecidos-da-preferencia-a-personajes-colima","status":"publish","type":"post","link":"https:\/\/www.grieta.org.mx\/index.php\/2020\/06\/26\/busqueda-de-desaparecidos-da-preferencia-a-personajes-colima\/","title":{"rendered":"B\u00fasqueda de desaparecidos da preferencia a personajes (Colima)"},"content":{"rendered":"<p><img loading=\"lazy\" decoding=\"async\" data-attachment-id=\"51306\" data-permalink=\"https:\/\/www.grieta.org.mx\/index.php\/2020\/06\/26\/busqueda-de-desaparecidos-da-preferencia-a-personajes-colima\/6-6_-6_-_-_2\/\" data-orig-file=\"https:\/\/www.grieta.org.mx\/wp-content\/uploads\/2020\/06\/6.6_.6_._._2.jpg\" data-orig-size=\"800,350\" data-comments-opened=\"0\" data-image-meta=\"{&quot;aperture&quot;:&quot;0&quot;,&quot;credit&quot;:&quot;&quot;,&quot;camera&quot;:&quot;&quot;,&quot;caption&quot;:&quot;&quot;,&quot;created_timestamp&quot;:&quot;0&quot;,&quot;copyright&quot;:&quot;&quot;,&quot;focal_length&quot;:&quot;0&quot;,&quot;iso&quot;:&quot;0&quot;,&quot;shutter_speed&quot;:&quot;0&quot;,&quot;title&quot;:&quot;&quot;,&quot;orientation&quot;:&quot;0&quot;}\" data-image-title=\"6.6_.6_._._2\" data-image-description=\"\" data-image-caption=\"\" data-medium-file=\"https:\/\/www.grieta.org.mx\/wp-content\/uploads\/2020\/06\/6.6_.6_._._2-300x131.jpg\" data-large-file=\"https:\/\/www.grieta.org.mx\/wp-content\/uploads\/2020\/06\/6.6_.6_._._2.jpg\" class=\"aligncenter wp-image-51306\" src=\"http:\/\/www.grieta.org.mx\/wp-content\/uploads\/2020\/06\/6.6_.6_._._2.jpg\" alt=\"\" width=\"802\" height=\"351\" srcset=\"https:\/\/www.grieta.org.mx\/wp-content\/uploads\/2020\/06\/6.6_.6_._._2.jpg 800w, https:\/\/www.grieta.org.mx\/wp-content\/uploads\/2020\/06\/6.6_.6_._._2-300x131.jpg 300w, https:\/\/www.grieta.org.mx\/wp-content\/uploads\/2020\/06\/6.6_.6_._._2-768x336.jpg 768w\" sizes=\"auto, (max-width: 802px) 100vw, 802px\" \/><\/p>\n<p>Foto: El Diario de Colima<\/p>\n<p>Hugo Vel\u00e1zquez Roque \/ El Diario de Colima<\/p>\n<p>El colectivo Red de Desaparecidos en Colima acus\u00f3 que el trabajo de investigaci\u00f3n y b\u00fasqueda de personas desaparecidas en la entidad, por parte de autoridades estatales o federales, tiene un sesgo por la importancia del personaje.<\/p>\n<p>La secretaria de la Red de Desaparecidos de Colima, Blanca Estela Ram\u00edrez indic\u00f3 que existe una categorizaci\u00f3n por importancia de la persona que se busca.<\/p>\n<p>Explic\u00f3 que a ra\u00edz de la pandemia por el Covid-19, se suspendieron las b\u00fasquedas de familiares desaparecido por las autoridades, sin embargo, cuando ocurri\u00f3 el caso de la diputada Francis Anel Bueno S\u00e1nchez se moviliz\u00f3, pese a la pandemia.<\/p>\n<p>\u201cVino la Comisi\u00f3n Nacional de B\u00fasqueda, pero al ser localizada (la Diputada), adi\u00f3s Comisi\u00f3n. Lleg\u00f3 como se fue, calladita\u201d. Precis\u00f3 sobre esa situaci\u00f3n, donde dijo esperaban que se pudiera extender el tiempo de la Comisi\u00f3n para que tambi\u00e9n los apoyara a ellos.<\/p>\n<p>\u201cAhorita nuevamente hay movilizaci\u00f3n en el estado por el asesinato del juez y su esposa, pero los familiares de los desaparecidos seguimos sin ser tomados en cuenta\u201d, apunt\u00f3.<\/p>\n<p>Indic\u00f3 que una solicitud es que no se les revictimice, \u201cpero al final de cuentas eso es lo que pasa todos los d\u00edas, porque necesita haber alguien importante para vida de que se haga movimiento\u201d.<\/p>\n<p>Finalmente, exigi\u00f3 no se \u201ccatalogue\u201d a los desaparecidos o v\u00edctimas de los delitos, \u201ctodos somos iguales, pero no pasa, siendo el mismo lema: tanto tienes, tanto vales\u201d.<\/p>\n<p><a href=\"https:\/\/diariodecolima.com\/noticias\/detalle\/2020-06-26-bsqueda-de-desaparecidos-da-preferencia-a-personajes\">https:\/\/diariodecolima.com\/noticias\/detalle\/2020-06-26-bsqueda-de-desaparecidos-da-preferencia-a-personajes<\/a><\/p>\n","protected":false},"excerpt":{"rendered":"<p>Foto: El Diario de Colima Hugo Vel\u00e1zquez Roque \/ El Diario de Colima El colectivo Red de Desaparecidos en Colima acus\u00f3 que el trabajo de investigaci\u00f3n y b\u00fasqueda de personas &hellip; <a href=\"https:\/\/www.grieta.org.mx\/index.php\/2020\/06\/26\/busqueda-de-desaparecidos-da-preferencia-a-personajes-colima\/\" class=\"more-link\">Leer m\u00e1s<\/a><\/p>\n","protected":false},"author":2,"featured_media":51306,"comment_status":"closed","ping_status":"closed","sticky":false,"template":"","format":"standard","meta":{"ngg_post_thumbnail":0,"_jetpack_newsletter_access":"","_jetpack_dont_email_post_to_subs":false,"_jetpack_newsletter_tier_id":0,"_jetpack_memberships_contains_paywalled_content":false,"_jetpack_memberships_contains_paid_content":false,"footnotes":""},"categories":[80,13,3286,87,1829,2,83],"tags":[1828,897,1668,1228],"class_list":["post-51305","post","type-post","status-publish","format-standard","has-post-thumbnail","hentry","category-cintillo","category-colima","category-covid-19-en-colima","category-desaparecidos","category-desaparecidos-en-colima","category-noticias-nacionales","category-temas-nacionales","tag-busqueda-de-desaparecidos","tag-desaparicidos","tag-familiares-de-desaparecidos","tag-protestas-por-desaparecidos","entry"],"jetpack_featured_media_url":"https:\/\/www.grieta.org.mx\/wp-content\/uploads\/2020\/06\/6.6_.6_._._2.jpg","jetpack_sharing_enabled":true,"jetpack_shortlink":"https:\/\/wp.me\/p7ZJR4-dlv","jetpack_likes_enabled":false,"jetpack-related-posts":[{"id":60398,"url":"https:\/\/www.grieta.org.mx\/index.php\/2021\/07\/06\/familias-de-colima-recorren-jalisco-buscando-a-sus-desaparecidos\/","url_meta":{"origin":51305,"position":0},"title":"Familias de Colima recorren Jalisco buscando a sus desaparecidos","author":"grieta","date":"6 julio, 2021","format":false,"excerpt":"Foto:\u00a0 Diario Avanzada Heidi de Le\u00f3n Guti\u00e9rrez \/ Diario Avanzada Colima, M\u00e9xico, Avanzada (06\/07\/2021).- Integrantes de la Red de Personas Desaparecidas en Colima se encuentran en Jalisco para buscar a sus familiares \u00a0en hospitales, albergues,\u00a0 centros penitenciarios \u00a0y en distintos puntos de esa entidad como parte de la Jornada Nacional\u2026","rel":"","context":"En &quot;CINTILLO&quot;","block_context":{"text":"CINTILLO","link":"https:\/\/www.grieta.org.mx\/index.php\/category\/cintillo\/"},"img":{"alt_text":"","src":"https:\/\/i0.wp.com\/www.grieta.org.mx\/wp-content\/uploads\/2021\/07\/Des.png?resize=350%2C200&ssl=1","width":350,"height":200},"classes":[]},{"id":71951,"url":"https:\/\/www.grieta.org.mx\/index.php\/2025\/07\/03\/sospecha-red-de-desaparecidos-de-colima-que-en-jalisco-se-encuentran-sus-familiares\/","url_meta":{"origin":51305,"position":1},"title":"Sospecha Red de Desaparecidos de Colima que en Jalisco se encuentran sus familiares","author":"grieta","date":"3 julio, 2025","format":false,"excerpt":"Imagen: Tomada de Redes Sociales C\u00e9sar Barrera \/ El Comentario, Colima a\u00a0Red de Desaparecidos del Estado de Colima\u00a0expres\u00f3 su preocupaci\u00f3n por la posibilidad de que\u00a0personas desaparecidas\u00a0en territorio colimense est\u00e9n siendo trasladadas a Jalisco, estado al que apuntan diversos indicios recabados por integrantes del colectivo. Blanca Estela Ram\u00edrez, vocera de la\u2026","rel":"","context":"En &quot;CINTILLO&quot;","block_context":{"text":"CINTILLO","link":"https:\/\/www.grieta.org.mx\/index.php\/category\/cintillo\/"},"img":{"alt_text":"","src":"https:\/\/i0.wp.com\/www.grieta.org.mx\/wp-content\/uploads\/2025\/07\/desaparecidos.webp?resize=350%2C200&ssl=1","width":350,"height":200,"srcset":"https:\/\/i0.wp.com\/www.grieta.org.mx\/wp-content\/uploads\/2025\/07\/desaparecidos.webp?resize=350%2C200&ssl=1 1x, https:\/\/i0.wp.com\/www.grieta.org.mx\/wp-content\/uploads\/2025\/07\/desaparecidos.webp?resize=525%2C300&ssl=1 1.5x, https:\/\/i0.wp.com\/www.grieta.org.mx\/wp-content\/uploads\/2025\/07\/desaparecidos.webp?resize=700%2C400&ssl=1 2x"},"classes":[]},{"id":66990,"url":"https:\/\/www.grieta.org.mx\/index.php\/2023\/05\/23\/colima-esta-hundido-en-corrupcion-es-una-porqueria-dice-eva-fundadora-de-la-red-desaparecidos-en-colima\/","url_meta":{"origin":51305,"position":2},"title":"\u201cColima est\u00e1 hundido en corrupci\u00f3n, es una porquer\u00eda\u201d, dice Eva, fundadora de la \u201cRed Desaparecidos En Colima&#8221;","author":"grieta","date":"23 mayo, 2023","format":false,"excerpt":"Imagen; Diario Avanzada Heidi de Le\u00f3n Guti\u00e9rrez \/ Diario Avanzada Colima, M\u00e9xico, Avanzada (23\/05\/2023).-\u00bfQu\u00e9 le dir\u00edas al gobierno de Colima?, se le pregunt\u00f3 a Eva, fundadora de la Red de los Desaparecidos En Colima y quien tuvo que abandonar el estado por diversas circunstancias, \u201cque dejen de hacerse tontos. Colima\u2026","rel":"","context":"En &quot;CINTILLO&quot;","block_context":{"text":"CINTILLO","link":"https:\/\/www.grieta.org.mx\/index.php\/category\/cintillo\/"},"img":{"alt_text":"","src":"https:\/\/i0.wp.com\/www.grieta.org.mx\/wp-content\/uploads\/2023\/06\/image-276.webp?resize=350%2C200&ssl=1","width":350,"height":200,"srcset":"https:\/\/i0.wp.com\/www.grieta.org.mx\/wp-content\/uploads\/2023\/06\/image-276.webp?resize=350%2C200&ssl=1 1x, https:\/\/i0.wp.com\/www.grieta.org.mx\/wp-content\/uploads\/2023\/06\/image-276.webp?resize=525%2C300&ssl=1 1.5x"},"classes":[]},{"id":55616,"url":"https:\/\/www.grieta.org.mx\/index.php\/2020\/12\/02\/ante-el-desamparo-gubernamental-familiares-de-desaparecidos-buscan-donaciones-colima\/","url_meta":{"origin":51305,"position":3},"title":"Ante el desamparo gubernamental, familiares de desaparecidos buscan donaciones (Colima)","author":"grieta","date":"2 diciembre, 2020","format":false,"excerpt":"Foto: Diario Avanzada Heidi de Le\u00f3n Guti\u00e9rrez \/ Diario Avanzada Colima, M\u00e9xico, Avanzada (2\/12\/2020).- Integrantes de la Red de Desaparecidos en el Estado de Colima solicitaron el apoyo econ\u00f3mico o en especie de la poblaci\u00f3n para poder comprar instrumentos que necesitan para las b\u00fasquedas que realizan en diferentes partes de\u2026","rel":"","context":"En &quot;CINTILLO&quot;","block_context":{"text":"CINTILLO","link":"https:\/\/www.grieta.org.mx\/index.php\/category\/cintillo\/"},"img":{"alt_text":"","src":"https:\/\/i0.wp.com\/www.grieta.org.mx\/wp-content\/uploads\/2020\/12\/image-3.png?resize=350%2C200&ssl=1","width":350,"height":200,"srcset":"https:\/\/i0.wp.com\/www.grieta.org.mx\/wp-content\/uploads\/2020\/12\/image-3.png?resize=350%2C200&ssl=1 1x, https:\/\/i0.wp.com\/www.grieta.org.mx\/wp-content\/uploads\/2020\/12\/image-3.png?resize=525%2C300&ssl=1 1.5x"},"classes":[]},{"id":55371,"url":"https:\/\/www.grieta.org.mx\/index.php\/2020\/11\/18\/continua-busqueda-de-colimenses-en-jalisco\/","url_meta":{"origin":51305,"position":4},"title":"Contin\u00faa b\u00fasqueda de colimenses en Jalisco","author":"grieta","date":"18 noviembre, 2020","format":false,"excerpt":"Foto: Cuartoscuro Lauro Rodr\u00edguez \/ El Diario NTR Al pie del volc\u00e1n de Colima y entre plantaciones de ca\u00f1a,\u00a0en el municipio de\u00a0Tonila, al sur de Jalisco, contin\u00faa la b\u00fasqueda de colimenses desaparecidos. El 24 de septiembre, integrantes del colectivo\u00a0Red de Desaparecidos en Colima, AC,\u00a0se manifestaron en la glorieta\u00a0de los Ni\u00f1os\u2026","rel":"","context":"En &quot;CINTILLO&quot;","block_context":{"text":"CINTILLO","link":"https:\/\/www.grieta.org.mx\/index.php\/category\/cintillo\/"},"img":{"alt_text":"","src":"https:\/\/i0.wp.com\/www.grieta.org.mx\/wp-content\/uploads\/2020\/11\/2020-11-18_12-11-39___8730.jpg?resize=350%2C200&ssl=1","width":350,"height":200,"srcset":"https:\/\/i0.wp.com\/www.grieta.org.mx\/wp-content\/uploads\/2020\/11\/2020-11-18_12-11-39___8730.jpg?resize=350%2C200&ssl=1 1x, https:\/\/i0.wp.com\/www.grieta.org.mx\/wp-content\/uploads\/2020\/11\/2020-11-18_12-11-39___8730.jpg?resize=525%2C300&ssl=1 1.5x, https:\/\/i0.wp.com\/www.grieta.org.mx\/wp-content\/uploads\/2020\/11\/2020-11-18_12-11-39___8730.jpg?resize=700%2C400&ssl=1 2x"},"classes":[]},{"id":49946,"url":"https:\/\/www.grieta.org.mx\/index.php\/2020\/05\/25\/imparable-cifra-de-desaparecidos-en-colima-superaria-los-750\/","url_meta":{"origin":51305,"position":5},"title":"Imparable, cifra de desaparecidos en Colima superar\u00eda los 750 (Colima)","author":"grieta","date":"25 mayo, 2020","format":false,"excerpt":"Foto: Diario Avanzada Heidi de Le\u00f3n Guti\u00e9rrez \/ Diario Avanzada Colima,\u00a0 M\u00e9xico, Avanzada (25\/05\/2020).- En Colima, el n\u00famero de desaparecido va en aumento y aunque no existe una cifra oficial p\u00fablica, \u00e9sta podr\u00eda superar las 750 personas. Lo anterior fue se\u00f1alado por la integrante del Comit\u00e9 de B\u00fasqueda de Personas\u2026","rel":"","context":"En &quot;CINTILLO&quot;","block_context":{"text":"CINTILLO","link":"https:\/\/www.grieta.org.mx\/index.php\/category\/cintillo\/"},"img":{"alt_text":"","src":"https:\/\/i0.wp.com\/www.grieta.org.mx\/wp-content\/uploads\/2020\/05\/97545289_1318113668398545_3799757665555447808_n.jpg?resize=350%2C200&ssl=1","width":350,"height":200,"srcset":"https:\/\/i0.wp.com\/www.grieta.org.mx\/wp-content\/uploads\/2020\/05\/97545289_1318113668398545_3799757665555447808_n.jpg?resize=350%2C200&ssl=1 1x, https:\/\/i0.wp.com\/www.grieta.org.mx\/wp-content\/uploads\/2020\/05\/97545289_1318113668398545_3799757665555447808_n.jpg?resize=525%2C300&ssl=1 1.5x, https:\/\/i0.wp.com\/www.grieta.org.mx\/wp-content\/uploads\/2020\/05\/97545289_1318113668398545_3799757665555447808_n.jpg?resize=700%2C400&ssl=1 2x"},"classes":[]}],"_links":{"self":[{"href":"https:\/\/www.grieta.org.mx\/index.php\/wp-json\/wp\/v2\/posts\/51305","targetHints":{"allow":["GET"]}}],"collection":[{"href":"https:\/\/www.grieta.org.mx\/index.php\/wp-json\/wp\/v2\/posts"}],"about":[{"href":"https:\/\/www.grieta.org.mx\/index.php\/wp-json\/wp\/v2\/types\/post"}],"author":[{"embeddable":true,"href":"https:\/\/www.grieta.org.mx\/index.php\/wp-json\/wp\/v2\/users\/2"}],"replies":[{"embeddable":true,"href":"https:\/\/www.grieta.org.mx\/index.php\/wp-json\/wp\/v2\/comments?post=51305"}],"version-history":[{"count":1,"href":"https:\/\/www.grieta.org.mx\/index.php\/wp-json\/wp\/v2\/posts\/51305\/revisions"}],"predecessor-version":[{"id":51307,"href":"https:\/\/www.grieta.org.mx\/index.php\/wp-json\/wp\/v2\/posts\/51305\/revisions\/51307"}],"wp:featuredmedia":[{"embeddable":true,"href":"https:\/\/www.grieta.org.mx\/index.php\/wp-json\/wp\/v2\/media\/51306"}],"wp:attachment":[{"href":"https:\/\/www.grieta.org.mx\/index.php\/wp-json\/wp\/v2\/media?parent=51305"}],"wp:term":[{"taxonomy":"category","embeddable":true,"href":"https:\/\/www.grieta.org.mx\/index.php\/wp-json\/wp\/v2\/categories?post=51305"},{"taxonomy":"post_tag","embeddable":true,"href":"https:\/\/www.grieta.org.mx\/index.php\/wp-json\/wp\/v2\/tags?post=51305"}],"curies":[{"name":"wp","href":"https:\/\/api.w.org\/{rel}","templated":true}]}}