{"id":51300,"date":"2020-06-24T13:53:46","date_gmt":"2020-06-24T18:53:46","guid":{"rendered":"http:\/\/www.grieta.org.mx\/?p=51300"},"modified":"2020-06-27T14:01:21","modified_gmt":"2020-06-27T19:01:21","slug":"de-enero-a-mayo-se-ha-denunciado-la-desaparicion-de-289-personas-en-colima","status":"publish","type":"post","link":"https:\/\/www.grieta.org.mx\/index.php\/2020\/06\/24\/de-enero-a-mayo-se-ha-denunciado-la-desaparicion-de-289-personas-en-colima\/","title":{"rendered":"De enero a mayo se ha denunciado la desaparici\u00f3n de 289 personas en Colima"},"content":{"rendered":"<p><img loading=\"lazy\" decoding=\"async\" data-attachment-id=\"51301\" data-permalink=\"https:\/\/www.grieta.org.mx\/index.php\/2020\/06\/24\/de-enero-a-mayo-se-ha-denunciado-la-desaparicion-de-289-personas-en-colima\/891db44a8f22b6b6dd19ab3b773285c2-1024x533\/\" data-orig-file=\"https:\/\/www.grieta.org.mx\/wp-content\/uploads\/2020\/06\/891db44a8f22b6b6dd19ab3b773285c2-1024x533.jpeg\" data-orig-size=\"1024,533\" data-comments-opened=\"0\" data-image-meta=\"{&quot;aperture&quot;:&quot;0&quot;,&quot;credit&quot;:&quot;&quot;,&quot;camera&quot;:&quot;&quot;,&quot;caption&quot;:&quot;&quot;,&quot;created_timestamp&quot;:&quot;0&quot;,&quot;copyright&quot;:&quot;&quot;,&quot;focal_length&quot;:&quot;0&quot;,&quot;iso&quot;:&quot;0&quot;,&quot;shutter_speed&quot;:&quot;0&quot;,&quot;title&quot;:&quot;&quot;,&quot;orientation&quot;:&quot;0&quot;}\" data-image-title=\"891db44a8f22b6b6dd19ab3b773285c2-1024&amp;#215;533\" data-image-description=\"\" data-image-caption=\"\" data-medium-file=\"https:\/\/www.grieta.org.mx\/wp-content\/uploads\/2020\/06\/891db44a8f22b6b6dd19ab3b773285c2-1024x533-300x156.jpeg\" data-large-file=\"https:\/\/www.grieta.org.mx\/wp-content\/uploads\/2020\/06\/891db44a8f22b6b6dd19ab3b773285c2-1024x533-1024x533.jpeg\" class=\"aligncenter wp-image-51301\" src=\"http:\/\/www.grieta.org.mx\/wp-content\/uploads\/2020\/06\/891db44a8f22b6b6dd19ab3b773285c2-1024x533.jpeg\" alt=\"\" width=\"801\" height=\"417\" srcset=\"https:\/\/www.grieta.org.mx\/wp-content\/uploads\/2020\/06\/891db44a8f22b6b6dd19ab3b773285c2-1024x533.jpeg 1024w, https:\/\/www.grieta.org.mx\/wp-content\/uploads\/2020\/06\/891db44a8f22b6b6dd19ab3b773285c2-1024x533-300x156.jpeg 300w, https:\/\/www.grieta.org.mx\/wp-content\/uploads\/2020\/06\/891db44a8f22b6b6dd19ab3b773285c2-1024x533-768x400.jpeg 768w, https:\/\/www.grieta.org.mx\/wp-content\/uploads\/2020\/06\/891db44a8f22b6b6dd19ab3b773285c2-1024x533-961x500.jpeg 961w\" sizes=\"auto, (max-width: 801px) 100vw, 801px\" \/><\/p>\n<p>Foto: El Comentario<\/p>\n<p>Francis Bravo \/ El Comentario<\/p>\n<p>De enero a mayo de 2020 se han presentado 289 denuncias por desaparici\u00f3n de personas; sin embargo, en el estado hay alrededor de mil casos, lo que indica que hay muchos que por miedo o distintas circunstancias no denuncian.<\/p>\n<p>En los anteriores t\u00e9rminos se expres\u00f3\u00a0<strong>Blanca Estela Ram\u00edrez<\/strong>, secretaria de la\u00a0<strong>Red de Desaparecidos de Colima<\/strong>, movimiento que en d\u00edas pasado decidi\u00f3 tomar la\u00a0<strong>Rotonda de los Colimenses Ilustres<\/strong>, ubicada en el\u00a0<strong>parque de la Piedra Lisa<\/strong>, para colocar fotograf\u00edas de sus familiares desaparecidos, pues consideran que este lugar no est\u00e1 cumpliendo el objetivo para el cual fue hecha.<\/p>\n<p>\u201cLo que buscamos es que la gente de\u00a0<strong>Colima<\/strong>\u00a0conozca los diversos casos de\u00a0<strong>personas desaparecidas<\/strong>\u00a0en la entidad, que sus\u00a0<strong>familiares<\/strong>\u00a0no cejar\u00e1n su empe\u00f1o en encontrarlos, y tambi\u00e9n pedimos a la poblaci\u00f3n en general que si tienen informaci\u00f3n sobre alguno de los casos, nos la den a conocer, siempre se estar\u00e1 respetando el\u00a0<strong>anonimato<\/strong>\u00a0y claro est\u00e1, el agradecimiento permanente\u201d, expres\u00f3\u00a0<strong>Blanca Estela Ram\u00edrez<\/strong>.<\/p>\n<p>Asimismo, su objetivo es que tanto la sociedad y como el gobierno se den cuenta de que \u201cni la\u00a0<strong>pandemia<\/strong>\u00a0ni ninguna otra circunstancia nos va a parar en nuestro empe\u00f1o de encontrar a nuestros\u00a0<strong>familiares<\/strong>\u201d.<\/p>\n<p>De igual manera, se mostr\u00f3 satisfecha y agradecida por la\u00a0<strong>empat\u00eda<\/strong>\u00a0mostrada por la\u00a0<strong>ciudadan\u00eda<\/strong>, pues desde que colocaron las\u00a0<strong>fotograf\u00edas de sus familiares<\/strong>, ninguna ha sido retirada o vandalizada.<\/p>\n<p>Finalmente, dijo que como\u00a0<strong>organizaci\u00f3n<\/strong>\u00a0quieren seguir\u00a0<strong>alzando la voz<\/strong>, que la\u00a0<strong>ciudadan\u00eda<\/strong>\u00a0conozca la situaci\u00f3n, y no permitir que el gobierno ni sus instituciones se alejen de la realidad que se est\u00e1 viviendo en el\u00a0<strong>estado<\/strong>.<\/p>\n<p><a href=\"https:\/\/elcomentario.ucol.mx\/de-enero-a-mayo-se-ha-denunciado-la-desaparicion-de-289-personas-en-colima\/\">https:\/\/elcomentario.ucol.mx\/de-enero-a-mayo-se-ha-denunciado-la-desaparicion-de-289-personas-en-colima\/<\/a><\/p>\n","protected":false},"excerpt":{"rendered":"<p>Foto: El Comentario Francis Bravo \/ El Comentario De enero a mayo de 2020 se han presentado 289 denuncias por desaparici\u00f3n de personas; sin embargo, en el estado hay alrededor &hellip; <a href=\"https:\/\/www.grieta.org.mx\/index.php\/2020\/06\/24\/de-enero-a-mayo-se-ha-denunciado-la-desaparicion-de-289-personas-en-colima\/\" class=\"more-link\">Leer m\u00e1s<\/a><\/p>\n","protected":false},"author":2,"featured_media":51301,"comment_status":"closed","ping_status":"closed","sticky":false,"template":"","format":"standard","meta":{"ngg_post_thumbnail":0,"_jetpack_newsletter_access":"","_jetpack_dont_email_post_to_subs":false,"_jetpack_newsletter_tier_id":0,"_jetpack_memberships_contains_paywalled_content":false,"_jetpack_memberships_contains_paid_content":false,"footnotes":""},"categories":[80,13,3286,87,1829,2,83],"tags":[1828,121,1668,1228],"class_list":["post-51300","post","type-post","status-publish","format-standard","has-post-thumbnail","hentry","category-cintillo","category-colima","category-covid-19-en-colima","category-desaparecidos","category-desaparecidos-en-colima","category-noticias-nacionales","category-temas-nacionales","tag-busqueda-de-desaparecidos","tag-desaparecidos","tag-familiares-de-desaparecidos","tag-protestas-por-desaparecidos","entry"],"jetpack_featured_media_url":"https:\/\/www.grieta.org.mx\/wp-content\/uploads\/2020\/06\/891db44a8f22b6b6dd19ab3b773285c2-1024x533.jpeg","jetpack_sharing_enabled":true,"jetpack_shortlink":"https:\/\/wp.me\/p7ZJR4-dlq","jetpack_likes_enabled":false,"jetpack-related-posts":[{"id":39368,"url":"https:\/\/www.grieta.org.mx\/index.php\/2019\/09\/13\/espera-colectivo-desaparecidos-de-colima-localizar-a-sus-familiares-en-jalisco\/","url_meta":{"origin":51300,"position":0},"title":"Espera colectivo Desaparecidos de Colima localizar a sus familiares en Jalisco","author":"grieta","date":"13 septiembre, 2019","format":false,"excerpt":"Foto: El Comentario Juan Ram\u00f3n Jim\u00e9nez Fuentes \/ El Comentario La representante del\u00a0colectivo Desaparecidos de Colima, Carmen Sep\u00falveda, dio a conocer que\u00a0familiares\u00a0de personas desaparecidas\u00a0viajar\u00e1n\u00a0 al estado de Jalisco, luego de que se dio a conocer el\u00a0hallazgo de m\u00e1s de 115 bolsas\u00a0que conten\u00edan\u00a0restos humanos\u00a0en el municipio de\u00a0Zapopan. De acuerdo a lo\u2026","rel":"","context":"En &quot;CINTILLO&quot;","block_context":{"text":"CINTILLO","link":"https:\/\/www.grieta.org.mx\/index.php\/category\/cintillo\/"},"img":{"alt_text":"","src":"https:\/\/i0.wp.com\/www.grieta.org.mx\/wp-content\/uploads\/2019\/09\/11ad6d8c109d4d0d3718085ea877bbc8-6.jpg?resize=350%2C200&ssl=1","width":350,"height":200,"srcset":"https:\/\/i0.wp.com\/www.grieta.org.mx\/wp-content\/uploads\/2019\/09\/11ad6d8c109d4d0d3718085ea877bbc8-6.jpg?resize=350%2C200&ssl=1 1x, https:\/\/i0.wp.com\/www.grieta.org.mx\/wp-content\/uploads\/2019\/09\/11ad6d8c109d4d0d3718085ea877bbc8-6.jpg?resize=525%2C300&ssl=1 1.5x, https:\/\/i0.wp.com\/www.grieta.org.mx\/wp-content\/uploads\/2019\/09\/11ad6d8c109d4d0d3718085ea877bbc8-6.jpg?resize=700%2C400&ssl=1 2x"},"classes":[]},{"id":62773,"url":"https:\/\/www.grieta.org.mx\/index.php\/2021\/11\/23\/roban-lonas-con-fotos-de-desaparecidos-del-colectivo-solidario-de-tecoman-colima\/","url_meta":{"origin":51300,"position":1},"title":"Roban lonas con fotos de desaparecidos del Colectivo Solidario de Tecom\u00e1n (Colima)","author":"grieta","date":"23 noviembre, 2021","format":false,"excerpt":"Foto: El Comentario Yensuni L\u00f3pez Andrade \/ El Comentario Integrantes del\u00a0Colectivo Solidario de B\u00fasqueda de Desaparecidos\u00a0denunciaron el robo de lonas con datos de familiares y personas que buscan y que fueron colocadas afuera del templo de\u00a0Santo Santiago, en la cabecera municipal de\u00a0Tecom\u00e1n, el pasado\u00a026 de julio. A nombre del colectivo,\u00a0Candelaria\u2026","rel":"","context":"En &quot;CINTILLO&quot;","block_context":{"text":"CINTILLO","link":"https:\/\/www.grieta.org.mx\/index.php\/category\/cintillo\/"},"img":{"alt_text":"","src":"https:\/\/i0.wp.com\/www.grieta.org.mx\/wp-content\/uploads\/2021\/12\/70c56624f1caf4fc280cb3ae0967e2f7.jpeg?resize=350%2C200&ssl=1","width":350,"height":200,"srcset":"https:\/\/i0.wp.com\/www.grieta.org.mx\/wp-content\/uploads\/2021\/12\/70c56624f1caf4fc280cb3ae0967e2f7.jpeg?resize=350%2C200&ssl=1 1x, https:\/\/i0.wp.com\/www.grieta.org.mx\/wp-content\/uploads\/2021\/12\/70c56624f1caf4fc280cb3ae0967e2f7.jpeg?resize=525%2C300&ssl=1 1.5x, https:\/\/i0.wp.com\/www.grieta.org.mx\/wp-content\/uploads\/2021\/12\/70c56624f1caf4fc280cb3ae0967e2f7.jpeg?resize=700%2C400&ssl=1 2x"},"classes":[]},{"id":68332,"url":"https:\/\/www.grieta.org.mx\/index.php\/2024\/01\/10\/colima-registra-213-menores-desaparecidos\/","url_meta":{"origin":51300,"position":2},"title":"Colima registra 213 menores desaparecidos","author":"grieta","date":"10 enero, 2024","format":false,"excerpt":"*En la fotograf\u00eda: Kelsy Naomi, desapareci\u00f3 en mayo de 20219 en Tecom\u00e1n. Heidi de Le\u00f3n Gutierrez \/ DIario Avanzada Colima, M\u00e9xico, Avanzada (10\/01\/2024).- La violencia que afecta al estado no distingue edad ni g\u00e9nero. En la entidad existen 213 menores en calidad de desaparecidos o no localizados. Entre los menores\u2026","rel":"","context":"En &quot;Colima&quot;","block_context":{"text":"Colima","link":"https:\/\/www.grieta.org.mx\/index.php\/category\/noticias-nacionales\/colima\/"},"img":{"alt_text":"","src":"https:\/\/i0.wp.com\/www.grieta.org.mx\/wp-content\/uploads\/2024\/01\/Kelsy-Naomi.png?resize=350%2C200&ssl=1","width":350,"height":200,"srcset":"https:\/\/i0.wp.com\/www.grieta.org.mx\/wp-content\/uploads\/2024\/01\/Kelsy-Naomi.png?resize=350%2C200&ssl=1 1x, https:\/\/i0.wp.com\/www.grieta.org.mx\/wp-content\/uploads\/2024\/01\/Kelsy-Naomi.png?resize=525%2C300&ssl=1 1.5x"},"classes":[]},{"id":64099,"url":"https:\/\/www.grieta.org.mx\/index.php\/2022\/04\/28\/invita-colectivo-de-busqueda-de-desaparecidos-a-kermes-en-tecoman-este-1-de-mayo-colima\/","url_meta":{"origin":51300,"position":3},"title":"Invita colectivo de b\u00fasqueda de desaparecidos a kerm\u00e9s en Tecom\u00e1n este 1 de mayo (Colima)","author":"grieta","date":"28 abril, 2022","format":false,"excerpt":"Foto: El Comentario Yensuni L\u00f3pez Aldape \/ El Comentario El\u00a0colectivo\u00a0solidario de\u00a0b\u00fasqueda\u00a0de personas desaparecidas realizar\u00e1 una\u00a0kerm\u00e9s\u00a0en\u00a0Tecom\u00e1n\u00a0para hacerse de recursos y continuar con sus actividades, recorriendo municipios, comunidades y elaborando las fichas de las personas desaparecidas para dar con su paradero, inform\u00f3\u00a0Candelaria Huerta Pizano, dirigente de este colectivo. El objetivo, dijo, es\u2026","rel":"","context":"En &quot;CINTILLO&quot;","block_context":{"text":"CINTILLO","link":"https:\/\/www.grieta.org.mx\/index.php\/category\/cintillo\/"},"img":{"alt_text":"","src":"https:\/\/i0.wp.com\/www.grieta.org.mx\/wp-content\/uploads\/2022\/05\/4b6722e29bd4cdb63f0adc282727795c.jpg?resize=350%2C200&ssl=1","width":350,"height":200,"srcset":"https:\/\/i0.wp.com\/www.grieta.org.mx\/wp-content\/uploads\/2022\/05\/4b6722e29bd4cdb63f0adc282727795c.jpg?resize=350%2C200&ssl=1 1x, https:\/\/i0.wp.com\/www.grieta.org.mx\/wp-content\/uploads\/2022\/05\/4b6722e29bd4cdb63f0adc282727795c.jpg?resize=525%2C300&ssl=1 1.5x, https:\/\/i0.wp.com\/www.grieta.org.mx\/wp-content\/uploads\/2022\/05\/4b6722e29bd4cdb63f0adc282727795c.jpg?resize=700%2C400&ssl=1 2x"},"classes":[]},{"id":45341,"url":"https:\/\/www.grieta.org.mx\/index.php\/2020\/02\/28\/aumenta-la-cantidad-de-personas-desaparecidas-en-colima\/","url_meta":{"origin":51300,"position":4},"title":"Aumenta la cantidad de personas desaparecidas en Colima","author":"grieta","date":"28 febrero, 2020","format":false,"excerpt":"Foto: Diario Avanzada Heisi de Le\u00f3n Guti\u00e9rrez \/ Diario Avanzada Colima, M\u00e9xico, Avanzada (27\/02\/2020).- Daryan Naydelin Garc\u00eda, de 18 a\u00f1os de edad, desapareci\u00f3 en Queser\u00eda el 21 de febrero de este a\u00f1o y ese mismo d\u00eda, pero en Alzada, fue vista por \u00faltima vez Karla Yesenia Ponce Alcaraz. Mientras que\u2026","rel":"","context":"En &quot;CINTILLO&quot;","block_context":{"text":"CINTILLO","link":"https:\/\/www.grieta.org.mx\/index.php\/category\/cintillo\/"},"img":{"alt_text":"","src":"https:\/\/i0.wp.com\/www.grieta.org.mx\/wp-content\/uploads\/2020\/02\/Desaparecidos-en-Colima.jpg?resize=350%2C200&ssl=1","width":350,"height":200,"srcset":"https:\/\/i0.wp.com\/www.grieta.org.mx\/wp-content\/uploads\/2020\/02\/Desaparecidos-en-Colima.jpg?resize=350%2C200&ssl=1 1x, https:\/\/i0.wp.com\/www.grieta.org.mx\/wp-content\/uploads\/2020\/02\/Desaparecidos-en-Colima.jpg?resize=525%2C300&ssl=1 1.5x, https:\/\/i0.wp.com\/www.grieta.org.mx\/wp-content\/uploads\/2020\/02\/Desaparecidos-en-Colima.jpg?resize=700%2C400&ssl=1 2x"},"classes":[]},{"id":59306,"url":"https:\/\/www.grieta.org.mx\/index.php\/2021\/05\/07\/red-de-desaparecidos-de-colima-convoca-a-una-marcha-este-10-de-mayo-en-apoyo-a-las-mamas-de-los-desaparecidos\/","url_meta":{"origin":51300,"position":5},"title":"Red de Desaparecidos de Colima convoca a una marcha este 10 de mayo en apoyo a las mam\u00e1s de los desaparecidos","author":"grieta","date":"7 mayo, 2021","format":false,"excerpt":"Foto: El Comentario Francis Bravo \/ El Comentario Luego de anunciar que\u00a0el pr\u00f3ximo lunes 10 de mayo\u00a0el colectivo\u00a0Red Desaparecidos de en Colima\u00a0realizar\u00e1\u00a0una marcha por las mam\u00e1s de los desparecidos, su secretaria\u00a0Blanca Estela Ram\u00edrez Hern\u00e1ndez,\u00a0manifest\u00f3 que de marzo a abril\u00a0han desaparecido alrededor de 60 personas en el estado. \u201cTenemos alrededor de\u2026","rel":"","context":"En &quot;CINTILLO&quot;","block_context":{"text":"CINTILLO","link":"https:\/\/www.grieta.org.mx\/index.php\/category\/cintillo\/"},"img":{"alt_text":"","src":"https:\/\/i0.wp.com\/www.grieta.org.mx\/wp-content\/uploads\/2021\/05\/6e5b6d9ce90864bc44f28b1db8757129.jpg?resize=350%2C200&ssl=1","width":350,"height":200,"srcset":"https:\/\/i0.wp.com\/www.grieta.org.mx\/wp-content\/uploads\/2021\/05\/6e5b6d9ce90864bc44f28b1db8757129.jpg?resize=350%2C200&ssl=1 1x, https:\/\/i0.wp.com\/www.grieta.org.mx\/wp-content\/uploads\/2021\/05\/6e5b6d9ce90864bc44f28b1db8757129.jpg?resize=525%2C300&ssl=1 1.5x, https:\/\/i0.wp.com\/www.grieta.org.mx\/wp-content\/uploads\/2021\/05\/6e5b6d9ce90864bc44f28b1db8757129.jpg?resize=700%2C400&ssl=1 2x"},"classes":[]}],"_links":{"self":[{"href":"https:\/\/www.grieta.org.mx\/index.php\/wp-json\/wp\/v2\/posts\/51300","targetHints":{"allow":["GET"]}}],"collection":[{"href":"https:\/\/www.grieta.org.mx\/index.php\/wp-json\/wp\/v2\/posts"}],"about":[{"href":"https:\/\/www.grieta.org.mx\/index.php\/wp-json\/wp\/v2\/types\/post"}],"author":[{"embeddable":true,"href":"https:\/\/www.grieta.org.mx\/index.php\/wp-json\/wp\/v2\/users\/2"}],"replies":[{"embeddable":true,"href":"https:\/\/www.grieta.org.mx\/index.php\/wp-json\/wp\/v2\/comments?post=51300"}],"version-history":[{"count":1,"href":"https:\/\/www.grieta.org.mx\/index.php\/wp-json\/wp\/v2\/posts\/51300\/revisions"}],"predecessor-version":[{"id":51303,"href":"https:\/\/www.grieta.org.mx\/index.php\/wp-json\/wp\/v2\/posts\/51300\/revisions\/51303"}],"wp:featuredmedia":[{"embeddable":true,"href":"https:\/\/www.grieta.org.mx\/index.php\/wp-json\/wp\/v2\/media\/51301"}],"wp:attachment":[{"href":"https:\/\/www.grieta.org.mx\/index.php\/wp-json\/wp\/v2\/media?parent=51300"}],"wp:term":[{"taxonomy":"category","embeddable":true,"href":"https:\/\/www.grieta.org.mx\/index.php\/wp-json\/wp\/v2\/categories?post=51300"},{"taxonomy":"post_tag","embeddable":true,"href":"https:\/\/www.grieta.org.mx\/index.php\/wp-json\/wp\/v2\/tags?post=51300"}],"curies":[{"name":"wp","href":"https:\/\/api.w.org\/{rel}","templated":true}]}}