{"id":51274,"date":"2020-06-19T11:28:04","date_gmt":"2020-06-19T16:28:04","guid":{"rendered":"http:\/\/www.grieta.org.mx\/?p=51274"},"modified":"2020-06-27T11:44:26","modified_gmt":"2020-06-27T16:44:26","slug":"reviven-tren-aguascalientes-guadalajara","status":"publish","type":"post","link":"https:\/\/www.grieta.org.mx\/index.php\/2020\/06\/19\/reviven-tren-aguascalientes-guadalajara\/","title":{"rendered":"REVIVEN TREN AGUASCALIENTES-GUADALAJARA"},"content":{"rendered":"<p>Luis Herrera\/Reporte \u00cdndigo<br \/>\n19 junio 2020<\/p>\n<blockquote><p>El proyecto cancelado en el pasado sexenio es promovido de nuevo por los gobiernos de Jalisco y Aguascalientes en conjunto con la SCT. Se estima que requiere de una inversi\u00f3n de al menos 14 mil MDP, pero crear\u00eda una v\u00eda f\u00e9rrea directa interoce\u00e1nica entre los puertos de Manzanillo y Altamira <\/p><\/blockquote>\n<p><img loading=\"lazy\" decoding=\"async\" data-attachment-id=\"51275\" data-permalink=\"https:\/\/www.grieta.org.mx\/index.php\/2020\/06\/19\/reviven-tren-aguascalientes-guadalajara\/gobernador-jal\/\" data-orig-file=\"https:\/\/www.grieta.org.mx\/wp-content\/uploads\/2020\/06\/gobernador-jal.png\" data-orig-size=\"752,391\" data-comments-opened=\"0\" data-image-meta=\"{&quot;aperture&quot;:&quot;0&quot;,&quot;credit&quot;:&quot;&quot;,&quot;camera&quot;:&quot;&quot;,&quot;caption&quot;:&quot;&quot;,&quot;created_timestamp&quot;:&quot;0&quot;,&quot;copyright&quot;:&quot;&quot;,&quot;focal_length&quot;:&quot;0&quot;,&quot;iso&quot;:&quot;0&quot;,&quot;shutter_speed&quot;:&quot;0&quot;,&quot;title&quot;:&quot;&quot;,&quot;orientation&quot;:&quot;0&quot;}\" data-image-title=\"gobernador jal\" data-image-description=\"\" data-image-caption=\"\" data-medium-file=\"https:\/\/www.grieta.org.mx\/wp-content\/uploads\/2020\/06\/gobernador-jal-300x156.png\" data-large-file=\"https:\/\/www.grieta.org.mx\/wp-content\/uploads\/2020\/06\/gobernador-jal.png\" src=\"http:\/\/www.grieta.org.mx\/wp-content\/uploads\/2020\/06\/gobernador-jal.png\" alt=\"\" width=\"752\" height=\"391\" class=\"aligncenter size-full wp-image-51275\" srcset=\"https:\/\/www.grieta.org.mx\/wp-content\/uploads\/2020\/06\/gobernador-jal.png 752w, https:\/\/www.grieta.org.mx\/wp-content\/uploads\/2020\/06\/gobernador-jal-300x156.png 300w\" sizes=\"auto, (max-width: 752px) 100vw, 752px\" \/><\/p>\n<p>Los gobernadores de la regi\u00f3n Centro-Baj\u00edo-Occidente de M\u00e9xico impulsan nuevamente el proyecto del Tren Aguascalientes-Guadalajara, cancelado durante el anterior sexenio federal. La obra se considera prioritaria para recuperar la din\u00e1mica econ\u00f3mica que presentaba esa zona del pa\u00eds hasta antes de la pandemia.<\/p>\n<p>El proyecto original requiere de una inversi\u00f3n de 14 mil 165.8 millones de pesos, seg\u00fan la informaci\u00f3n de la Secretar\u00eda de Hacienda y Cr\u00e9dito P\u00fablico. Sin embargo, el monto podr\u00eda ser mayor pues los gobernadores est\u00e1n promoviendo una ampliaci\u00f3n del trazo que lo har\u00eda pasar de los 188.1 km previstos originalmente a m\u00e1s de 200 km.<\/p>\n<p>El gobernador de Jalisco, Enrique Alfaro Ram\u00edrez, dijo que este tren es \u201cuna de las grandes apuestas en la que estamos trabajando en la ruta de reactivaci\u00f3n\u201d.<\/p>\n<p>\u201cEste es un proyecto que ten\u00eda originalmente 190 km en el trazo desde Encarnaci\u00f3n de D\u00edaz a El Castillo, en el municipio de El Salto, en el \u00c1rea Metropolitana de Guadalajara, que hemos venido trabajando con el equipo del gobernador Mart\u00edn Orozco (de Aguascalientes) y que tenemos ya junto con la SCT (Secretar\u00eda de Comunicaciones y Transportes) definido un proyecto ajustado, adaptado a una nueva circunstancia de 230 km\u201d, dijo.<\/p>\n<p>Los m\u00e1s de 14 mil millones de pesos que requiere la construcci\u00f3n de esa infraestructura no correr\u00edan a cuenta del presupuesto p\u00fablico de la Federaci\u00f3n ni de los estados involucrados. Se tiene previsto que pueda concesionarse a un privado que se har\u00eda cargo de su ejecuci\u00f3n y, posteriormente, de su operaci\u00f3n.<\/p>\n<p>\u201cNo necesariamente estamos hablando de un tema de financiamiento de los estados, sino m\u00e1s bien un proyecto de concesi\u00f3n que venimos trabajando con la SCT de hace tiempo; estamos afinando detalles\u201d, se\u00f1al\u00f3 Alfaro Ram\u00edrez.<\/p>\n<p>Tren Aguascalientes-Guadalajara interoce\u00e1nico<br \/>\nLa trascendencia econ\u00f3mica del proyecto del Tren Aguascalientes-Guadalajara es que permitir\u00eda contar con una v\u00eda f\u00e9rrea directa interoce\u00e1nica entre los puertos de Manzanillo y de Altamira, ambos de gran relevancia para el comercio exterior del pa\u00eds.<\/p>\n<p>\u201cEl proyecto propuesto consiste en crear una nueva v\u00eda f\u00e9rrea que comunique al municipio de Encarnaci\u00f3n de D\u00edaz con la localidad de San Jos\u00e9 el Castillo; este nuevo trazo disminuir\u00e1 el actual trayecto de 487 km a 188.1 km e incrementar\u00e1 la velocidad promedio de viaje de 23 km\/h por hora a 56 km\/h\u201d, dice el An\u00e1lisis Costo-Beneficio del proyecto original.<\/p>\n<p>En estos momentos no existe una v\u00eda f\u00e9rrea directa entre Guadalajara y Aguascalientes. El trazo ferroviario que hoy comunica a ambos puntos se desv\u00eda hasta Guanajuato, de ah\u00ed que la longitud del mismo ronde los 500 km pese a que podr\u00eda ser inferior a los 200 km.<\/p>\n<p>El an\u00e1lisis se\u00f1ala que este tren \u201cimplicar\u00eda otorgar un punto de palanca para el crecimiento de carga ferroviaria que actualmente no ocupa el ferrocarril; principalmente debido a que la ruta actual involucra hacer un recorrido de aproximadamente del doble de kilometraje que el del proyecto propuesto, as\u00ed como evitar el tr\u00e1nsito hacia una zona conflictiva en cuanto a operaci\u00f3n y manejo de trenes, y de seguridad de la carga como lo es el trayecto comprendido entre las ciudades de Silao e Irapuato\u201d.<\/p>\n<p>Agrega que \u201cla disminuci\u00f3n de las dos problem\u00e1ticas anteriores, una vez puesto en operaci\u00f3n el proyecto, disminuir\u00e1 tiempos de recorrido en tren, traducidos en menores costos de transporte y captaci\u00f3n de nuevos vol\u00famenes de carga. (\u2026).<\/p>\n<p>Con el nuevo trazo no solo se obtendr\u00eda una v\u00eda f\u00e9rrea en efecto interoce\u00e1nica, sino tambi\u00e9n m\u00e1s segura, pues traer\u00eda un \u201cincremento en la seguridad e integridad de la carga, ya que al no usar la v\u00eda Silao-Irapuato se evita una zona insegura, debido a que por las bajas velocidades de tr\u00e1nsito en este tramo, es com\u00fan que se presenten robos de carga en trenes\u201d.<\/p>\n<p><img loading=\"lazy\" decoding=\"async\" data-attachment-id=\"51276\" data-permalink=\"https:\/\/www.grieta.org.mx\/index.php\/2020\/06\/19\/reviven-tren-aguascalientes-guadalajara\/tren-ags-gdl-1-660x345\/\" data-orig-file=\"https:\/\/www.grieta.org.mx\/wp-content\/uploads\/2020\/06\/tren-ags-gdl-1-660x345.jpg\" data-orig-size=\"660,345\" data-comments-opened=\"0\" data-image-meta=\"{&quot;aperture&quot;:&quot;0&quot;,&quot;credit&quot;:&quot;&quot;,&quot;camera&quot;:&quot;&quot;,&quot;caption&quot;:&quot;&quot;,&quot;created_timestamp&quot;:&quot;0&quot;,&quot;copyright&quot;:&quot;&quot;,&quot;focal_length&quot;:&quot;0&quot;,&quot;iso&quot;:&quot;0&quot;,&quot;shutter_speed&quot;:&quot;0&quot;,&quot;title&quot;:&quot;&quot;,&quot;orientation&quot;:&quot;0&quot;}\" data-image-title=\"tren-ags-gdl-1-660&amp;#215;345\" data-image-description=\"\" data-image-caption=\"\" data-medium-file=\"https:\/\/www.grieta.org.mx\/wp-content\/uploads\/2020\/06\/tren-ags-gdl-1-660x345-300x157.jpg\" data-large-file=\"https:\/\/www.grieta.org.mx\/wp-content\/uploads\/2020\/06\/tren-ags-gdl-1-660x345.jpg\" src=\"http:\/\/www.grieta.org.mx\/wp-content\/uploads\/2020\/06\/tren-ags-gdl-1-660x345.jpg\" alt=\"\" width=\"660\" height=\"345\" class=\"aligncenter size-full wp-image-51276\" srcset=\"https:\/\/www.grieta.org.mx\/wp-content\/uploads\/2020\/06\/tren-ags-gdl-1-660x345.jpg 660w, https:\/\/www.grieta.org.mx\/wp-content\/uploads\/2020\/06\/tren-ags-gdl-1-660x345-300x157.jpg 300w\" sizes=\"auto, (max-width: 660px) 100vw, 660px\" \/><\/p>\n<p>Mercado potencial<br \/>\nEl Tren Aguascalientes-Guadalajara beneficiar\u00eda principalmente la movilizaci\u00f3n de carga de la industria agr\u00edcola y manufacturera asentada en la regi\u00f3n, incluyendo el cluster automotriz. El objetivo es que m\u00e1s mercanc\u00eda se transporte v\u00eda f\u00e9rrea, y menos en autotransporte, seg\u00fan el an\u00e1lisis.<\/p>\n<p>\u201cEl estudio de mercado permiti\u00f3 identificar un mercado potencial para el proyecto que asciende a poco m\u00e1s de 17 millones de toneladas; el autotransporte abarca el 60 por ciento de este mercado con m\u00e1s de 10 millones de toneladas, mientras que el ferrocarril abarca el 40 por ciento restante con poco m\u00e1s de 7 millones de toneladas\u201d.<\/p>\n<p>La ruta del tren abarcar\u00eda a una docena de estados y sus industrias: Aguascalientes, Chihuahua, Coahuila, Colima, Durango, Jalisco, Nayarit, Nuevo Le\u00f3n, San Luis Potos\u00ed, Sinaloa, Tamaulipas y Zacatecas.<\/p>\n<p>\u201cLas cargas identificadas con mayor potencial de beneficio son la carga agr\u00edcola que es movilizada en grandes vol\u00famenes y en trenes especialmente dedicados al transporte de esta carga, cuyo origen es la industria procesadora de granos y semillas en la Zona Metropolitana de Guadalajara, as\u00ed como los grandes consumidores en la zona de producci\u00f3n av\u00edcola y ganadera de los Altos de Jalisco\u201d.<\/p>\n<p>Mientras que \u201cla otra carga con gran potencial de beneficio es la industria manufacturera, asentada tanto en la Zona Metropolitana de Guadalajara, Aguascalientes y las ciudades industriales del norte del pa\u00eds; y el tr\u00e1fico de paso internacional hacia EU\u201d.<\/p>\n<p><a href=\"https:\/\/www.reporteindigo.com\/reporte\/reviven-tren-aguascalientes-guadalajara-reactivacion-economica-transporte-mercancia\/\" rel=\"noopener noreferrer\" target=\"_blank\">https:\/\/www.reporteindigo.com\/reporte\/reviven-tren-aguascalientes-guadalajara-reactivacion-economica-transporte-mercancia\/<\/a><\/p>\n","protected":false},"excerpt":{"rendered":"<p>Luis Herrera\/Reporte \u00cdndigo 19 junio 2020 El proyecto cancelado en el pasado sexenio es promovido de nuevo por los gobiernos de Jalisco y Aguascalientes en conjunto con la SCT. Se &hellip; <a href=\"https:\/\/www.grieta.org.mx\/index.php\/2020\/06\/19\/reviven-tren-aguascalientes-guadalajara\/\" class=\"more-link\">Leer m\u00e1s<\/a><\/p>\n","protected":false},"author":2,"featured_media":51275,"comment_status":"closed","ping_status":"closed","sticky":false,"template":"","format":"standard","meta":{"ngg_post_thumbnail":0,"_jetpack_newsletter_access":"","_jetpack_dont_email_post_to_subs":false,"_jetpack_newsletter_tier_id":0,"_jetpack_memberships_contains_paywalled_content":false,"_jetpack_memberships_contains_paid_content":false,"footnotes":""},"categories":[4,80,39,20,3,922,923,936,2],"tags":[96,3550],"class_list":["post-51274","post","type-post","status-publish","format-standard","has-post-thumbnail","hentry","category-aguascalientes","category-cintillo","category-comunicaciones-y-transportes","category-jalisco","category-megaproyectos","category-megaproyectos-estados","category-mp-aguascalientes","category-mp-jalisco","category-noticias-nacionales","tag-megaproyectos","tag-tren-aguascalientes-guadalajara","entry"],"jetpack_featured_media_url":"https:\/\/www.grieta.org.mx\/wp-content\/uploads\/2020\/06\/gobernador-jal.png","jetpack_sharing_enabled":true,"jetpack_shortlink":"https:\/\/wp.me\/p7ZJR4-dl0","jetpack_likes_enabled":false,"jetpack-related-posts":[{"id":54712,"url":"https:\/\/www.grieta.org.mx\/index.php\/2020\/08\/17\/inicia-caravana-de-familiares-de-desaparecidos-de-aguascalientes-en-puerto-vallarta\/","url_meta":{"origin":51274,"position":0},"title":"Inicia caravana de familiares de desaparecidos de Aguascalientes en Puerto Vallarta","author":"grieta","date":"17 agosto, 2020","format":false,"excerpt":"Alejandro Romo\/Newsweek Aguascalientes 17 agosto 2020 Este lunes comenz\u00f3 la caravana de b\u00fasqueda organizada por el Colectivo Buscando Personas, Verdad y Justicia y el Observatorio de Violencia Social y de G\u00e9nero (OVSG) y familiares de personas desaparecidas de Aguascalientes en municipios de Jalisco. La caravana inici\u00f3 en Puerto Vallarta, Jalisco,\u2026","rel":"","context":"En &quot;Aguascalientes&quot;","block_context":{"text":"Aguascalientes","link":"https:\/\/www.grieta.org.mx\/index.php\/category\/noticias-nacionales\/aguascalientes\/"},"img":{"alt_text":"","src":"https:\/\/i0.wp.com\/www.grieta.org.mx\/wp-content\/uploads\/2020\/11\/WhatsApp-Image-2020-08-17-at-1.48.32-PM.jpeg?resize=350%2C200&ssl=1","width":350,"height":200,"srcset":"https:\/\/i0.wp.com\/www.grieta.org.mx\/wp-content\/uploads\/2020\/11\/WhatsApp-Image-2020-08-17-at-1.48.32-PM.jpeg?resize=350%2C200&ssl=1 1x, https:\/\/i0.wp.com\/www.grieta.org.mx\/wp-content\/uploads\/2020\/11\/WhatsApp-Image-2020-08-17-at-1.48.32-PM.jpeg?resize=525%2C300&ssl=1 1.5x"},"classes":[]},{"id":34016,"url":"https:\/\/www.grieta.org.mx\/index.php\/2019\/05\/29\/aguascalientes-supero-en-desempleo-a-zacatecas-san-luis-y-jalisco\/","url_meta":{"origin":51274,"position":1},"title":"Aguascalientes Super\u00f3 En Desempleo A Zacatecas, San Luis Y Jalisco","author":"grieta","date":"29 mayo, 2019","format":false,"excerpt":"Fabiola Cornejo\/Ultranoticias Para Aguascalientes La tasa de desempleo en abril pasado se ubic\u00f3 por encima de estados vecinos como Zacatecas, San Luis Potos\u00ed y Jalisco. De acuerdo para el INEGI, el mes de abril, Aguascalientes cerr\u00f3 con una desocupaci\u00f3n del 3.4%, mientras en Zacatecas fue del 3.2%, Jalisco 3.2% y\u2026","rel":"","context":"En &quot;Aguascalientes&quot;","block_context":{"text":"Aguascalientes","link":"https:\/\/www.grieta.org.mx\/index.php\/category\/noticias-nacionales\/aguascalientes\/"},"img":{"alt_text":"","src":"https:\/\/i0.wp.com\/www.grieta.org.mx\/wp-content\/uploads\/2019\/05\/a1.jpg?resize=350%2C200&ssl=1","width":350,"height":200,"srcset":"https:\/\/i0.wp.com\/www.grieta.org.mx\/wp-content\/uploads\/2019\/05\/a1.jpg?resize=350%2C200&ssl=1 1x, https:\/\/i0.wp.com\/www.grieta.org.mx\/wp-content\/uploads\/2019\/05\/a1.jpg?resize=525%2C300&ssl=1 1.5x, https:\/\/i0.wp.com\/www.grieta.org.mx\/wp-content\/uploads\/2019\/05\/a1.jpg?resize=700%2C400&ssl=1 2x, https:\/\/i0.wp.com\/www.grieta.org.mx\/wp-content\/uploads\/2019\/05\/a1.jpg?resize=1050%2C600&ssl=1 3x"},"classes":[]},{"id":42143,"url":"https:\/\/www.grieta.org.mx\/index.php\/2019\/12\/10\/inicia-operaciones-el-gasoducto-de-la-laguna-aguascalientes-con-una-inversion-de-mas-de-14-mdp\/","url_meta":{"origin":51274,"position":2},"title":"Inicia operaciones el gasoducto de La Laguna-Aguascalientes con una inversi\u00f3n de m\u00e1s de 14 mdp","author":"grieta","date":"10 diciembre, 2019","format":false,"excerpt":"Este ducto cuenta con una longitud de 453 kil\u00f3metros y recorre 25 municipios a lo largo de Durango, Zacatecas y Aguascalientes Redacci\u00f3n Digital\/El Heraldo Radio La empresa de transporte de gas natural, Fermaca, anunci\u00f3 el inicio de operaciones del gasoducto La Laguna-Aguascalientes, el cual cuenta con una longitud de 453\u2026","rel":"","context":"En &quot;Aguascalientes&quot;","block_context":{"text":"Aguascalientes","link":"https:\/\/www.grieta.org.mx\/index.php\/category\/noticias-nacionales\/aguascalientes\/"},"img":{"alt_text":"","src":"https:\/\/i0.wp.com\/www.grieta.org.mx\/wp-content\/uploads\/2019\/12\/gasoducto.png?resize=350%2C200&ssl=1","width":350,"height":200,"srcset":"https:\/\/i0.wp.com\/www.grieta.org.mx\/wp-content\/uploads\/2019\/12\/gasoducto.png?resize=350%2C200&ssl=1 1x, https:\/\/i0.wp.com\/www.grieta.org.mx\/wp-content\/uploads\/2019\/12\/gasoducto.png?resize=525%2C300&ssl=1 1.5x, https:\/\/i0.wp.com\/www.grieta.org.mx\/wp-content\/uploads\/2019\/12\/gasoducto.png?resize=700%2C400&ssl=1 2x"},"classes":[]},{"id":54709,"url":"https:\/\/www.grieta.org.mx\/index.php\/2020\/08\/07\/colectivo-verdad-y-justicia-organiza-caravana-a-jalisco-aguascalientes\/","url_meta":{"origin":51274,"position":3},"title":"COLECTIVO VERDAD Y JUSTICIA ORGANIZA CARAVANA A JALISCO (Aguascalientes)","author":"grieta","date":"7 agosto, 2020","format":false,"excerpt":"Claudia Rodr\u00edguez Loera\/La Jornada Aguascalientes 7 agosto 2020 Familiares de desaparecidos exigir\u00e1n a autoridades jaliscienses reactiven investigaciones Son casos de 6 desaparecidos de Aguascalientes en Jalisco, y 3 m\u00e1s en comunidades l\u00edmite Con caravana, Colectivo Verdad y Justicia de Aguascalientes exigir\u00e1n se reactiven investigaciones en Jalisco relacionadas con personas desaparecidas\u2026","rel":"","context":"En &quot;Aguascalientes&quot;","block_context":{"text":"Aguascalientes","link":"https:\/\/www.grieta.org.mx\/index.php\/category\/noticias-nacionales\/aguascalientes\/"},"img":{"alt_text":"","src":"https:\/\/i0.wp.com\/www.grieta.org.mx\/wp-content\/uploads\/2020\/11\/verdad-y-justicia.jpg?resize=350%2C200","width":350,"height":200},"classes":[]},{"id":39650,"url":"https:\/\/www.grieta.org.mx\/index.php\/2019\/09\/22\/poblacion-de-juanacatlan-se-opone-a-gasoducto-y-termoelectrica-jalisco\/","url_meta":{"origin":51274,"position":4},"title":"Poblaci\u00f3n de Juanacatl\u00e1n se opone a gasoducto y termoel\u00e9ctrica (Jalisco)","author":"grieta","date":"22 septiembre, 2019","format":false,"excerpt":"Foto: Isaura L\u00f3pez Rebeca Nu\u00f1o, integrante del Colectivo Un Salto de Vida, denuncia que al instalarse estos proyectos, habr\u00eda da\u00f1os ambientales, agr\u00edcolas y en la salud de los habitantes Isaura L\u00f3pez Villalobos \/ UDGTV Juanacatl\u00e1n, Jalisco. La poblaci\u00f3n de Juanacatl\u00e1n se opone a los megaproyectos del gasoducto Villa de Reyes-Aguascalientes-Guadalajara\u2026","rel":"","context":"En &quot;CINTILLO&quot;","block_context":{"text":"CINTILLO","link":"https:\/\/www.grieta.org.mx\/index.php\/category\/cintillo\/"},"img":{"alt_text":"","src":"https:\/\/i0.wp.com\/www.grieta.org.mx\/wp-content\/uploads\/2019\/09\/Juanacatlan-ISaura-lopez.jpeg-cartel-696x522.jpeg?resize=350%2C200&ssl=1","width":350,"height":200,"srcset":"https:\/\/i0.wp.com\/www.grieta.org.mx\/wp-content\/uploads\/2019\/09\/Juanacatlan-ISaura-lopez.jpeg-cartel-696x522.jpeg?resize=350%2C200&ssl=1 1x, https:\/\/i0.wp.com\/www.grieta.org.mx\/wp-content\/uploads\/2019\/09\/Juanacatlan-ISaura-lopez.jpeg-cartel-696x522.jpeg?resize=525%2C300&ssl=1 1.5x"},"classes":[]},{"id":5611,"url":"https:\/\/www.grieta.org.mx\/index.php\/2016\/01\/26\/conflictos-ambientales-debido-a-parques-eolicos-en-aguascalientes\/","url_meta":{"origin":51274,"position":5},"title":"Conflictos ambientales debido a parques e\u00f3licos en Aguascalientes","author":"grieta","date":"26 enero, 2016","format":false,"excerpt":"26\/01\/16. Niega Semarnat permiso para construcci\u00f3n de parque e\u00f3lico en Aguascalientes La Jornada Aguascalientes 10\/01\/16. Autoriza Semarnat parque e\u00f3lico a cuatro kil\u00f3metros de \u00e1rea natural protegida La Jornada Aguascalientes","rel":"","context":"En &quot;Aguascalientes&quot;","block_context":{"text":"Aguascalientes","link":"https:\/\/www.grieta.org.mx\/index.php\/category\/noticias-nacionales\/aguascalientes\/"},"img":{"alt_text":"","src":"https:\/\/i0.wp.com\/www.grieta.org.mx\/wp-content\/uploads\/2018\/03\/14524434_1106112876131411_958039263622046936_o.jpg?resize=350%2C200&ssl=1","width":350,"height":200,"srcset":"https:\/\/i0.wp.com\/www.grieta.org.mx\/wp-content\/uploads\/2018\/03\/14524434_1106112876131411_958039263622046936_o.jpg?resize=350%2C200&ssl=1 1x, https:\/\/i0.wp.com\/www.grieta.org.mx\/wp-content\/uploads\/2018\/03\/14524434_1106112876131411_958039263622046936_o.jpg?resize=525%2C300&ssl=1 1.5x, https:\/\/i0.wp.com\/www.grieta.org.mx\/wp-content\/uploads\/2018\/03\/14524434_1106112876131411_958039263622046936_o.jpg?resize=700%2C400&ssl=1 2x"},"classes":[]}],"_links":{"self":[{"href":"https:\/\/www.grieta.org.mx\/index.php\/wp-json\/wp\/v2\/posts\/51274","targetHints":{"allow":["GET"]}}],"collection":[{"href":"https:\/\/www.grieta.org.mx\/index.php\/wp-json\/wp\/v2\/posts"}],"about":[{"href":"https:\/\/www.grieta.org.mx\/index.php\/wp-json\/wp\/v2\/types\/post"}],"author":[{"embeddable":true,"href":"https:\/\/www.grieta.org.mx\/index.php\/wp-json\/wp\/v2\/users\/2"}],"replies":[{"embeddable":true,"href":"https:\/\/www.grieta.org.mx\/index.php\/wp-json\/wp\/v2\/comments?post=51274"}],"version-history":[{"count":1,"href":"https:\/\/www.grieta.org.mx\/index.php\/wp-json\/wp\/v2\/posts\/51274\/revisions"}],"predecessor-version":[{"id":51277,"href":"https:\/\/www.grieta.org.mx\/index.php\/wp-json\/wp\/v2\/posts\/51274\/revisions\/51277"}],"wp:featuredmedia":[{"embeddable":true,"href":"https:\/\/www.grieta.org.mx\/index.php\/wp-json\/wp\/v2\/media\/51275"}],"wp:attachment":[{"href":"https:\/\/www.grieta.org.mx\/index.php\/wp-json\/wp\/v2\/media?parent=51274"}],"wp:term":[{"taxonomy":"category","embeddable":true,"href":"https:\/\/www.grieta.org.mx\/index.php\/wp-json\/wp\/v2\/categories?post=51274"},{"taxonomy":"post_tag","embeddable":true,"href":"https:\/\/www.grieta.org.mx\/index.php\/wp-json\/wp\/v2\/tags?post=51274"}],"curies":[{"name":"wp","href":"https:\/\/api.w.org\/{rel}","templated":true}]}}