{"id":51244,"date":"2020-06-25T17:31:15","date_gmt":"2020-06-25T22:31:15","guid":{"rendered":"http:\/\/www.grieta.org.mx\/?p=51244"},"modified":"2020-06-26T17:59:00","modified_gmt":"2020-06-26T22:59:00","slug":"se-manifiesta-personal-del-issste-en-merida-por-falta-de-equipo-para-atender-a-pacientes-con-covid-19","status":"publish","type":"post","link":"https:\/\/www.grieta.org.mx\/index.php\/2020\/06\/25\/se-manifiesta-personal-del-issste-en-merida-por-falta-de-equipo-para-atender-a-pacientes-con-covid-19\/","title":{"rendered":"Se manifiesta personal del ISSSTE en M\u00e9rida por falta de equipo para atender a pacientes con Covid-19"},"content":{"rendered":"<p><img loading=\"lazy\" decoding=\"async\" data-attachment-id=\"51246\" data-permalink=\"https:\/\/www.grieta.org.mx\/index.php\/2020\/06\/25\/se-manifiesta-personal-del-issste-en-merida-por-falta-de-equipo-para-atender-a-pacientes-con-covid-19\/isssstepensiones\/\" data-orig-file=\"https:\/\/www.grieta.org.mx\/wp-content\/uploads\/2020\/06\/IsssstePensiones-e1593212117387.png\" data-orig-size=\"800,376\" data-comments-opened=\"0\" data-image-meta=\"{&quot;aperture&quot;:&quot;0&quot;,&quot;credit&quot;:&quot;&quot;,&quot;camera&quot;:&quot;&quot;,&quot;caption&quot;:&quot;&quot;,&quot;created_timestamp&quot;:&quot;0&quot;,&quot;copyright&quot;:&quot;&quot;,&quot;focal_length&quot;:&quot;0&quot;,&quot;iso&quot;:&quot;0&quot;,&quot;shutter_speed&quot;:&quot;0&quot;,&quot;title&quot;:&quot;&quot;,&quot;orientation&quot;:&quot;0&quot;}\" data-image-title=\"IsssstePensiones\" data-image-description=\"\" data-image-caption=\"\" data-medium-file=\"https:\/\/www.grieta.org.mx\/wp-content\/uploads\/2020\/06\/IsssstePensiones-300x141.png\" data-large-file=\"https:\/\/www.grieta.org.mx\/wp-content\/uploads\/2020\/06\/IsssstePensiones-e1593212117387.png\" src=\"http:\/\/www.grieta.org.mx\/wp-content\/uploads\/2020\/06\/IsssstePensiones-e1593212117387.png\" alt=\"\" width=\"800\" height=\"376\" class=\"aligncenter size-full wp-image-51246\" \/><\/p>\n<p>Itzel Chan \/ Noticaribe<\/p>\n<p>M\u00c9RIDA, MX.- Personal de enfermer\u00eda del Hospital Regional del Instituto de Seguridad y Servicios Sociales de los Trabajadores del Estado (ISSSTE) en M\u00e9rida denunci\u00f3 que no cuentan con el material y equipo suficiente para atender a las personas enfermas de coronavirus (Covid-19) por lo que temen por su salud.<\/p>\n<p>Ante el contagio de Covid-19 de al menos 10 m\u00e9dicos y enfermeras en este hospital, personal decidi\u00f3 denunciar la situaci\u00f3n este d\u00eda, puesto que temen que m\u00e1s compa\u00f1eros se pongan en riesgo.<\/p>\n<p>Adem\u00e1s de la falta de recursos y material, acusaron de recibir tambi\u00e9n malos tratos por parte de sus directivos cuando piden que sus turnos sean relevados y la respuesta que le dan es que no hay m\u00e1s trabajadores.<\/p>\n<p>A pesar de que han recibido material de protecci\u00f3n, las personas aseguran que es de baja calidad, se rompen al poco tiempo de usarlos, situaci\u00f3n que les preocupa porque manejan pacientes que est\u00e1n en estado de gravedad a causa del Covid-19.<\/p>\n<p>Mencionaron que los cubrebocas no duran el tiempo debido, por lo que tienen que usar m\u00e1s de uno en su jornada laboral que a veces es mayor a 12 horas.<\/p>\n<p>Cabe se\u00f1alar que en el mes de marzo, tanto personal m\u00e9dico del Instituto Mexicano del Seguro Social (IMSS) y del ISSSTE, se manifestaron porque denunciaron la misma problem\u00e1tica: no contar con equipo suficiente para atender a los pacientes contagiados con coronavirus.<\/p>\n<p>En el municipio de Susul\u00e1, del hospital ISSSTE, decenas de trabajadores denunciaron tambi\u00e9n no contar ni con los protocolos precisos y tampoco con los insumos que se requieren ante la contingencia sanitaria.<\/p>\n<p>Entre el material principal faltante, enumeraron sobre todo cubrebocas, adem\u00e1s de los uniformes que se requieren para atender a pacientes que para ellos tambi\u00e9n implican un riesgo de contagio.<\/p>\n<p>Incluso, expusieron que desde antes de la situaci\u00f3n del Covid-19, en dicha cl\u00ednica ya hab\u00eda escasez de insumos y otros materiales, tales como cat\u00e9teres, guantes, jeringas, entre otros.<\/p>\n<p>Asimismo, el pasado 18 de junio, el Gobierno de Yucat\u00e1n reconoci\u00f3 que en una de las cl\u00ednicas del Issste de la entidad ya no hay camas disponibles para pacientes enfermos con Covid-19.<\/p>\n<p>Sobre la situaci\u00f3n, Mauricio Vila Dosal, gobernador del estado, confirm\u00f3 que en la cl\u00ednica, ubicada en fraccionamiento Pensiones, no hay camas disponibles y precis\u00f3 que la situaci\u00f3n se debe a que este nosocomio presenta problemas en sus instalaciones, ya que la tormenta tropical \u201cCrist\u00f3bal\u201d provoc\u00f3 afectaciones como filtraciones en los techos e inundaciones en algunas \u00e1reas, situaci\u00f3n que no ha sido resuelta.<\/p>\n<p>Sin embargo, Vila Dosal asegur\u00f3 que no es un tema del estado, ya que el hospital pertenece a la federaci\u00f3n. <\/p>\n<p><a href=\"https:\/\/noticaribe.com.mx\/2020\/06\/25\/se-manifiesta-personal-del-issste-en-merida-por-falta-de-equipo-para-atender-a-pacientes-con-covid-19\/\" rel=\"noopener noreferrer\" target=\"_blank\">https:\/\/noticaribe.com.mx\/2020\/06\/25\/se-manifiesta-personal-del-issste-en-merida-por-falta-de-equipo-para-atender-a-pacientes-con-covid-19\/<\/a><\/p>\n","protected":false},"excerpt":{"rendered":"<p>Itzel Chan \/ Noticaribe M\u00c9RIDA, MX.- Personal de enfermer\u00eda del Hospital Regional del Instituto de Seguridad y Servicios Sociales de los Trabajadores del Estado (ISSSTE) en M\u00e9rida denunci\u00f3 que no &hellip; <a href=\"https:\/\/www.grieta.org.mx\/index.php\/2020\/06\/25\/se-manifiesta-personal-del-issste-en-merida-por-falta-de-equipo-para-atender-a-pacientes-con-covid-19\/\" class=\"more-link\">Leer m\u00e1s<\/a><\/p>\n","protected":false},"author":2,"featured_media":51246,"comment_status":"closed","ping_status":"closed","sticky":false,"template":"","format":"standard","meta":{"ngg_post_thumbnail":0,"_jetpack_newsletter_access":"","_jetpack_dont_email_post_to_subs":false,"_jetpack_newsletter_tier_id":0,"_jetpack_memberships_contains_paywalled_content":false,"_jetpack_memberships_contains_paid_content":false,"footnotes":""},"categories":[80,3272,918,1105,2,83,36],"tags":[3241,2367,3242],"class_list":["post-51244","post","type-post","status-publish","format-standard","has-post-thumbnail","hentry","category-cintillo","category-covid-19-en-yucatan","category-privatizacion-del-sector-salud","category-desmantelamiento-del-sector-salud-en-yucatan","category-noticias-nacionales","category-temas-nacionales","category-yucatan","tag-covid-19","tag-crisis-en-el-sector-salud","tag-protestas-trabajadores-sector-salud","entry"],"jetpack_featured_media_url":"https:\/\/www.grieta.org.mx\/wp-content\/uploads\/2020\/06\/IsssstePensiones-e1593212117387.png","jetpack_sharing_enabled":true,"jetpack_shortlink":"https:\/\/wp.me\/p7ZJR4-dkw","jetpack_likes_enabled":false,"jetpack-related-posts":[{"id":46916,"url":"https:\/\/www.grieta.org.mx\/index.php\/2020\/03\/27\/coronavirus-yucatan-protesta-personal-del-issste-por-falta-de-material\/","url_meta":{"origin":51244,"position":0},"title":"Coronavirus Yucat\u00e1n: protesta personal del Issste por falta de material","author":"grieta","date":"27 marzo, 2020","format":false,"excerpt":"Trabajadores y personal m\u00e9dico que presta sus servicios en la cl\u00ednica - hospital del Issste al poniente de la ciudad, pararon labores para exigir la entrega de material sanitarios y protocolos de tenci\u00f3n a pacientes de COVID-19; temen por su salud Rebeca Gonz\u00e1lez \/ La Verdad Personal m\u00e9dico, enfermeras, asistentes,\u2026","rel":"","context":"En &quot;CINTILLO&quot;","block_context":{"text":"CINTILLO","link":"https:\/\/www.grieta.org.mx\/index.php\/category\/cintillo\/"},"img":{"alt_text":"","src":"https:\/\/i0.wp.com\/www.grieta.org.mx\/wp-content\/uploads\/2020\/03\/manifestacion.jpg_793492074.jpg?resize=350%2C200&ssl=1","width":350,"height":200,"srcset":"https:\/\/i0.wp.com\/www.grieta.org.mx\/wp-content\/uploads\/2020\/03\/manifestacion.jpg_793492074.jpg?resize=350%2C200&ssl=1 1x, https:\/\/i0.wp.com\/www.grieta.org.mx\/wp-content\/uploads\/2020\/03\/manifestacion.jpg_793492074.jpg?resize=525%2C300&ssl=1 1.5x, https:\/\/i0.wp.com\/www.grieta.org.mx\/wp-content\/uploads\/2020\/03\/manifestacion.jpg_793492074.jpg?resize=700%2C400&ssl=1 2x"},"classes":[]},{"id":53925,"url":"https:\/\/www.grieta.org.mx\/index.php\/2020\/09\/24\/personal-medico-encargado-de-atender-a-pacientes-covid-19-sigue-sin-recibir-pago-en-yucatan\/","url_meta":{"origin":51244,"position":1},"title":"Personal m\u00e9dico encargado de atender a pacientes COVID-19 sigue sin recibir pago en Yucat\u00e1n","author":"grieta","date":"24 septiembre, 2020","format":false,"excerpt":"Itzel Chan \/ Noticaribe M\u00c9RIDA, MX.- A pesar que desde el pasado 15 de septiembre se dio a conocer la falta de pago a personal m\u00e9dico que fue contratado para los hospitales emergentes y atender a personas enfermas por coronavirus (COVID-19) en Yucat\u00e1n, hoy siguen sin recibir ni salario ni\u2026","rel":"","context":"En &quot;CINTILLO&quot;","block_context":{"text":"CINTILLO","link":"https:\/\/www.grieta.org.mx\/index.php\/category\/cintillo\/"},"img":{"alt_text":"","src":"https:\/\/i0.wp.com\/www.grieta.org.mx\/wp-content\/uploads\/2020\/10\/MedicosYuc-e1601680596210.png?resize=350%2C200&ssl=1","width":350,"height":200,"srcset":"https:\/\/i0.wp.com\/www.grieta.org.mx\/wp-content\/uploads\/2020\/10\/MedicosYuc-e1601680596210.png?resize=350%2C200&ssl=1 1x, https:\/\/i0.wp.com\/www.grieta.org.mx\/wp-content\/uploads\/2020\/10\/MedicosYuc-e1601680596210.png?resize=525%2C300&ssl=1 1.5x, https:\/\/i0.wp.com\/www.grieta.org.mx\/wp-content\/uploads\/2020\/10\/MedicosYuc-e1601680596210.png?resize=700%2C400&ssl=1 2x"},"classes":[]},{"id":47125,"url":"https:\/\/www.grieta.org.mx\/index.php\/2020\/04\/02\/protesta-personal-de-urgencias-del-hospital-juarez-por-falta-de-insumos-yucatan\/","url_meta":{"origin":51244,"position":2},"title":"Protesta personal de urgencias del Hospital Ju\u00e1rez por falta de insumos (Yucat\u00e1n)","author":"grieta","date":"2 abril, 2020","format":false,"excerpt":"Exigen que autoridades sanitarias les proporcionen cubrebocas N95, guantes, alcohol y material para protegerse y evitar contagiarse de coronavirus Novedades Yucat\u00e1n M\u00c9RIDA, Yucat\u00e1n.- Personal del \u00e1rea de urgencias del Hospital Benito Ju\u00e1rez Garc\u00eda No. 12 del Instituto Mexicano del Seguro Social (IMSS) en M\u00e9rida, realizaron un paro de labores como\u2026","rel":"","context":"En &quot;CINTILLO&quot;","block_context":{"text":"CINTILLO","link":"https:\/\/www.grieta.org.mx\/index.php\/category\/cintillo\/"},"img":{"alt_text":"","src":"https:\/\/i0.wp.com\/www.grieta.org.mx\/wp-content\/uploads\/2020\/04\/1585839587906-e1585939412781.jpg?resize=350%2C200&ssl=1","width":350,"height":200,"srcset":"https:\/\/i0.wp.com\/www.grieta.org.mx\/wp-content\/uploads\/2020\/04\/1585839587906-e1585939412781.jpg?resize=350%2C200&ssl=1 1x, https:\/\/i0.wp.com\/www.grieta.org.mx\/wp-content\/uploads\/2020\/04\/1585839587906-e1585939412781.jpg?resize=525%2C300&ssl=1 1.5x, https:\/\/i0.wp.com\/www.grieta.org.mx\/wp-content\/uploads\/2020\/04\/1585839587906-e1585939412781.jpg?resize=700%2C400&ssl=1 2x"},"classes":[]},{"id":68573,"url":"https:\/\/www.grieta.org.mx\/index.php\/2024\/02\/12\/trabajadores-del-issste-denuncian-falta-de-transparencia-en-asignacion-de-plazas-yucatan\/","url_meta":{"origin":51244,"position":3},"title":"Trabajadores del ISSSTE denuncian falta de transparencia en asignaci\u00f3n de plazas (Yucat\u00e1n)","author":"grieta","date":"12 febrero, 2024","format":false,"excerpt":"Paloma Reyes \/ Haz Ruido Protestaron en el hospital de Susul\u00e1 debido a que se otorgaron plazas sin boletinar a sindicalizados que llevaban tiempo en la bolsa de trabajo. M\u00e9rida, Yucat\u00e1n, 12 de febrero de 2024.-Trabajadores sindicalizados del Instituto de Seguridad y Servicios Sociales de los Trabajadores del Estado (ISSSTE)\u2026","rel":"","context":"En &quot;CINTILLO&quot;","block_context":{"text":"CINTILLO","link":"https:\/\/www.grieta.org.mx\/index.php\/category\/cintillo\/"},"img":{"alt_text":"","src":"https:\/\/i0.wp.com\/www.grieta.org.mx\/wp-content\/uploads\/2024\/03\/issste-e1709578753364.jpg?resize=350%2C200&ssl=1","width":350,"height":200,"srcset":"https:\/\/i0.wp.com\/www.grieta.org.mx\/wp-content\/uploads\/2024\/03\/issste-e1709578753364.jpg?resize=350%2C200&ssl=1 1x, https:\/\/i0.wp.com\/www.grieta.org.mx\/wp-content\/uploads\/2024\/03\/issste-e1709578753364.jpg?resize=525%2C300&ssl=1 1.5x, https:\/\/i0.wp.com\/www.grieta.org.mx\/wp-content\/uploads\/2024\/03\/issste-e1709578753364.jpg?resize=700%2C400&ssl=1 2x"},"classes":[]},{"id":68576,"url":"https:\/\/www.grieta.org.mx\/index.php\/2024\/03\/04\/denuncian-corrupcion-en-asignacion-de-plazas-en-el-issste-yucatan\/","url_meta":{"origin":51244,"position":4},"title":"Denuncian corrupci\u00f3n en asignaci\u00f3n de plazas en el ISSSTE (Yucat\u00e1n)","author":"grieta","date":"4 marzo, 2024","format":false,"excerpt":"Alejandro Rubalcaba \/ Desde el Balc\u00f3n Empleados suplentes exigen certidumbre laboral y pago de sus quincenas M\u00e9rida, Yucat\u00e1n, a 4 de marzo de 2024.- Este lunes, personal m\u00e9dico y de enfermer\u00eda del Instituto de Seguridad y Servicios Sociales de los Trabajadores del Estado (ISSSTE) en Yucat\u00e1n exigieron su incorporaci\u00f3n a\u2026","rel":"","context":"En &quot;CINTILLO&quot;","block_context":{"text":"CINTILLO","link":"https:\/\/www.grieta.org.mx\/index.php\/category\/cintillo\/"},"img":{"alt_text":"","src":"https:\/\/i0.wp.com\/www.grieta.org.mx\/wp-content\/uploads\/2024\/03\/Issste-1-e1709580215754.jpg?resize=350%2C200&ssl=1","width":350,"height":200,"srcset":"https:\/\/i0.wp.com\/www.grieta.org.mx\/wp-content\/uploads\/2024\/03\/Issste-1-e1709580215754.jpg?resize=350%2C200&ssl=1 1x, https:\/\/i0.wp.com\/www.grieta.org.mx\/wp-content\/uploads\/2024\/03\/Issste-1-e1709580215754.jpg?resize=525%2C300&ssl=1 1.5x, https:\/\/i0.wp.com\/www.grieta.org.mx\/wp-content\/uploads\/2024\/03\/Issste-1-e1709580215754.jpg?resize=700%2C400&ssl=1 2x"},"classes":[]},{"id":46756,"url":"https:\/\/www.grieta.org.mx\/index.php\/2020\/03\/25\/exigen-trabajadores-del-issste-equipo-indispensable-para-atender-a-contagiados-de-covid-19-colima\/","url_meta":{"origin":51244,"position":5},"title":"Exigen trabajadores del ISSSTE equipo indispensable para atender a contagiados de Covid-19 (Colima)","author":"grieta","date":"25 marzo, 2020","format":false,"excerpt":"Foto: El Comentario Carlos A. Ar\u00e9valo \/ El Comentario Personal m\u00e9dico y administrativo del ISSSTE\u00a0pararon actividades laborales y se manifestaron la ma\u00f1ana de este mi\u00e9rcoles (25) afuera de la\u00a0Cl\u00ednica \u201cDr. Miguel Trejo Ochoa\u201d, ubicada en la ciudad de Colima, para\u00a0demandar material y equipo indispensable\u00a0que les permita sentirse protegidos al momento\u2026","rel":"","context":"En &quot;CINTILLO&quot;","block_context":{"text":"CINTILLO","link":"https:\/\/www.grieta.org.mx\/index.php\/category\/cintillo\/"},"img":{"alt_text":"","src":"https:\/\/i0.wp.com\/www.grieta.org.mx\/wp-content\/uploads\/2020\/03\/efd72ec3c17af7ae57a59f8be4e433bc.jpeg?resize=350%2C200&ssl=1","width":350,"height":200,"srcset":"https:\/\/i0.wp.com\/www.grieta.org.mx\/wp-content\/uploads\/2020\/03\/efd72ec3c17af7ae57a59f8be4e433bc.jpeg?resize=350%2C200&ssl=1 1x, https:\/\/i0.wp.com\/www.grieta.org.mx\/wp-content\/uploads\/2020\/03\/efd72ec3c17af7ae57a59f8be4e433bc.jpeg?resize=525%2C300&ssl=1 1.5x, https:\/\/i0.wp.com\/www.grieta.org.mx\/wp-content\/uploads\/2020\/03\/efd72ec3c17af7ae57a59f8be4e433bc.jpeg?resize=700%2C400&ssl=1 2x, https:\/\/i0.wp.com\/www.grieta.org.mx\/wp-content\/uploads\/2020\/03\/efd72ec3c17af7ae57a59f8be4e433bc.jpeg?resize=1050%2C600&ssl=1 3x"},"classes":[]}],"_links":{"self":[{"href":"https:\/\/www.grieta.org.mx\/index.php\/wp-json\/wp\/v2\/posts\/51244","targetHints":{"allow":["GET"]}}],"collection":[{"href":"https:\/\/www.grieta.org.mx\/index.php\/wp-json\/wp\/v2\/posts"}],"about":[{"href":"https:\/\/www.grieta.org.mx\/index.php\/wp-json\/wp\/v2\/types\/post"}],"author":[{"embeddable":true,"href":"https:\/\/www.grieta.org.mx\/index.php\/wp-json\/wp\/v2\/users\/2"}],"replies":[{"embeddable":true,"href":"https:\/\/www.grieta.org.mx\/index.php\/wp-json\/wp\/v2\/comments?post=51244"}],"version-history":[{"count":1,"href":"https:\/\/www.grieta.org.mx\/index.php\/wp-json\/wp\/v2\/posts\/51244\/revisions"}],"predecessor-version":[{"id":51247,"href":"https:\/\/www.grieta.org.mx\/index.php\/wp-json\/wp\/v2\/posts\/51244\/revisions\/51247"}],"wp:featuredmedia":[{"embeddable":true,"href":"https:\/\/www.grieta.org.mx\/index.php\/wp-json\/wp\/v2\/media\/51246"}],"wp:attachment":[{"href":"https:\/\/www.grieta.org.mx\/index.php\/wp-json\/wp\/v2\/media?parent=51244"}],"wp:term":[{"taxonomy":"category","embeddable":true,"href":"https:\/\/www.grieta.org.mx\/index.php\/wp-json\/wp\/v2\/categories?post=51244"},{"taxonomy":"post_tag","embeddable":true,"href":"https:\/\/www.grieta.org.mx\/index.php\/wp-json\/wp\/v2\/tags?post=51244"}],"curies":[{"name":"wp","href":"https:\/\/api.w.org\/{rel}","templated":true}]}}