{"id":51240,"date":"2020-06-24T17:02:32","date_gmt":"2020-06-24T22:02:32","guid":{"rendered":"http:\/\/www.grieta.org.mx\/?p=51240"},"modified":"2020-06-26T17:10:37","modified_gmt":"2020-06-26T22:10:37","slug":"la-scjn-atrae-juicio-promovido-por-ninos-de-homun-contra-empresa-porcicola-yucatan","status":"publish","type":"post","link":"https:\/\/www.grieta.org.mx\/index.php\/2020\/06\/24\/la-scjn-atrae-juicio-promovido-por-ninos-de-homun-contra-empresa-porcicola-yucatan\/","title":{"rendered":"La SCJN atrae juicio promovido por ni\u00f1os de Hom\u00fan contra empresa porc\u00edcola (Yucat\u00e1n)"},"content":{"rendered":"<p><img loading=\"lazy\" decoding=\"async\" data-attachment-id=\"51241\" data-permalink=\"https:\/\/www.grieta.org.mx\/index.php\/2020\/06\/24\/la-scjn-atrae-juicio-promovido-por-ninos-de-homun-contra-empresa-porcicola-yucatan\/granjas-870x521\/\" data-orig-file=\"https:\/\/www.grieta.org.mx\/wp-content\/uploads\/2020\/06\/granjas-870x521-e1593209117400.png\" data-orig-size=\"800,479\" data-comments-opened=\"0\" data-image-meta=\"{&quot;aperture&quot;:&quot;0&quot;,&quot;credit&quot;:&quot;&quot;,&quot;camera&quot;:&quot;&quot;,&quot;caption&quot;:&quot;&quot;,&quot;created_timestamp&quot;:&quot;0&quot;,&quot;copyright&quot;:&quot;&quot;,&quot;focal_length&quot;:&quot;0&quot;,&quot;iso&quot;:&quot;0&quot;,&quot;shutter_speed&quot;:&quot;0&quot;,&quot;title&quot;:&quot;&quot;,&quot;orientation&quot;:&quot;0&quot;}\" data-image-title=\"granjas-870&amp;#215;521\" data-image-description=\"\" data-image-caption=\"\" data-medium-file=\"https:\/\/www.grieta.org.mx\/wp-content\/uploads\/2020\/06\/granjas-870x521-300x180.png\" data-large-file=\"https:\/\/www.grieta.org.mx\/wp-content\/uploads\/2020\/06\/granjas-870x521-e1593209117400.png\" src=\"http:\/\/www.grieta.org.mx\/wp-content\/uploads\/2020\/06\/granjas-870x521-e1593209117400.png\" alt=\"\" width=\"800\" height=\"479\" class=\"aligncenter size-full wp-image-51241\" \/><br \/>\nRosa Santana \/ Proceso<\/p>\n<p>M\u00c9RIDA, Yuc. (apro).- Por la trascendencia que tendr\u00e1 el fallo para futuras sentencias en asuntos similares, la Suprema Corte de Justicia de la Naci\u00f3n (SCJN) determin\u00f3 atraer el juicio promovido por ni\u00f1os de la comunidad maya de Hom\u00fan contra la empresa Producci\u00f3n Alimentaria Porc\u00edcola (Papo), por violaciones a sus derechos al medio ambiente sano, al agua y a la salud.<\/p>\n<p>El motivo del conflicto fue la instalaci\u00f3n de una megagranja porc\u00edcola, con capacidad para 40 mil cerdos, en la reserva geohidrol\u00f3gica Anillo de los Cenotes, una de las principales zonas de recarga acu\u00edfera del pa\u00eds.<\/p>\n<p>El juicio en cuesti\u00f3n es incidental dentro del juicio promovido por ni\u00f1os mayas de Hom\u00fan para defender los cenotes, el medio ambiente y sus derechos ante la contaminaci\u00f3n y el riesgo que implica la operaci\u00f3n de esa granja porc\u00edcola que Papo mont\u00f3 sin consultar a la comunidad.<\/p>\n<p>La Primera Sala de la SCJN determin\u00f3 conocer del asunto, cuyo juicio principal se relaciona con violaciones al derecho al medio ambiente sano, al agua y la salud de los ni\u00f1os de la comunidad maya, as\u00ed como el impacto que la operaci\u00f3n de esa industria porc\u00edcola puede generar en la citada reserva geohidrol\u00f3gica.<\/p>\n<p>Explic\u00f3 que la materia de la solicitud se dirige al juicio incidental donde se resolvi\u00f3 sobre la suspensi\u00f3n definitiva, concedida para el efecto de que las autoridades responsables, en el \u00e1mbito de sus competencias, ordenen la inmediata paralizaci\u00f3n de operaciones de la granja porc\u00edcola.<\/p>\n<p>Bajo tales consideraciones, la Primera Sala concluy\u00f3 que el asunto podr\u00eda permitir que la SCJN se pronuncie sobre diversos temas de trascendencia nacional, por ejemplo, c\u00f3mo opera el principio de prevenci\u00f3n en materia de suspensi\u00f3n y c\u00f3mo impacta el principio in dubio pro natura al momento de resolver sobre la misma.<\/p>\n<p>Tambi\u00e9n definir cu\u00e1l es el est\u00e1ndar de prueba que debe regir al momento de determinar la suspensi\u00f3n definitiva; c\u00f3mo se relaciona el principio precautorio, y la falta de evidencia cient\u00edfica frente a un est\u00e1ndar de prueba indiciaria.<\/p>\n<p>Adem\u00e1s, precisar si existe alguna distinci\u00f3n entre determinar el riesgo de da\u00f1o o la existencia del mismo, y si se debe resolver que sea significativo, entre otros puntos.<\/p>\n<p><a href=\"https:\/\/www.proceso.com.mx\/635744\/la-scjn-atrae-juicio-promovido-por-ninos-de-homun-contra-empresa-porcicola\" rel=\"noopener noreferrer\" target=\"_blank\">https:\/\/www.proceso.com.mx\/635744\/la-scjn-atrae-juicio-promovido-por-ninos-de-homun-contra-empresa-porcicola<\/a><\/p>\n","protected":false},"excerpt":{"rendered":"<p>Rosa Santana \/ Proceso M\u00c9RIDA, Yuc. (apro).- Por la trascendencia que tendr\u00e1 el fallo para futuras sentencias en asuntos similares, la Suprema Corte de Justicia de la Naci\u00f3n (SCJN) determin\u00f3 &hellip; <a href=\"https:\/\/www.grieta.org.mx\/index.php\/2020\/06\/24\/la-scjn-atrae-juicio-promovido-por-ninos-de-homun-contra-empresa-porcicola-yucatan\/\" class=\"more-link\">Leer m\u00e1s<\/a><\/p>\n","protected":false},"author":2,"featured_media":51241,"comment_status":"closed","ping_status":"closed","sticky":false,"template":"","format":"standard","meta":{"ngg_post_thumbnail":0,"_jetpack_newsletter_access":"","_jetpack_dont_email_post_to_subs":false,"_jetpack_newsletter_tier_id":0,"_jetpack_memberships_contains_paywalled_content":false,"_jetpack_memberships_contains_paid_content":false,"footnotes":""},"categories":[60,42,80,3538,984,1,954,1020,1023,3,922,952,2,36],"tags":[384,425,1022,1021,3547],"class_list":["post-51240","post","type-post","status-publish","format-standard","has-post-thumbnail","hentry","category-16-pueblo-maya","category-agroindustria","category-cintillo","category-crisis-del-agua-en-yucatan","category-esp-yucatan","category-espejos-de-la-resistencia","category-espejos-estados","category-granja-porcicola","category-lucha-contra-granja-porcicola","category-megaproyectos","category-megaproyectos-estados","category-mp-yucatan","category-noticias-nacionales","category-yucatan","tag-amparo","tag-contaminacion-agua","tag-granja-porcicola","tag-homun","tag-scjn","entry"],"jetpack_featured_media_url":"https:\/\/www.grieta.org.mx\/wp-content\/uploads\/2020\/06\/granjas-870x521-e1593209117400.png","jetpack_sharing_enabled":true,"jetpack_shortlink":"https:\/\/wp.me\/p7ZJR4-dks","jetpack_likes_enabled":false,"jetpack-related-posts":[{"id":37837,"url":"https:\/\/www.grieta.org.mx\/index.php\/2019\/08\/09\/atrae-la-scjn-juicio-contra-granja-porcicola-en-reserva-de-cenotes-de-yucatan\/","url_meta":{"origin":51240,"position":0},"title":"Atrae la SCJN juicio contra granja porc\u00edcola en reserva de cenotes de Yucat\u00e1n","author":"grieta","date":"9 agosto, 2019","format":false,"excerpt":"Editor II\/Noticaribe YUCAT\u00c1N, MX.- La Suprema Corte de Justicia de la Naci\u00f3n ejerci\u00f3 su facultad de atracci\u00f3n para la revisi\u00f3n del juicio incidental por la suspensi\u00f3n de la mega granja porc\u00edcola instalada en la comunidad maya de Hom\u00fan, en plena reserva geohidrol\u00f3gica del anillo de cenotes de Yucat\u00e1n. Activistas del\u2026","rel":"","context":"En &quot;16. Pueblo Maya&quot;","block_context":{"text":"16. Pueblo Maya","link":"https:\/\/www.grieta.org.mx\/index.php\/category\/espejos-de-la-resistencia\/16-pueblo-maya\/"},"img":{"alt_text":"","src":"https:\/\/i0.wp.com\/www.grieta.org.mx\/wp-content\/uploads\/2019\/08\/AtraeSCJN-e1565663988810.png?resize=350%2C200&ssl=1","width":350,"height":200,"srcset":"https:\/\/i0.wp.com\/www.grieta.org.mx\/wp-content\/uploads\/2019\/08\/AtraeSCJN-e1565663988810.png?resize=350%2C200&ssl=1 1x, https:\/\/i0.wp.com\/www.grieta.org.mx\/wp-content\/uploads\/2019\/08\/AtraeSCJN-e1565663988810.png?resize=525%2C300&ssl=1 1.5x, https:\/\/i0.wp.com\/www.grieta.org.mx\/wp-content\/uploads\/2019\/08\/AtraeSCJN-e1565663988810.png?resize=700%2C400&ssl=1 2x"},"classes":[]},{"id":30673,"url":"https:\/\/www.grieta.org.mx\/index.php\/2019\/03\/08\/pierde-un-fallo-la-empresa-que-opera-granja-porcina-de-homun-yucatan\/","url_meta":{"origin":51240,"position":1},"title":"Pierde un fallo la empresa que opera granja porcina de Hom\u00fan (Yucat\u00e1n)","author":"grieta","date":"8 marzo, 2019","format":false,"excerpt":"Reporteros Hoy M\u00e9rida, Yucat\u00e1n, (ACOM).- La recusaci\u00f3n promovida por la empresa Producci\u00f3n Alimentaria Porc\u00edcola (PAPO), que opera una granja porc\u00edcola que se instal\u00f3 en Hom\u00fan, fue declarada infundada por el Tribunal Colegiado que conoci\u00f3 el recurso que se present\u00f3 en contra de la juez Cuarta de Distrito, Miriam de Jes\u00fas\u2026","rel":"","context":"En &quot;16. Pueblo Maya&quot;","block_context":{"text":"16. Pueblo Maya","link":"https:\/\/www.grieta.org.mx\/index.php\/category\/espejos-de-la-resistencia\/16-pueblo-maya\/"},"img":{"alt_text":"","src":"https:\/\/i0.wp.com\/www.grieta.org.mx\/wp-content\/uploads\/2019\/03\/GranjaHomun.jpeg?resize=350%2C200&ssl=1","width":350,"height":200,"srcset":"https:\/\/i0.wp.com\/www.grieta.org.mx\/wp-content\/uploads\/2019\/03\/GranjaHomun.jpeg?resize=350%2C200&ssl=1 1x, https:\/\/i0.wp.com\/www.grieta.org.mx\/wp-content\/uploads\/2019\/03\/GranjaHomun.jpeg?resize=525%2C300&ssl=1 1.5x, https:\/\/i0.wp.com\/www.grieta.org.mx\/wp-content\/uploads\/2019\/03\/GranjaHomun.jpeg?resize=700%2C400&ssl=1 2x"},"classes":[]},{"id":63923,"url":"https:\/\/www.grieta.org.mx\/index.php\/2022\/04\/07\/amenazan-a-infancia-que-defiende-los-cenotes-en-homun-yucatan\/","url_meta":{"origin":51240,"position":2},"title":"Amenazan a infancia que defiende los cenotes en Hom\u00fan (Yucat\u00e1n)","author":"grieta","date":"7 abril, 2022","format":false,"excerpt":"Sare Frabes \/ Avispa Midia Este mi\u00e9rcoles (6) fue amenazada una de las representantes de las ni\u00f1as y ni\u00f1os de Hom\u00fan, quienes presentaron un amparo contra la mega granja porc\u00edcola de la empresa Producci\u00f3n Alimentaria y Porc\u00edcola (PAPO), aparcera de Kek\u00e9n. As\u00ed lo denuncio el Equipo Indignaci\u00f3n, quien destac\u00f3 que\u2026","rel":"","context":"En &quot;16. Pueblo Maya&quot;","block_context":{"text":"16. Pueblo Maya","link":"https:\/\/www.grieta.org.mx\/index.php\/category\/espejos-de-la-resistencia\/16-pueblo-maya\/"},"img":{"alt_text":"","src":"https:\/\/i0.wp.com\/www.grieta.org.mx\/wp-content\/uploads\/2022\/04\/AmenazanInfanciaHomun-e1649351378993.png?resize=350%2C200&ssl=1","width":350,"height":200,"srcset":"https:\/\/i0.wp.com\/www.grieta.org.mx\/wp-content\/uploads\/2022\/04\/AmenazanInfanciaHomun-e1649351378993.png?resize=350%2C200&ssl=1 1x, https:\/\/i0.wp.com\/www.grieta.org.mx\/wp-content\/uploads\/2022\/04\/AmenazanInfanciaHomun-e1649351378993.png?resize=525%2C300&ssl=1 1.5x, https:\/\/i0.wp.com\/www.grieta.org.mx\/wp-content\/uploads\/2022\/04\/AmenazanInfanciaHomun-e1649351378993.png?resize=700%2C400&ssl=1 2x"},"classes":[]},{"id":61342,"url":"https:\/\/www.grieta.org.mx\/index.php\/2021\/08\/24\/ninas-y-ninos-inician-campana-contra-granja-porcina-en-homun-yucatan\/","url_meta":{"origin":51240,"position":3},"title":"Ni\u00f1as y ni\u00f1os inician campa\u00f1a contra granja porcina en Hom\u00fan, Yucat\u00e1n","author":"grieta","date":"24 agosto, 2021","format":false,"excerpt":"Redacci\u00f3n La-Lista Un grupo de ni\u00f1as y ni\u00f1os mayas, denominado Guardianes de los Cenotes, iniciaron una campa\u00f1a en contra de una granja porcina en el municipio de Hom\u00fan, Yucat\u00e1n, la cual afectar\u00eda los cenotes de la regi\u00f3n y con ello da\u00f1ar\u00eda el bienestar y econom\u00eda del la comunidad. Esto debido\u2026","rel":"","context":"En &quot;16. Pueblo Maya&quot;","block_context":{"text":"16. Pueblo Maya","link":"https:\/\/www.grieta.org.mx\/index.php\/category\/espejos-de-la-resistencia\/16-pueblo-maya\/"},"img":{"alt_text":"","src":"https:\/\/i0.wp.com\/www.grieta.org.mx\/wp-content\/uploads\/2021\/08\/Homu%CC%81n-1-e1630261887135.jpg?resize=350%2C200&ssl=1","width":350,"height":200,"srcset":"https:\/\/i0.wp.com\/www.grieta.org.mx\/wp-content\/uploads\/2021\/08\/Homu%CC%81n-1-e1630261887135.jpg?resize=350%2C200&ssl=1 1x, https:\/\/i0.wp.com\/www.grieta.org.mx\/wp-content\/uploads\/2021\/08\/Homu%CC%81n-1-e1630261887135.jpg?resize=525%2C300&ssl=1 1.5x, https:\/\/i0.wp.com\/www.grieta.org.mx\/wp-content\/uploads\/2021\/08\/Homu%CC%81n-1-e1630261887135.jpg?resize=700%2C400&ssl=1 2x"},"classes":[]},{"id":27529,"url":"https:\/\/www.grieta.org.mx\/index.php\/2018\/11\/07\/mega-porcicola-desacata-ley-y-es-apoyada-por-congreso-de-yucatan\/","url_meta":{"origin":51240,"position":4},"title":"Mega porc\u00edcola desacata ley y es apoyada por congreso de Yucat\u00e1n","author":"grieta","date":"7 noviembre, 2018","format":false,"excerpt":"Gabriel Ram\u00edrez Cuevas\/Regeneraci\u00f3n Mega porc\u00edcola sobre el anillo de cenotes en Yucat\u00e1n en desacato a orden de Juez de paralizar totalmente sus actividades y salida de animales Diputados realizan visita a la mega porc\u00edcola y la alaban. Nada dicen sobre el cumplimiento de la orden del juez Regeneraci\u00f3n, 7 de\u2026","rel":"","context":"En &quot;16. Pueblo Maya&quot;","block_context":{"text":"16. Pueblo Maya","link":"https:\/\/www.grieta.org.mx\/index.php\/category\/espejos-de-la-resistencia\/16-pueblo-maya\/"},"img":{"alt_text":"","src":"https:\/\/i0.wp.com\/www.grieta.org.mx\/wp-content\/uploads\/2018\/11\/desacato.jpg?resize=350%2C200&ssl=1","width":350,"height":200,"srcset":"https:\/\/i0.wp.com\/www.grieta.org.mx\/wp-content\/uploads\/2018\/11\/desacato.jpg?resize=350%2C200&ssl=1 1x, https:\/\/i0.wp.com\/www.grieta.org.mx\/wp-content\/uploads\/2018\/11\/desacato.jpg?resize=525%2C300&ssl=1 1.5x, https:\/\/i0.wp.com\/www.grieta.org.mx\/wp-content\/uploads\/2018\/11\/desacato.jpg?resize=700%2C400&ssl=1 2x"},"classes":[]},{"id":22011,"url":"https:\/\/www.grieta.org.mx\/index.php\/2017\/10\/08\/consulta-confirma-rechazo-a-proyecto-porcicola-en-homun\/","url_meta":{"origin":51240,"position":5},"title":"Consulta confirma rechazo a proyecto porc\u00edcola en Hom\u00fan","author":"grieta","date":"8 octubre, 2017","format":false,"excerpt":"Hom\u00fan, Yucat\u00e1n.- La consulta popular organizada por la agrupaci\u00f3n Ka\u2019anan Ts\u2019onot, guardianes de los cenotes, transcurri\u00f3 sin contratiempos y arroj\u00f3 una decisi\u00f3n mayoritaria en contra de la mega granja porc\u00edcola en el municipio de Hom\u00fan. El recuento de las dos urnas arroj\u00f3: 732 votos por el NO, 52 por el\u2026","rel":"","context":"En &quot;CINTILLO&quot;","block_context":{"text":"CINTILLO","link":"https:\/\/www.grieta.org.mx\/index.php\/category\/cintillo\/"},"img":{"alt_text":"","src":"https:\/\/i0.wp.com\/www.grieta.org.mx\/wp-content\/uploads\/2018\/03\/homun1-831x392.jpg?resize=350%2C200&ssl=1","width":350,"height":200,"srcset":"https:\/\/i0.wp.com\/www.grieta.org.mx\/wp-content\/uploads\/2018\/03\/homun1-831x392.jpg?resize=350%2C200&ssl=1 1x, https:\/\/i0.wp.com\/www.grieta.org.mx\/wp-content\/uploads\/2018\/03\/homun1-831x392.jpg?resize=525%2C300&ssl=1 1.5x, https:\/\/i0.wp.com\/www.grieta.org.mx\/wp-content\/uploads\/2018\/03\/homun1-831x392.jpg?resize=700%2C400&ssl=1 2x"},"classes":[]}],"_links":{"self":[{"href":"https:\/\/www.grieta.org.mx\/index.php\/wp-json\/wp\/v2\/posts\/51240","targetHints":{"allow":["GET"]}}],"collection":[{"href":"https:\/\/www.grieta.org.mx\/index.php\/wp-json\/wp\/v2\/posts"}],"about":[{"href":"https:\/\/www.grieta.org.mx\/index.php\/wp-json\/wp\/v2\/types\/post"}],"author":[{"embeddable":true,"href":"https:\/\/www.grieta.org.mx\/index.php\/wp-json\/wp\/v2\/users\/2"}],"replies":[{"embeddable":true,"href":"https:\/\/www.grieta.org.mx\/index.php\/wp-json\/wp\/v2\/comments?post=51240"}],"version-history":[{"count":1,"href":"https:\/\/www.grieta.org.mx\/index.php\/wp-json\/wp\/v2\/posts\/51240\/revisions"}],"predecessor-version":[{"id":51243,"href":"https:\/\/www.grieta.org.mx\/index.php\/wp-json\/wp\/v2\/posts\/51240\/revisions\/51243"}],"wp:featuredmedia":[{"embeddable":true,"href":"https:\/\/www.grieta.org.mx\/index.php\/wp-json\/wp\/v2\/media\/51241"}],"wp:attachment":[{"href":"https:\/\/www.grieta.org.mx\/index.php\/wp-json\/wp\/v2\/media?parent=51240"}],"wp:term":[{"taxonomy":"category","embeddable":true,"href":"https:\/\/www.grieta.org.mx\/index.php\/wp-json\/wp\/v2\/categories?post=51240"},{"taxonomy":"post_tag","embeddable":true,"href":"https:\/\/www.grieta.org.mx\/index.php\/wp-json\/wp\/v2\/tags?post=51240"}],"curies":[{"name":"wp","href":"https:\/\/api.w.org\/{rel}","templated":true}]}}