{"id":51237,"date":"2020-06-23T16:44:41","date_gmt":"2020-06-23T21:44:41","guid":{"rendered":"http:\/\/www.grieta.org.mx\/?p=51237"},"modified":"2020-06-26T16:54:21","modified_gmt":"2020-06-26T21:54:21","slug":"comisariado-quiere-desalojarnos-para-que-pase-tren-maya-ejidatarios-de-koben-campeche","status":"publish","type":"post","link":"https:\/\/www.grieta.org.mx\/index.php\/2020\/06\/23\/comisariado-quiere-desalojarnos-para-que-pase-tren-maya-ejidatarios-de-koben-campeche\/","title":{"rendered":"Comisariado quiere desalojarnos para que pase Tren Maya: ejidatarios de Kob\u00e9n (Campeche)"},"content":{"rendered":"<p><img loading=\"lazy\" decoding=\"async\" data-attachment-id=\"51238\" data-permalink=\"https:\/\/www.grieta.org.mx\/index.php\/2020\/06\/23\/comisariado-quiere-desalojarnos-para-que-pase-tren-maya-ejidatarios-de-koben-campeche\/koben\/\" data-orig-file=\"https:\/\/www.grieta.org.mx\/wp-content\/uploads\/2020\/06\/Koben.png\" data-orig-size=\"662,399\" data-comments-opened=\"0\" data-image-meta=\"{&quot;aperture&quot;:&quot;0&quot;,&quot;credit&quot;:&quot;&quot;,&quot;camera&quot;:&quot;&quot;,&quot;caption&quot;:&quot;&quot;,&quot;created_timestamp&quot;:&quot;0&quot;,&quot;copyright&quot;:&quot;&quot;,&quot;focal_length&quot;:&quot;0&quot;,&quot;iso&quot;:&quot;0&quot;,&quot;shutter_speed&quot;:&quot;0&quot;,&quot;title&quot;:&quot;&quot;,&quot;orientation&quot;:&quot;0&quot;}\" data-image-title=\"Koben\" data-image-description=\"\" data-image-caption=\"\" data-medium-file=\"https:\/\/www.grieta.org.mx\/wp-content\/uploads\/2020\/06\/Koben-300x181.png\" data-large-file=\"https:\/\/www.grieta.org.mx\/wp-content\/uploads\/2020\/06\/Koben.png\" src=\"http:\/\/www.grieta.org.mx\/wp-content\/uploads\/2020\/06\/Koben.png\" alt=\"\" width=\"662\" height=\"399\" class=\"aligncenter size-full wp-image-51238\" srcset=\"https:\/\/www.grieta.org.mx\/wp-content\/uploads\/2020\/06\/Koben.png 662w, https:\/\/www.grieta.org.mx\/wp-content\/uploads\/2020\/06\/Koben-300x181.png 300w\" sizes=\"auto, (max-width: 662px) 100vw, 662px\" \/><\/p>\n<p>Jairo Maga\u00f1a \/ La Jornada Maya<\/p>\n<p>San Francisco de Campeche<\/p>\n<p>En medio del pago de derecho de v\u00eda por el proyecto del Tren Maya, habitantes del poblado de San Francisco Kob\u00e9n liderados por Ignacio Zapata Zapata, denunciaron al comisariado ejidal de querer desalojarlos de sus tierras para que el tren pase por sus terrenos que est\u00e1n dentro de los par\u00e1metros del derecho de v\u00eda; sin embargo, el comisario ejidal actual, Eleazar Moo, respondi\u00f3 a estas acusaciones, se\u00f1alando que estos no tienen derechos ejidales y los consider\u00f3 invasores, mientras que lo ofrecido fue de buena fe por parte del Gobierno Federal.<\/p>\n<p>Habitantes del poblado de Kob\u00e9n, uno de los que ser\u00e1 impactados por el Tren Maya, denunciaron malas practicas y malos manejos en los recursos que el Gobierno Federal entreg\u00f3 al Comisariado ejidal del poblado por ofrecerles una cantidad que no fue acorde a lo que le entregaron a otras personas igual pertenecientes al poblado, se\u00f1alando que no son invasores porque tienen a\u00f1os trabajando las tierras que colindan con el ejido Kob\u00e9n.<\/p>\n<p>Acusando al comisario ejidal Eleazar Moo de dicha situaci\u00f3n, los denunciantes no mostraron documentos que dieran la garant\u00eda que estos fueran los due\u00f1os leg\u00edtimos de dichas tierras, a\u00fan y cuando la ley agraria es clara en cuesti\u00f3n de los ejidos, pues al presentarse algunos como nietos de ejidatarios y otros como compradores, en las asambleas atestiguadas por las autoridades agrarias como la Procuradur\u00eda Agraria y el Registro Agrario Nacional, no hay registros de estos en las asambleas.<\/p>\n<p>Uno de los denunciantes, Ignacio Zapata Zapata, dijo que en su predio hay \u00e1rboles frutales que tienen m\u00e1s valor que lo que el comisario les ofreci\u00f3, pues a unos les dijo 5 mil pesos y a otros 8 mil, respetando el posible valor productivo de cada uno de sus \u00e1rboles, aunque dicen que de buena fuente a los ejidatarios les toc\u00f3 m\u00e1s.<\/p>\n<p>Don Ignacio dice que en su predio hay al menos 25 palmas de coco y cada una le genera 6 mil pesos anuales, adem\u00e1s tambi\u00e9n cuenta con otras especies; otra de las afectadas opin\u00f3 que para ella le deben dar 100 mil pesos por sus arboles y porque tendr\u00e1 que tirar su casa y construirla dejando el derecho de v\u00eda libre.<\/p>\n<p>Por ello con la advertencia de acciones legales en contra de Ignacio Zapata Zapata, poblador de San Francisco Kob\u00e9n que acus\u00f3 al comisario ejidal Eleazar Moo de querer despojarlo a \u00e9l a otras 20 familias m\u00e1s de sus viviendas por el proyecto del Tren Maya, ahora el comisario invirti\u00f3 los papeles y con documentos legales de la Procuradur\u00eda Agraria y del Registro Agrario Nacional (RAN), se\u00f1al\u00f3 que las personas que dicen ser\u00e1n afectadas, son invasores de tierras ejidales colindantes a la Reserva de la Biosfera de los Petenes, los documentos de asambleas ejidales avalan el por qu\u00e9 no les dieron recursos como a un ejidatario.<\/p>\n<p>&#8220;Ellos tienen que dialogar con sus parientes, pues algunos s\u00ed son herederos de ejidatarios, pero el RAN no puede engrosar la lista de ejidatarios, el recurso fue entregado a quien ellos dejaron legalmente con el mote de ejidatario luego de morir su familiar ejidatario original, pero los dem\u00e1s son invasores que incluso est\u00e1n explotando los recursos naturales de la Biosfera de los Petenes&#8221;, agreg\u00f3.<\/p>\n<p>Continu\u00f3 explicando que en los siguientes d\u00edas har\u00e1n una inspecci\u00f3n conjunta la Procuradur\u00eda Federal de Protecci\u00f3n al Ambiente (PROFEPA) con algunos ejidatarios, dependiendo lo que dialoguen luego de la inspecci\u00f3n ser\u00e1n las medidas que tomen, pues se\u00f1al\u00f3 que lo acusan de querer apropiarse de tierras, cuando el recurso que les iban a entregar y no lo quisieron recibir, fue un recurso de buena fe que el Gobierno Federal les otorg\u00f3 a esas familias al estar en la zona utilizable para el paso del Tren Maya, pero que no cuentan con documentos de posesi\u00f3n, ni siquiera con un cesi\u00f3n de derechos.<\/p>\n<p>\u201cLa geograf\u00eda del poblado es clara, despu\u00e9s de las v\u00edas inicia la Reserva de los Petenes, en ambos lados hay que dejar 20 metros por el derecho de v\u00eda, luego venimos los ejidatarios ya en zona urbana y luego de la carretera vienen los pobladores que han ido comprando espacios de tierra en el poblado, esos son de dominio pleno, es decir, ya liberados ante las autoridades agrarias\u201d, precis\u00f3.<\/p>\n<p>Agreg\u00f3 que por com\u00fan acuerdo en las asambleas pasadas, las tierras que habitan los que hoy acusan, no deb\u00edan ser habitadas debido al derecho de v\u00eda y por la cercan\u00eda que hay a la Reserva de la Biosfera.<\/p>\n<p>Edici\u00f3n: Enrique \u00c1lvarez<\/p>\n<p><a href=\"https:\/\/www.lajornadamaya.mx\/2020-06-23\/Comisariado-quiere-desalojarnos-para-que-pase-Tren-Maya--ejidatarios-de-Koben\" rel=\"noopener noreferrer\" target=\"_blank\">https:\/\/www.lajornadamaya.mx\/2020-06-23\/Comisariado-quiere-desalojarnos-para-que-pase-Tren-Maya&#8211;ejidatarios-de-Koben<\/a><\/p>\n","protected":false},"excerpt":{"rendered":"<p>Jairo Maga\u00f1a \/ La Jornada Maya San Francisco de Campeche En medio del pago de derecho de v\u00eda por el proyecto del Tren Maya, habitantes del poblado de San Francisco &hellip; <a href=\"https:\/\/www.grieta.org.mx\/index.php\/2020\/06\/23\/comisariado-quiere-desalojarnos-para-que-pase-tren-maya-ejidatarios-de-koben-campeche\/\" class=\"more-link\">Leer m\u00e1s<\/a><\/p>\n","protected":false},"author":2,"featured_media":51238,"comment_status":"closed","ping_status":"closed","sticky":false,"template":"","format":"standard","meta":{"ngg_post_thumbnail":0,"_jetpack_newsletter_access":"","_jetpack_dont_email_post_to_subs":false,"_jetpack_newsletter_tier_id":0,"_jetpack_memberships_contains_paywalled_content":false,"_jetpack_memberships_contains_paid_content":false,"footnotes":""},"categories":[11,80,3,922,926,944,952,2,28,1875,1876,1877,2026,36],"tags":[2616,1878],"class_list":["post-51237","post","type-post","status-publish","format-standard","has-post-thumbnail","hentry","category-campeche","category-cintillo","category-megaproyectos","category-megaproyectos-estados","category-mp-campeche","category-mp-quintana-roo","category-mp-yucatan","category-noticias-nacionales","category-quintana-roo","category-resistencia-al-tren-maya-en-la-peninsula-de-yucatan","category-resistencia-al-tren-maya-en-la-peninsula-de-yucatan-quintana-roo","category-resistencia-al-tren-maya-en-la-peninsula-de-yucatan-campeche","category-tren-maya","category-yucatan","tag-desalojos","tag-tren-maya","entry"],"jetpack_featured_media_url":"https:\/\/www.grieta.org.mx\/wp-content\/uploads\/2020\/06\/Koben.png","jetpack_sharing_enabled":true,"jetpack_shortlink":"https:\/\/wp.me\/p7ZJR4-dkp","jetpack_likes_enabled":false,"jetpack-related-posts":[{"id":47874,"url":"https:\/\/www.grieta.org.mx\/index.php\/2020\/04\/13\/las-vias-torcidas-del-tren-maya-video\/","url_meta":{"origin":51237,"position":0},"title":"Las v\u00edas torcidas del tren maya (Video)","author":"grieta","date":"13 abril, 2020","format":false,"excerpt":"https:\/\/www.youtube.com\/watch?v=k8FRX9eT0YY","rel":"","context":"En &quot;16. Pueblo Maya&quot;","block_context":{"text":"16. Pueblo Maya","link":"https:\/\/www.grieta.org.mx\/index.php\/category\/espejos-de-la-resistencia\/16-pueblo-maya\/"},"img":{"alt_text":"","src":"https:\/\/i0.wp.com\/www.grieta.org.mx\/wp-content\/uploads\/2020\/04\/ViasTorcidasTrenMaya.png?resize=350%2C200&ssl=1","width":350,"height":200,"srcset":"https:\/\/i0.wp.com\/www.grieta.org.mx\/wp-content\/uploads\/2020\/04\/ViasTorcidasTrenMaya.png?resize=350%2C200&ssl=1 1x, https:\/\/i0.wp.com\/www.grieta.org.mx\/wp-content\/uploads\/2020\/04\/ViasTorcidasTrenMaya.png?resize=525%2C300&ssl=1 1.5x, https:\/\/i0.wp.com\/www.grieta.org.mx\/wp-content\/uploads\/2020\/04\/ViasTorcidasTrenMaya.png?resize=700%2C400&ssl=1 2x"},"classes":[]},{"id":35945,"url":"https:\/\/www.grieta.org.mx\/index.php\/2019\/07\/05\/expansion-de-megaproyectos-en-la-peninsula-de-yucatan-video\/","url_meta":{"origin":51237,"position":1},"title":"Expansi\u00f3n de Megaproyectos en la Pen\u00ednsula de Yucat\u00e1n (Video)","author":"grieta","date":"5 julio, 2019","format":false,"excerpt":"https:\/\/youtu.be\/qLBARIAaBsI","rel":"","context":"En &quot;Campeche&quot;","block_context":{"text":"Campeche","link":"https:\/\/www.grieta.org.mx\/index.php\/category\/noticias-nacionales\/campeche\/"},"img":{"alt_text":"","src":"https:\/\/i0.wp.com\/img.youtube.com\/vi\/qLBARIAaBsI\/0.jpg?resize=350%2C200","width":350,"height":200},"classes":[]},{"id":45360,"url":"https:\/\/www.grieta.org.mx\/index.php\/2020\/02\/27\/no-estamos-peleando-la-suspension-provisional-del-tren-maya-sino-la-definitiva-cruz-rueda\/","url_meta":{"origin":51237,"position":2},"title":"&#8220;No estamos peleando la suspensi\u00f3n provisional del Tren Maya, sino la definitiva&#8221;: Cruz Rueda","author":"grieta","date":"27 febrero, 2020","format":false,"excerpt":"Impugnaci\u00f3n de Presidencia \"no nos quita el sue\u00f1o\" Abraham Bote \/Foto: Tomada de Twitter \/La Jornada Maya M\u00e9rida, Yucat\u00e1n Respecto a la impugnaci\u00f3n que realiz\u00f3 la Presidencia de la Rep\u00fablica y el apoderado de la Naci\u00f3n Financiera (Nafin), contra la suspensi\u00f3n provisional del proyecto de Tren Maya, la asesora jur\u00eddica\u2026","rel":"","context":"En &quot;16. Pueblo Maya&quot;","block_context":{"text":"16. Pueblo Maya","link":"https:\/\/www.grieta.org.mx\/index.php\/category\/espejos-de-la-resistencia\/16-pueblo-maya\/"},"img":{"alt_text":"","src":"https:\/\/i0.wp.com\/www.grieta.org.mx\/wp-content\/uploads\/2020\/02\/TrenMallaCampeche.png?resize=350%2C200&ssl=1","width":350,"height":200,"srcset":"https:\/\/i0.wp.com\/www.grieta.org.mx\/wp-content\/uploads\/2020\/02\/TrenMallaCampeche.png?resize=350%2C200&ssl=1 1x, https:\/\/i0.wp.com\/www.grieta.org.mx\/wp-content\/uploads\/2020\/02\/TrenMallaCampeche.png?resize=525%2C300&ssl=1 1.5x, https:\/\/i0.wp.com\/www.grieta.org.mx\/wp-content\/uploads\/2020\/02\/TrenMallaCampeche.png?resize=700%2C400&ssl=1 2x"},"classes":[]},{"id":56437,"url":"https:\/\/www.grieta.org.mx\/index.php\/2021\/01\/27\/demandan-a-fonatur-por-continuar-obras-del-tren-maya-en-campeche\/","url_meta":{"origin":51237,"position":3},"title":"Demandan a Fonatur por continuar obras del Tren Maya en Campeche","author":"grieta","date":"27 enero, 2021","format":false,"excerpt":"Jos\u00e9 Valencia \/ Por Esto! Ejidatarios de Xbacab presentaron una denuncia ante el Tribunal Agrario por el desacato en que ha incurrido el Fondo Nacional de Fomento al Turismo (Fonatur) al continuar con las obras del Tren Maya, que debieron haber sido detenidas desde d\u00edas pasados tras la suspensi\u00f3n que\u2026","rel":"","context":"En &quot;Campeche&quot;","block_context":{"text":"Campeche","link":"https:\/\/www.grieta.org.mx\/index.php\/category\/noticias-nacionales\/campeche\/"},"img":{"alt_text":"","src":"https:\/\/i0.wp.com\/www.grieta.org.mx\/wp-content\/uploads\/2021\/01\/DemandanFonaturTrenCampeche.png?resize=350%2C200&ssl=1","width":350,"height":200,"srcset":"https:\/\/i0.wp.com\/www.grieta.org.mx\/wp-content\/uploads\/2021\/01\/DemandanFonaturTrenCampeche.png?resize=350%2C200&ssl=1 1x, https:\/\/i0.wp.com\/www.grieta.org.mx\/wp-content\/uploads\/2021\/01\/DemandanFonaturTrenCampeche.png?resize=525%2C300&ssl=1 1.5x"},"classes":[]},{"id":48940,"url":"https:\/\/www.grieta.org.mx\/index.php\/2020\/05\/11\/interponen-queja-ante-la-cndh-contra-obras-del-tren-maya\/","url_meta":{"origin":51237,"position":4},"title":"Interponen queja ante la CNDH contra obras del Tren Maya","author":"grieta","date":"11 mayo, 2020","format":false,"excerpt":"Lilia Balam \/ Informe Fracto Colectivos ind\u00edgenas y organizaciones civiles argumentaron que continuar con la construcci\u00f3n del proyecto durante la pandemia vulnera los derechos de los pobladores de la regi\u00f3n. Colectivos ind\u00edgenas y organizaciones civiles de la Pen\u00ednsula de Yucat\u00e1n interpusieron una queja ante la Comisi\u00f3n Nacional de los Derechos\u2026","rel":"","context":"En &quot;Campeche&quot;","block_context":{"text":"Campeche","link":"https:\/\/www.grieta.org.mx\/index.php\/category\/noticias-nacionales\/campeche\/"},"img":{"alt_text":"","src":"https:\/\/i0.wp.com\/www.grieta.org.mx\/wp-content\/uploads\/2020\/05\/tren_maya.jpg1_-640x360-1-e1589284542406.jpg?resize=350%2C200&ssl=1","width":350,"height":200,"srcset":"https:\/\/i0.wp.com\/www.grieta.org.mx\/wp-content\/uploads\/2020\/05\/tren_maya.jpg1_-640x360-1-e1589284542406.jpg?resize=350%2C200&ssl=1 1x, https:\/\/i0.wp.com\/www.grieta.org.mx\/wp-content\/uploads\/2020\/05\/tren_maya.jpg1_-640x360-1-e1589284542406.jpg?resize=525%2C300&ssl=1 1.5x, https:\/\/i0.wp.com\/www.grieta.org.mx\/wp-content\/uploads\/2020\/05\/tren_maya.jpg1_-640x360-1-e1589284542406.jpg?resize=700%2C400&ssl=1 2x"},"classes":[]},{"id":49173,"url":"https:\/\/www.grieta.org.mx\/index.php\/2020\/05\/11\/suspenden-reubicacion-de-pobladores-de-campeche-por-el-tren-maya\/","url_meta":{"origin":51237,"position":5},"title":"Suspenden reubicaci\u00f3n de pobladores de Campeche por el Tren Maya","author":"grieta","date":"11 mayo, 2020","format":false,"excerpt":"Informe Fracto La medida es temporal y el pr\u00f3ximo 15 de junio el Juzgado Primero de Distrito de Campeche deber\u00e1 decidir si la mantiene. El proceso de reubicaci\u00f3n de pobladores de la ciudad de Campeche por el proyecto del Tren Maya ser\u00e1 suspendido durante la contingencia del COVID-19 (coronavirus), inform\u00f3\u2026","rel":"","context":"En &quot;Campeche&quot;","block_context":{"text":"Campeche","link":"https:\/\/www.grieta.org.mx\/index.php\/category\/noticias-nacionales\/campeche\/"},"img":{"alt_text":"","src":"https:\/\/i0.wp.com\/www.grieta.org.mx\/wp-content\/uploads\/2020\/05\/ruta-del-tren-maya-especial-1_0_21_677_421-e1589495660951.jpeg?resize=350%2C200&ssl=1","width":350,"height":200,"srcset":"https:\/\/i0.wp.com\/www.grieta.org.mx\/wp-content\/uploads\/2020\/05\/ruta-del-tren-maya-especial-1_0_21_677_421-e1589495660951.jpeg?resize=350%2C200&ssl=1 1x, https:\/\/i0.wp.com\/www.grieta.org.mx\/wp-content\/uploads\/2020\/05\/ruta-del-tren-maya-especial-1_0_21_677_421-e1589495660951.jpeg?resize=525%2C300&ssl=1 1.5x, https:\/\/i0.wp.com\/www.grieta.org.mx\/wp-content\/uploads\/2020\/05\/ruta-del-tren-maya-especial-1_0_21_677_421-e1589495660951.jpeg?resize=700%2C400&ssl=1 2x"},"classes":[]}],"_links":{"self":[{"href":"https:\/\/www.grieta.org.mx\/index.php\/wp-json\/wp\/v2\/posts\/51237","targetHints":{"allow":["GET"]}}],"collection":[{"href":"https:\/\/www.grieta.org.mx\/index.php\/wp-json\/wp\/v2\/posts"}],"about":[{"href":"https:\/\/www.grieta.org.mx\/index.php\/wp-json\/wp\/v2\/types\/post"}],"author":[{"embeddable":true,"href":"https:\/\/www.grieta.org.mx\/index.php\/wp-json\/wp\/v2\/users\/2"}],"replies":[{"embeddable":true,"href":"https:\/\/www.grieta.org.mx\/index.php\/wp-json\/wp\/v2\/comments?post=51237"}],"version-history":[{"count":1,"href":"https:\/\/www.grieta.org.mx\/index.php\/wp-json\/wp\/v2\/posts\/51237\/revisions"}],"predecessor-version":[{"id":51239,"href":"https:\/\/www.grieta.org.mx\/index.php\/wp-json\/wp\/v2\/posts\/51237\/revisions\/51239"}],"wp:featuredmedia":[{"embeddable":true,"href":"https:\/\/www.grieta.org.mx\/index.php\/wp-json\/wp\/v2\/media\/51238"}],"wp:attachment":[{"href":"https:\/\/www.grieta.org.mx\/index.php\/wp-json\/wp\/v2\/media?parent=51237"}],"wp:term":[{"taxonomy":"category","embeddable":true,"href":"https:\/\/www.grieta.org.mx\/index.php\/wp-json\/wp\/v2\/categories?post=51237"},{"taxonomy":"post_tag","embeddable":true,"href":"https:\/\/www.grieta.org.mx\/index.php\/wp-json\/wp\/v2\/tags?post=51237"}],"curies":[{"name":"wp","href":"https:\/\/api.w.org\/{rel}","templated":true}]}}