{"id":51223,"date":"2020-06-25T10:37:40","date_gmt":"2020-06-25T15:37:40","guid":{"rendered":"http:\/\/www.grieta.org.mx\/?p=51223"},"modified":"2020-06-26T10:40:35","modified_gmt":"2020-06-26T15:40:35","slug":"continuan-las-protestas-por-falta-de-quimioterapias-para-ninos-con-cancer-en-imss-de-sinaloa","status":"publish","type":"post","link":"https:\/\/www.grieta.org.mx\/index.php\/2020\/06\/25\/continuan-las-protestas-por-falta-de-quimioterapias-para-ninos-con-cancer-en-imss-de-sinaloa\/","title":{"rendered":"Contin\u00faan las protestas por falta de quimioterapias para ni\u00f1os con c\u00e1ncer en IMSS de Sinaloa"},"content":{"rendered":"<p><img loading=\"lazy\" decoding=\"async\" data-attachment-id=\"51224\" data-permalink=\"https:\/\/www.grieta.org.mx\/index.php\/2020\/06\/25\/continuan-las-protestas-por-falta-de-quimioterapias-para-ninos-con-cancer-en-imss-de-sinaloa\/sinaloa-5\/\" data-orig-file=\"https:\/\/www.grieta.org.mx\/wp-content\/uploads\/2020\/06\/Sinaloa-1.jpg\" data-orig-size=\"960,540\" data-comments-opened=\"0\" data-image-meta=\"{&quot;aperture&quot;:&quot;0&quot;,&quot;credit&quot;:&quot;&quot;,&quot;camera&quot;:&quot;&quot;,&quot;caption&quot;:&quot;&quot;,&quot;created_timestamp&quot;:&quot;0&quot;,&quot;copyright&quot;:&quot;&quot;,&quot;focal_length&quot;:&quot;0&quot;,&quot;iso&quot;:&quot;0&quot;,&quot;shutter_speed&quot;:&quot;0&quot;,&quot;title&quot;:&quot;&quot;,&quot;orientation&quot;:&quot;0&quot;}\" data-image-title=\"Sinaloa\" data-image-description=\"\" data-image-caption=\"\" data-medium-file=\"https:\/\/www.grieta.org.mx\/wp-content\/uploads\/2020\/06\/Sinaloa-1-300x169.jpg\" data-large-file=\"https:\/\/www.grieta.org.mx\/wp-content\/uploads\/2020\/06\/Sinaloa-1.jpg\" class=\"aligncenter size-full wp-image-51224\" src=\"http:\/\/www.grieta.org.mx\/wp-content\/uploads\/2020\/06\/Sinaloa-1.jpg\" alt=\"\" width=\"960\" height=\"540\" srcset=\"https:\/\/www.grieta.org.mx\/wp-content\/uploads\/2020\/06\/Sinaloa-1.jpg 960w, https:\/\/www.grieta.org.mx\/wp-content\/uploads\/2020\/06\/Sinaloa-1-300x169.jpg 300w, https:\/\/www.grieta.org.mx\/wp-content\/uploads\/2020\/06\/Sinaloa-1-768x432.jpg 768w, https:\/\/www.grieta.org.mx\/wp-content\/uploads\/2020\/06\/Sinaloa-1-889x500.jpg 889w\" sizes=\"auto, (max-width: 960px) 100vw, 960px\" \/><\/p>\n<p>Mar\u00eda Elizalde\/Debate<br \/>\nHace meses que no hay tratamientos completos de quimioterapia para lo ni\u00f1os y adolescentes que sufren de c\u00e1ncer y son tratados en el Hospital #1 del IMSS en Sinaloa.<\/p>\n<p>sta ma\u00f1ana padres de ni\u00f1os con c\u00e1ncer que son atendidos en el hospital regional n\u00famero 1 del IMSS estar\u00e1n manifest\u00e1ndose en la entrada a la delegaci\u00f3n exigiendo se les apliquen las quimioterapias.<\/p>\n<p>Los padres han se\u00f1alado qu\u00e9 desde enero hay pacientes qu\u00e9 no reciben los tratamientos completos <\/p>\n<p><a href=\"https:\/\/www.debate.com.mx\/culiacan\/Continuan-las-protestas-por-falta-de-quimioterapias-para-ninos-con-cancer-en-IMSS-de-Sinaloa-20200625-0071.html\">https:\/\/www.debate.com.mx\/culiacan\/Continuan-las-protestas-por-falta-de-quimioterapias-para-ninos-con-cancer-en-IMSS-de-Sinaloa-20200625-0071.html<\/a><\/p>\n","protected":false},"excerpt":{"rendered":"<p>Mar\u00eda Elizalde\/Debate Hace meses que no hay tratamientos completos de quimioterapia para lo ni\u00f1os y adolescentes que sufren de c\u00e1ncer y son tratados en el Hospital #1 del IMSS en &hellip; <a href=\"https:\/\/www.grieta.org.mx\/index.php\/2020\/06\/25\/continuan-las-protestas-por-falta-de-quimioterapias-para-ninos-con-cancer-en-imss-de-sinaloa\/\" class=\"more-link\">Leer m\u00e1s<\/a><\/p>\n","protected":false},"author":2,"featured_media":51224,"comment_status":"closed","ping_status":"closed","sticky":false,"template":"","format":"standard","meta":{"ngg_post_thumbnail":0,"_jetpack_newsletter_access":"","_jetpack_dont_email_post_to_subs":false,"_jetpack_newsletter_tier_id":0,"_jetpack_memberships_contains_paywalled_content":false,"_jetpack_memberships_contains_paid_content":false,"footnotes":""},"categories":[80,2420,30],"tags":[3133],"class_list":["post-51223","post","type-post","status-publish","format-standard","has-post-thumbnail","hentry","category-cintillo","category-crisis-del-sector-salud-en-sinaloa","category-sinaloa","tag-crisis-del-sector-salud","entry"],"jetpack_featured_media_url":"https:\/\/www.grieta.org.mx\/wp-content\/uploads\/2020\/06\/Sinaloa-1.jpg","jetpack_sharing_enabled":true,"jetpack_shortlink":"https:\/\/wp.me\/p7ZJR4-dkb","jetpack_likes_enabled":false,"jetpack-related-posts":[{"id":48243,"url":"https:\/\/www.grieta.org.mx\/index.php\/2020\/04\/20\/temen-padres-retroceso-en-tratamientos-a-ninos-con-cancer-por-desabasto-de-medicinas-colima\/","url_meta":{"origin":51223,"position":0},"title":"Temen padres retroceso en tratamientos a ni\u00f1os con c\u00e1ncer por desabasto de medicinas (Colima)","author":"grieta","date":"20 abril, 2020","format":false,"excerpt":"Foto: El Comentario Carlos A. Arevalo \/ El Comentario Debido al\u00a0desabasto de medicinas\u00a0para la atenci\u00f3n a\u00a0ni\u00f1os con c\u00e1ncer, en el\u00a0Instituto Estatal de Cancerolog\u00eda\u00a0(IEC), padres de los menores temen que sus hijos puedan tener un\u00a0retroceso en su tratamiento, advirtieron\u00a0familiares\u00a0de los\u00a0pacientes. Adem\u00e1s, \u201cel medicamento lo estamos comprando y es caro\u201d, dijo\u00a0Ver\u00f3nica Mendoza\u2026","rel":"","context":"En &quot;CINTILLO&quot;","block_context":{"text":"CINTILLO","link":"https:\/\/www.grieta.org.mx\/index.php\/category\/cintillo\/"},"img":{"alt_text":"","src":"https:\/\/i0.wp.com\/www.grieta.org.mx\/wp-content\/uploads\/2020\/04\/b961a278861b298363b98b44acef8563.jpg?resize=350%2C200&ssl=1","width":350,"height":200,"srcset":"https:\/\/i0.wp.com\/www.grieta.org.mx\/wp-content\/uploads\/2020\/04\/b961a278861b298363b98b44acef8563.jpg?resize=350%2C200&ssl=1 1x, https:\/\/i0.wp.com\/www.grieta.org.mx\/wp-content\/uploads\/2020\/04\/b961a278861b298363b98b44acef8563.jpg?resize=525%2C300&ssl=1 1.5x, https:\/\/i0.wp.com\/www.grieta.org.mx\/wp-content\/uploads\/2020\/04\/b961a278861b298363b98b44acef8563.jpg?resize=700%2C400&ssl=1 2x"},"classes":[]},{"id":41046,"url":"https:\/\/www.grieta.org.mx\/index.php\/2019\/11\/06\/denuncian-falta-de-aplicacion-de-quimioterapias-en-el-imss-colima\/","url_meta":{"origin":51223,"position":1},"title":"Denuncian falta de aplicaci\u00f3n de quimioterapias en el IMSS Colima","author":"grieta","date":"6 noviembre, 2019","format":false,"excerpt":"Foto Colima Noticias Juan Carlos Flores \/ Colima Noticias Colima, Col.- Derechohabientes del Instituto Mexicano del Seguro Social (Imss) denunciaron que no est\u00e1n aplicando quimioterapias a pacientes del Hospital de Colima. A trav\u00e9s de una denuncia presentada a este medio, la usuaria Ofis Valle se\u00f1al\u00f3 que su madre no ha\u2026","rel":"","context":"En &quot;CINTILLO&quot;","block_context":{"text":"CINTILLO","link":"https:\/\/www.grieta.org.mx\/index.php\/category\/cintillo\/"},"img":{"alt_text":"","src":"https:\/\/i0.wp.com\/www.grieta.org.mx\/wp-content\/uploads\/2019\/11\/imss-seguro-social-archivo-696x522.jpeg?resize=350%2C200&ssl=1","width":350,"height":200,"srcset":"https:\/\/i0.wp.com\/www.grieta.org.mx\/wp-content\/uploads\/2019\/11\/imss-seguro-social-archivo-696x522.jpeg?resize=350%2C200&ssl=1 1x, https:\/\/i0.wp.com\/www.grieta.org.mx\/wp-content\/uploads\/2019\/11\/imss-seguro-social-archivo-696x522.jpeg?resize=525%2C300&ssl=1 1.5x"},"classes":[]},{"id":35033,"url":"https:\/\/www.grieta.org.mx\/index.php\/2019\/06\/18\/exigen-a-amlo-no-quitar-hemodialisis-del-imss-sinaloa\/","url_meta":{"origin":51223,"position":2},"title":"Exigen a AMLO no quitar hemodi\u00e1lisis del IMSS (Sinaloa)","author":"grieta","date":"18 junio, 2019","format":false,"excerpt":"Derechohabientes del IMSS se manifiestan en las afueras del instituto para exigir que el presidente de la Rep\u00fablica, Andr\u00e9s Manuel L\u00f3pez Obrador, no les quite el recurso al \u00e1rea de la salud Blanca Regalado \/ El Debate Mazatl\u00e1n, Sinaloa.- Concepci\u00f3n Becerra, llorando le exige al presidente la rep\u00fablica, Andr\u00e9s Manuel\u2026","rel":"","context":"En &quot;CINTILLO&quot;","block_context":{"text":"CINTILLO","link":"https:\/\/www.grieta.org.mx\/index.php\/category\/cintillo\/"},"img":{"alt_text":"","src":"https:\/\/i0.wp.com\/www.grieta.org.mx\/wp-content\/uploads\/2019\/06\/f1d24030-3ef8-49f3-877e-2e0ec974bfe0_crop1560876923444.jpg_1727466156.jpg?resize=350%2C200&ssl=1","width":350,"height":200,"srcset":"https:\/\/i0.wp.com\/www.grieta.org.mx\/wp-content\/uploads\/2019\/06\/f1d24030-3ef8-49f3-877e-2e0ec974bfe0_crop1560876923444.jpg_1727466156.jpg?resize=350%2C200&ssl=1 1x, https:\/\/i0.wp.com\/www.grieta.org.mx\/wp-content\/uploads\/2019\/06\/f1d24030-3ef8-49f3-877e-2e0ec974bfe0_crop1560876923444.jpg_1727466156.jpg?resize=525%2C300&ssl=1 1.5x, https:\/\/i0.wp.com\/www.grieta.org.mx\/wp-content\/uploads\/2019\/06\/f1d24030-3ef8-49f3-877e-2e0ec974bfe0_crop1560876923444.jpg_1727466156.jpg?resize=700%2C400&ssl=1 2x"},"classes":[]},{"id":39084,"url":"https:\/\/www.grieta.org.mx\/index.php\/2019\/09\/06\/derechohabientes-reclaman-servicio-y-medicinas-en-imss-san-blas-sinaloa\/","url_meta":{"origin":51223,"position":3},"title":"Derechohabientes reclaman servicio y medicinas en IMSS San Blas (Sinaloa)","author":"grieta","date":"6 septiembre, 2019","format":false,"excerpt":"Foto: El Debate Los inconformes acudieron a las instalaciones de la cl\u00ednica para impedir cualquier actividad al personal m\u00e9dico y administrativo Mar\u00eda de Jes\u00fas Estrada \/ El Debate El Fuerte, Sinaloa.- Un grupo de derechohabientes de la cl\u00ednica del Instituto Mexicano del Seguro Social (IMSS) de la poblaci\u00f3n de San\u2026","rel":"","context":"En &quot;CINTILLO&quot;","block_context":{"text":"CINTILLO","link":"https:\/\/www.grieta.org.mx\/index.php\/category\/cintillo\/"},"img":{"alt_text":"","src":"https:\/\/i0.wp.com\/www.grieta.org.mx\/wp-content\/uploads\/2019\/09\/clina_imss_san_blas.jpg_219914347.jpg?resize=350%2C200&ssl=1","width":350,"height":200,"srcset":"https:\/\/i0.wp.com\/www.grieta.org.mx\/wp-content\/uploads\/2019\/09\/clina_imss_san_blas.jpg_219914347.jpg?resize=350%2C200&ssl=1 1x, https:\/\/i0.wp.com\/www.grieta.org.mx\/wp-content\/uploads\/2019\/09\/clina_imss_san_blas.jpg_219914347.jpg?resize=525%2C300&ssl=1 1.5x, https:\/\/i0.wp.com\/www.grieta.org.mx\/wp-content\/uploads\/2019\/09\/clina_imss_san_blas.jpg_219914347.jpg?resize=700%2C400&ssl=1 2x"},"classes":[]},{"id":38164,"url":"https:\/\/www.grieta.org.mx\/index.php\/2019\/08\/20\/protestan-por-falta-de-especialista-en-la-clinica-1-del-imss-culiacan-sinaloa\/","url_meta":{"origin":51223,"position":4},"title":"Protestan por falta de especialista en la Cl\u00ednica 1 del IMSS Culiac\u00e1n (Sinaloa)","author":"grieta","date":"20 agosto, 2019","format":false,"excerpt":"Foto: Luis Gerardo Maga\u00f1a\/ El Debate Pacientes del especialista en reumatolog\u00eda protestaron luego de que este faltara el d\u00eda de hoy por enfermedad y que no les dieran respuesta Angelina Corral \/ El Debate Culiac\u00e1n, Sinaloa.- Derechohabientes del IMSS tronaron contra el director del Hospital Regional N\u00famero 1 (seguro viejo)\u2026","rel":"","context":"En &quot;CINTILLO&quot;","block_context":{"text":"CINTILLO","link":"https:\/\/www.grieta.org.mx\/index.php\/category\/cintillo\/"},"img":{"alt_text":"","src":"https:\/\/i0.wp.com\/www.grieta.org.mx\/wp-content\/uploads\/2019\/08\/protestan_por_falta_de_especialista_en_la_clxnica_1_del_imss_culiacxn_x3x.jpeg_219914347.jpeg?resize=350%2C200&ssl=1","width":350,"height":200,"srcset":"https:\/\/i0.wp.com\/www.grieta.org.mx\/wp-content\/uploads\/2019\/08\/protestan_por_falta_de_especialista_en_la_clxnica_1_del_imss_culiacxn_x3x.jpeg_219914347.jpeg?resize=350%2C200&ssl=1 1x, https:\/\/i0.wp.com\/www.grieta.org.mx\/wp-content\/uploads\/2019\/08\/protestan_por_falta_de_especialista_en_la_clxnica_1_del_imss_culiacxn_x3x.jpeg_219914347.jpeg?resize=525%2C300&ssl=1 1.5x, https:\/\/i0.wp.com\/www.grieta.org.mx\/wp-content\/uploads\/2019\/08\/protestan_por_falta_de_especialista_en_la_clxnica_1_del_imss_culiacxn_x3x.jpeg_219914347.jpeg?resize=700%2C400&ssl=1 2x"},"classes":[]},{"id":43686,"url":"https:\/\/www.grieta.org.mx\/index.php\/2020\/01\/24\/tras-protesta-de-padres-de-ninos-con-cancer-logran-acuerdo-firmado-para-evitar-escasez-de-medicinas-ciudad-de-mexico\/","url_meta":{"origin":51223,"position":5},"title":"Tras protesta de padres de ni\u00f1os con c\u00e1ncer, logran acuerdo firmado para evitar  escasez de medicinas (Ciudad de M\u00e9xico)","author":"grieta","date":"24 enero, 2020","format":false,"excerpt":"Padres de ni\u00f1os con c\u00e1ncer muestran los acuerdos con autoridades del Hospital General la Raza para evitar escasez de medicamentos oncol\u00f3gicos (Foto: Mariluz Rold\u00e1n) Mariluz Rold\u00e1n \/ La Silla Rota Una comisi\u00f3n de padres de menores ingres\u00f3 al Hospital General La Raza para dialogar con autoridades sobre la falta de\u2026","rel":"","context":"En &quot;CINTILLO&quot;","block_context":{"text":"CINTILLO","link":"https:\/\/www.grieta.org.mx\/index.php\/category\/cintillo\/"},"img":{"alt_text":"","src":"https:\/\/i0.wp.com\/www.grieta.org.mx\/wp-content\/uploads\/2020\/01\/Tras-protesta-de-padres-de-ni%C3%B1os-cdmx-ene.jpg?resize=350%2C200","width":350,"height":200},"classes":[]}],"_links":{"self":[{"href":"https:\/\/www.grieta.org.mx\/index.php\/wp-json\/wp\/v2\/posts\/51223","targetHints":{"allow":["GET"]}}],"collection":[{"href":"https:\/\/www.grieta.org.mx\/index.php\/wp-json\/wp\/v2\/posts"}],"about":[{"href":"https:\/\/www.grieta.org.mx\/index.php\/wp-json\/wp\/v2\/types\/post"}],"author":[{"embeddable":true,"href":"https:\/\/www.grieta.org.mx\/index.php\/wp-json\/wp\/v2\/users\/2"}],"replies":[{"embeddable":true,"href":"https:\/\/www.grieta.org.mx\/index.php\/wp-json\/wp\/v2\/comments?post=51223"}],"version-history":[{"count":1,"href":"https:\/\/www.grieta.org.mx\/index.php\/wp-json\/wp\/v2\/posts\/51223\/revisions"}],"predecessor-version":[{"id":51225,"href":"https:\/\/www.grieta.org.mx\/index.php\/wp-json\/wp\/v2\/posts\/51223\/revisions\/51225"}],"wp:featuredmedia":[{"embeddable":true,"href":"https:\/\/www.grieta.org.mx\/index.php\/wp-json\/wp\/v2\/media\/51224"}],"wp:attachment":[{"href":"https:\/\/www.grieta.org.mx\/index.php\/wp-json\/wp\/v2\/media?parent=51223"}],"wp:term":[{"taxonomy":"category","embeddable":true,"href":"https:\/\/www.grieta.org.mx\/index.php\/wp-json\/wp\/v2\/categories?post=51223"},{"taxonomy":"post_tag","embeddable":true,"href":"https:\/\/www.grieta.org.mx\/index.php\/wp-json\/wp\/v2\/tags?post=51223"}],"curies":[{"name":"wp","href":"https:\/\/api.w.org\/{rel}","templated":true}]}}