{"id":51211,"date":"2020-06-25T16:55:16","date_gmt":"2020-06-25T21:55:16","guid":{"rendered":"http:\/\/www.grieta.org.mx\/?p=51211"},"modified":"2020-07-12T18:09:43","modified_gmt":"2020-07-12T23:09:43","slug":"san-mateo-del-mar-nos-quieren-matar-y-ponerle-precio-a-la-tierra-oaxaca","status":"publish","type":"post","link":"https:\/\/www.grieta.org.mx\/index.php\/2020\/06\/25\/san-mateo-del-mar-nos-quieren-matar-y-ponerle-precio-a-la-tierra-oaxaca\/","title":{"rendered":"San Mateo del Mar: \u201cnos quieren matar y ponerle precio a la tierra\u201d (Oaxaca)"},"content":{"rendered":"<p>Pie de P\u00e1gina \/ Texto: Daniela Rea<\/p>\n<p><img loading=\"lazy\" decoding=\"async\" data-attachment-id=\"51212\" data-permalink=\"https:\/\/www.grieta.org.mx\/index.php\/2020\/06\/25\/san-mateo-del-mar-nos-quieren-matar-y-ponerle-precio-a-la-tierra-oaxaca\/san_mateo_delmar_especial\/\" data-orig-file=\"https:\/\/www.grieta.org.mx\/wp-content\/uploads\/2020\/06\/San_Mateo_delmar_especial.jpg\" data-orig-size=\"850,531\" data-comments-opened=\"0\" data-image-meta=\"{&quot;aperture&quot;:&quot;0&quot;,&quot;credit&quot;:&quot;&quot;,&quot;camera&quot;:&quot;&quot;,&quot;caption&quot;:&quot;&quot;,&quot;created_timestamp&quot;:&quot;0&quot;,&quot;copyright&quot;:&quot;&quot;,&quot;focal_length&quot;:&quot;0&quot;,&quot;iso&quot;:&quot;0&quot;,&quot;shutter_speed&quot;:&quot;0&quot;,&quot;title&quot;:&quot;&quot;,&quot;orientation&quot;:&quot;1&quot;}\" data-image-title=\"San_Mateo_delmar_especial\" data-image-description=\"\" data-image-caption=\"\" data-medium-file=\"https:\/\/www.grieta.org.mx\/wp-content\/uploads\/2020\/06\/San_Mateo_delmar_especial-300x187.jpg\" data-large-file=\"https:\/\/www.grieta.org.mx\/wp-content\/uploads\/2020\/06\/San_Mateo_delmar_especial.jpg\" class=\"aligncenter wp-image-51212\" src=\"http:\/\/www.grieta.org.mx\/wp-content\/uploads\/2020\/06\/San_Mateo_delmar_especial.jpg\" alt=\"\" width=\"800\" height=\"500\" srcset=\"https:\/\/www.grieta.org.mx\/wp-content\/uploads\/2020\/06\/San_Mateo_delmar_especial.jpg 850w, https:\/\/www.grieta.org.mx\/wp-content\/uploads\/2020\/06\/San_Mateo_delmar_especial-300x187.jpg 300w, https:\/\/www.grieta.org.mx\/wp-content\/uploads\/2020\/06\/San_Mateo_delmar_especial-768x480.jpg 768w, https:\/\/www.grieta.org.mx\/wp-content\/uploads\/2020\/06\/San_Mateo_delmar_especial-800x500.jpg 800w\" sizes=\"auto, (max-width: 800px) 100vw, 800px\" \/><br \/>\nFotos: Especial<\/p>\n<p>Los habitantes de San Mateo del Mar amanecen, despu\u00e9s de la masacre de 15 habitantes, con un sentimiento de tristeza y de temor. Y con un reclamo a la autoridad: nos dejaron solos.<\/p>\n<p>Una de las habitantes de esta comunidad, que ha sido parte de la defensa del territorio pero pide omitir su nombre por temor, dice: \u201cDurante m\u00e1s de un mes buscamos el di\u00e1logo, pedimos ayuda para intervenir y resolver, pero el gobierno no escuch\u00f3, no resolvi\u00f3 nada\u201d.<\/p>\n<p>Un mes despu\u00e9s del asesinato de Filem\u00f3n Villalobos sucedido el 3 de mayo, dice la mujer, lleg\u00f3 la Fiscal\u00eda para investigar. Y el d\u00eda del ataque, agrega, \u201cestaba guardia nacional para garantizar la seguridad y no intervino, se fue\u201d.<\/p>\n<p>\u201cYo pienso que est\u00e1 de por medio el corredor interoce\u00e1nico y los e\u00f3licos. Le conviene este tipo de problemas en las comunidades ind\u00edgenas, fracturan a las comunidades porque quieren instalar sus cosas. Y es que hist\u00f3ricamente la poblaci\u00f3n ikoots se ha opuesto al proyecto e\u00f3lico\u201d, agrega.<\/p>\n<p>\u201cF\u00edjate en el mapa donde estamos ubicados\u201d, dice la mujer en llamada telef\u00f3nica. \u201cEn el mapa aparece un franja, la barra de Santa Teresa, en el lugar quieren poner 133 aerogeneradores, pero aqu\u00ed la gente vive de la pesca. Nos quieren matar y ponerle precio a la tierra, el agua. Para nosotros es sagrado, para ellos es dinero\u201d, dice.<\/p>\n<p>San Mateo del Mar es una comunidad instalada en la costa del Pac\u00edfico oaxaque\u00f1o. Al oeste tiene a Salina Cruz, su puerto y refiner\u00eda; al este, Santa Mar\u00eda del Mar, con quien tiene conflicto. Hacia el norte y al sur colinda con el mar. Sus veloces vientos son un atractivo para las empresas e\u00f3licas.<\/p>\n<p>En este municipio, seg\u00fan Coneval, 9 de cada 10 personas viven en pobreza, seg\u00fan Coneval.<br \/>\nUna propuesta que fractur\u00f3 el territorio<\/p>\n<p>Entre 2006 y 2007 empresas e\u00f3licas propusieron instalar 102 aerogenradores en la barra de Santa Teresa, seg\u00fan relata el periodista Julio Gonz\u00e1lez en este podcast de As\u00ed como suena.<\/p>\n<p>Los Ikoots dijeron que no. Pero la propuesta modific\u00f3 la relaci\u00f3n cordial que hab\u00eda entre los vecinos.<\/p>\n<p>En total las empresas e\u00f3licas han invertido 6 mil 632 millones de d\u00f3lares en Oaxaca. Para mitigar el impacto, se comprometieron a monitorear el da\u00f1o; en el territorio los pescadores dicen que el zumbido de ventiladores y el ruido ahuyenta a los peces.<\/p>\n<p>Luego de las e\u00f3licas a San Mateo del Mar llegaron los sismos de 2017 y 2018. Cientos de casas afectadas que precarizaron la vida en la regi\u00f3n.<\/p>\n<p>Y posteriormente, Andr\u00e9s Manuel L\u00f3pez Obrador anunci\u00f3 el \u201cProyecto de Desarrollo del Istmo\u201d en abril del 2019, que inclu\u00eda la construcci\u00f3n de un tren trans\u00edstmico. La propuesta de ese tren alert\u00f3 a las comunidades. En defensa del territorio y habitantes de San Mateo del Mar y otras comunidades, han rechazado el proyecto.<\/p>\n<p>El martes 23 de junio, durante la conferencia ma\u00f1anera, L\u00f3pez Obrador fue cuestionado respecto a la masacre y respondi\u00f3: \u201cEs una confrontaci\u00f3n por el gobierno municipal, por un lado son pobladores de la cabecera municipal y pobladores de comunidades, suele pasar que en los Ayuntamientos cuando hay elecciones y queda de presidente municipal alguien de la cabecera municipal, hay el malestar de las comunidades porque se sostiene que lo que llega de apoyo en obras o presupuesto s\u00f3lo se aplica en la cabecera y no se distribuye en las agencias\u201d, refiri\u00f3.<br \/>\nConflicto, desde una d\u00e9cada atr\u00e1s<\/p>\n<p>La mujer que trabaja en defensa del territorio en San Mateo del Mar y que vive en la comunidad de Huazantl\u00e1n, donde fue la masacre, dice desde el 2005 \u201cyo empec\u00e9 a escuchar de la instalaci\u00f3n de los aerogeneradores en la comunidad, pero la gente no ha querido, por las afectaciones en la poblaci\u00f3n y en la pesca\u201d.<\/p>\n<p>Luego, dice que desde hace 3 trienios comenz\u00f3 la imposici\u00f3n de autoridades comunitarias bajo votaciones y compra de votos.<\/p>\n<p>\u201cHan intentado entrar en las asambleas comunitarias, desde hace unos a\u00f1os con los presidentes municipales. Han encontrado la forma de dividir a la comunidad\u201d.<\/p>\n<p>En agosto del 2019, integrantes del Espacio de Encuentro de las Culturas Originarias de San Mateo del Mar, un espacio que naci\u00f3 despu\u00e9s de los sismos de 2017, denunciaron que sus instalaciones fueron incendiadas por personas desconocidas.<\/p>\n<p>\u201cCon la quema del centro comunitario destruyeron un espacio de aprendizaje, de intercambio de saberes, de construcci\u00f3n de sue\u00f1os colectivos y encuentros, sobre todo de mujeres y poblaci\u00f3n infantil. Quisieron quitarle a la gente la posibilidad de tener un lugar digno para su autodesarrollo, pero queremos decirles que las llamas no nos arrancar\u00e1n la esperanza, el compromiso, el esfuerzo, apoyo y amor, y caminaremos para el resurgimiento del centro comunitario ikoots. Lo volveremos a levantar\u201d, denunciaron en su momento.<\/p>\n<p>\u201cEl trienio pasado el que estaba de presidente municipal cambi\u00f3 el estatuto para el nombramiento de las autoridades municipales. Ahora sin respetar el sistema normativo de los pueblos ind\u00edgenas se empez\u00f3 a escuchar de un tal asesor y constructor que llegaba apoyando a la comunidad, a las escuelas , a las autoridades, pero muchos dec\u00edan que solo para ganarse al pueblo\u201d, dice la mujer.<\/p>\n<p>\u201cEn el trienio pasado el presidente era Gelasio Hidalgo y el asesor era un empresario constructor que para nosotros se le conoce como mol, el extranjero\u201d, agrega.<br \/>\nEl ataque<\/p>\n<p>El domingo, en Huazantl\u00e1n, se celebraba una asamblea a la que lleg\u00f3 la Guardia Nacional, en respuesta de la llamada de la gente. Los habitantes dicen que cuando comenz\u00f3 el ataque la Guardia Nacional se fue.<\/p>\n<p>\u201cDesde el pasado 3 de mayo unas camionetas con gente armada lleg\u00f3 a Huazantl\u00e1mn para disparar a los que estaban en el ret\u00e9n de la poblaci\u00f3n, quemaron casas. Hubo muchos heridos y un muerto en la madrugada del 3. La gente armada se qued\u00f3 en la agencia desde entonces.<\/p>\n<p>\u201cDesde ese d\u00eda se instalaron en la agencia protestando por sus derechos pero esta gente tom\u00f3 la agencia, gente de fuera y unos de la poblaci\u00f3n. M\u00e1s de mes se quedaron en la agencia armados. Mucho dec\u00edan que les pagan por estar en la agencia $500 el d\u00eda. Utilizaron a la gente como carne del ca\u00f1\u00f3n por su necesidad la gente se prest\u00f3\u201d, explica la mujer, que estaba ese d\u00eda en Huazantl\u00e1n.<\/p>\n<p>-\u00bfPudieron ver qui\u00e9nes dispararon?<\/p>\n<p>-Quienes dispararon fueron algunos que estaban en la agencia, otros de afuera que llegaron ese d\u00eda.<\/p>\n<p>-\u00bfY se sabe qui\u00e9nes son los muertos?<\/p>\n<p>\u2013 Varios de los que estaban en la agencia y otros de las colonias.<\/p>\n<p>La tarde del martes los muertos de San Mateo del Mar ya hab\u00edan sido sepultados.<\/p>\n<p>\u201cPerdimos a familiares. Lo que les hicieron es\u2026 No estamos en condiciones de hablar. No podemos hablar ahorita. Necesitamos un poco de tiempo y que el coraz\u00f3n y la mente respondan bien\u201d, dijo por tel\u00e9fono otra mujer cuyo, primo fue asesinado.<\/p>\n<p><a href=\"https:\/\/piedepagina.mx\/san-mateo-del-mar-nos-quieren-matar-y-ponerle-precio-a-la-tierra\/?fbclid=IwAR14SnKKKdUmWuKFV_dqMmiSyUUQyxLxyUKvOV0vcc4JevnKMp7vcPyNoD4\" target=\"_blank\" rel=\"noopener noreferrer\">https:\/\/piedepagina.mx\/san-mateo-del-mar-nos-quieren-matar-y-ponerle-precio-a-la-tierra\/?fbclid=IwAR14SnKKKdUmWuKFV_dqMmiSyUUQyxLxyUKvOV0vcc4JevnKMp7vcPyNoD4<\/a><\/p>\n","protected":false},"excerpt":{"rendered":"<p>Pie de P\u00e1gina \/ Texto: Daniela Rea Fotos: Especial Los habitantes de San Mateo del Mar amanecen, despu\u00e9s de la masacre de 15 habitantes, con un sentimiento de tristeza y &hellip; <a href=\"https:\/\/www.grieta.org.mx\/index.php\/2020\/06\/25\/san-mateo-del-mar-nos-quieren-matar-y-ponerle-precio-a-la-tierra-oaxaca\/\" class=\"more-link\">Leer m\u00e1s<\/a><\/p>\n","protected":false},"author":2,"featured_media":51212,"comment_status":"closed","ping_status":"closed","sticky":false,"template":"","format":"standard","meta":{"ngg_post_thumbnail":0,"_jetpack_newsletter_access":"","_jetpack_dont_email_post_to_subs":false,"_jetpack_newsletter_tier_id":0,"_jetpack_memberships_contains_paywalled_content":false,"_jetpack_memberships_contains_paid_content":false,"footnotes":""},"categories":[80,1708,3262,1705,2,25,1496,2909],"tags":[],"class_list":["post-51211","post","type-post","status-publish","format-standard","has-post-thumbnail","hentry","category-cintillo","category-corredor-del-istmo-de-tehuantepec","category-crisis-covid-19-en-oaxaca","category-el-camino-del-cin-cig-en-oaxaca","category-noticias-nacionales","category-oaxaca","category-represion-en-oaxaca","category-resistencias-y-rebeldias-en-oaxaca","entry"],"jetpack_featured_media_url":"https:\/\/www.grieta.org.mx\/wp-content\/uploads\/2020\/06\/San_Mateo_delmar_especial.jpg","jetpack_sharing_enabled":true,"jetpack_shortlink":"https:\/\/wp.me\/p7ZJR4-djZ","jetpack_likes_enabled":false,"jetpack-related-posts":[{"id":48547,"url":"https:\/\/www.grieta.org.mx\/index.php\/2020\/05\/03\/mediante-un-comunicado-urgente-autoridaes-de-la-agencia-municipal-de-huazantlan-del-rio-municipio-de-san-mateo-del-mar-oaxaca-denuncian-ataque-armado-y-barbarie-en-dicha-comunidad-y-responsabiliza\/","url_meta":{"origin":51211,"position":0},"title":"En comunicado URGENTE, autoridades de Huazantl\u00e1n del R\u00edo, Municipio de San Mateo del Mar, denuncian ataque armado y barbarie; responsabilizan al Presidente Municipal (Oaxaca)","author":"grieta","date":"3 mayo, 2020","format":false,"excerpt":"Colectivo Grieta. En comunicado URGENTE dirigido a la opini\u00f3n p\u00fablica, a los medios de comunicaci\u00f3n, a los organismos de defensa de los derechos humanos, al presidente de M\u00e9xico y al gobernador del Estado de Oaxaca, con fecha 3 de mayo de 2020, comunidades y autoridades comunitarias del pueblo Ikoots de\u2026","rel":"","context":"En &quot;CINTILLO&quot;","block_context":{"text":"CINTILLO","link":"https:\/\/www.grieta.org.mx\/index.php\/category\/cintillo\/"},"img":{"alt_text":"","src":"https:\/\/i0.wp.com\/www.grieta.org.mx\/wp-content\/uploads\/2018\/03\/14524434_1106112876131411_958039263622046936_o.jpg?resize=350%2C200&ssl=1","width":350,"height":200,"srcset":"https:\/\/i0.wp.com\/www.grieta.org.mx\/wp-content\/uploads\/2018\/03\/14524434_1106112876131411_958039263622046936_o.jpg?resize=350%2C200&ssl=1 1x, https:\/\/i0.wp.com\/www.grieta.org.mx\/wp-content\/uploads\/2018\/03\/14524434_1106112876131411_958039263622046936_o.jpg?resize=525%2C300&ssl=1 1.5x, https:\/\/i0.wp.com\/www.grieta.org.mx\/wp-content\/uploads\/2018\/03\/14524434_1106112876131411_958039263622046936_o.jpg?resize=700%2C400&ssl=1 2x"},"classes":[]},{"id":59521,"url":"https:\/\/www.grieta.org.mx\/index.php\/2021\/05\/23\/ikoots-de-san-dionisio-y-san-mateo-del-mar-no-permitiran-instalacion-de-casillas-electorales-oaxaca\/","url_meta":{"origin":51211,"position":1},"title":"Ikoots de San Dionisio y San Mateo del Mar no permitir\u00e1n instalaci\u00f3n de casillas electorales (Oaxaca)","author":"grieta","date":"23 mayo, 2021","format":false,"excerpt":"La coperacha \/ Redacci\u00f3n. Foto: NVINoticias Los pueblos mare\u00f1os exigen justicia ante ataques que derivaron en muertes y heridos. En Oaxaca, pueblos ikoots de San Dionisio del Mar y de San Mateo del Mar, mantienen la postura de no permitir la instalaci\u00f3n de casillas electorales ni la entrada de partidos\u2026","rel":"","context":"En &quot;CINTILLO&quot;","block_context":{"text":"CINTILLO","link":"https:\/\/www.grieta.org.mx\/index.php\/category\/cintillo\/"},"img":{"alt_text":"","src":"https:\/\/i0.wp.com\/www.grieta.org.mx\/wp-content\/uploads\/2021\/05\/Z.jpg?resize=350%2C200&ssl=1","width":350,"height":200,"srcset":"https:\/\/i0.wp.com\/www.grieta.org.mx\/wp-content\/uploads\/2021\/05\/Z.jpg?resize=350%2C200&ssl=1 1x, https:\/\/i0.wp.com\/www.grieta.org.mx\/wp-content\/uploads\/2021\/05\/Z.jpg?resize=525%2C300&ssl=1 1.5x, https:\/\/i0.wp.com\/www.grieta.org.mx\/wp-content\/uploads\/2021\/05\/Z.jpg?resize=700%2C400&ssl=1 2x"},"classes":[]},{"id":60264,"url":"https:\/\/www.grieta.org.mx\/index.php\/2021\/07\/05\/oaxaca-alerta-maxima-en-la-comunidad-del-el-rebollero-por-descenso-de-helicoptero-oaxaca\/","url_meta":{"origin":51211,"position":2},"title":"Oaxaca: Alerta m\u00e1xima en la comunidad del El Rebollero por descenso de helic\u00f3ptero","author":"grieta","date":"5 julio, 2021","format":false,"excerpt":"Avispa Midia \/ \u00d1an\u00ed Pinto. Foto de archivo, barricada cultural de El Rebollero. Por Santiago Navarro F. Habitantes de la comunidad de El Rebollero y R\u00edo Minas, del municipio de San Pablo Cuatro Venados, Oaxaca, se han puesto en alerta por el sobrevuelo de un helic\u00f3ptero en su territorio, que\u2026","rel":"","context":"En &quot;CINTILLO&quot;","block_context":{"text":"CINTILLO","link":"https:\/\/www.grieta.org.mx\/index.php\/category\/cintillo\/"},"img":{"alt_text":"","src":"https:\/\/i0.wp.com\/www.grieta.org.mx\/wp-content\/uploads\/2021\/07\/R1.jpg?resize=350%2C200&ssl=1","width":350,"height":200,"srcset":"https:\/\/i0.wp.com\/www.grieta.org.mx\/wp-content\/uploads\/2021\/07\/R1.jpg?resize=350%2C200&ssl=1 1x, https:\/\/i0.wp.com\/www.grieta.org.mx\/wp-content\/uploads\/2021\/07\/R1.jpg?resize=525%2C300&ssl=1 1.5x, https:\/\/i0.wp.com\/www.grieta.org.mx\/wp-content\/uploads\/2021\/07\/R1.jpg?resize=700%2C400&ssl=1 2x"},"classes":[]},{"id":51110,"url":"https:\/\/www.grieta.org.mx\/index.php\/2020\/06\/21\/la-union-de-agencias-y-comunidades-indigenas-ikoots-hace-un-llamando-a-la-accion-urgente-para-exigir-que-paren-las-agresiones-en-contra-de-los-pueblos-del-san-mateo-del-mar-oaxaca\/","url_meta":{"origin":51211,"position":3},"title":"La Uni\u00f3n de Agencias y Comunidades Ind\u00edgenas Ikoots hace un llamando a la ACCI\u00d3N URGENTE para exigir que paren las agresiones contra los pueblos del San Mateo del Mar (Oaxaca)","author":"grieta","date":"21 junio, 2020","format":false,"excerpt":"Colectivo Grieta, Las autoridades Ikoots (Huaves), reportan un nuevo ataque: personas heridas por armas de fuego y alertan nuevamente del clima de violencia en San Mateo del Mar, Oaxaca El 3 de mayo pasado, las autoridades comunitarias del municipio de San Mateo del Mar, Tehuantepec: de Barrio Nuevo; Barrio Espinal;\u2026","rel":"","context":"En &quot;CINTILLO&quot;","block_context":{"text":"CINTILLO","link":"https:\/\/www.grieta.org.mx\/index.php\/category\/cintillo\/"},"img":{"alt_text":"","src":"https:\/\/i0.wp.com\/www.grieta.org.mx\/wp-content\/uploads\/2018\/03\/14524434_1106112876131411_958039263622046936_o.jpg?resize=350%2C200&ssl=1","width":350,"height":200,"srcset":"https:\/\/i0.wp.com\/www.grieta.org.mx\/wp-content\/uploads\/2018\/03\/14524434_1106112876131411_958039263622046936_o.jpg?resize=350%2C200&ssl=1 1x, https:\/\/i0.wp.com\/www.grieta.org.mx\/wp-content\/uploads\/2018\/03\/14524434_1106112876131411_958039263622046936_o.jpg?resize=525%2C300&ssl=1 1.5x, https:\/\/i0.wp.com\/www.grieta.org.mx\/wp-content\/uploads\/2018\/03\/14524434_1106112876131411_958039263622046936_o.jpg?resize=700%2C400&ssl=1 2x"},"classes":[]},{"id":51991,"url":"https:\/\/www.grieta.org.mx\/index.php\/2020\/07\/21\/nos-quieren-asesinar-para-no-dejar-ni-un-testigo-familiares-de-masacrados-en-san-mateo-del-mar-oaxaca\/","url_meta":{"origin":51211,"position":4},"title":"\u201cNos quieren asesinar para no dejar ni un testigo\u201d: familiares de masacrados en San Mateo del Mar (Oaxaca)","author":"grieta","date":"21 julio, 2020","format":false,"excerpt":"Proceso \/ Pedro Mat\u00edas. El gobierno de Oaxaca despleg\u00f3 personal policiaco tras los hechos ocurridos en San Mateo del Mar. Foto: Twitter @SSP_GobOax OAXACA, Oax. (apro).- A un mes de la masacre de 15 ind\u00edgenas Ikoots en Huazantl\u00e1n del R\u00edo, no hay justicia y los asesinos andan libres. \u201c\u00bfQu\u00e9 es\u2026","rel":"","context":"En &quot;CINTILLO&quot;","block_context":{"text":"CINTILLO","link":"https:\/\/www.grieta.org.mx\/index.php\/category\/cintillo\/"},"img":{"alt_text":"","src":"https:\/\/i0.wp.com\/www.grieta.org.mx\/wp-content\/uploads\/2020\/07\/a.jpg?resize=350%2C200&ssl=1","width":350,"height":200,"srcset":"https:\/\/i0.wp.com\/www.grieta.org.mx\/wp-content\/uploads\/2020\/07\/a.jpg?resize=350%2C200&ssl=1 1x, https:\/\/i0.wp.com\/www.grieta.org.mx\/wp-content\/uploads\/2020\/07\/a.jpg?resize=525%2C300&ssl=1 1.5x, https:\/\/i0.wp.com\/www.grieta.org.mx\/wp-content\/uploads\/2020\/07\/a.jpg?resize=700%2C400&ssl=1 2x"},"classes":[]},{"id":1893,"url":"https:\/\/www.grieta.org.mx\/index.php\/2015\/02\/02\/el-pueblo-huave-conmemora-tres-anos-defendiendo-su-territorio-de-las-empresas-eolicas\/","url_meta":{"origin":51211,"position":5},"title":"El pueblo huave conmemora tres a\u00f1os defendiendo su territorio de las empresas e\u00f3licas","author":"grieta","date":"2 febrero, 2015","format":false,"excerpt":"Oaxaca 3.0, Redacci\u00f3n, Oaxaca.- Habitantes de San Mateo, Juchit\u00e1n, \u00c1lvaro Obreg\u00f3n, Uni\u00f3n Hidalgo, y San Francisco del Mar, pobladores ind\u00edgenas que han encabezado desde hace tiempo una lucha contra las empresas e\u00f3licas en el Istmo de Tehuantepec, acudieron a San Dionisio del Mar para acompa\u00f1ar al pueblo huave en la\u2026","rel":"","context":"En &quot;CINTILLO&quot;","block_context":{"text":"CINTILLO","link":"https:\/\/www.grieta.org.mx\/index.php\/category\/cintillo\/"},"img":{"alt_text":"","src":"https:\/\/i0.wp.com\/www.grieta.org.mx\/wp-content\/uploads\/2018\/03\/14524434_1106112876131411_958039263622046936_o.jpg?resize=350%2C200&ssl=1","width":350,"height":200,"srcset":"https:\/\/i0.wp.com\/www.grieta.org.mx\/wp-content\/uploads\/2018\/03\/14524434_1106112876131411_958039263622046936_o.jpg?resize=350%2C200&ssl=1 1x, https:\/\/i0.wp.com\/www.grieta.org.mx\/wp-content\/uploads\/2018\/03\/14524434_1106112876131411_958039263622046936_o.jpg?resize=525%2C300&ssl=1 1.5x, https:\/\/i0.wp.com\/www.grieta.org.mx\/wp-content\/uploads\/2018\/03\/14524434_1106112876131411_958039263622046936_o.jpg?resize=700%2C400&ssl=1 2x"},"classes":[]}],"_links":{"self":[{"href":"https:\/\/www.grieta.org.mx\/index.php\/wp-json\/wp\/v2\/posts\/51211","targetHints":{"allow":["GET"]}}],"collection":[{"href":"https:\/\/www.grieta.org.mx\/index.php\/wp-json\/wp\/v2\/posts"}],"about":[{"href":"https:\/\/www.grieta.org.mx\/index.php\/wp-json\/wp\/v2\/types\/post"}],"author":[{"embeddable":true,"href":"https:\/\/www.grieta.org.mx\/index.php\/wp-json\/wp\/v2\/users\/2"}],"replies":[{"embeddable":true,"href":"https:\/\/www.grieta.org.mx\/index.php\/wp-json\/wp\/v2\/comments?post=51211"}],"version-history":[{"count":1,"href":"https:\/\/www.grieta.org.mx\/index.php\/wp-json\/wp\/v2\/posts\/51211\/revisions"}],"predecessor-version":[{"id":51213,"href":"https:\/\/www.grieta.org.mx\/index.php\/wp-json\/wp\/v2\/posts\/51211\/revisions\/51213"}],"wp:featuredmedia":[{"embeddable":true,"href":"https:\/\/www.grieta.org.mx\/index.php\/wp-json\/wp\/v2\/media\/51212"}],"wp:attachment":[{"href":"https:\/\/www.grieta.org.mx\/index.php\/wp-json\/wp\/v2\/media?parent=51211"}],"wp:term":[{"taxonomy":"category","embeddable":true,"href":"https:\/\/www.grieta.org.mx\/index.php\/wp-json\/wp\/v2\/categories?post=51211"},{"taxonomy":"post_tag","embeddable":true,"href":"https:\/\/www.grieta.org.mx\/index.php\/wp-json\/wp\/v2\/tags?post=51211"}],"curies":[{"name":"wp","href":"https:\/\/api.w.org\/{rel}","templated":true}]}}