{"id":512,"date":"2015-08-03T00:03:27","date_gmt":"2015-08-03T00:03:27","guid":{"rendered":"http:\/\/50.22.11.12\/~grietaor\/?p=512"},"modified":"2016-03-01T03:01:03","modified_gmt":"2016-03-01T03:01:03","slug":"ohl-corrupcion-de-montiel-a-pena-segunda-parte","status":"publish","type":"post","link":"https:\/\/www.grieta.org.mx\/index.php\/2015\/08\/03\/ohl-corrupcion-de-montiel-a-pena-segunda-parte\/","title":{"rendered":"OHL, corrupci\u00f3n de Montiel a Pe\u00f1a (Segunda Parte)"},"content":{"rendered":"<p>Jenaro Villamil<\/p>\n<p>Autoesc\u00e1ndalos y corrupci\u00f3n<\/p>\n<p>Nada fren\u00f3 el desarrollo y los negocios de OHL en el Estado de M\u00e9xico. Ni las denuncias por despojo contra ejidatarios y propietarios de predios en la construcci\u00f3n del Circuito Exterior Mexiquense y del Viaducto Bicentenario, ni las denuncias por abuso y colusi\u00f3n en el cobro de las tarifas de peaje, denunciadas por la empresa Infrabaer.<\/p>\n<p>Fue hasta mayo de este mayo que comenzaron a filtrarse a trav\u00e9s de Youtube una serie de audios entre altos directivos de OHL que presumen sus relaciones con autoridades del Estado de M\u00e9xico y con el gobierno federal, especialmente con el titular de la SCT, Gerardo Ruiz Esparza, y recientemente con los directores de Pemex, Emilio Lozoya Austin, quien trabaj\u00f3 como consejero de OHL hasta septiembre de 2012, y con el director de l Comisi\u00f3n Federal de Electricidad, Enrique Ochoa.<\/p>\n<p>Tambi\u00e9n se han divulgado audios donde los directivos de OHL, Pablo Wallentin, ex director de Relaciones P\u00fablicas, y Gerardo Fern\u00e1ndez, director jur\u00eddico de la empresa, acuerdan el pago de sobornos a magistrados para arreglar \u201clo de Tultepec\u201d, en referencia a unos amparos de propietarios de un predio expropiado de manera irregular por el gobierno mexiquense de Enrique Pe\u00f1a Nieto en la construcci\u00f3n del Circuito Exterior Mexiquense (ver Proceso, No. 2013).<\/p>\n<p>Los audios m\u00e1s recientes, difundidos el 28 de julio, exhiben directamente al presidente del Consejo de Administraci\u00f3n de OHL M\u00e9xico, Jos\u00e9 Andr\u00e9s de Oteyza, y a los directivos de Pemex y CFE.<\/p>\n<p>De Oteyza, ex secretario de Patrimonio y Fomento Industrial en el gobierno lopezportillista y amigo personal de Arturo Montiel, presume con su primo Alvaro haber recibido 40 millones de pesos de bono de OHL (2.2 millones de euros) por su desempe\u00f1o en 2014 y afirma que es el \u201cprimero de cuatro\u201d. Es decir, recibir\u00eda alrededor de 160 millones de pesos ( de 8 a 9 millones de d\u00f3lares) que supera con mucho los 24.8 millones de pesos pagados en 2014 a la alta direcci\u00f3n de OHL M\u00e9xico y los 440 mil d\u00f3lares que OHL afirma repartir entre los consejeros independientes y el presidente del Consejo de Administraci\u00f3n.<\/p>\n<p>Hasta la fecha, OHL no ha comunicado a la Bolsa Mexicana de Valores ni a la Comisi\u00f3n Nacional Bancaria y de Valores el multimillonario bono recibido por De Oteyza. Fuentes de ambas instituciones presumen que, si cobr\u00f3 tal cantidad, tambi\u00e9n ser\u00eda evasi\u00f3n de impuestos.<\/p>\n<p>\u201cLos 40 millones de pesos lo he cobrado independientemente del sueldo, es el bono nada m\u00e1s\u2026\u00a1Que se chinguen!\u201d, se escucha presumir a De Oteyza.<\/p>\n<p>Las otras grabaciones, presuntamente de mayo de este a\u00f1o, insin\u00faan que De Oteyza se reuni\u00f3 con Enrique Ochoa, director de la CFE, y con Emilio Lozoya, director de Pemex. Al primero lo invit\u00f3 al hotel MayaKob\u00e1, construido por OHL en Playa del Carmen, Quintana Roo, con el objetivo de deslumbrarlo y obtener favores a cambio.<\/p>\n<p>Oteyza le refiere a Pablo Wallentin, ex director de Relaciones P\u00fablicas de OHL, que viajar\u00e1 a la Rivera Maya para \u201cuna cosa de much\u00edsimo dinero\u201d. Presume que invitar\u00e1 a Ochoa al MayaKob\u00e1.<\/p>\n<p>\u201cS\u00ed, y \u00e9ste es el camino precioso con Ochoa\u2026 que abre todas las puertas tambi\u00e9n\u201d, presume Wallentin.<\/p>\n<p>\u201cS\u00ed, para todo. Se va a volver encantado\u201d, afirma De Oteyza.<\/p>\n<p>El inter\u00e9s de OHL en la CFE no es casual. El 31 de marzo la CFE otorg\u00f3 un contrato de 477 millones de d\u00f3lares a OHL Industrial y la empresa Sener Ingenier\u00eda para la construcci\u00f3n de Empalme I, planta de hidr\u00f3geno de 770 MW en Sonora, que tardar\u00e1 30 meses en su ejecuci\u00f3n y que contar\u00e1 con dos turbinas tipo H de tecnolog\u00eda Siemens.<\/p>\n<p>En este proyecto, OHL Industrial y Sener Ingenier\u00eda realizar\u00e1n labores de ingenier\u00eda, suministro de todos los equipos y materiales, las partes de repuesto, as\u00ed como la construcci\u00f3n, pruebas y puesta en servicio de la central, seg\u00fan la informaci\u00f3n de la CFE.<\/p>\n<p>OHL quiso participar en otras licitaciones de la CFE, incluyendo la construcci\u00f3n de una central el\u00e9ctrica por 387 millones de pesos que se le adjudic\u00f3 a la empresa Cobra, filial de la tambi\u00e9n compa\u00f1\u00eda espa\u00f1ola ACS.<\/p>\n<p>Con Pemex tambi\u00e9n ha hecho negocios OHL y pretende ir por m\u00e1s. Pemex Refinaci\u00f3n le otorg\u00f3 en julio de 2013 a Ecolaire-OHL un contrato para la construcci\u00f3n de una planta de hidr\u00f3geno y la terminaci\u00f3n del gasoducto Cadereyta. Tambi\u00e9n participar\u00e1n las empresas KT Kineticst Technology y la mexicana Construcciones Industriales Tapia (ver Proceso 1960).<\/p>\n<p>\u201cEs una Campa\u00f1a Difamatoria\u201d<\/p>\n<p>Los directivos de OHL han confiado a la Bolsa Mexicana de Valores que continuar\u00e1n los audios \u201cgrabados ilegalmente\u201d, pero que todo se trata de \u201cuna campa\u00f1a difamatoria\u201d. La Comisi\u00f3n Nacional Bancaria y de Valores, responsable de supervisar a las empresas que cotizan en el mercado burs\u00e1til, anunci\u00f3 desde el 14 de mayo una investigaci\u00f3n a OHL M\u00e9xico y cuyos resultados no se conocen a\u00fan.<\/p>\n<p>En su reporte de resultados del segundo trimestre ante la Bolsa Mexicana de Valores, OHL afirma que las acusaciones de la empresa Infraiber en relaci\u00f3n con el Circuito Exterior Mexiquense y el Viaducto Bicentenario son \u201cfalsas\u201d y \u201cforman parte de una campa\u00f1a difamatoria\u201d.<\/p>\n<p>Afirm\u00f3 que las primeras grabaciones que se conocieron, en mayo de 2015, \u201cfueron obtenidas ilegalmente, editadas y alteradas para cambiar su sentido\u201d y que tambi\u00e9n forman parte de \u201cla campa\u00f1a de difamaci\u00f3n\u201d.<\/p>\n<p>OHL dice que investig\u00f3 \u201clos supuestos pagos de naturaleza irregular a magistrados\u201d mexicanos \u2013divulgado en la segunda serie de audios difundidos en junio- y que el despacho de abogados Ritch, Mueller, Heather y Nicolau \u201cno encontr\u00f3 evidencia o indicio alguno de conductas contrarias a la ley, ni pagos en dinero o en especie, ya sea directa o indirectamente, a ning\u00fan juez, magistrado o funcionario p\u00fablico alguno, relacionado con los juicios analizados\u201d.<\/p>\n<p>Sobre la difusi\u00f3n de las terceras grabaciones, el pasado 8 de julio, OHL afirm\u00f3 que \u201cning\u00fan directivo ha autorizado pago alguno al licenciado Gerardo Ruiz Esparza, secretario de Comunicaciones y Transportes\u201d, quien supuestamente le habr\u00eda entregado informaci\u00f3n privilegiada a la compa\u00f1\u00eda.<\/p>\n<p>OHL repiti\u00f3 la misma versi\u00f3n sobre los audios del 28 de julio pasado. \u201cContin\u00faa la campa\u00f1a de hostigamiento\u201d, afirm\u00f3 la empresa, mientras que la CFE afirm\u00f3 que \u201cson falsas las inferencias sobre el director general de la CFE que se han hecho a partir de supuestos audios difundidos que involucran a directivos de la empresa\u201d.<\/p>\n<p>En OHL s\u00f3lo hay una certeza: continuar\u00e1 la difusi\u00f3n de los audios. Mientras, sus acciones en la Bolsa Mexicana de Valores han perdido m\u00e1s de 14 pesos en cuatro meses, al bajar de 40 a 26 pesos, una ca\u00edda de m\u00e1s del 32 por ciento.<\/p>\n<p>Mientras los directivos de OHL esperan la difusi\u00f3n de nuevas grabaciones, la Secretar\u00eda de la Funci\u00f3n P\u00fablica y la Comisi\u00f3n Nacional Bancaria y de Valores hacen como si no escucharan nada ni tuvieran presiones por los presuntos actos de corrupci\u00f3n revelados.<\/p>\n<p><a href=\"http:\/\/homozapping.com.mx\/2015\/08\/ohl-corrupcion-de-montiel-a-pena-segunda-parte\/\" target=\"_blank\">homozapping.com.mx\/2015\/08\/ohl-corrupcion-de-montiel-a-pena-segunda-parte\/<\/a><\/p>\n","protected":false},"excerpt":{"rendered":"<p>Jenaro Villamil Autoesc\u00e1ndalos y corrupci\u00f3n Nada fren\u00f3 el desarrollo y los negocios de OHL en el Estado de M\u00e9xico. Ni las denuncias por despojo contra ejidatarios y propietarios de predios &hellip; <a href=\"https:\/\/www.grieta.org.mx\/index.php\/2015\/08\/03\/ohl-corrupcion-de-montiel-a-pena-segunda-parte\/\" class=\"more-link\">Leer m\u00e1s<\/a><\/p>\n","protected":false},"author":2,"featured_media":21928,"comment_status":"closed","ping_status":"open","sticky":false,"template":"","format":"standard","meta":{"ngg_post_thumbnail":0,"_jetpack_newsletter_access":"","_jetpack_dont_email_post_to_subs":false,"_jetpack_newsletter_tier_id":0,"_jetpack_memberships_contains_paywalled_content":false,"_jetpack_memberships_contains_paid_content":false,"footnotes":""},"categories":[80],"tags":[92],"class_list":["post-512","post","type-post","status-publish","format-standard","has-post-thumbnail","hentry","category-cintillo","tag-estado-de-mexico","entry"],"jetpack_featured_media_url":"https:\/\/www.grieta.org.mx\/wp-content\/uploads\/2018\/03\/14524434_1106112876131411_958039263622046936_o.jpg","jetpack_sharing_enabled":true,"jetpack_shortlink":"https:\/\/wp.me\/p7ZJR4-8g","jetpack_likes_enabled":false,"jetpack-related-posts":[{"id":506,"url":"https:\/\/www.grieta.org.mx\/index.php\/2015\/10\/31\/ejidatarios-denuncian-abusos-de-ohl-por-circuito-exterior-mexiquense\/","url_meta":{"origin":512,"position":0},"title":"Ejidatarios denuncian abusos de OHL por Circuito Exterior Mexiquense","author":"grieta","date":"31 octubre, 2015","format":false,"excerpt":"31\/10\/15. Ejidatarios denuncian abusos de OHLLa Silla Rota 05\/09\/15. Ejidatarios de Tultepec protestan contra OHLEl Universal 03\/08\/15. OHL, corrupci\u00f3n de Montiel a Pe\u00f1a (Segunda Parte)Homozapping 02\/08\/15. OHL, corrupci\u00f3n de Montiel a Pe\u00f1a (Primera Parte)Homozapping","rel":"","context":"En &quot;Estado de M\u00e9xico&quot;","block_context":{"text":"Estado de M\u00e9xico","link":"https:\/\/www.grieta.org.mx\/index.php\/category\/noticias-nacionales\/estado-de-mexico\/"},"img":{"alt_text":"","src":"https:\/\/i0.wp.com\/www.grieta.org.mx\/wp-content\/uploads\/2018\/03\/14524434_1106112876131411_958039263622046936_o.jpg?resize=350%2C200&ssl=1","width":350,"height":200,"srcset":"https:\/\/i0.wp.com\/www.grieta.org.mx\/wp-content\/uploads\/2018\/03\/14524434_1106112876131411_958039263622046936_o.jpg?resize=350%2C200&ssl=1 1x, https:\/\/i0.wp.com\/www.grieta.org.mx\/wp-content\/uploads\/2018\/03\/14524434_1106112876131411_958039263622046936_o.jpg?resize=525%2C300&ssl=1 1.5x, https:\/\/i0.wp.com\/www.grieta.org.mx\/wp-content\/uploads\/2018\/03\/14524434_1106112876131411_958039263622046936_o.jpg?resize=700%2C400&ssl=1 2x"},"classes":[]},{"id":514,"url":"https:\/\/www.grieta.org.mx\/index.php\/2015\/08\/02\/ohl-corrupcion-de-montiel-a-pena-primera-parte\/","url_meta":{"origin":512,"position":1},"title":"OHL, corrupci\u00f3n de Montiel a Pe\u00f1a (Primera Parte)","author":"grieta","date":"2 agosto, 2015","format":false,"excerpt":"Jenaro Villamil Hace 11 a\u00f1os, el entonces gobernador del Estado de M\u00e9xico, Arturo Montiel, tir\u00f3 la casa por la ventana para festejar el bautizo de sus dos hijos gemelos, Sof\u00eda y Adri\u00e1n, con la joven francesa Maude Versini, su segunda esposa. Al convivio en El Santuario de Valle de Bravo,\u2026","rel":"","context":"En &quot;CINTILLO&quot;","block_context":{"text":"CINTILLO","link":"https:\/\/www.grieta.org.mx\/index.php\/category\/cintillo\/"},"img":{"alt_text":"","src":"https:\/\/i0.wp.com\/www.grieta.org.mx\/wp-content\/uploads\/2018\/03\/14524434_1106112876131411_958039263622046936_o.jpg?resize=350%2C200&ssl=1","width":350,"height":200,"srcset":"https:\/\/i0.wp.com\/www.grieta.org.mx\/wp-content\/uploads\/2018\/03\/14524434_1106112876131411_958039263622046936_o.jpg?resize=350%2C200&ssl=1 1x, https:\/\/i0.wp.com\/www.grieta.org.mx\/wp-content\/uploads\/2018\/03\/14524434_1106112876131411_958039263622046936_o.jpg?resize=525%2C300&ssl=1 1.5x, https:\/\/i0.wp.com\/www.grieta.org.mx\/wp-content\/uploads\/2018\/03\/14524434_1106112876131411_958039263622046936_o.jpg?resize=700%2C400&ssl=1 2x"},"classes":[]},{"id":510,"url":"https:\/\/www.grieta.org.mx\/index.php\/2015\/09\/05\/ejidatarios-de-tultepec-protestan-contra-ohl\/","url_meta":{"origin":512,"position":2},"title":"Ejidatarios de Tultepec protestan contra OHL","author":"grieta","date":"5 septiembre, 2015","format":false,"excerpt":"Juan Manuel Barrera TULTEPEC, M\u00e9x.\u2014 Polic\u00edas estatales desalojaron a ejidatarios de este municipio que bloquearon durante dos horas el Circuito Exterior Mexiquense, a la altura de la caseta de cobro de Tultepec. Los inconformes exigieron a la empresa espa\u00f1ola OHL y al gobierno mexiquense el pago de predios ejidales que\u2026","rel":"","context":"En &quot;CINTILLO&quot;","block_context":{"text":"CINTILLO","link":"https:\/\/www.grieta.org.mx\/index.php\/category\/cintillo\/"},"img":{"alt_text":"","src":"https:\/\/i0.wp.com\/www.grieta.org.mx\/wp-content\/uploads\/2018\/03\/14524434_1106112876131411_958039263622046936_o.jpg?resize=350%2C200&ssl=1","width":350,"height":200,"srcset":"https:\/\/i0.wp.com\/www.grieta.org.mx\/wp-content\/uploads\/2018\/03\/14524434_1106112876131411_958039263622046936_o.jpg?resize=350%2C200&ssl=1 1x, https:\/\/i0.wp.com\/www.grieta.org.mx\/wp-content\/uploads\/2018\/03\/14524434_1106112876131411_958039263622046936_o.jpg?resize=525%2C300&ssl=1 1.5x, https:\/\/i0.wp.com\/www.grieta.org.mx\/wp-content\/uploads\/2018\/03\/14524434_1106112876131411_958039263622046936_o.jpg?resize=700%2C400&ssl=1 2x"},"classes":[]},{"id":507,"url":"https:\/\/www.grieta.org.mx\/index.php\/2015\/10\/31\/ejidatarios-denuncian-abusos-de-ohl\/","url_meta":{"origin":512,"position":3},"title":"Ejidatarios denuncian abusos de OHL","author":"grieta","date":"31 octubre, 2015","format":false,"excerpt":"La empresa espa\u00f1ola OHL se ha visto envuelta en diversos esc\u00e1ndalos de corrupci\u00f3n y se prepara para ensanchar su controvertido Circuito Exterior Mexiquense La obra fue nombrada por el otrora gobernador Enrique Pe\u00f1a Nieto, como la obra carretera m\u00e1s importante del pa\u00eds. En una entrevista realizada por PROCESO, ejidatarios han\u2026","rel":"","context":"En &quot;CINTILLO&quot;","block_context":{"text":"CINTILLO","link":"https:\/\/www.grieta.org.mx\/index.php\/category\/cintillo\/"},"img":{"alt_text":"","src":"https:\/\/i0.wp.com\/www.grieta.org.mx\/wp-content\/uploads\/2018\/03\/14524434_1106112876131411_958039263622046936_o.jpg?resize=350%2C200&ssl=1","width":350,"height":200,"srcset":"https:\/\/i0.wp.com\/www.grieta.org.mx\/wp-content\/uploads\/2018\/03\/14524434_1106112876131411_958039263622046936_o.jpg?resize=350%2C200&ssl=1 1x, https:\/\/i0.wp.com\/www.grieta.org.mx\/wp-content\/uploads\/2018\/03\/14524434_1106112876131411_958039263622046936_o.jpg?resize=525%2C300&ssl=1 1.5x, https:\/\/i0.wp.com\/www.grieta.org.mx\/wp-content\/uploads\/2018\/03\/14524434_1106112876131411_958039263622046936_o.jpg?resize=700%2C400&ssl=1 2x"},"classes":[]},{"id":20218,"url":"https:\/\/www.grieta.org.mx\/index.php\/2016\/08\/21\/ohl-y-damo-solo-se-echan-la-bolita-trabajadores-exigen-pago-de-salarios\/","url_meta":{"origin":512,"position":4},"title":"\u201cOHL y DAMO s\u00f3lo se echan la bolita\u201d; trabajadores exigen pago de salarios","author":"grieta","date":"21 agosto, 2016","format":false,"excerpt":"El d\u00eda de ayer trabajadores de la construcci\u00f3n del Tren Interurbano M\u00e9xico-Toluca realizaron actos de protesta a trav\u00e9s de la movilizaci\u00f3n social y el bloque carretero con el fin de exigir el pago de sueldos. La empresa DAMO, encargada de contratar personal para obras, debe al menos 100 trabajadores tres\u2026","rel":"","context":"En &quot;CINTILLO&quot;","block_context":{"text":"CINTILLO","link":"https:\/\/www.grieta.org.mx\/index.php\/category\/cintillo\/"},"img":{"alt_text":"","src":"https:\/\/i0.wp.com\/www.grieta.org.mx\/wp-content\/uploads\/2018\/03\/14524434_1106112876131411_958039263622046936_o.jpg?resize=350%2C200&ssl=1","width":350,"height":200,"srcset":"https:\/\/i0.wp.com\/www.grieta.org.mx\/wp-content\/uploads\/2018\/03\/14524434_1106112876131411_958039263622046936_o.jpg?resize=350%2C200&ssl=1 1x, https:\/\/i0.wp.com\/www.grieta.org.mx\/wp-content\/uploads\/2018\/03\/14524434_1106112876131411_958039263622046936_o.jpg?resize=525%2C300&ssl=1 1.5x, https:\/\/i0.wp.com\/www.grieta.org.mx\/wp-content\/uploads\/2018\/03\/14524434_1106112876131411_958039263622046936_o.jpg?resize=700%2C400&ssl=1 2x"},"classes":[]},{"id":25787,"url":"https:\/\/www.grieta.org.mx\/index.php\/2018\/08\/20\/vecinos-de-ecatepec-protestan-por-el-alza-en-el-circuito-exterior-mexiquense-y-dan-paso-libre-a-automovilistas-estado-de-mexico\/","url_meta":{"origin":512,"position":5},"title":"Vecinos de Ecatepec protestan por el alza en el Circuito Exterior Mexiquense y dan paso libre a automovilistas (Estado de M\u00e9xico)","author":"grieta","date":"20 agosto, 2018","format":false,"excerpt":"Redacci\u00f3n\/Sin Embargo Reportes de redes sociales se\u00f1alan que desde las 09:00 horas, integrantes de \u201cLas Am\u00e9ricas\u201d, arribaron a la caseta del Circuito Exterior Mexiquense que est\u00e1 a la altura del fraccionamiento, ubicado en Ecatepec, Estado de M\u00e9xico, para manifestarse en contra del alza en los costos de esta carretera. El\u2026","rel":"","context":"En &quot;CINTILLO&quot;","block_context":{"text":"CINTILLO","link":"https:\/\/www.grieta.org.mx\/index.php\/category\/cintillo\/"},"img":{"alt_text":"","src":"https:\/\/i0.wp.com\/www.grieta.org.mx\/wp-content\/uploads\/2018\/08\/lasamercias-ecatepec-ohl.jpg?resize=350%2C200&ssl=1","width":350,"height":200,"srcset":"https:\/\/i0.wp.com\/www.grieta.org.mx\/wp-content\/uploads\/2018\/08\/lasamercias-ecatepec-ohl.jpg?resize=350%2C200&ssl=1 1x, https:\/\/i0.wp.com\/www.grieta.org.mx\/wp-content\/uploads\/2018\/08\/lasamercias-ecatepec-ohl.jpg?resize=525%2C300&ssl=1 1.5x, https:\/\/i0.wp.com\/www.grieta.org.mx\/wp-content\/uploads\/2018\/08\/lasamercias-ecatepec-ohl.jpg?resize=700%2C400&ssl=1 2x, https:\/\/i0.wp.com\/www.grieta.org.mx\/wp-content\/uploads\/2018\/08\/lasamercias-ecatepec-ohl.jpg?resize=1050%2C600&ssl=1 3x"},"classes":[]}],"_links":{"self":[{"href":"https:\/\/www.grieta.org.mx\/index.php\/wp-json\/wp\/v2\/posts\/512","targetHints":{"allow":["GET"]}}],"collection":[{"href":"https:\/\/www.grieta.org.mx\/index.php\/wp-json\/wp\/v2\/posts"}],"about":[{"href":"https:\/\/www.grieta.org.mx\/index.php\/wp-json\/wp\/v2\/types\/post"}],"author":[{"embeddable":true,"href":"https:\/\/www.grieta.org.mx\/index.php\/wp-json\/wp\/v2\/users\/2"}],"replies":[{"embeddable":true,"href":"https:\/\/www.grieta.org.mx\/index.php\/wp-json\/wp\/v2\/comments?post=512"}],"version-history":[{"count":1,"href":"https:\/\/www.grieta.org.mx\/index.php\/wp-json\/wp\/v2\/posts\/512\/revisions"}],"predecessor-version":[{"id":513,"href":"https:\/\/www.grieta.org.mx\/index.php\/wp-json\/wp\/v2\/posts\/512\/revisions\/513"}],"wp:featuredmedia":[{"embeddable":true,"href":"https:\/\/www.grieta.org.mx\/index.php\/wp-json\/wp\/v2\/media\/21928"}],"wp:attachment":[{"href":"https:\/\/www.grieta.org.mx\/index.php\/wp-json\/wp\/v2\/media?parent=512"}],"wp:term":[{"taxonomy":"category","embeddable":true,"href":"https:\/\/www.grieta.org.mx\/index.php\/wp-json\/wp\/v2\/categories?post=512"},{"taxonomy":"post_tag","embeddable":true,"href":"https:\/\/www.grieta.org.mx\/index.php\/wp-json\/wp\/v2\/tags?post=512"}],"curies":[{"name":"wp","href":"https:\/\/api.w.org\/{rel}","templated":true}]}}