{"id":51163,"date":"2020-06-12T13:46:48","date_gmt":"2020-06-12T18:46:48","guid":{"rendered":"http:\/\/www.grieta.org.mx\/?p=51163"},"modified":"2020-06-24T17:06:53","modified_gmt":"2020-06-24T22:06:53","slug":"personal-medico-realiza-paro-de-labores-en-el-issste-san-luis-potosi","status":"publish","type":"post","link":"https:\/\/www.grieta.org.mx\/index.php\/2020\/06\/12\/personal-medico-realiza-paro-de-labores-en-el-issste-san-luis-potosi\/","title":{"rendered":"Personal m\u00e9dico realiza paro de labores en el ISSSTE  (San Luis Potos\u00ed)"},"content":{"rendered":"<p>Fernando L\u00f3ipez\/Quadrat\u00edn SLP<br \/>\n12 junio 2020<\/p>\n<p>SAN LUIS POTOSI, SLP, 12 junio 2020.- El d\u00eda de ayer se despidi\u00f3 a la enfermera Olivia Soto que falleci\u00f3 con s\u00edntomas de Covid 19 en el Hospital General del Instituto de Seguridad y Servicios Sociales de los Trabajadores del Estado (ISSSTE), ubicado en la calle Carlos Diez Guti\u00e9rrez, posteriormente llevaron a cabo una reuni\u00f3n donde se solicitaba m\u00e1s personal m\u00e9dico y el equipo necesario, as\u00ed como la desinfecci\u00f3n de \u00e1reas cada tercer d\u00eda, advirtiendo al director que de no cumplirse las demandas para el d\u00eda de hoy no se trabajar\u00eda.<\/p>\n<p>El d\u00eda de ayer personal m\u00e9dico y enfermeras le se\u00f1alaron la problem\u00e1tica al director del hospital, donde le se\u00f1alaron el mal manejo de pacientes sospechosos con Covid 19, as\u00ed como la falta de insumos m\u00e9dicos para atenderlos, puntualizando que si no se tomaban las medidas adecuadas dejar\u00edan de prestar los servicios, por lo que hoy se realiz\u00f3 el paro de labores.<\/p>\n<p>Se\u00f1alan los m\u00e9dicos y enfermeras que aunque se haya llevado la manifestaci\u00f3n a cabo no dejaron de atender a los pacientes que estaban internados en el hospital general del ISSSTE.<\/p>\n<p><img loading=\"lazy\" decoding=\"async\" data-attachment-id=\"51167\" data-permalink=\"https:\/\/www.grieta.org.mx\/index.php\/2020\/06\/12\/personal-medico-realiza-paro-de-labores-en-el-issste-san-luis-potosi\/whatsapp-image-2020-06-12-at-12-59-45-pm\/\" data-orig-file=\"https:\/\/www.grieta.org.mx\/wp-content\/uploads\/2020\/06\/WhatsApp-Image-2020-06-12-at-12.59.45-PM.jpeg\" data-orig-size=\"960,720\" data-comments-opened=\"0\" data-image-meta=\"{&quot;aperture&quot;:&quot;0&quot;,&quot;credit&quot;:&quot;&quot;,&quot;camera&quot;:&quot;&quot;,&quot;caption&quot;:&quot;&quot;,&quot;created_timestamp&quot;:&quot;0&quot;,&quot;copyright&quot;:&quot;&quot;,&quot;focal_length&quot;:&quot;0&quot;,&quot;iso&quot;:&quot;0&quot;,&quot;shutter_speed&quot;:&quot;0&quot;,&quot;title&quot;:&quot;&quot;,&quot;orientation&quot;:&quot;0&quot;}\" data-image-title=\"WhatsApp-Image-2020-06-12-at-12.59.45-PM\" data-image-description=\"\" data-image-caption=\"\" data-medium-file=\"https:\/\/www.grieta.org.mx\/wp-content\/uploads\/2020\/06\/WhatsApp-Image-2020-06-12-at-12.59.45-PM-300x225.jpeg\" data-large-file=\"https:\/\/www.grieta.org.mx\/wp-content\/uploads\/2020\/06\/WhatsApp-Image-2020-06-12-at-12.59.45-PM.jpeg\" class=\"aligncenter wp-image-51167\" src=\"http:\/\/www.grieta.org.mx\/wp-content\/uploads\/2020\/06\/WhatsApp-Image-2020-06-12-at-12.59.45-PM.jpeg\" alt=\"\" width=\"900\" height=\"675\" srcset=\"https:\/\/www.grieta.org.mx\/wp-content\/uploads\/2020\/06\/WhatsApp-Image-2020-06-12-at-12.59.45-PM.jpeg 960w, https:\/\/www.grieta.org.mx\/wp-content\/uploads\/2020\/06\/WhatsApp-Image-2020-06-12-at-12.59.45-PM-300x225.jpeg 300w, https:\/\/www.grieta.org.mx\/wp-content\/uploads\/2020\/06\/WhatsApp-Image-2020-06-12-at-12.59.45-PM-768x576.jpeg 768w, https:\/\/www.grieta.org.mx\/wp-content\/uploads\/2020\/06\/WhatsApp-Image-2020-06-12-at-12.59.45-PM-667x500.jpeg 667w\" sizes=\"auto, (max-width: 900px) 100vw, 900px\" \/><\/p>\n<p><a href=\"https:\/\/sanluispotosi.quadratin.com.mx\/san-luis-potosi\/personal-medico-realiza-paro-de-labores-en-el-issste\/\" target=\"_blank\" rel=\"noopener noreferrer\">https:\/\/sanluispotosi.quadratin.com.mx\/san-luis-potosi\/personal-medico-realiza-paro-de-labores-en-el-issste\/<\/a><\/p>\n","protected":false},"excerpt":{"rendered":"<p>Fernando L\u00f3ipez\/Quadrat\u00edn SLP 12 junio 2020 SAN LUIS POTOSI, SLP, 12 junio 2020.- El d\u00eda de ayer se despidi\u00f3 a la enfermera Olivia Soto que falleci\u00f3 con s\u00edntomas de Covid &hellip; <a href=\"https:\/\/www.grieta.org.mx\/index.php\/2020\/06\/12\/personal-medico-realiza-paro-de-labores-en-el-issste-san-luis-potosi\/\" class=\"more-link\">Leer m\u00e1s<\/a><\/p>\n","protected":false},"author":2,"featured_media":51167,"comment_status":"closed","ping_status":"closed","sticky":false,"template":"","format":"standard","meta":{"ngg_post_thumbnail":0,"_jetpack_newsletter_access":"","_jetpack_dont_email_post_to_subs":false,"_jetpack_newsletter_tier_id":0,"_jetpack_memberships_contains_paywalled_content":false,"_jetpack_memberships_contains_paid_content":false,"footnotes":""},"categories":[80,3305,918,1457,2,29,83],"tags":[3241,3284,3444,2435],"class_list":["post-51163","post","type-post","status-publish","format-standard","has-post-thumbnail","hentry","category-cintillo","category-covid-19-en-san-luis-potosi","category-privatizacion-del-sector-salud","category-crisis-del-sector-salud-en-san-luis-potosi","category-noticias-nacionales","category-san-luis-potosi","category-temas-nacionales","tag-covid-19","tag-falta-de-insumos-en-hospitales","tag-muerte-de-personal-medico-por-covid-19","tag-paro-laboral-en-hospitales","entry"],"jetpack_featured_media_url":"https:\/\/www.grieta.org.mx\/wp-content\/uploads\/2020\/06\/WhatsApp-Image-2020-06-12-at-12.59.45-PM.jpeg","jetpack_sharing_enabled":true,"jetpack_shortlink":"https:\/\/wp.me\/p7ZJR4-djd","jetpack_likes_enabled":false,"jetpack-related-posts":[{"id":32865,"url":"https:\/\/www.grieta.org.mx\/index.php\/2019\/04\/25\/hospital-del-issste-horno-sin-agua-y-sucio-san-luis-potosi\/","url_meta":{"origin":51163,"position":0},"title":"Hospital del ISSSTE, \u201chorno\u201d, sin agua y sucio (San Luis Potos\u00ed)","author":"grieta","date":"25 abril, 2019","format":false,"excerpt":"Rub\u00e9n Pacheco \/ Pulso Pacientes enfrentan serias carencias que generan focos de infecci\u00f3n, sobre todo con el calor El Hospital General del ISSSTE, localizado en la calle Carlos Diez Guti\u00e9rrez de la capital potosina, sufre desde falta de suministro de agua potable hasta insuficiencia en el aire acondicionado, denunciaron derechohabientes\u2026","rel":"","context":"En &quot;CINTILLO&quot;","block_context":{"text":"CINTILLO","link":"https:\/\/www.grieta.org.mx\/index.php\/category\/cintillo\/"},"img":{"alt_text":"","src":"https:\/\/i0.wp.com\/www.grieta.org.mx\/wp-content\/uploads\/2019\/05\/Hospital-del-ISSSTE-%E2%80%9Chorno%E2%80%9D-sin-agua-y-sucio-slp-may.jpg?resize=350%2C200&ssl=1","width":350,"height":200,"srcset":"https:\/\/i0.wp.com\/www.grieta.org.mx\/wp-content\/uploads\/2019\/05\/Hospital-del-ISSSTE-%E2%80%9Chorno%E2%80%9D-sin-agua-y-sucio-slp-may.jpg?resize=350%2C200&ssl=1 1x, https:\/\/i0.wp.com\/www.grieta.org.mx\/wp-content\/uploads\/2019\/05\/Hospital-del-ISSSTE-%E2%80%9Chorno%E2%80%9D-sin-agua-y-sucio-slp-may.jpg?resize=525%2C300&ssl=1 1.5x"},"classes":[]},{"id":49198,"url":"https:\/\/www.grieta.org.mx\/index.php\/2020\/04\/18\/discriminan-en-tienda-de-san-luis-potosi-a-personal-de-enfermeria\/","url_meta":{"origin":51163,"position":1},"title":"Discriminan en tienda de San Luis Potos\u00ed a personal de enfermer\u00eda","author":"grieta","date":"18 abril, 2020","format":false,"excerpt":"Gilberto Salas\/Quadrat\u00edn SLP 18 abril 2020 RIOVERDE, SLP., 18 de abril de 2020.- Un pasante de enfermer\u00eda que labora en la cl\u00ednica-hospital del ISSSTE en esta ciudad, denunci\u00f3 que en compa\u00f1\u00eda de otra compa\u00f1era, fueron v\u00edctimas de discriminaci\u00f3n por parte del propietario de una tienda, al no permitirles ingresar al\u2026","rel":"","context":"En &quot;CINTILLO&quot;","block_context":{"text":"CINTILLO","link":"https:\/\/www.grieta.org.mx\/index.php\/category\/cintillo\/"},"img":{"alt_text":"","src":"https:\/\/i0.wp.com\/www.grieta.org.mx\/wp-content\/uploads\/2020\/05\/Enfermer%C3%ACa-SLP-1160x700.jpg?resize=350%2C200&ssl=1","width":350,"height":200,"srcset":"https:\/\/i0.wp.com\/www.grieta.org.mx\/wp-content\/uploads\/2020\/05\/Enfermer%C3%ACa-SLP-1160x700.jpg?resize=350%2C200&ssl=1 1x, https:\/\/i0.wp.com\/www.grieta.org.mx\/wp-content\/uploads\/2020\/05\/Enfermer%C3%ACa-SLP-1160x700.jpg?resize=525%2C300&ssl=1 1.5x, https:\/\/i0.wp.com\/www.grieta.org.mx\/wp-content\/uploads\/2020\/05\/Enfermer%C3%ACa-SLP-1160x700.jpg?resize=700%2C400&ssl=1 2x, https:\/\/i0.wp.com\/www.grieta.org.mx\/wp-content\/uploads\/2020\/05\/Enfermer%C3%ACa-SLP-1160x700.jpg?resize=1050%2C600&ssl=1 3x"},"classes":[]},{"id":47773,"url":"https:\/\/www.grieta.org.mx\/index.php\/2020\/04\/10\/maldita-infectada-el-insulto-a-otra-enfermera-de-san-luis-potosi\/","url_meta":{"origin":51163,"position":2},"title":"Maldita infectada, el insulto a otra enfermera de San Luis Potos\u00ed","author":"grieta","date":"10 abril, 2020","format":false,"excerpt":"Redacci\u00f3n\/Quadrat\u00edn SLP 10 abril 2020 RIOVERDE, SLP., 10 de abril de 2020.- En medio de la contingencia por Covid 19, se registra una agresi\u00f3n m\u00e1s a trabajadores de la salud, esta vez en un Centro de Salud de la comunidad El Jabal\u00ed de este municipio donde un grupo de j\u00f3venes\u2026","rel":"","context":"En &quot;CINTILLO&quot;","block_context":{"text":"CINTILLO","link":"https:\/\/www.grieta.org.mx\/index.php\/category\/cintillo\/"},"img":{"alt_text":"","src":"https:\/\/i0.wp.com\/www.grieta.org.mx\/wp-content\/uploads\/2020\/04\/Enfermera-Atenci%C3%B3n-M%C3%A9dica-doctora-IMSS-atenci%C3%B3n-doctoras-mujeres-en-la-medicina-5.jpg?resize=350%2C200&ssl=1","width":350,"height":200,"srcset":"https:\/\/i0.wp.com\/www.grieta.org.mx\/wp-content\/uploads\/2020\/04\/Enfermera-Atenci%C3%B3n-M%C3%A9dica-doctora-IMSS-atenci%C3%B3n-doctoras-mujeres-en-la-medicina-5.jpg?resize=350%2C200&ssl=1 1x, https:\/\/i0.wp.com\/www.grieta.org.mx\/wp-content\/uploads\/2020\/04\/Enfermera-Atenci%C3%B3n-M%C3%A9dica-doctora-IMSS-atenci%C3%B3n-doctoras-mujeres-en-la-medicina-5.jpg?resize=525%2C300&ssl=1 1.5x, https:\/\/i0.wp.com\/www.grieta.org.mx\/wp-content\/uploads\/2020\/04\/Enfermera-Atenci%C3%B3n-M%C3%A9dica-doctora-IMSS-atenci%C3%B3n-doctoras-mujeres-en-la-medicina-5.jpg?resize=700%2C400&ssl=1 2x, https:\/\/i0.wp.com\/www.grieta.org.mx\/wp-content\/uploads\/2020\/04\/Enfermera-Atenci%C3%B3n-M%C3%A9dica-doctora-IMSS-atenci%C3%B3n-doctoras-mujeres-en-la-medicina-5.jpg?resize=1050%2C600&ssl=1 3x"},"classes":[]},{"id":17580,"url":"https:\/\/www.grieta.org.mx\/index.php\/2016\/07\/22\/movilizaciones-del-sector-salud-en-san-luis-potosi\/","url_meta":{"origin":51163,"position":3},"title":"Movilizaciones del sector salud en San Luis Potos\u00ed","author":"grieta","date":"22 julio, 2016","format":false,"excerpt":"30\/06\/16. Exigen m\u00e9dicos mejores condiciones en el Sector Salud en SLPLa Jornada San Luis 30\/06\/16. Opositores a las reformas se unen en una manifestaci\u00f3n en SLPLa Jornada San Luis","rel":"","context":"En &quot;San Luis Potos\u00ed&quot;","block_context":{"text":"San Luis Potos\u00ed","link":"https:\/\/www.grieta.org.mx\/index.php\/category\/noticias-nacionales\/san-luis-potosi\/"},"img":{"alt_text":"","src":"https:\/\/i0.wp.com\/www.grieta.org.mx\/wp-content\/uploads\/2018\/03\/14524434_1106112876131411_958039263622046936_o.jpg?resize=350%2C200&ssl=1","width":350,"height":200,"srcset":"https:\/\/i0.wp.com\/www.grieta.org.mx\/wp-content\/uploads\/2018\/03\/14524434_1106112876131411_958039263622046936_o.jpg?resize=350%2C200&ssl=1 1x, https:\/\/i0.wp.com\/www.grieta.org.mx\/wp-content\/uploads\/2018\/03\/14524434_1106112876131411_958039263622046936_o.jpg?resize=525%2C300&ssl=1 1.5x, https:\/\/i0.wp.com\/www.grieta.org.mx\/wp-content\/uploads\/2018\/03\/14524434_1106112876131411_958039263622046936_o.jpg?resize=700%2C400&ssl=1 2x"},"classes":[]},{"id":30572,"url":"https:\/\/www.grieta.org.mx\/index.php\/2019\/02\/28\/inician-paro-de-labores-en-cobach-san-luis-potosi\/","url_meta":{"origin":51163,"position":4},"title":"Inician paro de labores en Cobach (San Luis Potos\u00ed)","author":"grieta","date":"28 febrero, 2019","format":false,"excerpt":"Rub\u00e9n Pacheco \/ Pulso Con afectaci\u00f3n para m\u00e1s de 33 mil alumnos, desde las 7:00 horas integrantes del Sindicato Independiente de Trabajadores del Colegio de Bachilleres (Cobach), iniciaron este d\u00eda un paro de labores que se extender\u00e1 hasta ma\u00f1ana viernes. La medida sindical se aplica en los 40 planteles del\u2026","rel":"","context":"En &quot;CINTILLO&quot;","block_context":{"text":"CINTILLO","link":"https:\/\/www.grieta.org.mx\/index.php\/category\/cintillo\/"},"img":{"alt_text":"","src":"https:\/\/i0.wp.com\/www.grieta.org.mx\/wp-content\/uploads\/2019\/03\/Inician-paro-de-labores-en-Cobach-slp-mzo.jpeg?resize=350%2C200&ssl=1","width":350,"height":200,"srcset":"https:\/\/i0.wp.com\/www.grieta.org.mx\/wp-content\/uploads\/2019\/03\/Inician-paro-de-labores-en-Cobach-slp-mzo.jpeg?resize=350%2C200&ssl=1 1x, https:\/\/i0.wp.com\/www.grieta.org.mx\/wp-content\/uploads\/2019\/03\/Inician-paro-de-labores-en-Cobach-slp-mzo.jpeg?resize=525%2C300&ssl=1 1.5x, https:\/\/i0.wp.com\/www.grieta.org.mx\/wp-content\/uploads\/2019\/03\/Inician-paro-de-labores-en-Cobach-slp-mzo.jpeg?resize=700%2C400&ssl=1 2x"},"classes":[]},{"id":47122,"url":"https:\/\/www.grieta.org.mx\/index.php\/2020\/03\/31\/se-ensanan-con-costo-del-huevo-en-san-luis-potosi\/","url_meta":{"origin":51163,"position":5},"title":"Se ensa\u00f1an con costo del huevo en San Luis Potos\u00ed","author":"grieta","date":"31 marzo, 2020","format":false,"excerpt":"Redacci\u00f3n\/Quadrat\u00edn SLP 31 marzo 2020 SAN LUIS POTOS\u00cd, SLP., 31 de marzo 2020.- Adem\u00e1s de escaso, el huevo es el producto de primera necesidad que se ha encarecido m\u00e1s de la cuenta en San Luis Potos\u00ed con la contingencia del coronavirus Covid 19, sin que hasta el momento se vea\u2026","rel":"","context":"En &quot;CINTILLO&quot;","block_context":{"text":"CINTILLO","link":"https:\/\/www.grieta.org.mx\/index.php\/category\/cintillo\/"},"img":{"alt_text":"","src":"https:\/\/i0.wp.com\/www.grieta.org.mx\/wp-content\/uploads\/2020\/04\/WhatsApp-Image-2020-03-29-at-3.22.47-PM-1160x700-1.jpeg?resize=350%2C200&ssl=1","width":350,"height":200,"srcset":"https:\/\/i0.wp.com\/www.grieta.org.mx\/wp-content\/uploads\/2020\/04\/WhatsApp-Image-2020-03-29-at-3.22.47-PM-1160x700-1.jpeg?resize=350%2C200&ssl=1 1x, https:\/\/i0.wp.com\/www.grieta.org.mx\/wp-content\/uploads\/2020\/04\/WhatsApp-Image-2020-03-29-at-3.22.47-PM-1160x700-1.jpeg?resize=525%2C300&ssl=1 1.5x, https:\/\/i0.wp.com\/www.grieta.org.mx\/wp-content\/uploads\/2020\/04\/WhatsApp-Image-2020-03-29-at-3.22.47-PM-1160x700-1.jpeg?resize=700%2C400&ssl=1 2x, https:\/\/i0.wp.com\/www.grieta.org.mx\/wp-content\/uploads\/2020\/04\/WhatsApp-Image-2020-03-29-at-3.22.47-PM-1160x700-1.jpeg?resize=1050%2C600&ssl=1 3x"},"classes":[]}],"_links":{"self":[{"href":"https:\/\/www.grieta.org.mx\/index.php\/wp-json\/wp\/v2\/posts\/51163","targetHints":{"allow":["GET"]}}],"collection":[{"href":"https:\/\/www.grieta.org.mx\/index.php\/wp-json\/wp\/v2\/posts"}],"about":[{"href":"https:\/\/www.grieta.org.mx\/index.php\/wp-json\/wp\/v2\/types\/post"}],"author":[{"embeddable":true,"href":"https:\/\/www.grieta.org.mx\/index.php\/wp-json\/wp\/v2\/users\/2"}],"replies":[{"embeddable":true,"href":"https:\/\/www.grieta.org.mx\/index.php\/wp-json\/wp\/v2\/comments?post=51163"}],"version-history":[{"count":1,"href":"https:\/\/www.grieta.org.mx\/index.php\/wp-json\/wp\/v2\/posts\/51163\/revisions"}],"predecessor-version":[{"id":51168,"href":"https:\/\/www.grieta.org.mx\/index.php\/wp-json\/wp\/v2\/posts\/51163\/revisions\/51168"}],"wp:featuredmedia":[{"embeddable":true,"href":"https:\/\/www.grieta.org.mx\/index.php\/wp-json\/wp\/v2\/media\/51167"}],"wp:attachment":[{"href":"https:\/\/www.grieta.org.mx\/index.php\/wp-json\/wp\/v2\/media?parent=51163"}],"wp:term":[{"taxonomy":"category","embeddable":true,"href":"https:\/\/www.grieta.org.mx\/index.php\/wp-json\/wp\/v2\/categories?post=51163"},{"taxonomy":"post_tag","embeddable":true,"href":"https:\/\/www.grieta.org.mx\/index.php\/wp-json\/wp\/v2\/tags?post=51163"}],"curies":[{"name":"wp","href":"https:\/\/api.w.org\/{rel}","templated":true}]}}