{"id":51160,"date":"2020-06-10T13:38:20","date_gmt":"2020-06-10T18:38:20","guid":{"rendered":"http:\/\/www.grieta.org.mx\/?p=51160"},"modified":"2020-06-24T13:44:57","modified_gmt":"2020-06-24T18:44:57","slug":"sindicalistas-exigen-libertad-de-la-abogada-susana-prieto-tamaulipas-baja-california","status":"publish","type":"post","link":"https:\/\/www.grieta.org.mx\/index.php\/2020\/06\/10\/sindicalistas-exigen-libertad-de-la-abogada-susana-prieto-tamaulipas-baja-california\/","title":{"rendered":"Sindicalistas exigen libertad de la abogada Susana Prieto (Tamaulipas, Baja California)"},"content":{"rendered":"<p>Lydiette Carri\u00f3n\/Pie de P\u00e1gina<br \/>\n10 junio 2020<\/p>\n<p><img loading=\"lazy\" decoding=\"async\" data-attachment-id=\"51161\" data-permalink=\"https:\/\/www.grieta.org.mx\/index.php\/2020\/06\/10\/sindicalistas-exigen-libertad-de-la-abogada-susana-prieto-tamaulipas-baja-california\/susana-prieto\/\" data-orig-file=\"https:\/\/www.grieta.org.mx\/wp-content\/uploads\/2020\/06\/Susana-Prieto.jpg\" data-orig-size=\"709,443\" data-comments-opened=\"0\" data-image-meta=\"{&quot;aperture&quot;:&quot;0&quot;,&quot;credit&quot;:&quot;&quot;,&quot;camera&quot;:&quot;&quot;,&quot;caption&quot;:&quot;&quot;,&quot;created_timestamp&quot;:&quot;1591636159&quot;,&quot;copyright&quot;:&quot;&quot;,&quot;focal_length&quot;:&quot;0&quot;,&quot;iso&quot;:&quot;0&quot;,&quot;shutter_speed&quot;:&quot;0&quot;,&quot;title&quot;:&quot;&quot;,&quot;orientation&quot;:&quot;1&quot;}\" data-image-title=\"Susana-Prieto\" data-image-description=\"\" data-image-caption=\"\" data-medium-file=\"https:\/\/www.grieta.org.mx\/wp-content\/uploads\/2020\/06\/Susana-Prieto-300x187.jpg\" data-large-file=\"https:\/\/www.grieta.org.mx\/wp-content\/uploads\/2020\/06\/Susana-Prieto.jpg\" src=\"http:\/\/www.grieta.org.mx\/wp-content\/uploads\/2020\/06\/Susana-Prieto.jpg\" alt=\"\" width=\"709\" height=\"443\" class=\"aligncenter size-full wp-image-51161\" srcset=\"https:\/\/www.grieta.org.mx\/wp-content\/uploads\/2020\/06\/Susana-Prieto.jpg 709w, https:\/\/www.grieta.org.mx\/wp-content\/uploads\/2020\/06\/Susana-Prieto-300x187.jpg 300w\" sizes=\"auto, (max-width: 709px) 100vw, 709px\" \/><br \/>\nFoto: La Verdad<\/p>\n<blockquote><p>La abogada Susana Prieto asesor\u00f3 a los obreros de Matamoros en el movimiento laboral m\u00e1s importante del nuevo milenio, el #2032. El sindicato que crearon preparaba muchas demandas por violaciones laborales durante la cuarentena. Hoy, la abogada est\u00e1 presa y sindicalistas exigen su liberaci\u00f3n<\/p><\/blockquote>\n<p>Esperaron a verla sola. Susana Prieto nunca iba sola. Pero llevaba todo el d\u00eda sin ingerir alimento. Hab\u00eda pasado el d\u00eda junto con sus compa\u00f1eros del Sindicato Nacional Independiente de Trabajadores de Industrias y Servicios (Sinitis 2032), revisando expedientes.<\/p>\n<p>D\u00edas atr\u00e1s, el pasado 6 de junio, el Sinitis 2032 cumpli\u00f3 un a\u00f1o de vida. Ahora en unas oficinas prestadas, el sindicato preparaba muchas demandas: obreros despedidos durante la pandemia, empresas que se negaban a pagar el salario completo durante el confinamiento (un obrero gana el salario m\u00ednimo en la frontera).<\/p>\n<p>As\u00ed lo narr\u00f3 Jaime Requena Guarneros, secretario general del Sindicato, en una conferencia de prensa virtual convocada por la organizaci\u00f3n Mexicali Resiste. \u201cEsto fue premeditado\u201d, advirti\u00f3 Requena Guarneros. Los miembros del sindicato siempre van acompa\u00f1ados y \u201cesta vez ella sali\u00f3 sola\u201d. <\/p>\n<p>La abogada dijo que iba a salir a comer, y a los 10 minutos Susana transmiti\u00f3 en vivo su detenci\u00f3n, sin notificaci\u00f3n ni advertencia alguna. <\/p>\n<p>Requena Guarneros explic\u00f3: \u201cPensamos que esto viene por parte del gobierno del estado [de Tamaulipas]. \u00bfPor qu\u00e9?, porque estamos viendo la parte de los contratos colectivos de las empresas; por las denuncias de los mismos trabajadores, de toda la expropiaci\u00f3n que les hacen\u201d.<\/p>\n<p>Este martes hubo bloqueos carreteros en Matamoros y Baja California en demanda de la liberaci\u00f3n de la abogada.<\/p>\n<p>Violaci\u00f3n de derechos laborales durante cuarentena<br \/>\nDurante el confinamiento, muchas empresas violaron la ley. Por ejemplo que se ten\u00eda que pagar el 100 por ciento del sueldo, muchas empresas pagaron el 50, el 60 por ciento. \u201cPagaron lo que ellos quisieron, con la amenaza de que si no firmas, te despedimos\u201d, explica Requena Guarneros.  \u201cEn Matamoros, por ejemplo, s\u00f3lo deber\u00eda estar trabajando un 35 por ciento de la capacidad\u201d, y no ocurre as\u00ed.<\/p>\n<p>\u201cTenemos muchas demandas interpuestas\u201d, advierte Requena Guarneros, \u201cpero no las hemos podido llevar a cabo, porque se dice que Conciliaci\u00f3n y Arbitraje, se dice que est\u00e1 cerrado, cuando hay empresas que han despedido a la gente, y para eso, s\u00ed est\u00e1n disponibles en Conciliaci\u00f3n y Arbitraje. Entonces, esa es la cuesti\u00f3n: en el gobierno est\u00e1n trabajando o no est\u00e1n trabajando. Porque cuando los despiden los mandan a Conciliaci\u00f3n. Y cuando ponemos las demandas, no est\u00e1n disponibles, porque seg\u00fan ellos est\u00e1n en el protocolo de la cuarentena.\u201d<\/p>\n<p>Pero las irregularidades se dieron y contin\u00faan en toda la franja de frontera. Diana Arangur\u00e9, parte del colectivo Mexicali Resiste, se\u00f1al\u00f3 que el golpe dado a Susana \u201cno es s\u00f3lo dirigido a Susana Prieto  Terrazas. Esto es un golpe al movimiento 2032 y a todos los trabajadores de maquiladoras.\u201d <\/p>\n<p>\u201cTodo mundo sabe que en Matamoros, como Ciudad Ju\u00e1rez y Baja California se estuvieron organizado para defender su salud y su vida contra los patrones que se negaban a cerrar\u2026 el hecho de que Prieto est\u00e9 en la c\u00e1rcel es un golpe a todos los trabajadores. Es por eso que estamos haciendo este acto de solidaridad\u201d. <\/p>\n<p>Arangur\u00e9 a\u00f1adi\u00f3: \u201cEn Mexicali y Tijuana pareciera como si los abogados de las empresas tuvieran el mismo asesor. Tenemos una variedad muy grande  [de irregularidades] dependiendo de las empresas, pero va encaminado a lo  mismo: saltarse el Decreto de Salubridad: seguir trabajando aunque no sean actividades esenciales, y ahorrarse el salario de los trabajadores, o en caso de que est\u00e9n enfermos despedir [a los obreros]. <\/p>\n<p>\u201cTenemos el caso de un compa\u00f1ero de Mexicali, que pidi\u00f3 ir a su casa, se sent\u00eda enfermo, y el fin de semana lleg\u00f3 un miembro de recursos humanos a que firmara su renuncia, y cuando quiso tramitar su incapacidad ante el IMSS result\u00f3 que su patr\u00f3n no lo hab\u00eda dado de alta [ante el Seguro Social], a pesar de que en su tal\u00f3n de pagos le hac\u00edan el descuento\u201d. <\/p>\n<p>Tres semanas antes, en Baja California, la Secretar\u00eda Estatal del Trabajo advirti\u00f3 que de los casi mil muertos entonces por covid-19 en la entidad, m\u00e1s de 432 pertenec\u00edan a la industria maquiladora.<\/p>\n<p>Por la tarde, durante las conferencias que la Secretar\u00eda de Econom\u00eda impulsa, Pie de P\u00e1gina pregunt\u00f3 sobre la situaci\u00f3n de la abogada Prieto Terrazas. La secretaria del Trabajo, Luisa Mar\u00eda Alcalde, se limit\u00f3 a decir que se est\u00e1n haciendo llegar de informaci\u00f3n, proveniente de la fiscal\u00eda estatal para tener m\u00e1s claridad.<\/p>\n<p>M\u00e9xico: con los trabajadores m\u00e1s precarizados<br \/>\nEn un reporte emitido el mes de abril del a\u00f1o 2020 la OCDE -Organizaci\u00f3n para la Cooperaci\u00f3n y el Desarrollo Econ\u00f3mico- se\u00f1ala a M\u00e9xico como el pa\u00eds que paga los salarios m\u00e1s bajos de todo el organismo. Un asalariado mexicano gana un promedio anual de 14 mil 187 d\u00f3lares (Suiza, el m\u00e1s alto, paga en promedio 79 mil 083 d\u00f3lares). Nuestro pa\u00eds es adem\u00e1s el de costo laboral m\u00e1s bajo. Es decir, para los empleadores M\u00e9xico es el lugar en el que menos gastan en impuestos y seguridad social al contratar.<\/p>\n<p>En 2016, la misma OCDE  informaba en otro de sus reportes que, desde 2013, M\u00e9xico es el pa\u00eds miembro en el que los trabajadores laboran durante m\u00e1s horas. Estas cifras muestran a nuestro pa\u00eds como el \u201cpara\u00edso\u201d de la explotaci\u00f3n laboral dentro de la organizaci\u00f3n y de la divisi\u00f3n internacional del trabajo.<\/p>\n<p><a href=\"https:\/\/piedepagina.mx\/sindicalistas-exigen-libertad-de-la-abogada-susana-prieto\/\" rel=\"noopener noreferrer\" target=\"_blank\">https:\/\/piedepagina.mx\/sindicalistas-exigen-libertad-de-la-abogada-susana-prieto\/<\/a><\/p>\n","protected":false},"excerpt":{"rendered":"<p>Lydiette Carri\u00f3n\/Pie de P\u00e1gina 10 junio 2020 Foto: La Verdad La abogada Susana Prieto asesor\u00f3 a los obreros de Matamoros en el movimiento laboral m\u00e1s importante del nuevo milenio, el &hellip; <a href=\"https:\/\/www.grieta.org.mx\/index.php\/2020\/06\/10\/sindicalistas-exigen-libertad-de-la-abogada-susana-prieto-tamaulipas-baja-california\/\" class=\"more-link\">Leer m\u00e1s<\/a><\/p>\n","protected":false},"author":2,"featured_media":51161,"comment_status":"closed","ping_status":"closed","sticky":false,"template":"","format":"standard","meta":{"ngg_post_thumbnail":0,"_jetpack_newsletter_access":"","_jetpack_dont_email_post_to_subs":false,"_jetpack_newsletter_tier_id":0,"_jetpack_memberships_contains_paywalled_content":false,"_jetpack_memberships_contains_paid_content":false,"footnotes":""},"categories":[5,80,1207,3269,3263,910,1137,2011,2,33,83],"tags":[3241,2841,2003,3468,2406,3544],"class_list":["post-51160","post","type-post","status-publish","format-standard","has-post-thumbnail","hentry","category-baja-california","category-cintillo","category-conflictos-laborales-en-baja-california","category-covid-19-en-tamaulipas","category-crisis-covid-19-en-baja-california","category-explotacion-y-precariedad-laboral","category-explotacion-y-precariedad-laboral-en-tamaulipas","category-lucha-de-trabajadores-de-la-industria-maquiladora-en-tamaulipas","category-noticias-nacionales","category-tamaulipas","category-temas-nacionales","tag-covid-19","tag-explotacion-y-precariedad-laboral","tag-maquiladoras","tag-movimiento-20-30","tag-movimiento-obrero","tag-susana-prieto","entry"],"jetpack_featured_media_url":"https:\/\/www.grieta.org.mx\/wp-content\/uploads\/2020\/06\/Susana-Prieto.jpg","jetpack_sharing_enabled":true,"jetpack_shortlink":"https:\/\/wp.me\/p7ZJR4-dja","jetpack_likes_enabled":false,"jetpack-related-posts":[{"id":49705,"url":"https:\/\/www.grieta.org.mx\/index.php\/2020\/05\/19\/trabajadores-de-maquiladoras-en-la-frontera-norte-protestan-ante-reinicio-de-actividades-baja-california-chihuahua-tamaulipas\/","url_meta":{"origin":51160,"position":0},"title":"TRABAJADORES DE MAQUILADORAS EN LA FRONTERA NORTE PROTESTAN ANTE REINICIO DE ACTIVIDADES (Baja California, Chihuahua, Tamaulipas)","author":"grieta","date":"19 mayo, 2020","format":false,"excerpt":"Lucy Sanabria\/Sopitas.com 19 mayo 2020 Foto: Cuatoscuro El gobierno se alista para la \u201cnueva normalidad\u201d, el regreso a las actividades econ\u00f3micas. Sin embargo, \u00bfc\u00f3mo se har\u00e1 la reapertura si en algunas zonas hay un mont\u00f3n de problemas en cuanto a los protocolos de la Emergencia Sanitaria y se han registrado\u2026","rel":"","context":"En &quot;Baja California&quot;","block_context":{"text":"Baja California","link":"https:\/\/www.grieta.org.mx\/index.php\/category\/noticias-nacionales\/baja-california\/"},"img":{"alt_text":"","src":"https:\/\/i0.wp.com\/www.grieta.org.mx\/wp-content\/uploads\/2020\/05\/protestas-maquiladoras-tijuana-baja-california-coronavirus-1110x581.jpeg?resize=350%2C200&ssl=1","width":350,"height":200,"srcset":"https:\/\/i0.wp.com\/www.grieta.org.mx\/wp-content\/uploads\/2020\/05\/protestas-maquiladoras-tijuana-baja-california-coronavirus-1110x581.jpeg?resize=350%2C200&ssl=1 1x, https:\/\/i0.wp.com\/www.grieta.org.mx\/wp-content\/uploads\/2020\/05\/protestas-maquiladoras-tijuana-baja-california-coronavirus-1110x581.jpeg?resize=525%2C300&ssl=1 1.5x, https:\/\/i0.wp.com\/www.grieta.org.mx\/wp-content\/uploads\/2020\/05\/protestas-maquiladoras-tijuana-baja-california-coronavirus-1110x581.jpeg?resize=700%2C400&ssl=1 2x, https:\/\/i0.wp.com\/www.grieta.org.mx\/wp-content\/uploads\/2020\/05\/protestas-maquiladoras-tijuana-baja-california-coronavirus-1110x581.jpeg?resize=1050%2C600&ssl=1 3x"},"classes":[]},{"id":50575,"url":"https:\/\/www.grieta.org.mx\/index.php\/2020\/06\/08\/detienen-a-la-abogada-susana-prieto-en-matamoros-tamaulipas\/","url_meta":{"origin":51160,"position":1},"title":"Detienen a la abogada Susana Prieto en Matamoros (Tamaulipas)","author":"grieta","date":"8 junio, 2020","format":false,"excerpt":"Mar\u00eda L\u00f3pez\/Milenio 8 junio 2020 La misma abogada, quien a trav\u00e9s de una transmisi\u00f3n en vivo a trav\u00e9s de Facebook, inform\u00f3 que polic\u00edas ministeriales le notificaban sobre una orden de aprehensi\u00f3n en su contra. Detienen a la abogada Susana Prieto | Cortes\u00eda Elementos de la Polic\u00eda Ministerial, ejecutaron una orden\u2026","rel":"","context":"En &quot;CINTILLO&quot;","block_context":{"text":"CINTILLO","link":"https:\/\/www.grieta.org.mx\/index.php\/category\/cintillo\/"},"img":{"alt_text":"","src":"https:\/\/i0.wp.com\/www.grieta.org.mx\/wp-content\/uploads\/2020\/06\/detienen-a-la-abogada-susana_54_0_820_510.jpg?resize=350%2C200&ssl=1","width":350,"height":200,"srcset":"https:\/\/i0.wp.com\/www.grieta.org.mx\/wp-content\/uploads\/2020\/06\/detienen-a-la-abogada-susana_54_0_820_510.jpg?resize=350%2C200&ssl=1 1x, https:\/\/i0.wp.com\/www.grieta.org.mx\/wp-content\/uploads\/2020\/06\/detienen-a-la-abogada-susana_54_0_820_510.jpg?resize=525%2C300&ssl=1 1.5x, https:\/\/i0.wp.com\/www.grieta.org.mx\/wp-content\/uploads\/2020\/06\/detienen-a-la-abogada-susana_54_0_820_510.jpg?resize=700%2C400&ssl=1 2x"},"classes":[]},{"id":51508,"url":"https:\/\/www.grieta.org.mx\/index.php\/2020\/07\/01\/liberan-a-susana-prieto-tamaulipas\/","url_meta":{"origin":51160,"position":2},"title":"Liberan a Susana Prieto (Tamaulipas)","author":"grieta","date":"1 julio, 2020","format":false,"excerpt":"Staff\/El Diario de Ju\u00e1rez 1 julio 2020 Ciudad Ju\u00e1rez\u2014 La abogada laborista juarense, Susana Prieto Terrazas abandon\u00f3 esta noche el Centro de Ejecuci\u00f3n de Penas y Sanciones de Ciudad Victoria Tamaulipas y al recobrar su libertad se\u00f1al\u00f3 que fue acusada por delitos que no cometi\u00f3 por entrevistas que hiciera el\u2026","rel":"","context":"En &quot;CINTILLO&quot;","block_context":{"text":"CINTILLO","link":"https:\/\/www.grieta.org.mx\/index.php\/category\/cintillo\/"},"img":{"alt_text":"","src":"https:\/\/i0.wp.com\/www.grieta.org.mx\/wp-content\/uploads\/2020\/07\/20200701092721273-0-1679860.jpg?resize=350%2C200&ssl=1","width":350,"height":200,"srcset":"https:\/\/i0.wp.com\/www.grieta.org.mx\/wp-content\/uploads\/2020\/07\/20200701092721273-0-1679860.jpg?resize=350%2C200&ssl=1 1x, https:\/\/i0.wp.com\/www.grieta.org.mx\/wp-content\/uploads\/2020\/07\/20200701092721273-0-1679860.jpg?resize=525%2C300&ssl=1 1.5x, https:\/\/i0.wp.com\/www.grieta.org.mx\/wp-content\/uploads\/2020\/07\/20200701092721273-0-1679860.jpg?resize=700%2C400&ssl=1 2x"},"classes":[]},{"id":51116,"url":"https:\/\/www.grieta.org.mx\/index.php\/2020\/06\/09\/bloquean-accesos-a-parques-industriales-por-detencion-de-susana-prieto-tamaulipas\/","url_meta":{"origin":51160,"position":3},"title":"Bloquean accesos a parques industriales por detenci\u00f3n de Susana Prieto (Tamaulipas)","author":"grieta","date":"9 junio, 2020","format":false,"excerpt":"Carlos Ju\u00e1rez\/El Heraldo de M\u00e9xico 9 junio 2020 En el lugar permanecen autoridades de la Guardia Nacional, sin embargo no han podido liberar estas v\u00edas federales Estas acciones son en reacci\u00f3n luego de la detenci\u00f3n de Susana Prieto el d\u00eda de ayer por la tarde en esta localidad. Foto: Especial\u2026","rel":"","context":"En &quot;CINTILLO&quot;","block_context":{"text":"CINTILLO","link":"https:\/\/www.grieta.org.mx\/index.php\/category\/cintillo\/"},"img":{"alt_text":"","src":"https:\/\/i0.wp.com\/www.grieta.org.mx\/wp-content\/uploads\/2020\/06\/parques-industriales.jpg?resize=350%2C200&ssl=1","width":350,"height":200,"srcset":"https:\/\/i0.wp.com\/www.grieta.org.mx\/wp-content\/uploads\/2020\/06\/parques-industriales.jpg?resize=350%2C200&ssl=1 1x, https:\/\/i0.wp.com\/www.grieta.org.mx\/wp-content\/uploads\/2020\/06\/parques-industriales.jpg?resize=525%2C300&ssl=1 1.5x, https:\/\/i0.wp.com\/www.grieta.org.mx\/wp-content\/uploads\/2020\/06\/parques-industriales.jpg?resize=700%2C400&ssl=1 2x, https:\/\/i0.wp.com\/www.grieta.org.mx\/wp-content\/uploads\/2020\/06\/parques-industriales.jpg?resize=1050%2C600&ssl=1 3x"},"classes":[]},{"id":32876,"url":"https:\/\/www.grieta.org.mx\/index.php\/2019\/05\/02\/toma-matamoros-movimiento-20-32-tamaulipas\/","url_meta":{"origin":51160,"position":4},"title":"\u00b4Toma\u00b4 Matamoros movimiento 20\/32 (Tamaulipas)","author":"grieta","date":"2 mayo, 2019","format":false,"excerpt":"Miguel Jim\u00e9nez \/ El Ma\u00f1ana Desquician el tr\u00e1fico. Recorren principales avenidas El tr\u00e1fico vehicular en Matamoros fue desquiciado en la ma\u00f1ana por la marcha que encabez\u00f3 Susana Prieto con el movimiento 20\/32, al recorrer las principales avenidas de la ciudad originando el malestar de los automovilistas. Un contingente entre mil\u2026","rel":"","context":"En &quot;CINTILLO&quot;","block_context":{"text":"CINTILLO","link":"https:\/\/www.grieta.org.mx\/index.php\/category\/cintillo\/"},"img":{"alt_text":"","src":"https:\/\/i0.wp.com\/www.grieta.org.mx\/wp-content\/uploads\/2019\/05\/%C2%B4Toma%C2%B4-Matamoros-movimiento-20-32-tama-may.jpg?resize=350%2C200&ssl=1","width":350,"height":200,"srcset":"https:\/\/i0.wp.com\/www.grieta.org.mx\/wp-content\/uploads\/2019\/05\/%C2%B4Toma%C2%B4-Matamoros-movimiento-20-32-tama-may.jpg?resize=350%2C200&ssl=1 1x, https:\/\/i0.wp.com\/www.grieta.org.mx\/wp-content\/uploads\/2019\/05\/%C2%B4Toma%C2%B4-Matamoros-movimiento-20-32-tama-may.jpg?resize=525%2C300&ssl=1 1.5x"},"classes":[]},{"id":50578,"url":"https:\/\/www.grieta.org.mx\/index.php\/2020\/06\/08\/bloquean-carretera-matamoros-victoria-por-detencion-de-abogada-susana-prieto-tamaulipas\/","url_meta":{"origin":51160,"position":5},"title":"Bloquean carretera Matamoros-Victoria por detenci\u00f3n de abogada Susana Prieto (Tamaulipas)","author":"grieta","date":"8 junio, 2020","format":false,"excerpt":"Sandra Tovar\/El Universal 8 junio 2020 Trabajadores y simpatizantes del movimiento 20\/32 hab\u00edan acudido a las instalaciones de la Fiscal\u00eda de Tamaulipas, donde esperaban su liberaci\u00f3n Matamoros, Tamaulipas.- Trabajadores de maquiladoras y simpatizantes del movimiento 20\/32, bloquearon la carretera Matamoros-Victoria, como protesta por la detenci\u00f3n de la abogada Susana Prieto\u2026","rel":"","context":"En &quot;CINTILLO&quot;","block_context":{"text":"CINTILLO","link":"https:\/\/www.grieta.org.mx\/index.php\/category\/cintillo\/"},"img":{"alt_text":"","src":"https:\/\/i0.wp.com\/www.grieta.org.mx\/wp-content\/uploads\/2020\/06\/bloqueo-obrero.png?resize=350%2C200&ssl=1","width":350,"height":200,"srcset":"https:\/\/i0.wp.com\/www.grieta.org.mx\/wp-content\/uploads\/2020\/06\/bloqueo-obrero.png?resize=350%2C200&ssl=1 1x, https:\/\/i0.wp.com\/www.grieta.org.mx\/wp-content\/uploads\/2020\/06\/bloqueo-obrero.png?resize=525%2C300&ssl=1 1.5x"},"classes":[]}],"_links":{"self":[{"href":"https:\/\/www.grieta.org.mx\/index.php\/wp-json\/wp\/v2\/posts\/51160","targetHints":{"allow":["GET"]}}],"collection":[{"href":"https:\/\/www.grieta.org.mx\/index.php\/wp-json\/wp\/v2\/posts"}],"about":[{"href":"https:\/\/www.grieta.org.mx\/index.php\/wp-json\/wp\/v2\/types\/post"}],"author":[{"embeddable":true,"href":"https:\/\/www.grieta.org.mx\/index.php\/wp-json\/wp\/v2\/users\/2"}],"replies":[{"embeddable":true,"href":"https:\/\/www.grieta.org.mx\/index.php\/wp-json\/wp\/v2\/comments?post=51160"}],"version-history":[{"count":1,"href":"https:\/\/www.grieta.org.mx\/index.php\/wp-json\/wp\/v2\/posts\/51160\/revisions"}],"predecessor-version":[{"id":51162,"href":"https:\/\/www.grieta.org.mx\/index.php\/wp-json\/wp\/v2\/posts\/51160\/revisions\/51162"}],"wp:featuredmedia":[{"embeddable":true,"href":"https:\/\/www.grieta.org.mx\/index.php\/wp-json\/wp\/v2\/media\/51161"}],"wp:attachment":[{"href":"https:\/\/www.grieta.org.mx\/index.php\/wp-json\/wp\/v2\/media?parent=51160"}],"wp:term":[{"taxonomy":"category","embeddable":true,"href":"https:\/\/www.grieta.org.mx\/index.php\/wp-json\/wp\/v2\/categories?post=51160"},{"taxonomy":"post_tag","embeddable":true,"href":"https:\/\/www.grieta.org.mx\/index.php\/wp-json\/wp\/v2\/tags?post=51160"}],"curies":[{"name":"wp","href":"https:\/\/api.w.org\/{rel}","templated":true}]}}