{"id":51157,"date":"2020-06-10T13:16:03","date_gmt":"2020-06-10T18:16:03","guid":{"rendered":"http:\/\/www.grieta.org.mx\/?p=51157"},"modified":"2020-06-24T13:33:15","modified_gmt":"2020-06-24T18:33:15","slug":"criminalizan-a-defensora-que-denuncio-abusos-por-covid-de-duenos-de-maquiladoras-en-tamaulipas","status":"publish","type":"post","link":"https:\/\/www.grieta.org.mx\/index.php\/2020\/06\/10\/criminalizan-a-defensora-que-denuncio-abusos-por-covid-de-duenos-de-maquiladoras-en-tamaulipas\/","title":{"rendered":"Criminalizan a defensora que denunci\u00f3 abusos por COVID de due\u00f1os de maquiladoras en Tamaulipas"},"content":{"rendered":"<p>PeriodistasDigitales\/Plumas Libres<br \/>\n10 junio 2020<\/p>\n<p><img loading=\"lazy\" decoding=\"async\" data-attachment-id=\"51158\" data-permalink=\"https:\/\/www.grieta.org.mx\/index.php\/2020\/06\/10\/criminalizan-a-defensora-que-denuncio-abusos-por-covid-de-duenos-de-maquiladoras-en-tamaulipas\/susana\/\" data-orig-file=\"https:\/\/www.grieta.org.mx\/wp-content\/uploads\/2020\/06\/SUSANA-.jpg\" data-orig-size=\"421,569\" data-comments-opened=\"0\" data-image-meta=\"{&quot;aperture&quot;:&quot;0&quot;,&quot;credit&quot;:&quot;&quot;,&quot;camera&quot;:&quot;&quot;,&quot;caption&quot;:&quot;&quot;,&quot;created_timestamp&quot;:&quot;0&quot;,&quot;copyright&quot;:&quot;&quot;,&quot;focal_length&quot;:&quot;0&quot;,&quot;iso&quot;:&quot;0&quot;,&quot;shutter_speed&quot;:&quot;0&quot;,&quot;title&quot;:&quot;&quot;,&quot;orientation&quot;:&quot;0&quot;}\" data-image-title=\"SUSANA-\" data-image-description=\"\" data-image-caption=\"\" data-medium-file=\"https:\/\/www.grieta.org.mx\/wp-content\/uploads\/2020\/06\/SUSANA--222x300.jpg\" data-large-file=\"https:\/\/www.grieta.org.mx\/wp-content\/uploads\/2020\/06\/SUSANA-.jpg\" src=\"http:\/\/www.grieta.org.mx\/wp-content\/uploads\/2020\/06\/SUSANA-.jpg\" alt=\"\" width=\"421\" height=\"569\" class=\"aligncenter size-full wp-image-51158\" srcset=\"https:\/\/www.grieta.org.mx\/wp-content\/uploads\/2020\/06\/SUSANA-.jpg 421w, https:\/\/www.grieta.org.mx\/wp-content\/uploads\/2020\/06\/SUSANA--222x300.jpg 222w, https:\/\/www.grieta.org.mx\/wp-content\/uploads\/2020\/06\/SUSANA--370x500.jpg 370w\" sizes=\"auto, (max-width: 421px) 100vw, 421px\" \/><br \/>\nLa abogada denunci\u00f3 que los maquiladores obligaron a trabajar a miles de personas sin ofrecerles protecci\u00f3n contra COVID ni sana distancia. El gobierno de Tamaulipas, orden\u00f3 el arresto<\/p>\n<p>Ciudad de M\u00e9xico. La defensora de los derechos laborales de personas obreras y asesora legal del Sindicato Nacional Independiente de Trabajadores de Industrias y Servicios (SNITIS), Susana  Terrazas, fue detenida en Matamoros, Tamaulipas, acusada de \u201cdelitos cometidos en contra de servidores p\u00fablicos, mot\u00edn, amenazas y coacci\u00f3n de particulares\u201d.<\/p>\n<p>La detenci\u00f3n ocurri\u00f3 en el contexto de abusos laborales que se han registrado contra las y los trabajadores de las maquilas durante la pandemia en el norte del pa\u00eds, mismos que la litigante ha denunciado p\u00fablicamente y acompa\u00f1ada legalmente.<\/p>\n<p>Este lunes, 8 de junio, el gobierno de esa entidad gir\u00f3 una orden de aprehensi\u00f3n en contra de Prieto Terrazas por presuntos \u201cdelitos cometidos en contra de servidores p\u00fablicos, mot\u00edn, amenazas y coacci\u00f3n de particulares\u201d,de acuerdo con un comunicado emitido por la Fiscal\u00eda General de Tamaulipas.<\/p>\n<p>\u201cUn Juez de Control emiti\u00f3 el mandato judicial ejecutado por los agentes investigadores despu\u00e9s de que se presentaran los elementos de prueba suficientes que implican a la detenida en los citados delitos registrados en la Avenida \u00c1lvaro Obreg\u00f3n de la colonia Jard\u00edn de este municipio. Susana \u201cP\u201d ser\u00e1 puesta a disposici\u00f3n del Poder Judicial, que en breve determinar\u00e1 su situaci\u00f3n jur\u00eddica\u201d, dice el comunicado. Al cierre de esta edici\u00f3n se desconoce la situaci\u00f3n jur\u00eddica de la defensora y los detalles de los delitos por los que se le acusa.<\/p>\n<blockquote><p>Criminalizan a defensora, aseguran <\/p><\/blockquote>\n<p>La propia  Terrazas transmiti\u00f3 en sus redes sociales un video en vivo de su detenci\u00f3n. Ah\u00ed expres\u00f3: \u201cEl gobernador del estado, yo sab\u00eda que tarde que temprano iba a hacer esto. Estoy siendo aprehendida\u201d.<\/p>\n<p>Prieto es asesora legal y acompa\u00f1ante de personas obreras que desde 2019,  integradas en el Movimiento 20\/30, han defendido sus derechos laborales. De acuerdo con un comunicado firmado por decenas de colectivos y asociaciones gremiales que respaldan a Prieto, el Movimiento 20\/30 denunci\u00f3 en el pasado la manera en que las empresas en el norte de M\u00e9xico explotan a las y los trabajadores y violan sistem\u00e1ticamente sus derechos. Desde entonces, dijeron, la abogada es hostigada y amenazada por diversas autoridades locales y federales, empresas maquiladoras y de servicios, as\u00ed como de l\u00edderes de sindicatos charros, adem\u00e1s de sufrir un hostigamiento constante en sus redes sociales.<\/p>\n<p>Las organizaciones firmantes, entre las que est\u00e1 Colectivo Ollin Calli Tijuana A.C.<br \/>\ny Agrupaci\u00f3n de Lucha Socialista, dijeron que su detenci\u00f3n es una acci\u00f3n m\u00e1s de represi\u00f3n de la lucha social y la defensa de la clase obrera. \u201cEsta es una afrenta directa a todas las y los trabajadores que hist\u00f3ricamente han visto machacados sus derechos y dignidad, por lo que exigimos la inmediata liberaci\u00f3n de Susana  y responsabilizamos al gobernador de Tamaulipas, Francisco Javier Garc\u00eda Cabeza de Vaca; ; al Fiscal General de Justicia de Tamaulipas, Irving Barrios Mojica, y al gobierno federal, de lo que pueda ocurrir con la integridad f\u00edsica y psicol\u00f3gica de la compa\u00f1era\u201d, expresaron.<\/p>\n<p>Las organizaciones tambi\u00e9n responsabilizaron de la criminalizaci\u00f3n contra Prieto a directivos de Fisher, Kongsberg, BCS Electr\u00f3nica, Nexos Magn\u00e9ticus, Lexmark, DURA, Electrolux, TPI, Tridonex, MERIT, Kongsberg, BVI Visitec entre otras, as\u00ed como a l\u00edderes sindicales como Juan Villafuerte, del Sindicato de Jornaleros y Obreros Industriales y de la Industria Maquiladora (SJOIIM) y Agapito Gonz\u00e1lez, del Sindicato de Jornaleros y Obreros Industriales (SJOI).<\/p>\n<p>Desde que inici\u00f3 la pandemia, la abogada ha denunciado en distintos medios de comunicaci\u00f3n y en sus redes sociales los despidos injustificados, bajas salariales, ausencia de protecci\u00f3n para el trabajo y otros abusos laborales que han cometido empresas maquiladoras en el norte del pa\u00eds contra las y los obreros.<\/p>\n<p>El pasado 17 de abril, Prieto concedi\u00f3 una entrevista a Cimacnoticias en la que dijo que ha recibido denuncias por parte de trabajadoras y trabajadores de maquilas en Matamoros, Reynosa, y Ciudad Ju\u00e1rez, Chihuahua, por violar el decreto nacional del 30 de marzo al aglomerar a miles de personas en cada turno laboral. De acuerdo con la abogada, en el caso de mujeres embarazadas, adultas mayores y con otros factores de riesgo, los empleadores las obligaron a tomar sus vacaciones y d\u00edas de descanso como parte de la cuarentena; en otro caso, se les orill\u00f3 a firmar convenios sin goce de sueldo o con salarios disminuidos.<\/p>\n<p>La abogada asegur\u00f3 que tambi\u00e9n acompa\u00f1\u00f3 el caso de una trabajadora en periodo de lactancia, a quien inicialmente se le impidi\u00f3 ir a su casa a pesar de presentar s\u00edntomas de contagio. Luego de insistir mucho y de que su hijo enfermara, la mujer consigui\u00f3 que el IMSS le concediera una licencia de incapacidad de 11 d\u00edas pero con un sueldo disminuido. Entre las empresas que m\u00e1s han denunciado violaciones laborales por despidos masivos o por no frenar laborales, de acuerdo con la abogada, est\u00e1 Electrocomponentes de M\u00e9xico y Electroluz, que fabrican bandas de electrodom\u00e9sticos, considerados no esenciales durante esta emergencia. <\/p>\n<p>La abogada explic\u00f3 que en el norte del pa\u00eds la mano de obra femenina sigue siendo m\u00e1s barata, no m\u00e1s de 390 pesos, lo que profundiza sus condiciones de vulnerabilidad durante esta pandemia. Otra caracter\u00edstica de ese sector, es que miles de obreras son migrantes, quienes llegan a trabajar a Chihuahua sin una familia o solas con sus hijos. Aunque se orden\u00f3 a nivel federal que las estancias infantiles permanecieran abiertas, de acuerdo con la defensora de los derechos laborales, todas las guarder\u00edas en esa entidad permanecen cerradas.<\/p>\n<p>El pasado 7 de junio, Prieto public\u00f3 en sus redes sociales que se logr\u00f3 que la empresa Fisher pagara a las y los obreros, miembros de SNITIS, la diferencia del 40 por ciento entre el salario que recibieron durante la pandemia y el que debieron pagarles. D\u00edas despu\u00e9s, la empresa desconoci\u00f3 al sindicato. Prieto tambi\u00e9n inform\u00f3 sobre la muerte de un trabajador, de otra empresa, presuntamente por COVID, y convoc\u00f3 a distintas movilizaciones para exigir el reconocimiento de los derechos laborales.<\/p>\n<p>Tras conocer sobre la detenci\u00f3n, varias personas se manifestaron este 9 de junio en Ciudad Ju\u00e1rez, Chihuahua, y la Ciudad de M\u00e9xico por la liberaci\u00f3n de la abogada.<\/p>\n<p><a href=\"https:\/\/plumaslibres.com.mx\/2020\/06\/10\/criminalizan-a-defensora-que-denuncio-abusos-por-covid-de-duenos-de-maquiladoras-en-tamaulipas\/\" rel=\"noopener noreferrer\" target=\"_blank\">https:\/\/plumaslibres.com.mx\/2020\/06\/10\/criminalizan-a-defensora-que-denuncio-abusos-por-covid-de-duenos-de-maquiladoras-en-tamaulipas\/<\/a><\/p>\n","protected":false},"excerpt":{"rendered":"<p>PeriodistasDigitales\/Plumas Libres 10 junio 2020 La abogada denunci\u00f3 que los maquiladores obligaron a trabajar a miles de personas sin ofrecerles protecci\u00f3n contra COVID ni sana distancia. El gobierno de Tamaulipas, &hellip; <a href=\"https:\/\/www.grieta.org.mx\/index.php\/2020\/06\/10\/criminalizan-a-defensora-que-denuncio-abusos-por-covid-de-duenos-de-maquiladoras-en-tamaulipas\/\" class=\"more-link\">Leer m\u00e1s<\/a><\/p>\n","protected":false},"author":2,"featured_media":51158,"comment_status":"closed","ping_status":"closed","sticky":false,"template":"","format":"standard","meta":{"ngg_post_thumbnail":0,"_jetpack_newsletter_access":"","_jetpack_dont_email_post_to_subs":false,"_jetpack_newsletter_tier_id":0,"_jetpack_memberships_contains_paywalled_content":false,"_jetpack_memberships_contains_paid_content":false,"footnotes":""},"categories":[80,3269,910,1137,2011,2,33,83],"tags":[3050,3241,2841,2003,3468,2406,3544],"class_list":["post-51157","post","type-post","status-publish","format-standard","has-post-thumbnail","hentry","category-cintillo","category-covid-19-en-tamaulipas","category-explotacion-y-precariedad-laboral","category-explotacion-y-precariedad-laboral-en-tamaulipas","category-lucha-de-trabajadores-de-la-industria-maquiladora-en-tamaulipas","category-noticias-nacionales","category-tamaulipas","category-temas-nacionales","tag-afectaciones-a-la-salud-de-trabajadores-de-maquiladoras","tag-covid-19","tag-explotacion-y-precariedad-laboral","tag-maquiladoras","tag-movimiento-20-30","tag-movimiento-obrero","tag-susana-prieto","entry"],"jetpack_featured_media_url":"https:\/\/www.grieta.org.mx\/wp-content\/uploads\/2020\/06\/SUSANA-.jpg","jetpack_sharing_enabled":true,"jetpack_shortlink":"https:\/\/wp.me\/p7ZJR4-dj7","jetpack_likes_enabled":false,"jetpack-related-posts":[{"id":52279,"url":"https:\/\/www.grieta.org.mx\/index.php\/2020\/07\/22\/denuncian-a-maquiladoras-por-incumplir-medidas-sanitarias\/","url_meta":{"origin":51157,"position":0},"title":"Denuncian a maquiladoras por incumplir medidas sanitarias (Tamaulipas)","author":"grieta","date":"22 julio, 2020","format":false,"excerpt":"Carolina Garza\/Milenio 22 julio 2020 En Reynosa m\u00e1s de 400 empresas enfrentan procesos legales. Maquiladoras de Reynosa en tiempos de covid-19 | Cortes\u00eda Los despachos jur\u00eddicos de Reynosa se saturan de demandas por trabajadores del sector industrial en donde se\u00f1alan, incumplen con las medidas de sanidad. El abogado Javier Gerardo\u2026","rel":"","context":"En &quot;CINTILLO&quot;","block_context":{"text":"CINTILLO","link":"https:\/\/www.grieta.org.mx\/index.php\/category\/cintillo\/"},"img":{"alt_text":"","src":"https:\/\/i0.wp.com\/www.grieta.org.mx\/wp-content\/uploads\/2020\/08\/maquiladoras-de-reynosa-en-tiempos.jpg?resize=350%2C200&ssl=1","width":350,"height":200,"srcset":"https:\/\/i0.wp.com\/www.grieta.org.mx\/wp-content\/uploads\/2020\/08\/maquiladoras-de-reynosa-en-tiempos.jpg?resize=350%2C200&ssl=1 1x, https:\/\/i0.wp.com\/www.grieta.org.mx\/wp-content\/uploads\/2020\/08\/maquiladoras-de-reynosa-en-tiempos.jpg?resize=525%2C300&ssl=1 1.5x, https:\/\/i0.wp.com\/www.grieta.org.mx\/wp-content\/uploads\/2020\/08\/maquiladoras-de-reynosa-en-tiempos.jpg?resize=700%2C400&ssl=1 2x"},"classes":[]},{"id":49620,"url":"https:\/\/www.grieta.org.mx\/index.php\/2020\/05\/14\/denuncian-boletineo-de-personal-en-maquiladoras-de-nuevo-laredo\/","url_meta":{"origin":51157,"position":1},"title":"Denuncian boletineo de personal en maquiladoras de Nuevo Laredo","author":"grieta","date":"14 mayo, 2020","format":false,"excerpt":"Mario Portillo\/Hoy T.am 14 mayo 2020 Nuevo Laredo, Tamaulipas. \u2013 El subsecretario de Trabajo del Sindicato Nacional de Infraestructura, H\u00e9ctor de la Cruz N\u00fa\u00f1ez, denunci\u00f3 acoso a los trabajadores despedidos de Modine. Coment\u00f3 que las personas han batallado para encontrar trabajo, ya que asegur\u00f3, las empresas los tienen boletinados, un\u2026","rel":"","context":"En &quot;CINTILLO&quot;","block_context":{"text":"CINTILLO","link":"https:\/\/www.grieta.org.mx\/index.php\/category\/cintillo\/"},"img":{"alt_text":"","src":"https:\/\/i0.wp.com\/www.grieta.org.mx\/wp-content\/uploads\/2020\/05\/Denuncian-boletineo-de-personal-en-maquiladoras-de-Nuevo-Laredo.jpg?resize=350%2C200&ssl=1","width":350,"height":200,"srcset":"https:\/\/i0.wp.com\/www.grieta.org.mx\/wp-content\/uploads\/2020\/05\/Denuncian-boletineo-de-personal-en-maquiladoras-de-Nuevo-Laredo.jpg?resize=350%2C200&ssl=1 1x, https:\/\/i0.wp.com\/www.grieta.org.mx\/wp-content\/uploads\/2020\/05\/Denuncian-boletineo-de-personal-en-maquiladoras-de-Nuevo-Laredo.jpg?resize=525%2C300&ssl=1 1.5x, https:\/\/i0.wp.com\/www.grieta.org.mx\/wp-content\/uploads\/2020\/05\/Denuncian-boletineo-de-personal-en-maquiladoras-de-Nuevo-Laredo.jpg?resize=700%2C400&ssl=1 2x"},"classes":[]},{"id":51361,"url":"https:\/\/www.grieta.org.mx\/index.php\/2020\/06\/21\/maquiladoras-registran-258-obreros-con-covid-tamaulipas\/","url_meta":{"origin":51157,"position":2},"title":"Maquiladoras registran 258 obreros con Covid (Tamaulipas)","author":"grieta","date":"21 junio, 2020","format":false,"excerpt":"Lupita \u00c1lvarez\/En L\u00ednea Directa 21 junio 2020 -El 7% de los enfermos han fallecido. Foto: Tomada de En L\u00ednea Directa Cd. Victoria, Tamaulipas._ Al menos 258 personas que laboran en diferentes industrias maquiladoras de la entidad han sido detectados con coronavirus. De acuerdo a la Secretar\u00eda de Salud no s\u00f3lo\u2026","rel":"","context":"En &quot;CINTILLO&quot;","block_context":{"text":"CINTILLO","link":"https:\/\/www.grieta.org.mx\/index.php\/category\/cintillo\/"},"img":{"alt_text":"","src":"https:\/\/i0.wp.com\/www.grieta.org.mx\/wp-content\/uploads\/2020\/06\/Covid_maquiladora21062020.jpg?resize=350%2C200&ssl=1","width":350,"height":200,"srcset":"https:\/\/i0.wp.com\/www.grieta.org.mx\/wp-content\/uploads\/2020\/06\/Covid_maquiladora21062020.jpg?resize=350%2C200&ssl=1 1x, https:\/\/i0.wp.com\/www.grieta.org.mx\/wp-content\/uploads\/2020\/06\/Covid_maquiladora21062020.jpg?resize=525%2C300&ssl=1 1.5x, https:\/\/i0.wp.com\/www.grieta.org.mx\/wp-content\/uploads\/2020\/06\/Covid_maquiladora21062020.jpg?resize=700%2C400&ssl=1 2x"},"classes":[]},{"id":49705,"url":"https:\/\/www.grieta.org.mx\/index.php\/2020\/05\/19\/trabajadores-de-maquiladoras-en-la-frontera-norte-protestan-ante-reinicio-de-actividades-baja-california-chihuahua-tamaulipas\/","url_meta":{"origin":51157,"position":3},"title":"TRABAJADORES DE MAQUILADORAS EN LA FRONTERA NORTE PROTESTAN ANTE REINICIO DE ACTIVIDADES (Baja California, Chihuahua, Tamaulipas)","author":"grieta","date":"19 mayo, 2020","format":false,"excerpt":"Lucy Sanabria\/Sopitas.com 19 mayo 2020 Foto: Cuatoscuro El gobierno se alista para la \u201cnueva normalidad\u201d, el regreso a las actividades econ\u00f3micas. Sin embargo, \u00bfc\u00f3mo se har\u00e1 la reapertura si en algunas zonas hay un mont\u00f3n de problemas en cuanto a los protocolos de la Emergencia Sanitaria y se han registrado\u2026","rel":"","context":"En &quot;Baja California&quot;","block_context":{"text":"Baja California","link":"https:\/\/www.grieta.org.mx\/index.php\/category\/noticias-nacionales\/baja-california\/"},"img":{"alt_text":"","src":"https:\/\/i0.wp.com\/www.grieta.org.mx\/wp-content\/uploads\/2020\/05\/protestas-maquiladoras-tijuana-baja-california-coronavirus-1110x581.jpeg?resize=350%2C200&ssl=1","width":350,"height":200,"srcset":"https:\/\/i0.wp.com\/www.grieta.org.mx\/wp-content\/uploads\/2020\/05\/protestas-maquiladoras-tijuana-baja-california-coronavirus-1110x581.jpeg?resize=350%2C200&ssl=1 1x, https:\/\/i0.wp.com\/www.grieta.org.mx\/wp-content\/uploads\/2020\/05\/protestas-maquiladoras-tijuana-baja-california-coronavirus-1110x581.jpeg?resize=525%2C300&ssl=1 1.5x, https:\/\/i0.wp.com\/www.grieta.org.mx\/wp-content\/uploads\/2020\/05\/protestas-maquiladoras-tijuana-baja-california-coronavirus-1110x581.jpeg?resize=700%2C400&ssl=1 2x, https:\/\/i0.wp.com\/www.grieta.org.mx\/wp-content\/uploads\/2020\/05\/protestas-maquiladoras-tijuana-baja-california-coronavirus-1110x581.jpeg?resize=1050%2C600&ssl=1 3x"},"classes":[]},{"id":49592,"url":"https:\/\/www.grieta.org.mx\/index.php\/2020\/05\/04\/maquiladoras-violan-acuerdo-de-cuarentena-y-abrieron-operaciones-tamaulipas\/","url_meta":{"origin":51157,"position":4},"title":"Maquiladoras violan acuerdo de cuarentena y abrieron operaciones (Tamaulipas)","author":"grieta","date":"4 mayo, 2020","format":false,"excerpt":"Armando Sandoval\/Notigape 4 mayo 2020 Pese a que se hizo un alargue de la cuarentena por parte de las autoridades federales hasta el 30 de este mes de mayo, muchas empresas maquiladoras de esta ciudad pr\u00e1cticamente obligaron a que sus trabajadores retomaran sus actividades en el inicio de esta semana,\u2026","rel":"","context":"En &quot;CINTILLO&quot;","block_context":{"text":"CINTILLO","link":"https:\/\/www.grieta.org.mx\/index.php\/category\/cintillo\/"},"img":{"alt_text":"","src":"https:\/\/i0.wp.com\/www.grieta.org.mx\/wp-content\/uploads\/2020\/05\/8yCm0apOqNx2VNAFWBse.png?resize=350%2C200&ssl=1","width":350,"height":200,"srcset":"https:\/\/i0.wp.com\/www.grieta.org.mx\/wp-content\/uploads\/2020\/05\/8yCm0apOqNx2VNAFWBse.png?resize=350%2C200&ssl=1 1x, https:\/\/i0.wp.com\/www.grieta.org.mx\/wp-content\/uploads\/2020\/05\/8yCm0apOqNx2VNAFWBse.png?resize=525%2C300&ssl=1 1.5x, https:\/\/i0.wp.com\/www.grieta.org.mx\/wp-content\/uploads\/2020\/05\/8yCm0apOqNx2VNAFWBse.png?resize=700%2C400&ssl=1 2x"},"classes":[]},{"id":29815,"url":"https:\/\/www.grieta.org.mx\/index.php\/2019\/03\/01\/suman-4-mil-obreros-dados-de-baja-en-maquiladoras-de-matamoros-tamaulipas\/","url_meta":{"origin":51157,"position":5},"title":"Suman 4 mil obreros dados de baja en maquiladoras de Matamoros (Tamaulipas)","author":"grieta","date":"1 marzo, 2019","format":false,"excerpt":"Miguel Jim\u00e9nez \/ El Ma\u00f1ana Tres empresas se mantienen firmes en salir tras los \u00b4paros locos\u00b4 Matamoros, Tam. La Confederaci\u00f3n Patronal de la Rep\u00fablica Mexicana (Coparmex), confirm\u00f3 que ya son cuatro mil los obreros que han sido dados de baja en la industria maquiladora luego de las huelgas y \"paros\u2026","rel":"","context":"En &quot;CINTILLO&quot;","block_context":{"text":"CINTILLO","link":"https:\/\/www.grieta.org.mx\/index.php\/category\/cintillo\/"},"img":{"alt_text":"","src":"https:\/\/i0.wp.com\/www.grieta.org.mx\/wp-content\/uploads\/2019\/03\/Suman-4-mil-obreros-dados-de-baja-en-maquiladoras-de-Matamoros-tama-mzo.jpg?resize=350%2C200","width":350,"height":200},"classes":[]}],"_links":{"self":[{"href":"https:\/\/www.grieta.org.mx\/index.php\/wp-json\/wp\/v2\/posts\/51157","targetHints":{"allow":["GET"]}}],"collection":[{"href":"https:\/\/www.grieta.org.mx\/index.php\/wp-json\/wp\/v2\/posts"}],"about":[{"href":"https:\/\/www.grieta.org.mx\/index.php\/wp-json\/wp\/v2\/types\/post"}],"author":[{"embeddable":true,"href":"https:\/\/www.grieta.org.mx\/index.php\/wp-json\/wp\/v2\/users\/2"}],"replies":[{"embeddable":true,"href":"https:\/\/www.grieta.org.mx\/index.php\/wp-json\/wp\/v2\/comments?post=51157"}],"version-history":[{"count":1,"href":"https:\/\/www.grieta.org.mx\/index.php\/wp-json\/wp\/v2\/posts\/51157\/revisions"}],"predecessor-version":[{"id":51159,"href":"https:\/\/www.grieta.org.mx\/index.php\/wp-json\/wp\/v2\/posts\/51157\/revisions\/51159"}],"wp:featuredmedia":[{"embeddable":true,"href":"https:\/\/www.grieta.org.mx\/index.php\/wp-json\/wp\/v2\/media\/51158"}],"wp:attachment":[{"href":"https:\/\/www.grieta.org.mx\/index.php\/wp-json\/wp\/v2\/media?parent=51157"}],"wp:term":[{"taxonomy":"category","embeddable":true,"href":"https:\/\/www.grieta.org.mx\/index.php\/wp-json\/wp\/v2\/categories?post=51157"},{"taxonomy":"post_tag","embeddable":true,"href":"https:\/\/www.grieta.org.mx\/index.php\/wp-json\/wp\/v2\/tags?post=51157"}],"curies":[{"name":"wp","href":"https:\/\/api.w.org\/{rel}","templated":true}]}}