{"id":51153,"date":"2020-06-19T09:45:20","date_gmt":"2020-06-19T14:45:20","guid":{"rendered":"http:\/\/www.grieta.org.mx\/?p=51153"},"modified":"2020-06-23T09:52:58","modified_gmt":"2020-06-23T14:52:58","slug":"tren-maya-manifestacion-de-impacto-ambiental-no-contempla-polos-de-desarrollo","status":"publish","type":"post","link":"https:\/\/www.grieta.org.mx\/index.php\/2020\/06\/19\/tren-maya-manifestacion-de-impacto-ambiental-no-contempla-polos-de-desarrollo\/","title":{"rendered":"Tren Maya: Manifestaci\u00f3n de Impacto Ambiental no contempla polos de desarrollo"},"content":{"rendered":"<p><img loading=\"lazy\" decoding=\"async\" data-attachment-id=\"51154\" data-permalink=\"https:\/\/www.grieta.org.mx\/index.php\/2020\/06\/19\/tren-maya-manifestacion-de-impacto-ambiental-no-contempla-polos-de-desarrollo\/default-4\/\" data-orig-file=\"https:\/\/www.grieta.org.mx\/wp-content\/uploads\/2020\/06\/Carretera_federal307_Bacalar_quintanaRoo_Lucia-Vergara-e1592923703711.jpg\" data-orig-size=\"800,500\" data-comments-opened=\"0\" data-image-meta=\"{&quot;aperture&quot;:&quot;2.8&quot;,&quot;credit&quot;:&quot;&quot;,&quot;camera&quot;:&quot;FC2204&quot;,&quot;caption&quot;:&quot;default&quot;,&quot;created_timestamp&quot;:&quot;1543923577&quot;,&quot;copyright&quot;:&quot;&quot;,&quot;focal_length&quot;:&quot;4.386&quot;,&quot;iso&quot;:&quot;100&quot;,&quot;shutter_speed&quot;:&quot;0.0008&quot;,&quot;title&quot;:&quot;default&quot;,&quot;orientation&quot;:&quot;1&quot;}\" data-image-title=\"default\" data-image-description=\"\" data-image-caption=\"&lt;p&gt;default&lt;\/p&gt;\n\" data-medium-file=\"https:\/\/www.grieta.org.mx\/wp-content\/uploads\/2020\/06\/Carretera_federal307_Bacalar_quintanaRoo_Lucia-Vergara-300x188.jpg\" data-large-file=\"https:\/\/www.grieta.org.mx\/wp-content\/uploads\/2020\/06\/Carretera_federal307_Bacalar_quintanaRoo_Lucia-Vergara-1024x640.jpg\" src=\"http:\/\/www.grieta.org.mx\/wp-content\/uploads\/2020\/06\/Carretera_federal307_Bacalar_quintanaRoo_Lucia-Vergara-e1592923703711.jpg\" alt=\"\" width=\"800\" height=\"500\" class=\"size-full wp-image-51154\" \/><br \/>\nRicardo Hern\u00e1ndez Ruiz \/ Foto: Luc\u00eda Vergara \/ Pie de P\u00e1gina<\/p>\n<blockquote><p>La Manifestaci\u00f3n de Impacto Ambiental del Tren Maya, presentada esta semana, no contempla los da\u00f1os que puedan causar los complejos urbanos que se construyan alrededor de las estaciones ferroviarias, desde hoteles y restaurantes hasta centrales de autobuses y dem\u00e1s locales comerciales. Esa responsabilidad recaer\u00e1 en manos de los gobiernos estatales y municipales<\/p><\/blockquote>\n<p>Las Manifestaciones de Impacto Ambiental (MIA) del Tren Maya que el Fondo Nacional de Fomento al Turismo (Fonatur) someta a evaluaci\u00f3n no contemplar\u00e1n los eventuales da\u00f1os que causen los polos de desarrollo a construir en cada estaci\u00f3n ferroviaria, reconoci\u00f3 Luis Miguel del Villar Ponce, encargado del \u00e1rea ambiental del megaproyecto.<\/p>\n<p>Ser\u00e1 responsabilidad de los gobiernos estatales y municipales elaborar y someter a evaluaci\u00f3n las MIA de los polos de desarrollo que les correspondan, precis\u00f3.<\/p>\n<p>\u201cNosotros lo que haremos es un plan parcial de desarrollo urbano o un plan maestro alrededor de las comunidades que se est\u00e1n integrando alrededor de las estaciones para incluirlas en el modelo de desarrollo urbano y territorial que tenga el estado, para reajustar los usos y destinos que tenemos en estos centros de poblaci\u00f3n y tratar de hacer un esquema de reordenaci\u00f3n urbana\u201d, explic\u00f3 el funcionario en entrevista con Pie de P\u00e1gina.<\/p>\n<p>Los polos de desarrollo ser\u00e1n complejos urbanos alrededor de las estaciones ferroviarias. Cada una estar\u00e1 compuesta de hoteles, restaurantes y dem\u00e1s locales comerciales; estacionamientos, plazoleta, \u00e1reas para taxis y camiones for\u00e1neos; zonas de bicicletas y de amenidades; central de autobuses; sanitarios, etc\u00e9tera. Algunos abarcar\u00e1n hasta mil hect\u00e1reas, sin embargo, s\u00f3lo se podr\u00e1 desarrollar el 70 por ciento de la superficie, el resto, tendr\u00e1 que ser \u00e1rea verde.<\/p>\n<p>Adri\u00e1n Flores, experto en evaluaciones de proyectos carreteros y miembro del colectivo Geocomunes, destaca que la realizaci\u00f3n de diferentes MIA para un mismo proyecto ha sido un m\u00e9todo utilizado por administraciones pasadas, para presentar de manera parcial los da\u00f1os ambientales de megaproyectos, ya sea de v\u00edas de comunicaci\u00f3n o aeropuertos.<\/p>\n<p>Presentar de manera seccionada las manifestaciones arrojar\u00e1 resultados tambi\u00e9n fragmentados y no integrales, tal como lo exige un proyecto de la magnitud el Tren Maya. As\u00ed lo reafirm\u00f3 tambi\u00e9n en entrevista Jorge Escobar Mart\u00ednez, presidente de la Federaci\u00f3n Mexicana de Colegios de Bi\u00f3logos.<\/p>\n<p>De acuerdo con el especialista, son precisamente estos polos de desarrollo en torno a las estaciones ferroviarias los que causar\u00e1n mayor impacto ambiental. Escobar Mart\u00ednez se ha empe\u00f1ado en proponer una Evaluaci\u00f3n Ambiental Estrat\u00e9gica que contemple todas las obras en todo momento y espacio.<\/p>\n<p>Luis Miguel del Villar Ponce, encargado del \u00e1rea ambiental del tren por parte del Fonatur, explica que el volumen del megaproyecto complica tener en una sola manifestaci\u00f3n todos los impactos de la obra.<\/p>\n<p>    \u201cA nosotros tampoco nos gustaba la idea de la fragmentaci\u00f3n. Pero el tema es que no hay un antecedente real en M\u00e9xico de c\u00f3mo hacer una evaluaci\u00f3n estrat\u00e9gica de un proyecto de mil 400 kil\u00f3metros. Lo que hemos planteado en los t\u00e9rminos de referencia es ir sumando los paquetes de impactos al tramo siguiente\u201d, dijo Del Villar Ponce.<\/p>\n<p>\u201cY ya en los \u00faltimos tramos, 6 y 7, estaremos armando un cap\u00edtulo espec\u00edfico de una evaluaci\u00f3n ambiental estrat\u00e9gica. Para retomar el total de los compromisos, reasignar responsabilidades si fuera el caso y mejorar los programas integrales de monitoreo ambiental\u201d, se comprometi\u00f3.<\/p>\n<p>La Secretar\u00eda de Medio Ambiente y Recursos Naturales (Semarnat) public\u00f3 este jueves la MIA de los primeros tres tramos del Tren Maya que extender\u00e1n por 631.25 kil\u00f3metros y costar\u00e1n 44 mil 284 millones 810 mil 90 pesos construirlos. En ella dejaron fuera de la evaluaci\u00f3n los polos de desarrollo de las 13 estaciones que tendr\u00e1 estos tramos.<\/p>\n<p>El Fonatur planea entregar en los pr\u00f3ximos meses la manifestaci\u00f3n de los tramos 4 y 5 y m\u00e1s adelante la de los tramos 6 y 7. En suma: ser\u00e1n tres MIA para siete tramos, m\u00e1s las que se generen por cada polo de desarrollo.<br \/>\nMIA imprescindible<\/p>\n<p>Por otro lado, contrario a las posturas tanto de Rogelio Jim\u00e9nez Pons como de Alejandro Varela, directores general y jur\u00eddico del Fonatur, Del Villar sostiene que son imprescindibles las manifestaciones de impacto ambiental. Aun cuando el tren vaya a pasar por derechos de v\u00eda ya existentes.<\/p>\n<p>\u201cReconocemos que la operaci\u00f3n del tren actual, obviamente, no puede compararse con la operaci\u00f3n del tren como el Maya, que es uno que correr\u00e1 a 120 y 160 kil\u00f3metros por hora; el impacto es definitivamente diferente. Entonces, lo que estamos haciendo ahora con esta MIA es evaluar los proyectos por las rectificaciones de los derechos de v\u00eda y del proyecto en su conjunto\u201d, se\u00f1ala.<br \/>\nOtros riesgos<\/p>\n<p>El funcionario adelant\u00f3 algunos de los principales impactos del tren.<\/p>\n<p>    \u201cLos impactos m\u00e1s significativos ser\u00e1n por el cambio de uso de suelo, definitivamente, y lo que estamos proponiendo como compensaci\u00f3n es que la barrera f\u00edsica entre un terreno natural y el derecho de v\u00eda sea preferentemente con vegetaci\u00f3n\u201d, advierte.<\/p>\n<p>Un total de 606 hect\u00e1reas forestales, agr\u00edcolas, pecuarias, de asentamientos humanos, con cuerpos de agua y v\u00edas de comunicaci\u00f3n, ubicadas en los primeros tres tramos del Tren, sufrir\u00e1n un cambio de uso de suelo para poder tender sobre ellas las v\u00edas del tren.<\/p>\n<p>Uno de los mayores riesgos, reconoce el bi\u00f3logo, es que en futuras administraciones modifiquen los planes parciales de desarrollo urbano a conveniencia de empresarios y pol\u00edticos con intereses particulares. Eso podr\u00eda ser perjudicial y no se lograr\u00eda el cometido original de un supuesto reordenamiento territorial sustentable.<\/p>\n<p>Este, sin embargo, no es el mayor peligro. De acuerdo con la MIA publicada este jueves en la Gaceta Ecol\u00f3gica de la Semarnat, el mayor riesgo es el tipo de suelo sobre el que se pretende construir el megaproyecto.<\/p>\n<p>La pen\u00ednsula de Yucat\u00e1n tiene un suelo k\u00e1rstico, caracter\u00edstico por su porosidad y extrema fragilidad. Est\u00e1 constituido por rocas compactas y solubles que derivan en cuevas, cavernas, grutas y cenotes de poca profundidad.<\/p>\n<p>    \u201cLos riesgos geol\u00f3gico-geot\u00e9cnicos constituyen condiciones que pueden provocar una situaci\u00f3n de peligro durante la operaci\u00f3n del Tren, e incluso durante su construcci\u00f3n, y que deben estimarse para ser tomados en cuenta en el dise\u00f1o y los procesos constructivos\u201d, se lee en el documento.<\/p>\n<p>Los riesgos var\u00edan seg\u00fan cada tramo. Sin embargo, se alerta que hay un potencial de expansi\u00f3n y colapso, suelos altamente deformables, zonas de inundaci\u00f3n, inestabilidad de laderas, fallas geol\u00f3gicas y suelos corrosivos.<\/p>\n<p>Derivado de estos riesgos y de los estudios de geotecnia y geof\u00edsica que actualmente desarrollan, el trazo podr\u00eda modificarse. Si en alg\u00fan tramo hay accidentes naturales que pongan en riesgo la seguridad de la obra, se tendr\u00e1n que hacer adecuaciones, advirti\u00f3 Del Villar.<\/p>\n<p>El pasado s\u00e1bado se fractur\u00f3 el suelo a un costado de la carretera de Playa del Carmen, en Quintana Roo, donde pasar\u00e1 el Tren Maya, creando un da\u00f1o en 600 metros cuadrados y debajo de lo cual se encontr\u00f3 una cueva acu\u00e1tica. Hallaron f\u00f3siles de caracol de la era pleistoceno-holoceno de alto valor palonteol\u00f3gico.<\/p>\n<p>En Quintana Roo, de acuerdo con Alejandro L\u00f3pez Tamayo, director de Centinelas del Agua, un sistema de cuevas que se extiende por cientos de kil\u00f3metros cuadrados. Entre los sistemas m\u00e1s importantes est\u00e1n las de Sac Act\u00fan, Ox Bel Ha, Alux Sur, Pool Tunich.<\/p>\n<p>\u201cComo ejemplo, te puedo decir que en las cuevas subacu\u00e1ticas de Sac Act\u00fan hay una densidad de cuevas de 2.9 kil\u00f3metros por cada kil\u00f3metro cuadrado; en Ox Bel Ha, que est\u00e1 m\u00e1s pegado a Sian Ka\u2019an, la densidad de cuevas alcanza 5.2 kil\u00f3metros por kil\u00f3metro cuadrado\u201d, dijo.<\/p>\n<p>Centinelas del Agua es una organizaci\u00f3n ambiental que trabaja desde hace m\u00e1s de un a\u00f1o en reformas a la Ley General de Aguas Nacionales para que se defina en ella, entre otras cosas, lo que es suelo k\u00e1rstico y qu\u00e9 son cenotes, grutas, cuevas y cavernas, pues hasta ahora no hay ordenamiento legal que las contemple ni procure.<\/p>\n<p>El gobierno mexicano pretende invertir 10.5 mil millones de pesos para mitigar los da\u00f1os causados de toda la obra, asegur\u00f3 Luis Miguel del Villar. Esa cifra contempla tambi\u00e9n el pago para mitigar los da\u00f1os ambientales que causen los polos de desarrollo, que definir\u00e1n organismos estatales y municipales. Esa cantidad representa el 7 por ciento de los 150 mil millones de pesos que se prev\u00e9 cueste todo el Tren Maya. <\/p>\n<p>Cuestionado sobre la tardanza de esta MIA, que llega a dos a\u00f1os de haberse anunciado por primera vez el proyecto y a un mes de haber arrancado las primeras obras, Del Villar explic\u00f3 que no la hab\u00edan ingresado antes puesto que no contaban con un proyecto completo y en forma que pudiera evaluarse a detalle.<br \/>\nProyectan tren de hidr\u00f3geno<\/p>\n<p>En al menos 10 a\u00f1os, el Tren Maya podr\u00eda transitar a ser un medio que funcione con di\u00e9sel a hidr\u00f3geno, anunci\u00f3 Luis Miguel del Villar.<\/p>\n<p>\u201cEstamos apostando para que, en el mediano plazo, podamos reajustar la tecnolog\u00eda del propio tren, saltarnos el proceso el\u00e9ctrico y llegar directamente a un tren de hidr\u00f3geno. Para esto se necesita solo cambiar los motores para que funcionen con hidr\u00f3geno, que es a\u00fan m\u00e1s limpia\u201d, dijo.<\/p>\n<p>\u201cYa nos han criticado porque estamos usando un tren h\u00edbrido en este momento porque debimos de haber apostado por un tren el\u00e9ctrico, pero la realidad es que el sureste carece de servicio el\u00e9ctrico eficiente. Entonces, el tren hubiera venido a competir con otras actividades econ\u00f3micas que ya se dan en la zona y hubiera sido una competencia desleal\u00bb, a\u00f1adi\u00f3.<\/p>\n<p><a href=\"https:\/\/piedepagina.mx\/tren-maya-manifestacion-de-impacto-ambiental-no-contempla-polos-de-desarrollo\/\" rel=\"noopener noreferrer\" target=\"_blank\">https:\/\/piedepagina.mx\/tren-maya-manifestacion-de-impacto-ambiental-no-contempla-polos-de-desarrollo\/<\/a><\/p>\n","protected":false},"excerpt":{"rendered":"<p>Ricardo Hern\u00e1ndez Ruiz \/ Foto: Luc\u00eda Vergara \/ Pie de P\u00e1gina La Manifestaci\u00f3n de Impacto Ambiental del Tren Maya, presentada esta semana, no contempla los da\u00f1os que puedan causar los &hellip; <a href=\"https:\/\/www.grieta.org.mx\/index.php\/2020\/06\/19\/tren-maya-manifestacion-de-impacto-ambiental-no-contempla-polos-de-desarrollo\/\" class=\"more-link\">Leer m\u00e1s<\/a><\/p>\n","protected":false},"author":2,"featured_media":51154,"comment_status":"closed","ping_status":"closed","sticky":false,"template":"","format":"standard","meta":{"ngg_post_thumbnail":0,"_jetpack_newsletter_access":"","_jetpack_dont_email_post_to_subs":false,"_jetpack_newsletter_tier_id":0,"_jetpack_memberships_contains_paywalled_content":false,"_jetpack_memberships_contains_paid_content":false,"footnotes":""},"categories":[11,80,3,922,926,944,952,2,28,1876,1877,1875,2044,36],"tags":[3542,1878],"class_list":["post-51153","post","type-post","status-publish","format-standard","has-post-thumbnail","hentry","category-campeche","category-cintillo","category-megaproyectos","category-megaproyectos-estados","category-mp-campeche","category-mp-quintana-roo","category-mp-yucatan","category-noticias-nacionales","category-quintana-roo","category-resistencia-al-tren-maya-en-la-peninsula-de-yucatan-quintana-roo","category-resistencia-al-tren-maya-en-la-peninsula-de-yucatan-campeche","category-resistencia-al-tren-maya-en-la-peninsula-de-yucatan","category-tren-maya-analisis","category-yucatan","tag-manifestacion-de-impacto-ambiental","tag-tren-maya","entry"],"jetpack_featured_media_url":"https:\/\/www.grieta.org.mx\/wp-content\/uploads\/2020\/06\/Carretera_federal307_Bacalar_quintanaRoo_Lucia-Vergara-e1592923703711.jpg","jetpack_sharing_enabled":true,"jetpack_shortlink":"https:\/\/wp.me\/p7ZJR4-dj3","jetpack_likes_enabled":false,"jetpack-related-posts":[{"id":64433,"url":"https:\/\/www.grieta.org.mx\/index.php\/2022\/06\/09\/con-omisiones-e-imprecisiones-la-manifestacion-de-impacto-ambiental-para-el-tren-maya-ong\/","url_meta":{"origin":51153,"position":0},"title":"Con omisiones e imprecisiones, la Manifestaci\u00f3n de Impacto Ambiental para el Tren Maya: ONG","author":"grieta","date":"9 junio, 2022","format":false,"excerpt":"Proceso CIUDAD DE M\u00c9XICO (apro).\u2013 La Manifestaci\u00f3n de Impacto Ambiental (MIA) que el Fondo Nacional de Fomento al Turismo (Fonatur) elabor\u00f3 para reiniciar las obras del Tramo 5 Sur del Tren Maya tiene \u201cuna gran cantidad de omisiones e imprecisiones\u201d en informaci\u00f3n \u201cesencial\u201d para determinar los impactos ambientales del megaproyecto\u2026","rel":"","context":"En &quot;Campeche&quot;","block_context":{"text":"Campeche","link":"https:\/\/www.grieta.org.mx\/index.php\/category\/noticias-nacionales\/campeche\/"},"img":{"alt_text":"","src":"https:\/\/i0.wp.com\/www.grieta.org.mx\/wp-content\/uploads\/2022\/06\/MIATren-e1655851330619.png?resize=350%2C200&ssl=1","width":350,"height":200,"srcset":"https:\/\/i0.wp.com\/www.grieta.org.mx\/wp-content\/uploads\/2022\/06\/MIATren-e1655851330619.png?resize=350%2C200&ssl=1 1x, https:\/\/i0.wp.com\/www.grieta.org.mx\/wp-content\/uploads\/2022\/06\/MIATren-e1655851330619.png?resize=525%2C300&ssl=1 1.5x, https:\/\/i0.wp.com\/www.grieta.org.mx\/wp-content\/uploads\/2022\/06\/MIATren-e1655851330619.png?resize=700%2C400&ssl=1 2x"},"classes":[]},{"id":47874,"url":"https:\/\/www.grieta.org.mx\/index.php\/2020\/04\/13\/las-vias-torcidas-del-tren-maya-video\/","url_meta":{"origin":51153,"position":1},"title":"Las v\u00edas torcidas del tren maya (Video)","author":"grieta","date":"13 abril, 2020","format":false,"excerpt":"https:\/\/www.youtube.com\/watch?v=k8FRX9eT0YY","rel":"","context":"En &quot;16. Pueblo Maya&quot;","block_context":{"text":"16. Pueblo Maya","link":"https:\/\/www.grieta.org.mx\/index.php\/category\/espejos-de-la-resistencia\/16-pueblo-maya\/"},"img":{"alt_text":"","src":"https:\/\/i0.wp.com\/www.grieta.org.mx\/wp-content\/uploads\/2020\/04\/ViasTorcidasTrenMaya.png?resize=350%2C200&ssl=1","width":350,"height":200,"srcset":"https:\/\/i0.wp.com\/www.grieta.org.mx\/wp-content\/uploads\/2020\/04\/ViasTorcidasTrenMaya.png?resize=350%2C200&ssl=1 1x, https:\/\/i0.wp.com\/www.grieta.org.mx\/wp-content\/uploads\/2020\/04\/ViasTorcidasTrenMaya.png?resize=525%2C300&ssl=1 1.5x, https:\/\/i0.wp.com\/www.grieta.org.mx\/wp-content\/uploads\/2020\/04\/ViasTorcidasTrenMaya.png?resize=700%2C400&ssl=1 2x"},"classes":[]},{"id":35945,"url":"https:\/\/www.grieta.org.mx\/index.php\/2019\/07\/05\/expansion-de-megaproyectos-en-la-peninsula-de-yucatan-video\/","url_meta":{"origin":51153,"position":2},"title":"Expansi\u00f3n de Megaproyectos en la Pen\u00ednsula de Yucat\u00e1n (Video)","author":"grieta","date":"5 julio, 2019","format":false,"excerpt":"https:\/\/youtu.be\/qLBARIAaBsI","rel":"","context":"En &quot;Campeche&quot;","block_context":{"text":"Campeche","link":"https:\/\/www.grieta.org.mx\/index.php\/category\/noticias-nacionales\/campeche\/"},"img":{"alt_text":"","src":"https:\/\/i0.wp.com\/img.youtube.com\/vi\/qLBARIAaBsI\/0.jpg?resize=350%2C200","width":350,"height":200},"classes":[]},{"id":57749,"url":"https:\/\/www.grieta.org.mx\/index.php\/2021\/03\/18\/tren-maya-3-nuevos-amparos-frenan-su-marcha\/","url_meta":{"origin":51153,"position":3},"title":"Tren Maya: 3 nuevos amparos frenan su marcha","author":"grieta","date":"18 marzo, 2021","format":false,"excerpt":"Texto: Alberto N\u00e1jar \/Foto: Gobierno de M\u00e9xico \/ Pie de P\u00e1gina Una jueza de Yucat\u00e1n determin\u00f3 que existen dudas sobre el verdadero impacto del Tren Maya en el medio ambiente. La decisi\u00f3n suspende la autorizaci\u00f3n de Semarnat al proyecto con lo cual, en los hechos, la obra deber\u00eda suspenderse por\u2026","rel":"","context":"En &quot;Campeche&quot;","block_context":{"text":"Campeche","link":"https:\/\/www.grieta.org.mx\/index.php\/category\/noticias-nacionales\/campeche\/"},"img":{"alt_text":"","src":"https:\/\/i0.wp.com\/www.grieta.org.mx\/wp-content\/uploads\/2021\/03\/trenmaya_gobiernodemexico-e1616110885468.jpg?resize=350%2C200&ssl=1","width":350,"height":200,"srcset":"https:\/\/i0.wp.com\/www.grieta.org.mx\/wp-content\/uploads\/2021\/03\/trenmaya_gobiernodemexico-e1616110885468.jpg?resize=350%2C200&ssl=1 1x, https:\/\/i0.wp.com\/www.grieta.org.mx\/wp-content\/uploads\/2021\/03\/trenmaya_gobiernodemexico-e1616110885468.jpg?resize=525%2C300&ssl=1 1.5x, https:\/\/i0.wp.com\/www.grieta.org.mx\/wp-content\/uploads\/2021\/03\/trenmaya_gobiernodemexico-e1616110885468.jpg?resize=700%2C400&ssl=1 2x"},"classes":[]},{"id":63716,"url":"https:\/\/www.grieta.org.mx\/index.php\/2022\/03\/09\/organizacion-indigena-condena-que-amlo-afirme-que-obras-del-tren-maya-no-se-detendran\/","url_meta":{"origin":51153,"position":4},"title":"Organizaci\u00f3n ind\u00edgena condena que AMLO afirme que obras del Tren Maya no se detendr\u00e1n","author":"grieta","date":"9 marzo, 2022","format":false,"excerpt":"Gloria Leticia D\u00edaz \/ Proceso CIUDAD DE M\u00c9XICO (apro).- La Asamblea de Defensores del Territorio Maya, M\u00fauch\u2019 X\u00edinbal, conden\u00f3 las declaraciones del presidente Andr\u00e9s Manuel L\u00f3pez Obrador quien sostuvo que las obras del Tren Maya continuar\u00e1n a pesar de resoluciones del Poder Judicial que ordenan parar su construcci\u00f3n en el\u2026","rel":"","context":"En &quot;Campeche&quot;","block_context":{"text":"Campeche","link":"https:\/\/www.grieta.org.mx\/index.php\/category\/noticias-nacionales\/campeche\/"},"img":{"alt_text":"","src":"https:\/\/i0.wp.com\/www.grieta.org.mx\/wp-content\/uploads\/2022\/03\/TrenOrganizacionIndigenaCondena-e1647560160318.png?resize=350%2C200&ssl=1","width":350,"height":200,"srcset":"https:\/\/i0.wp.com\/www.grieta.org.mx\/wp-content\/uploads\/2022\/03\/TrenOrganizacionIndigenaCondena-e1647560160318.png?resize=350%2C200&ssl=1 1x, https:\/\/i0.wp.com\/www.grieta.org.mx\/wp-content\/uploads\/2022\/03\/TrenOrganizacionIndigenaCondena-e1647560160318.png?resize=525%2C300&ssl=1 1.5x, https:\/\/i0.wp.com\/www.grieta.org.mx\/wp-content\/uploads\/2022\/03\/TrenOrganizacionIndigenaCondena-e1647560160318.png?resize=700%2C400&ssl=1 2x"},"classes":[]},{"id":53133,"url":"https:\/\/www.grieta.org.mx\/index.php\/2020\/09\/07\/pasos-de-fauna-del-tren-maya-serian-construidos-despues-de-atropellamientos-de-animales-denuncian\/","url_meta":{"origin":51153,"position":5},"title":"Pasos de fauna del Tren Maya ser\u00edan construidos despu\u00e9s de atropellamientos de animales, denuncian","author":"grieta","date":"7 septiembre, 2020","format":false,"excerpt":"Itzel Chan \/ Noticaribe M\u00c9RIDA, MX.- Aunque en la Manifestaci\u00f3n de Impacto Ambiental (MIA) regional del Tren Maya, s\u00ed se establece que se construir\u00e1n pasos de fauna en los tramos que abarca el proyecto, \u00e9stos ser\u00e1n construidos de acuerdo al n\u00famero de atropellamientos de animales que se presenten. De acuerdo\u2026","rel":"","context":"En &quot;Campeche&quot;","block_context":{"text":"Campeche","link":"https:\/\/www.grieta.org.mx\/index.php\/category\/noticias-nacionales\/campeche\/"},"img":{"alt_text":"","src":"https:\/\/i0.wp.com\/www.grieta.org.mx\/wp-content\/uploads\/2020\/09\/PasosFauna-e1599672131119.png?resize=350%2C200&ssl=1","width":350,"height":200,"srcset":"https:\/\/i0.wp.com\/www.grieta.org.mx\/wp-content\/uploads\/2020\/09\/PasosFauna-e1599672131119.png?resize=350%2C200&ssl=1 1x, https:\/\/i0.wp.com\/www.grieta.org.mx\/wp-content\/uploads\/2020\/09\/PasosFauna-e1599672131119.png?resize=525%2C300&ssl=1 1.5x, https:\/\/i0.wp.com\/www.grieta.org.mx\/wp-content\/uploads\/2020\/09\/PasosFauna-e1599672131119.png?resize=700%2C400&ssl=1 2x"},"classes":[]}],"_links":{"self":[{"href":"https:\/\/www.grieta.org.mx\/index.php\/wp-json\/wp\/v2\/posts\/51153","targetHints":{"allow":["GET"]}}],"collection":[{"href":"https:\/\/www.grieta.org.mx\/index.php\/wp-json\/wp\/v2\/posts"}],"about":[{"href":"https:\/\/www.grieta.org.mx\/index.php\/wp-json\/wp\/v2\/types\/post"}],"author":[{"embeddable":true,"href":"https:\/\/www.grieta.org.mx\/index.php\/wp-json\/wp\/v2\/users\/2"}],"replies":[{"embeddable":true,"href":"https:\/\/www.grieta.org.mx\/index.php\/wp-json\/wp\/v2\/comments?post=51153"}],"version-history":[{"count":1,"href":"https:\/\/www.grieta.org.mx\/index.php\/wp-json\/wp\/v2\/posts\/51153\/revisions"}],"predecessor-version":[{"id":51156,"href":"https:\/\/www.grieta.org.mx\/index.php\/wp-json\/wp\/v2\/posts\/51153\/revisions\/51156"}],"wp:featuredmedia":[{"embeddable":true,"href":"https:\/\/www.grieta.org.mx\/index.php\/wp-json\/wp\/v2\/media\/51154"}],"wp:attachment":[{"href":"https:\/\/www.grieta.org.mx\/index.php\/wp-json\/wp\/v2\/media?parent=51153"}],"wp:term":[{"taxonomy":"category","embeddable":true,"href":"https:\/\/www.grieta.org.mx\/index.php\/wp-json\/wp\/v2\/categories?post=51153"},{"taxonomy":"post_tag","embeddable":true,"href":"https:\/\/www.grieta.org.mx\/index.php\/wp-json\/wp\/v2\/tags?post=51153"}],"curies":[{"name":"wp","href":"https:\/\/api.w.org\/{rel}","templated":true}]}}