{"id":51146,"date":"2020-06-19T09:19:22","date_gmt":"2020-06-19T14:19:22","guid":{"rendered":"http:\/\/www.grieta.org.mx\/?p=51146"},"modified":"2020-06-23T09:25:11","modified_gmt":"2020-06-23T14:25:11","slug":"golpiza-propinada-por-policias-provoca-aborto-a-una-maestra-en-yucatan","status":"publish","type":"post","link":"https:\/\/www.grieta.org.mx\/index.php\/2020\/06\/19\/golpiza-propinada-por-policias-provoca-aborto-a-una-maestra-en-yucatan\/","title":{"rendered":"Golpiza propinada por polic\u00edas provoca aborto a una maestra en Yucat\u00e1n"},"content":{"rendered":"<p><img loading=\"lazy\" decoding=\"async\" data-attachment-id=\"51147\" data-permalink=\"https:\/\/www.grieta.org.mx\/index.php\/2020\/06\/19\/golpiza-propinada-por-policias-provoca-aborto-a-una-maestra-en-yucatan\/alcalde-progreso-870x522\/\" data-orig-file=\"https:\/\/www.grieta.org.mx\/wp-content\/uploads\/2020\/06\/alcalde-progreso-870x522-e1592922128465.jpg\" data-orig-size=\"800,480\" data-comments-opened=\"0\" data-image-meta=\"{&quot;aperture&quot;:&quot;0&quot;,&quot;credit&quot;:&quot;&quot;,&quot;camera&quot;:&quot;&quot;,&quot;caption&quot;:&quot;&quot;,&quot;created_timestamp&quot;:&quot;0&quot;,&quot;copyright&quot;:&quot;&quot;,&quot;focal_length&quot;:&quot;0&quot;,&quot;iso&quot;:&quot;0&quot;,&quot;shutter_speed&quot;:&quot;0&quot;,&quot;title&quot;:&quot;&quot;,&quot;orientation&quot;:&quot;1&quot;}\" data-image-title=\"alcalde-progreso-870&amp;#215;522\" data-image-description=\"\" data-image-caption=\"\" data-medium-file=\"https:\/\/www.grieta.org.mx\/wp-content\/uploads\/2020\/06\/alcalde-progreso-870x522-300x180.jpg\" data-large-file=\"https:\/\/www.grieta.org.mx\/wp-content\/uploads\/2020\/06\/alcalde-progreso-870x522-e1592922128465.jpg\" src=\"http:\/\/www.grieta.org.mx\/wp-content\/uploads\/2020\/06\/alcalde-progreso-870x522-e1592922128465.jpg\" alt=\"\" width=\"800\" height=\"480\" class=\"aligncenter size-full wp-image-51147\" \/><br \/>\nRosa Santana \/ Proceso<\/p>\n<p>PROGRESO, Yuc. (apro).- Las presuntas pr\u00e1cticas de tortura a manos de la polic\u00eda yucateca salieron nuevamente a flote, luego de que tres uniformadas de la corporaci\u00f3n municipal fueron acusadas por una maestra que sufri\u00f3 un aborto a consecuencia de la golpiza que le propinaron.<\/p>\n<p>De acuerdo con medios locales, la v\u00edctima, G. P. S., y su esposo, R.G.T., fueron detenidos el mi\u00e9rcoles 10 en la entrada de su domicilio, por orden de la comandanta M.U.F., quien los se\u00f1al\u00f3 como presuntos involucrados en el asesinato del polic\u00eda Luis Canul P. Ch., en un m\u00f3dulo de la corporaci\u00f3n.<\/p>\n<p>G.P.S., maestra en ingenier\u00eda y profesora en una preparatoria de esta ciudad, relat\u00f3 que ten\u00eda dos meses de embarazo, y esa madrugada tuvo un antojo, por lo que env\u00edo a su esposo a una tienda de conveniencia cercana a su domicilio.<\/p>\n<p>R.G.T subi\u00f3 al auto familiar y en el camino se encontr\u00f3 con un conocido, a quien ofreci\u00f3 dar un avent\u00f3n luego de hacer la compra, pero al momento de pagar se percat\u00f3 que no llevaba la cartera, por lo que regres\u00f3 a su casa por dinero. En ese momento fue rodeado por polic\u00edas y detenido como presunto sospechoso del homicidio de Luis Canul P. Ch.<\/p>\n<p>Al escuchar el alboroto, G.P.S sali\u00f3 a la puerta para ver qu\u00e9 ocurr\u00eda y empez\u00f3 a grabar con la c\u00e1mara de su tel\u00e9fono. La comandanta orden\u00f3 que tambi\u00e9n la detuvieran.<\/p>\n<p>G.P.S. les inform\u00f3 que estaba embarazada y les suplic\u00f3 que no le hicieran da\u00f1o. No obstante, seg\u00fan su denuncia, por \u00f3rdenes de la comandanta fue golpeada brutalmente para obligarla a confesar su supuesta participaci\u00f3n en el asesinato del polic\u00eda. En el piso, las uniformadas la patearon en el abdomen, lo que le provoc\u00f3 el aborto.<\/p>\n<p>Adem\u00e1s, la v\u00edctima denunci\u00f3 que le negaron atenci\u00f3n m\u00e9dica, pese a que hay un hospital justo enfrente de la c\u00e1rcel municipal, donde la mantuvieron privada de la libertad por varias horas.<\/p>\n<p>Mencion\u00f3 que al momento de su detenci\u00f3n inform\u00f3 a las polic\u00edas que en su casa dorm\u00eda su hijo peque\u00f1o y la puerta se quedaba abierta, pero fue ignorada.<\/p>\n<p>G.P.S dijo que teme por su vida y la de su familia, y responsabiliz\u00f3 al alcalde de Progreso, Juli\u00e1n Zacar\u00edas Curi, y a los comandantes de la polic\u00eda municipal M.E y E.C, de lo que pueda pasarles tras su denuncia.<\/p>\n<p><a href=\"https:\/\/www.proceso.com.mx\/634977\/golpiza-propinada-por-policias-provoca-aborto-a-una-maestra-en-yucatan\" rel=\"noopener noreferrer\" target=\"_blank\">https:\/\/www.proceso.com.mx\/634977\/golpiza-propinada-por-policias-provoca-aborto-a-una-maestra-en-yucatan<\/a><\/p>\n","protected":false},"excerpt":{"rendered":"<p>Rosa Santana \/ Proceso PROGRESO, Yuc. (apro).- Las presuntas pr\u00e1cticas de tortura a manos de la polic\u00eda yucateca salieron nuevamente a flote, luego de que tres uniformadas de la corporaci\u00f3n &hellip; <a href=\"https:\/\/www.grieta.org.mx\/index.php\/2020\/06\/19\/golpiza-propinada-por-policias-provoca-aborto-a-una-maestra-en-yucatan\/\" class=\"more-link\">Leer m\u00e1s<\/a><\/p>\n","protected":false},"author":2,"featured_media":51147,"comment_status":"closed","ping_status":"closed","sticky":false,"template":"","format":"standard","meta":{"ngg_post_thumbnail":0,"_jetpack_newsletter_access":"","_jetpack_dont_email_post_to_subs":false,"_jetpack_newsletter_tier_id":0,"_jetpack_memberships_contains_paywalled_content":false,"_jetpack_memberships_contains_paid_content":false,"footnotes":""},"categories":[2789,80,2,36],"tags":[2870],"class_list":["post-51146","post","type-post","status-publish","format-standard","has-post-thumbnail","hentry","category-abuso-autoridades-en-yucatan","category-cintillo","category-noticias-nacionales","category-yucatan","tag-abuso-policial","entry"],"jetpack_featured_media_url":"https:\/\/www.grieta.org.mx\/wp-content\/uploads\/2020\/06\/alcalde-progreso-870x522-e1592922128465.jpg","jetpack_sharing_enabled":true,"jetpack_shortlink":"https:\/\/wp.me\/p7ZJR4-diW","jetpack_likes_enabled":false,"jetpack-related-posts":[{"id":55393,"url":"https:\/\/www.grieta.org.mx\/index.php\/2020\/11\/20\/a-una-ano-de-que-la-ssp-violento-a-feministas-no-hay-castigo-ni-justicia-yucatan\/","url_meta":{"origin":51146,"position":0},"title":"A una a\u00f1o de que la SSP violent\u00f3 a feministas, no hay castigo ni justicia (Yucat\u00e1n)","author":"grieta","date":"20 noviembre, 2020","format":false,"excerpt":"Por Herbeth Escalante y Lilia Balam \/ Haz Ruido Est\u00e1 por cumplirse un a\u00f1o de que la Polic\u00eda de Yucat\u00e1n arrest\u00f3 arbitrariamente a siete j\u00f3venes en la macha del #25N, a quienes jalonearon, golpearon, insultaron, amenazaron y tocaron sexualmente. Ninguna autoridad ha sido sancionada. La Codhey asegur\u00f3 que por la\u2026","rel":"","context":"En &quot;Abuso Autoridades en Yucat\u00e1n&quot;","block_context":{"text":"Abuso Autoridades en Yucat\u00e1n","link":"https:\/\/www.grieta.org.mx\/index.php\/category\/noticias-nacionales\/yucatan\/abuso-autoridades-en-yucatan\/"},"img":{"alt_text":"","src":"https:\/\/i0.wp.com\/www.grieta.org.mx\/wp-content\/uploads\/2020\/11\/feministas-25N-e1606076432983.jpg?resize=350%2C200&ssl=1","width":350,"height":200,"srcset":"https:\/\/i0.wp.com\/www.grieta.org.mx\/wp-content\/uploads\/2020\/11\/feministas-25N-e1606076432983.jpg?resize=350%2C200&ssl=1 1x, https:\/\/i0.wp.com\/www.grieta.org.mx\/wp-content\/uploads\/2020\/11\/feministas-25N-e1606076432983.jpg?resize=525%2C300&ssl=1 1.5x, https:\/\/i0.wp.com\/www.grieta.org.mx\/wp-content\/uploads\/2020\/11\/feministas-25N-e1606076432983.jpg?resize=700%2C400&ssl=1 2x"},"classes":[]},{"id":30275,"url":"https:\/\/www.grieta.org.mx\/index.php\/2019\/02\/28\/cuatro-encapuchados-dan-golpiza-a-reportero-en-ticul-yucatan\/","url_meta":{"origin":51146,"position":1},"title":"Cuatro encapuchados dan golpiza a reportero en Ticul (Yucat\u00e1n)","author":"grieta","date":"28 febrero, 2019","format":false,"excerpt":"TICUL.\u2014 Cuatro sujetos encapuchados agredieron a golpes, con tubos y piedras, a Sergio Iv\u00e1n Chi Chi, reportero de Megamedia, caus\u00e1ndole lesiones en varias partes del cuerpo. Los hechos ocurrieron a las 6:30 de la ma\u00f1ana en la calle 31 entre 26 y 28, del barrio de San Rom\u00e1n, cuando el\u2026","rel":"","context":"En &quot;CINTILLO&quot;","block_context":{"text":"CINTILLO","link":"https:\/\/www.grieta.org.mx\/index.php\/category\/cintillo\/"},"img":{"alt_text":"","src":"https:\/\/i0.wp.com\/www.grieta.org.mx\/wp-content\/uploads\/2019\/03\/ViolenciaPeriodistasYuc.png?resize=350%2C200","width":350,"height":200},"classes":[]},{"id":56720,"url":"https:\/\/www.grieta.org.mx\/index.php\/2021\/01\/27\/pese-a-denuncias-de-torturas-de-policias-de-yucatan-uno-se-toma-la-libertad-de-presumir-fotografias-de-ciudadano-semidesnudo\/","url_meta":{"origin":51146,"position":2},"title":"Pese a denuncias de torturas de polic\u00edas de Yucat\u00e1n, uno se toma la libertad de presumir fotograf\u00edas de ciudadano semidesnudo","author":"grieta","date":"27 enero, 2021","format":false,"excerpt":"Itzel Chan \/ Noticaribe M\u00c9RIDA, MX.- A pesar de que no es la primera vez que la Secretar\u00eda de Seguridad P\u00fablica (SSP) de Yucat\u00e1n es denunciada porque sus elementos torturan a ciudadanos, un polic\u00eda del municipio de Tekax se tom\u00f3 la libertad de exhibir en redes sociales a un hombre\u2026","rel":"","context":"En &quot;Abuso Autoridades en Yucat\u00e1n&quot;","block_context":{"text":"Abuso Autoridades en Yucat\u00e1n","link":"https:\/\/www.grieta.org.mx\/index.php\/category\/noticias-nacionales\/yucatan\/abuso-autoridades-en-yucatan\/"},"img":{"alt_text":"","src":"https:\/\/i0.wp.com\/www.grieta.org.mx\/wp-content\/uploads\/2021\/02\/TorturaPoliciaYucatan.png?resize=350%2C200&ssl=1","width":350,"height":200,"srcset":"https:\/\/i0.wp.com\/www.grieta.org.mx\/wp-content\/uploads\/2021\/02\/TorturaPoliciaYucatan.png?resize=350%2C200&ssl=1 1x, https:\/\/i0.wp.com\/www.grieta.org.mx\/wp-content\/uploads\/2021\/02\/TorturaPoliciaYucatan.png?resize=525%2C300&ssl=1 1.5x"},"classes":[]},{"id":65643,"url":"https:\/\/www.grieta.org.mx\/index.php\/2022\/10\/28\/estudiantes-de-la-uady-piden-justicia-para-la-maestra-victima-de-violencia-laboral-y-de-genero-yucatan\/","url_meta":{"origin":51146,"position":3},"title":"Estudiantes de la UADY piden justicia para la maestra v\u00edctima de violencia laboral y de g\u00e9nero (Yucat\u00e1n)","author":"grieta","date":"28 octubre, 2022","format":false,"excerpt":"Por Itzel Chan \/ Haz Ruido Durante la protesta, el director Carlos Macedonio, declar\u00f3 que \u201clos gritos no son las v\u00edas de una manifestaci\u00f3n\u201d, a lo que el alumnado respondi\u00f3: \u00a1La facultad de Derecho encubre machitos! M\u00e9rida, Yucat\u00e1n, 28 de octubre de 2022.-Estudiantes de la Facultad de Derecho de la\u2026","rel":"","context":"En &quot;CINTILLO&quot;","block_context":{"text":"CINTILLO","link":"https:\/\/www.grieta.org.mx\/index.php\/category\/cintillo\/"},"img":{"alt_text":"","src":"https:\/\/i0.wp.com\/www.grieta.org.mx\/wp-content\/uploads\/2022\/11\/FacDerecho-e1667416511869.jpg?resize=350%2C200&ssl=1","width":350,"height":200,"srcset":"https:\/\/i0.wp.com\/www.grieta.org.mx\/wp-content\/uploads\/2022\/11\/FacDerecho-e1667416511869.jpg?resize=350%2C200&ssl=1 1x, https:\/\/i0.wp.com\/www.grieta.org.mx\/wp-content\/uploads\/2022\/11\/FacDerecho-e1667416511869.jpg?resize=525%2C300&ssl=1 1.5x, https:\/\/i0.wp.com\/www.grieta.org.mx\/wp-content\/uploads\/2022\/11\/FacDerecho-e1667416511869.jpg?resize=700%2C400&ssl=1 2x"},"classes":[]},{"id":64822,"url":"https:\/\/www.grieta.org.mx\/index.php\/2022\/08\/17\/policia-de-tixkokob-golpeo-a-alexis-hasta-fracturarle-la-mandibula-yucatan\/","url_meta":{"origin":51146,"position":4},"title":"Polic\u00eda de Tixkokob golpe\u00f3 a Alexis hasta fracturarle la mand\u00edbula (Yucat\u00e1n)","author":"grieta","date":"17 agosto, 2022","format":false,"excerpt":"Herbeth Escalante \/ Haz Ruido El joven alba\u00f1il sigue ingresado en el hospital y, debido a la gravedad del caso, la Codhey intervino e interpuso una denuncia ante la Fiscal\u00eda. El alcalde Fabi\u00e1n Rivera ignor\u00f3 a la familia de la v\u00edctima y su corporaci\u00f3n a\u00fan no env\u00eda el informe de\u2026","rel":"","context":"En &quot;Abuso Autoridades en Yucat\u00e1n&quot;","block_context":{"text":"Abuso Autoridades en Yucat\u00e1n","link":"https:\/\/www.grieta.org.mx\/index.php\/category\/noticias-nacionales\/yucatan\/abuso-autoridades-en-yucatan\/"},"img":{"alt_text":"","src":"https:\/\/i0.wp.com\/www.grieta.org.mx\/wp-content\/uploads\/2022\/08\/TorturaPoliciaca-e1661041270824.png?resize=350%2C200&ssl=1","width":350,"height":200,"srcset":"https:\/\/i0.wp.com\/www.grieta.org.mx\/wp-content\/uploads\/2022\/08\/TorturaPoliciaca-e1661041270824.png?resize=350%2C200&ssl=1 1x, https:\/\/i0.wp.com\/www.grieta.org.mx\/wp-content\/uploads\/2022\/08\/TorturaPoliciaca-e1661041270824.png?resize=525%2C300&ssl=1 1.5x, https:\/\/i0.wp.com\/www.grieta.org.mx\/wp-content\/uploads\/2022\/08\/TorturaPoliciaca-e1661041270824.png?resize=700%2C400&ssl=1 2x"},"classes":[]},{"id":39707,"url":"https:\/\/www.grieta.org.mx\/index.php\/2019\/09\/28\/cientos-de-mujeres-marcharon-en-yucatan-por-la-despenalizacion-del-aborto\/","url_meta":{"origin":51146,"position":5},"title":"Cientos de mujeres marcharon en Yucat\u00e1n por la despenalizaci\u00f3n del aborto","author":"grieta","date":"28 septiembre, 2019","format":false,"excerpt":"En M\u00e9xico, del 2007 al 2016, fueron procesadas penalmente 4 mil 246 mujeres por abortar Katia Rej\u00f3n\/Foto: Enrique Osorno\/La Jornada Maya M\u00e9rida, Yucat\u00e1n Con m\u00fasica, baile, pintas y un tendedero de informaci\u00f3n sobre el panorama del aborto en M\u00e9xico y particularmente en Yucat\u00e1n, cientos de mujeres marcharon por la despenalizaci\u00f3n\u2026","rel":"","context":"En &quot;CINTILLO&quot;","block_context":{"text":"CINTILLO","link":"https:\/\/www.grieta.org.mx\/index.php\/category\/cintillo\/"},"img":{"alt_text":"","src":"https:\/\/i0.wp.com\/www.grieta.org.mx\/wp-content\/uploads\/2019\/09\/Marcha280919-e1569782447603.png?resize=350%2C200&ssl=1","width":350,"height":200,"srcset":"https:\/\/i0.wp.com\/www.grieta.org.mx\/wp-content\/uploads\/2019\/09\/Marcha280919-e1569782447603.png?resize=350%2C200&ssl=1 1x, https:\/\/i0.wp.com\/www.grieta.org.mx\/wp-content\/uploads\/2019\/09\/Marcha280919-e1569782447603.png?resize=525%2C300&ssl=1 1.5x, https:\/\/i0.wp.com\/www.grieta.org.mx\/wp-content\/uploads\/2019\/09\/Marcha280919-e1569782447603.png?resize=700%2C400&ssl=1 2x"},"classes":[]}],"_links":{"self":[{"href":"https:\/\/www.grieta.org.mx\/index.php\/wp-json\/wp\/v2\/posts\/51146","targetHints":{"allow":["GET"]}}],"collection":[{"href":"https:\/\/www.grieta.org.mx\/index.php\/wp-json\/wp\/v2\/posts"}],"about":[{"href":"https:\/\/www.grieta.org.mx\/index.php\/wp-json\/wp\/v2\/types\/post"}],"author":[{"embeddable":true,"href":"https:\/\/www.grieta.org.mx\/index.php\/wp-json\/wp\/v2\/users\/2"}],"replies":[{"embeddable":true,"href":"https:\/\/www.grieta.org.mx\/index.php\/wp-json\/wp\/v2\/comments?post=51146"}],"version-history":[{"count":1,"href":"https:\/\/www.grieta.org.mx\/index.php\/wp-json\/wp\/v2\/posts\/51146\/revisions"}],"predecessor-version":[{"id":51149,"href":"https:\/\/www.grieta.org.mx\/index.php\/wp-json\/wp\/v2\/posts\/51146\/revisions\/51149"}],"wp:featuredmedia":[{"embeddable":true,"href":"https:\/\/www.grieta.org.mx\/index.php\/wp-json\/wp\/v2\/media\/51147"}],"wp:attachment":[{"href":"https:\/\/www.grieta.org.mx\/index.php\/wp-json\/wp\/v2\/media?parent=51146"}],"wp:term":[{"taxonomy":"category","embeddable":true,"href":"https:\/\/www.grieta.org.mx\/index.php\/wp-json\/wp\/v2\/categories?post=51146"},{"taxonomy":"post_tag","embeddable":true,"href":"https:\/\/www.grieta.org.mx\/index.php\/wp-json\/wp\/v2\/tags?post=51146"}],"curies":[{"name":"wp","href":"https:\/\/api.w.org\/{rel}","templated":true}]}}