{"id":51134,"date":"2020-06-17T00:18:50","date_gmt":"2020-06-17T05:18:50","guid":{"rendered":"http:\/\/www.grieta.org.mx\/?p=51134"},"modified":"2020-06-23T00:33:04","modified_gmt":"2020-06-23T05:33:04","slug":"camilleros-y-personal-de-limpieza-de-la-unidad-citibanamex-protestan-por-despido-injustificado-ciudad-de-mexico","status":"publish","type":"post","link":"https:\/\/www.grieta.org.mx\/index.php\/2020\/06\/17\/camilleros-y-personal-de-limpieza-de-la-unidad-citibanamex-protestan-por-despido-injustificado-ciudad-de-mexico\/","title":{"rendered":"Camilleros y personal de limpieza de la Unidad Citibanamex protestan por despido injustificado (Ciudad de M\u00e9xico)"},"content":{"rendered":"<p><img loading=\"lazy\" decoding=\"async\" data-attachment-id=\"51135\" data-permalink=\"https:\/\/www.grieta.org.mx\/index.php\/2020\/06\/17\/camilleros-y-personal-de-limpieza-de-la-unidad-citibanamex-protestan-por-despido-injustificado-ciudad-de-mexico\/camilleros-y-personal-de-limpieza-de-la-unidad-citibanamex-protestan-por-despido-injustificado-cdmx-jun\/\" data-orig-file=\"https:\/\/www.grieta.org.mx\/wp-content\/uploads\/2020\/06\/Camilleros-y-personal-de-limpieza-de-la-Unidad-Citibanamex-protestan-por-despido-injustificado-cdmx-jun.jpg\" data-orig-size=\"870,522\" data-comments-opened=\"0\" data-image-meta=\"{&quot;aperture&quot;:&quot;0&quot;,&quot;credit&quot;:&quot;&quot;,&quot;camera&quot;:&quot;&quot;,&quot;caption&quot;:&quot;&quot;,&quot;created_timestamp&quot;:&quot;0&quot;,&quot;copyright&quot;:&quot;&quot;,&quot;focal_length&quot;:&quot;0&quot;,&quot;iso&quot;:&quot;0&quot;,&quot;shutter_speed&quot;:&quot;0&quot;,&quot;title&quot;:&quot;&quot;,&quot;orientation&quot;:&quot;0&quot;}\" data-image-title=\"Camilleros y personal de limpieza de la Unidad Citibanamex protestan por despido injustificado cdmx jun\" data-image-description=\"\" data-image-caption=\"\" data-medium-file=\"https:\/\/www.grieta.org.mx\/wp-content\/uploads\/2020\/06\/Camilleros-y-personal-de-limpieza-de-la-Unidad-Citibanamex-protestan-por-despido-injustificado-cdmx-jun-300x180.jpg\" data-large-file=\"https:\/\/www.grieta.org.mx\/wp-content\/uploads\/2020\/06\/Camilleros-y-personal-de-limpieza-de-la-Unidad-Citibanamex-protestan-por-despido-injustificado-cdmx-jun.jpg\" class=\"aligncenter wp-image-51135\" src=\"http:\/\/www.grieta.org.mx\/wp-content\/uploads\/2020\/06\/Camilleros-y-personal-de-limpieza-de-la-Unidad-Citibanamex-protestan-por-despido-injustificado-cdmx-jun.jpg\" alt=\"\" width=\"642\" height=\"385\" srcset=\"https:\/\/www.grieta.org.mx\/wp-content\/uploads\/2020\/06\/Camilleros-y-personal-de-limpieza-de-la-Unidad-Citibanamex-protestan-por-despido-injustificado-cdmx-jun.jpg 870w, https:\/\/www.grieta.org.mx\/wp-content\/uploads\/2020\/06\/Camilleros-y-personal-de-limpieza-de-la-Unidad-Citibanamex-protestan-por-despido-injustificado-cdmx-jun-300x180.jpg 300w, https:\/\/www.grieta.org.mx\/wp-content\/uploads\/2020\/06\/Camilleros-y-personal-de-limpieza-de-la-Unidad-Citibanamex-protestan-por-despido-injustificado-cdmx-jun-768x461.jpg 768w, https:\/\/www.grieta.org.mx\/wp-content\/uploads\/2020\/06\/Camilleros-y-personal-de-limpieza-de-la-Unidad-Citibanamex-protestan-por-despido-injustificado-cdmx-jun-833x500.jpg 833w\" sizes=\"auto, (max-width: 642px) 100vw, 642px\" \/><\/p>\n<p>Unidad Temporal Covid-19 del Centro Citibanamex instalada desde el 26 de abril. Foto: Miguel Dimayuga<\/p>\n<p>Sara Pantoja \/ Proceso<\/p>\n<blockquote><p>CIUDAD DE M\u00c9XICO (apro).- Un grupo de aproximadamente 25 camilleros y personal de limpieza que laboraba en la Unidad Temporal Covid-19 del Centro Citibanamex se manifest\u00f3 esta ma\u00f1ana afuera de las instalaciones de la avenida Conscripto, alcald\u00eda Miguel Hidalgo, en protesta porque fueron despedidos \u201cde manera injustificada\u201d y sin los pagos que ten\u00edan atrasados; algunos dijeron que se contagiaron de la enfermedad mientras trabajaban.<\/p><\/blockquote>\n<p>Cuestionada al respecto, la jefa de gobierno, Claudia Sheinbaum, asegur\u00f3 que \u201cno hubo despidos\u201d y que la protesta era de \u201cun caso particular\u201d de camilleros \u201ccontratados por los donadores\u201d. Agreg\u00f3 que la Secretar\u00eda de Salud (Sedesa) los atender\u00eda \u201cde inmediato\u201d.<\/p>\n<p>La Unidad Temporal Covid opera desde el pasado 26 de abril en ese centro de convenciones. Fue instalada por la iniciativa privada y es operada por el gobierno de Claudia Sheinbaum y la Facultad de Medicina de la Universidad Nacional Aut\u00f3noma de M\u00e9xico (UNAM), para atender a pacientes en recuperaci\u00f3n.<\/p>\n<p>Sin bloquear la circulaci\u00f3n, los manifestantes llevaron carteles con sus demandas: \u201cExigimos el pago del tiempo laborado como lo marca la ley federal del trabajo\u201d, \u201cUniformes sucios, trajes rotos en terapia intensiva, exigimos justificaci\u00f3n\u201d, \u201cExigimos al gobierno revisar los contratos que le firman a las empresas que s\u00f3lo fingen dar trabajo y no cumplen\u201d, \u201cEstamos al tanto de personas con Covid. Exigimos soluci\u00f3n y pagos\u201d, \u201cNo m\u00e1s despidos injustificados por evadir nuestros pagos\u201d. \u201cNo m\u00e1s abusos por parte del se\u00f1or Cristian Zamora\u201d.<\/p>\n<p>Se\u00f1alaron a Cristian Zamora, de la Empresa Mantenimiento y Servicios (IMEI) SA de CV, como el responsable de los despidos injustificados y sin aviso, la noche de ayer, adem\u00e1s de la falta de pago de al menos las \u00faltimas dos quincenas.<\/p>\n<p>Agregaron que esa empresa outsourcing fue contratada por la Secretar\u00eda de Salud del gobierno capitalino (Sedesa), a cargo de Oliva L\u00f3pez. Y destacaron que en el contrato no les ofrecieron seguridad m\u00e9dica por si resultaban contagiados, adem\u00e1s de que reciclan las batas que les proporcionan para entrar a las \u00e1reas de terapia intensiva.<\/p>\n<p>Algunos de los manifestantes aseguraron que se contagiaron de covid-19 mientras laboraban en la Unidad Citibanamex y que, aun con s\u00edntomas, tuvieron que acudir a la manifestaci\u00f3n para exigir sus derechos laborales.<\/p>\n<p>Luego de un par de horas de transcurrida la manifestaci\u00f3n, Fernando Polanco S\u00e1nchez, subdirector de operaciones integrales de la Unidad Temporal, sali\u00f3 para ofrecer a los inconformes una mesa de di\u00e1logo para conocer sus demandas.<\/p>\n<p>\u201cEs un caso en particular\u201d: Sheinbaum<\/p>\n<p>Cuestionada en videoconferencia sobre la manifestaci\u00f3n, Claudia Sheinbaum asegur\u00f3 que \u201cno hubo despidos. Hay ah\u00ed un caso en particular, pero la mayor parte de los trabajadores de la salud que trabajan en la Unidad Temporal Citibanamex est\u00e1n contratados por el gobierno de la ciudad y han tenido sus pagos rigurosos cuando les corresponde\u201d, apunt\u00f3.<\/p>\n<p>La jefa de gobierno aclar\u00f3 que las personas que se manifestaron son \u201ccamilleros que est\u00e1n contratados directamente por los donadores, quien don\u00f3 recursos econ\u00f3micos para la operaci\u00f3n\u201d.<\/p>\n<p>Agreg\u00f3: \u201cParece que hubo un retraso en unos pagos, pero lo vamos a atender de inmediato para que no tengan ning\u00fan problema. Ya de hecho lo est\u00e1 atendiendo desde temprano la Secretar\u00eda de Salud y el equipo que nos ayuda a atender el Citibanamex\u201d.<\/p>\n<p><a href=\"https:\/\/www.proceso.com.mx\/634789\/camilleros-y-personal-de-limpieza-de-la-unidad-citibanamex-protestan-por-despido-injustificado\" target=\"_blank\" rel=\"noopener noreferrer\">https:\/\/www.proceso.com.mx\/634789\/camilleros-y-personal-de-limpieza-de-la-unidad-citibanamex-protestan-por-despido-injustificado<\/a><\/p>\n","protected":false},"excerpt":{"rendered":"<p>Unidad Temporal Covid-19 del Centro Citibanamex instalada desde el 26 de abril. Foto: Miguel Dimayuga Sara Pantoja \/ Proceso CIUDAD DE M\u00c9XICO (apro).- Un grupo de aproximadamente 25 camilleros y &hellip; <a href=\"https:\/\/www.grieta.org.mx\/index.php\/2020\/06\/17\/camilleros-y-personal-de-limpieza-de-la-unidad-citibanamex-protestan-por-despido-injustificado-ciudad-de-mexico\/\" class=\"more-link\">Leer m\u00e1s<\/a><\/p>\n","protected":false},"author":2,"featured_media":51135,"comment_status":"closed","ping_status":"closed","sticky":false,"template":"","format":"standard","meta":{"ngg_post_thumbnail":0,"_jetpack_newsletter_access":"","_jetpack_dont_email_post_to_subs":false,"_jetpack_newsletter_tier_id":0,"_jetpack_memberships_contains_paywalled_content":false,"_jetpack_memberships_contains_paid_content":false,"footnotes":""},"categories":[80,14,1080,3295,918,3033,2434,1225,2,2119,83],"tags":[3241,3133,2841,3226],"class_list":["post-51134","post","type-post","status-publish","format-standard","has-post-thumbnail","hentry","category-cintillo","category-ciudad-de-mexico","category-conflictos-laborales-en-la-ciudad-de-mexico","category-covid-19-en-ciudad-de-mexico","category-privatizacion-del-sector-salud","category-crisis-en-el-sector-salud-en-la-ciudad-de-mexico","category-desmantelamiento-del-sector-salud-en-la-ciudad-de-mexico","category-explotacion-laboral-en-la-ciudad-de-mexico","category-noticias-nacionales","category-precarizacion-de-las-condiciones-laborales-en-la-ciudad-de-mexico","category-temas-nacionales","tag-covid-19","tag-crisis-del-sector-salud","tag-explotacion-y-precariedad-laboral","tag-falta-de-material-y-equipo-medico","entry"],"jetpack_featured_media_url":"https:\/\/www.grieta.org.mx\/wp-content\/uploads\/2020\/06\/Camilleros-y-personal-de-limpieza-de-la-Unidad-Citibanamex-protestan-por-despido-injustificado-cdmx-jun.jpg","jetpack_sharing_enabled":true,"jetpack_shortlink":"https:\/\/wp.me\/p7ZJR4-diK","jetpack_likes_enabled":false,"jetpack-related-posts":[{"id":46659,"url":"https:\/\/www.grieta.org.mx\/index.php\/2020\/03\/23\/personal-del-imss-protesta-por-falta-de-insumos-y-protocolos-ante-covid-19-ciudad-de-mexico\/","url_meta":{"origin":51134,"position":0},"title":"Personal del IMSS protesta por falta de insumos y protocolos ante Covid-19 (Ciudad de M\u00e9xico)","author":"grieta","date":"23 marzo, 2020","format":false,"excerpt":"Foto: Jorge Gonz\u00e1lez Jorge Gonz\u00e1lez \/ Excelsior Enfermeras, camilleros y doctores de la Cl\u00ednica 32, piden capacitaci\u00f3n y medidas para la recepci\u00f3n de pacientes CIUDAD DE M\u00c9XICO. La ma\u00f1ana de este lunes, trabajadores del Instituto Mexicano del Seguro Social (IMSS) salieron a las calles a levantar la voz por la\u2026","rel":"","context":"En &quot;CINTILLO&quot;","block_context":{"text":"CINTILLO","link":"https:\/\/www.grieta.org.mx\/index.php\/category\/cintillo\/"},"img":{"alt_text":"","src":"https:\/\/i0.wp.com\/www.grieta.org.mx\/wp-content\/uploads\/2020\/03\/Personal-del-IMSS-protesta-por-falta-de-insumos-y-protocolos-ante-Covid-19-cdmx-mzo.jpg?resize=350%2C200&ssl=1","width":350,"height":200,"srcset":"https:\/\/i0.wp.com\/www.grieta.org.mx\/wp-content\/uploads\/2020\/03\/Personal-del-IMSS-protesta-por-falta-de-insumos-y-protocolos-ante-Covid-19-cdmx-mzo.jpg?resize=350%2C200&ssl=1 1x, https:\/\/i0.wp.com\/www.grieta.org.mx\/wp-content\/uploads\/2020\/03\/Personal-del-IMSS-protesta-por-falta-de-insumos-y-protocolos-ante-Covid-19-cdmx-mzo.jpg?resize=525%2C300&ssl=1 1.5x, https:\/\/i0.wp.com\/www.grieta.org.mx\/wp-content\/uploads\/2020\/03\/Personal-del-IMSS-protesta-por-falta-de-insumos-y-protocolos-ante-Covid-19-cdmx-mzo.jpg?resize=700%2C400&ssl=1 2x, https:\/\/i0.wp.com\/www.grieta.org.mx\/wp-content\/uploads\/2020\/03\/Personal-del-IMSS-protesta-por-falta-de-insumos-y-protocolos-ante-Covid-19-cdmx-mzo.jpg?resize=1050%2C600&ssl=1 3x"},"classes":[]},{"id":48327,"url":"https:\/\/www.grieta.org.mx\/index.php\/2020\/04\/27\/personal-medico-bloquea-ermita-iztapalapa-por-falta-de-insumos-ciudad-de-mexico\/","url_meta":{"origin":51134,"position":1},"title":"Personal m\u00e9dico bloquea Ermita Iztapalapa por falta de insumos (Ciudad de M\u00e9xico)","author":"grieta","date":"27 abril, 2020","format":false,"excerpt":"Foto: @GRAWPEREZ Diario de M\u00e9xico Ciudad de M\u00e9xico. -M\u00e9dicos, enfermeras y personal de salud que trabaja en el Hospital Pedi\u00e1trico de Iztapalapa, mantienen bloqueada la circulaci\u00f3n en la Avenida Ermita Iztapalapa, entre Eje 3 Oriente y La Viga. El personal m\u00e9dico asegura que no tienen los materiales necesarios, como cubrebocas\u2026","rel":"","context":"En &quot;CINTILLO&quot;","block_context":{"text":"CINTILLO","link":"https:\/\/www.grieta.org.mx\/index.php\/category\/cintillo\/"},"img":{"alt_text":"","src":"https:\/\/i0.wp.com\/www.grieta.org.mx\/wp-content\/uploads\/2020\/04\/Personal-m%C3%A9dico-bloquea-Ermita-Iztapalapa-por-falta-de-insumos-cdmx-abr.jpg?resize=350%2C200&ssl=1","width":350,"height":200,"srcset":"https:\/\/i0.wp.com\/www.grieta.org.mx\/wp-content\/uploads\/2020\/04\/Personal-m%C3%A9dico-bloquea-Ermita-Iztapalapa-por-falta-de-insumos-cdmx-abr.jpg?resize=350%2C200&ssl=1 1x, https:\/\/i0.wp.com\/www.grieta.org.mx\/wp-content\/uploads\/2020\/04\/Personal-m%C3%A9dico-bloquea-Ermita-Iztapalapa-por-falta-de-insumos-cdmx-abr.jpg?resize=525%2C300&ssl=1 1.5x, https:\/\/i0.wp.com\/www.grieta.org.mx\/wp-content\/uploads\/2020\/04\/Personal-m%C3%A9dico-bloquea-Ermita-Iztapalapa-por-falta-de-insumos-cdmx-abr.jpg?resize=700%2C400&ssl=1 2x, https:\/\/i0.wp.com\/www.grieta.org.mx\/wp-content\/uploads\/2020\/04\/Personal-m%C3%A9dico-bloquea-Ermita-Iztapalapa-por-falta-de-insumos-cdmx-abr.jpg?resize=1050%2C600&ssl=1 3x"},"classes":[]},{"id":48770,"url":"https:\/\/www.grieta.org.mx\/index.php\/2020\/05\/06\/personal-de-clinica-del-imss-en-zaragoza-denuncian-que-han-sido-rebasados-ciudad-de-mexico\/","url_meta":{"origin":51134,"position":2},"title":"PERSONAL DE CL\u00cdNICA DEL IMSS EN ZARAGOZA DENUNCIAN QUE HAN SIDO REBASADOS (Ciudad de M\u00e9xico)","author":"grieta","date":"6 mayo, 2020","format":false,"excerpt":"Foto: www.reporteindigo.com Reporte \u00cdndigo Trabajadores de la cl\u00ednica ubicada en calzada Ignacio Zaragoza se manifestaron este mi\u00e9rcoles a las afueras de la UMF 120 y cerraron la avenida El personal m\u00e9dico de la Unidad M\u00e9dica Familiar (UMF)120 en Zaragoza del Instituto Mexicano del Seguro Social (IMSS) denunci\u00f3 este mi\u00e9rcoles que\u2026","rel":"","context":"En &quot;CINTILLO&quot;","block_context":{"text":"CINTILLO","link":"https:\/\/www.grieta.org.mx\/index.php\/category\/cintillo\/"},"img":{"alt_text":"","src":"https:\/\/i0.wp.com\/www.grieta.org.mx\/wp-content\/uploads\/2020\/05\/PERSONAL-DE-CL%C3%8DNICA-DEL-IMSS-EN-ZARAGOZA-DENUNCIAN-QUE-HAN-SIDO-REBASADOS-cdmx-may.jpg?resize=350%2C200","width":350,"height":200},"classes":[]},{"id":49133,"url":"https:\/\/www.grieta.org.mx\/index.php\/2020\/05\/13\/personal-del-hospital-la-raza-rechaza-levantar-bloqueo-en-circuito-interior-ciudad-de-mexico\/","url_meta":{"origin":51134,"position":3},"title":"Personal del hospital La Raza rechaza levantar bloqueo en Circuito Interior (Ciudad de M\u00e9xico)","author":"grieta","date":"13 mayo, 2020","format":false,"excerpt":"Imagen tomada de: www.eluniversal.com.mx Diana Lastiri \/ El Universal Los manifestantes reprocharon que, luego de tres horas de bloqueo, la \u00fanica autoridad que se acerc\u00f3 a ellos fue el director del hospital; denunciaron que los insumos entregados por el IMSS son de mala calidad El director del Hospital General \u201cLa\u2026","rel":"","context":"En &quot;CINTILLO&quot;","block_context":{"text":"CINTILLO","link":"https:\/\/www.grieta.org.mx\/index.php\/category\/cintillo\/"},"img":{"alt_text":"","src":"https:\/\/i0.wp.com\/www.grieta.org.mx\/wp-content\/uploads\/2020\/05\/Personal-del-hospital-La-Raza-rechaza-levantar-cdmx-may.jpg?resize=350%2C200","width":350,"height":200},"classes":[]},{"id":47548,"url":"https:\/\/www.grieta.org.mx\/index.php\/2020\/04\/08\/trabajadoras-sexuales-expulsadas-de-hoteles-por-cuarentena-instalan-campamento-temporal-ciudad-de-mexico\/","url_meta":{"origin":51134,"position":4},"title":"Trabajadoras sexuales, expulsadas de hoteles por cuarentena, instalan campamento temporal (Ciudad de M\u00e9xico)","author":"grieta","date":"8 abril, 2020","format":false,"excerpt":"Imagen tomada de:news.culturacolectiva.com Cultura Colectiva La mayor\u00eda de los y las trabajadores sexuales se quedaron sin empleo y duermen en la calle ante el cierre de hoteles y posadas por la pandemia. Ante la vulnerabilidad tras el cierre de hoteles y posadas por la emergencia sanitaria que representa el coronavirus\u2026","rel":"","context":"En &quot;CINTILLO&quot;","block_context":{"text":"CINTILLO","link":"https:\/\/www.grieta.org.mx\/index.php\/category\/cintillo\/"},"img":{"alt_text":"","src":"https:\/\/i0.wp.com\/www.grieta.org.mx\/wp-content\/uploads\/2020\/04\/Trabajadoras-sexuales-expulsadas-de-hoteles-por-cuarentena-instalan-campamento-temporal-cdmx-abr.jpeg?resize=350%2C200&ssl=1","width":350,"height":200,"srcset":"https:\/\/i0.wp.com\/www.grieta.org.mx\/wp-content\/uploads\/2020\/04\/Trabajadoras-sexuales-expulsadas-de-hoteles-por-cuarentena-instalan-campamento-temporal-cdmx-abr.jpeg?resize=350%2C200&ssl=1 1x, https:\/\/i0.wp.com\/www.grieta.org.mx\/wp-content\/uploads\/2020\/04\/Trabajadoras-sexuales-expulsadas-de-hoteles-por-cuarentena-instalan-campamento-temporal-cdmx-abr.jpeg?resize=525%2C300&ssl=1 1.5x, https:\/\/i0.wp.com\/www.grieta.org.mx\/wp-content\/uploads\/2020\/04\/Trabajadoras-sexuales-expulsadas-de-hoteles-por-cuarentena-instalan-campamento-temporal-cdmx-abr.jpeg?resize=700%2C400&ssl=1 2x"},"classes":[]},{"id":56457,"url":"https:\/\/www.grieta.org.mx\/index.php\/2021\/01\/24\/mueren-383-barrenderos-de-la-cdmx-por-covid-19\/","url_meta":{"origin":51134,"position":5},"title":"Mueren 383 barrenderos de la CDMX por COVID-19","author":"grieta","date":"24 enero, 2021","format":false,"excerpt":"Barrenderos muertos por COVID-19 en la CDMX. Foto: Cuartoscuro David Rodr\u00edguez \/ Plumas At\u00f3micas Los trabajadores de la limpieza y la recolecci\u00f3n de basura suplican a la poblaci\u00f3n que marque los residuos de las personas contagiadas El\u00a0COVID-19 provoc\u00f3 la muerte a 383 barrenderos de la Ciudad de M\u00e9xico, inform\u00f3 La\u2026","rel":"","context":"En &quot;CINTILLO&quot;","block_context":{"text":"CINTILLO","link":"https:\/\/www.grieta.org.mx\/index.php\/category\/cintillo\/"},"img":{"alt_text":"","src":"https:\/\/i0.wp.com\/www.grieta.org.mx\/wp-content\/uploads\/2021\/01\/Mueren-383-barrenderos-de-la-CDMX-por-COVID-19-cdmx-ene.jpeg?resize=350%2C200&ssl=1","width":350,"height":200,"srcset":"https:\/\/i0.wp.com\/www.grieta.org.mx\/wp-content\/uploads\/2021\/01\/Mueren-383-barrenderos-de-la-CDMX-por-COVID-19-cdmx-ene.jpeg?resize=350%2C200&ssl=1 1x, https:\/\/i0.wp.com\/www.grieta.org.mx\/wp-content\/uploads\/2021\/01\/Mueren-383-barrenderos-de-la-CDMX-por-COVID-19-cdmx-ene.jpeg?resize=525%2C300&ssl=1 1.5x, https:\/\/i0.wp.com\/www.grieta.org.mx\/wp-content\/uploads\/2021\/01\/Mueren-383-barrenderos-de-la-CDMX-por-COVID-19-cdmx-ene.jpeg?resize=700%2C400&ssl=1 2x, https:\/\/i0.wp.com\/www.grieta.org.mx\/wp-content\/uploads\/2021\/01\/Mueren-383-barrenderos-de-la-CDMX-por-COVID-19-cdmx-ene.jpeg?resize=1050%2C600&ssl=1 3x"},"classes":[]}],"_links":{"self":[{"href":"https:\/\/www.grieta.org.mx\/index.php\/wp-json\/wp\/v2\/posts\/51134","targetHints":{"allow":["GET"]}}],"collection":[{"href":"https:\/\/www.grieta.org.mx\/index.php\/wp-json\/wp\/v2\/posts"}],"about":[{"href":"https:\/\/www.grieta.org.mx\/index.php\/wp-json\/wp\/v2\/types\/post"}],"author":[{"embeddable":true,"href":"https:\/\/www.grieta.org.mx\/index.php\/wp-json\/wp\/v2\/users\/2"}],"replies":[{"embeddable":true,"href":"https:\/\/www.grieta.org.mx\/index.php\/wp-json\/wp\/v2\/comments?post=51134"}],"version-history":[{"count":1,"href":"https:\/\/www.grieta.org.mx\/index.php\/wp-json\/wp\/v2\/posts\/51134\/revisions"}],"predecessor-version":[{"id":51136,"href":"https:\/\/www.grieta.org.mx\/index.php\/wp-json\/wp\/v2\/posts\/51134\/revisions\/51136"}],"wp:featuredmedia":[{"embeddable":true,"href":"https:\/\/www.grieta.org.mx\/index.php\/wp-json\/wp\/v2\/media\/51135"}],"wp:attachment":[{"href":"https:\/\/www.grieta.org.mx\/index.php\/wp-json\/wp\/v2\/media?parent=51134"}],"wp:term":[{"taxonomy":"category","embeddable":true,"href":"https:\/\/www.grieta.org.mx\/index.php\/wp-json\/wp\/v2\/categories?post=51134"},{"taxonomy":"post_tag","embeddable":true,"href":"https:\/\/www.grieta.org.mx\/index.php\/wp-json\/wp\/v2\/tags?post=51134"}],"curies":[{"name":"wp","href":"https:\/\/api.w.org\/{rel}","templated":true}]}}