{"id":51050,"date":"2020-04-09T21:03:25","date_gmt":"2020-04-10T02:03:25","guid":{"rendered":"http:\/\/www.grieta.org.mx\/?p=51050"},"modified":"2020-06-19T21:10:04","modified_gmt":"2020-06-20T02:10:04","slug":"ambientalistas-claman-justicia-por-asesinato-de-activista-veracruz","status":"publish","type":"post","link":"https:\/\/www.grieta.org.mx\/index.php\/2020\/04\/09\/ambientalistas-claman-justicia-por-asesinato-de-activista-veracruz\/","title":{"rendered":"Ambientalistas claman justicia por asesinato de activista (Veracruz)"},"content":{"rendered":"<p><img loading=\"lazy\" decoding=\"async\" data-attachment-id=\"51051\" data-permalink=\"https:\/\/www.grieta.org.mx\/index.php\/2020\/04\/09\/ambientalistas-claman-justicia-por-asesinato-de-activista-veracruz\/screenshot_2020-06-19-adan-vez-lira-busqueda-de-google\/\" data-orig-file=\"https:\/\/www.grieta.org.mx\/wp-content\/uploads\/2020\/06\/Screenshot_2020-06-19-adan-vez-lira-B\u00fasqueda-de-Google.png\" data-orig-size=\"731,731\" data-comments-opened=\"0\" data-image-meta=\"{&quot;aperture&quot;:&quot;0&quot;,&quot;credit&quot;:&quot;&quot;,&quot;camera&quot;:&quot;&quot;,&quot;caption&quot;:&quot;&quot;,&quot;created_timestamp&quot;:&quot;0&quot;,&quot;copyright&quot;:&quot;&quot;,&quot;focal_length&quot;:&quot;0&quot;,&quot;iso&quot;:&quot;0&quot;,&quot;shutter_speed&quot;:&quot;0&quot;,&quot;title&quot;:&quot;&quot;,&quot;orientation&quot;:&quot;0&quot;}\" data-image-title=\"Screenshot_2020-06-19 adan vez lira &amp;#8211; B\u00fasqueda de Google\" data-image-description=\"\" data-image-caption=\"\" data-medium-file=\"https:\/\/www.grieta.org.mx\/wp-content\/uploads\/2020\/06\/Screenshot_2020-06-19-adan-vez-lira-B\u00fasqueda-de-Google-300x300.png\" data-large-file=\"https:\/\/www.grieta.org.mx\/wp-content\/uploads\/2020\/06\/Screenshot_2020-06-19-adan-vez-lira-B\u00fasqueda-de-Google.png\" class=\"aligncenter wp-image-51051 size-full\" src=\"http:\/\/www.grieta.org.mx\/wp-content\/uploads\/2020\/06\/Screenshot_2020-06-19-adan-vez-lira-B\u00fasqueda-de-Google.png\" alt=\"\" width=\"731\" height=\"731\" srcset=\"https:\/\/www.grieta.org.mx\/wp-content\/uploads\/2020\/06\/Screenshot_2020-06-19-adan-vez-lira-B\u00fasqueda-de-Google.png 731w, https:\/\/www.grieta.org.mx\/wp-content\/uploads\/2020\/06\/Screenshot_2020-06-19-adan-vez-lira-B\u00fasqueda-de-Google-150x150.png 150w, https:\/\/www.grieta.org.mx\/wp-content\/uploads\/2020\/06\/Screenshot_2020-06-19-adan-vez-lira-B\u00fasqueda-de-Google-300x300.png 300w, https:\/\/www.grieta.org.mx\/wp-content\/uploads\/2020\/06\/Screenshot_2020-06-19-adan-vez-lira-B\u00fasqueda-de-Google-130x130.png 130w, https:\/\/www.grieta.org.mx\/wp-content\/uploads\/2020\/06\/Screenshot_2020-06-19-adan-vez-lira-B\u00fasqueda-de-Google-500x500.png 500w\" sizes=\"auto, (max-width: 731px) 100vw, 731px\" \/><\/p>\n<p>Cinthya Trinidad \/ Vanguardia<\/p>\n<p>Xalapa, Ver.- Organizaciones ambientalistas y personas dedicadas al cuidado del medio ambiente exigen a las autoridades el esclarecimiento del asesinato del activista Ad\u00e1n Vez Lira, ocurrido este mi\u00e9rcoles 8 de abril, cerca de La Mancha, en el municipio de Actopan.<\/p>\n<p>En una carta firmada por diferentes grupos y ciudadanos, se exige un alto a los ataques en contra de las personas defensoras de la vida y el territorio.<\/p>\n<p>\u201cExigimos a las autoridades federales y estatales competentes que se realice una investigaci\u00f3n diligente sobre este hecho delictuoso, agotando todas las l\u00edneas de investigaci\u00f3n, incluyendo la defensa de los derechos humanos en pro del territorio. Demandamos que se esclarezca quien o quienes son los presuntos responsables o autores materiales e intelectuales de este asesinato y que se imparta justicia sobre quienes resulten culpables\u201d, se lee en el texto.<\/p>\n<p>Vez Lira fue un activista y promotor de la vida y el territorio, quien labor\u00f3 incansablemente por proteger los manglares, las dunas y todos los ecosistemas de la zona centro de Veracruz, se desempe\u00f1\u00f3 como Ecoguia de La Mancha.<\/p>\n<p>\u201cSiempre se preocup\u00f3 por los problemas ambientales de su municipio, organiz\u00f3 m\u00faltiples festivales de Las Aves, eventos de reforestaci\u00f3n y educaci\u00f3n ambiental. En a\u00f1os recientes, Ad\u00e1n particip\u00f3 activamente en la defensa de la regi\u00f3n frente a la imposici\u00f3n de grandes proyectos de miner\u00eda por tajo a cielo abierto\u201d, destacan.<\/p>\n<p>Finalmente, solicitaron a las autoridades se garantice la seguridad de las personas defensoras de derechos humanos.<\/p>\n<p><a href=\"https:\/\/www.vanguardiaveracruz.mx\/ambientalistas-claman-justicia-por-asesinato-de-activista\/\">https:\/\/www.vanguardiaveracruz.mx\/ambientalistas-claman-justicia-por-asesinato-de-activista\/<\/a><\/p>\n","protected":false},"excerpt":{"rendered":"<p>Cinthya Trinidad \/ Vanguardia Xalapa, Ver.- Organizaciones ambientalistas y personas dedicadas al cuidado del medio ambiente exigen a las autoridades el esclarecimiento del asesinato del activista Ad\u00e1n Vez Lira, ocurrido &hellip; <a href=\"https:\/\/www.grieta.org.mx\/index.php\/2020\/04\/09\/ambientalistas-claman-justicia-por-asesinato-de-activista-veracruz\/\" class=\"more-link\">Leer m\u00e1s<\/a><\/p>\n","protected":false},"author":2,"featured_media":51051,"comment_status":"closed","ping_status":"closed","sticky":false,"template":"","format":"standard","meta":{"ngg_post_thumbnail":0,"_jetpack_newsletter_access":"","_jetpack_dont_email_post_to_subs":false,"_jetpack_newsletter_tier_id":0,"_jetpack_memberships_contains_paywalled_content":false,"_jetpack_memberships_contains_paid_content":false,"footnotes":""},"categories":[2502,80,2,35],"tags":[2140,459,231],"class_list":["post-51050","post","type-post","status-publish","format-standard","has-post-thumbnail","hentry","category-asesinato-de-activistas-en-veracruz","category-cintillo","category-noticias-nacionales","category-veracruz","tag-asesinato-de-activistas","tag-ataques-a-defensores-ambientales","tag-defensores-ambientales","entry"],"jetpack_featured_media_url":"https:\/\/www.grieta.org.mx\/wp-content\/uploads\/2020\/06\/Screenshot_2020-06-19-adan-vez-lira-B\u00fasqueda-de-Google.png","jetpack_sharing_enabled":true,"jetpack_shortlink":"https:\/\/wp.me\/p7ZJR4-dho","jetpack_likes_enabled":false,"jetpack-related-posts":[{"id":59210,"url":"https:\/\/www.grieta.org.mx\/index.php\/2021\/04\/27\/en-veracruz-se-incrementaron-ataques-contra-ambientalistas-en-2020-cemda\/","url_meta":{"origin":51050,"position":0},"title":"En Veracruz se incrementaron ataques contra ambientalistas en 2020: CEMDA","author":"Admin","date":"27 abril, 2021","format":false,"excerpt":"- De 4 casos sobresale el homicidio de Ad\u00e1n Vez Lira, el 8 de abril de ese a\u00f1o - Luch\u00f3 por proteger manglares, dunas y ecosistemas de la costa central Jair Garc\u00eda \/ Al calor pol\u00edtico Durante el 2020, en el Estado de Veracruz se registr\u00f3 un incremento en las\u2026","rel":"","context":"En &quot;Asesinato de activistas en Veracruz&quot;","block_context":{"text":"Asesinato de activistas en Veracruz","link":"https:\/\/www.grieta.org.mx\/index.php\/category\/noticias-nacionales\/veracruz\/asesinato-de-activistas-en-veracruz\/"},"img":{"alt_text":"","src":"","width":0,"height":0},"classes":[]},{"id":58465,"url":"https:\/\/www.grieta.org.mx\/index.php\/2021\/04\/09\/impune-asesinato-del-ambientalista-adan-vez-lira-veracruz\/","url_meta":{"origin":51050,"position":1},"title":"Impune, asesinato del ambientalista Ad\u00e1n Vez Lira (Veracruz)","author":"grieta","date":"9 abril, 2021","format":false,"excerpt":"Lenin Pati\u00f1o \/ Contral\u00ednea A un a\u00f1o del asesinato a balazos del ambientalista Ad\u00e1n Vez Lira \u2013ocurrido el 8 de abril de 2020 en el municipio de Actopan, Veracruz\u2013 los responsables contin\u00faan impunes ante la inacci\u00f3n de las autoridades, denunci\u00f3 la Red Mexicana de Afectados por la Miner\u00eda (Rema). En\u2026","rel":"","context":"En &quot;Asesinato de activistas en Veracruz&quot;","block_context":{"text":"Asesinato de activistas en Veracruz","link":"https:\/\/www.grieta.org.mx\/index.php\/category\/noticias-nacionales\/veracruz\/asesinato-de-activistas-en-veracruz\/"},"img":{"alt_text":"","src":"https:\/\/i0.wp.com\/www.grieta.org.mx\/wp-content\/uploads\/2021\/04\/Screenshot_2021-04-12-Impune-asesinato-del-ambientalista-Adan-Vez-Lira-%E2%80%94-Contralinea.png?resize=350%2C200&ssl=1","width":350,"height":200,"srcset":"https:\/\/i0.wp.com\/www.grieta.org.mx\/wp-content\/uploads\/2021\/04\/Screenshot_2021-04-12-Impune-asesinato-del-ambientalista-Adan-Vez-Lira-%E2%80%94-Contralinea.png?resize=350%2C200&ssl=1 1x, https:\/\/i0.wp.com\/www.grieta.org.mx\/wp-content\/uploads\/2021\/04\/Screenshot_2021-04-12-Impune-asesinato-del-ambientalista-Adan-Vez-Lira-%E2%80%94-Contralinea.png?resize=525%2C300&ssl=1 1.5x, https:\/\/i0.wp.com\/www.grieta.org.mx\/wp-content\/uploads\/2021\/04\/Screenshot_2021-04-12-Impune-asesinato-del-ambientalista-Adan-Vez-Lira-%E2%80%94-Contralinea.png?resize=700%2C400&ssl=1 2x"},"classes":[]},{"id":32481,"url":"https:\/\/www.grieta.org.mx\/index.php\/2019\/04\/03\/temen-activistas-que-crimen-de-abiram-quede-impune-veracruz\/","url_meta":{"origin":51050,"position":2},"title":"Temen activistas que crimen de Abir\u00e1m quede impune (Veracruz)","author":"grieta","date":"3 abril, 2019","format":false,"excerpt":"Juan David Castilla \/ El Dem\u00f3crata Un grupo de activistas protest\u00f3 frente a Palacio de Gobierno para exigir a las autoridades que el crimen de Abir\u00e1m Hern\u00e1ndez no quede en la impunidad. Ana\u00eds Palacios P\u00e9rez, quien ha formado parte de colectivos de familiares de desaparecidos, denunci\u00f3 que a cinco d\u00edas\u2026","rel":"","context":"En &quot;CINTILLO&quot;","block_context":{"text":"CINTILLO","link":"https:\/\/www.grieta.org.mx\/index.php\/category\/cintillo\/"},"img":{"alt_text":"","src":"https:\/\/i0.wp.com\/www.grieta.org.mx\/wp-content\/uploads\/2019\/04\/Screenshot_2019-04-25-Temen-activistas-que-crimen-de-Abir%C3%A1m-quede-impune-El-Dem%C3%B3crata.jpg?resize=350%2C200&ssl=1","width":350,"height":200,"srcset":"https:\/\/i0.wp.com\/www.grieta.org.mx\/wp-content\/uploads\/2019\/04\/Screenshot_2019-04-25-Temen-activistas-que-crimen-de-Abir%C3%A1m-quede-impune-El-Dem%C3%B3crata.jpg?resize=350%2C200&ssl=1 1x, https:\/\/i0.wp.com\/www.grieta.org.mx\/wp-content\/uploads\/2019\/04\/Screenshot_2019-04-25-Temen-activistas-que-crimen-de-Abir%C3%A1m-quede-impune-El-Dem%C3%B3crata.jpg?resize=525%2C300&ssl=1 1.5x, https:\/\/i0.wp.com\/www.grieta.org.mx\/wp-content\/uploads\/2019\/04\/Screenshot_2019-04-25-Temen-activistas-que-crimen-de-Abir%C3%A1m-quede-impune-El-Dem%C3%B3crata.jpg?resize=700%2C400&ssl=1 2x, https:\/\/i0.wp.com\/www.grieta.org.mx\/wp-content\/uploads\/2019\/04\/Screenshot_2019-04-25-Temen-activistas-que-crimen-de-Abir%C3%A1m-quede-impune-El-Dem%C3%B3crata.jpg?resize=1050%2C600&ssl=1 3x, https:\/\/i0.wp.com\/www.grieta.org.mx\/wp-content\/uploads\/2019\/04\/Screenshot_2019-04-25-Temen-activistas-que-crimen-de-Abir%C3%A1m-quede-impune-El-Dem%C3%B3crata.jpg?resize=1400%2C800&ssl=1 4x"},"classes":[]},{"id":47321,"url":"https:\/\/www.grieta.org.mx\/index.php\/2020\/03\/30\/piden-justicia-para-abiram-hernandez-defensor-de-derechos-humanos-veracruz\/","url_meta":{"origin":51050,"position":3},"title":"Piden justicia para Abiram Hern\u00e1ndez, defensor de derechos humanos (Veracruz)","author":"Admin","date":"30 marzo, 2020","format":false,"excerpt":"Cinthya Trinidad \/ Vanguardia Xalapa, Ver.- Este 30 de marzo se cumpli\u00f3 un a\u00f1o del homicidio de Abiram Hern\u00e1ndez Fern\u00e1ndez, defensor de derechos humanos y acompa\u00f1ante de familias con personas desaparecidas. A la fecha, el crimen prevalece en la impunidad pues no hay avances en las investigaciones ni detenidos tras\u2026","rel":"","context":"En &quot;Asesinato de activistas en Veracruz&quot;","block_context":{"text":"Asesinato de activistas en Veracruz","link":"https:\/\/www.grieta.org.mx\/index.php\/category\/noticias-nacionales\/veracruz\/asesinato-de-activistas-en-veracruz\/"},"img":{"alt_text":"","src":"https:\/\/i0.wp.com\/www.grieta.org.mx\/wp-content\/uploads\/2020\/04\/PIDEN-1-4-1024x536.jpg?resize=350%2C200&ssl=1","width":350,"height":200,"srcset":"https:\/\/i0.wp.com\/www.grieta.org.mx\/wp-content\/uploads\/2020\/04\/PIDEN-1-4-1024x536.jpg?resize=350%2C200&ssl=1 1x, https:\/\/i0.wp.com\/www.grieta.org.mx\/wp-content\/uploads\/2020\/04\/PIDEN-1-4-1024x536.jpg?resize=525%2C300&ssl=1 1.5x, https:\/\/i0.wp.com\/www.grieta.org.mx\/wp-content\/uploads\/2020\/04\/PIDEN-1-4-1024x536.jpg?resize=700%2C400&ssl=1 2x"},"classes":[]},{"id":2014,"url":"https:\/\/www.grieta.org.mx\/index.php\/2016\/01\/09\/colima-quinto-lugar-nacional-en-ataques-contra-ambientalistas-cemda\/","url_meta":{"origin":51050,"position":4},"title":"Colima, quinto lugar nacional en ataques contra ambientalistas: Cemda","author":"grieta","date":"9 enero, 2016","format":false,"excerpt":"Colima, M\u00e9xico, Avanzada (09\/01\/2016).- Con ocho casos registrados, el estado de Colima ocupa el quinto lugar nacional en agresiones contra activistas defensores del medio ambiente, revela el \u201cInforme sobre la situaci\u00f3n de los defensores ambientales 2015\u201d, elaborado por el Centro Mexicano de Derecho Ambiental (Cemda). En el primer lugar se\u2026","rel":"","context":"En &quot;CINTILLO&quot;","block_context":{"text":"CINTILLO","link":"https:\/\/www.grieta.org.mx\/index.php\/category\/cintillo\/"},"img":{"alt_text":"","src":"https:\/\/i0.wp.com\/www.grieta.org.mx\/wp-content\/uploads\/2018\/03\/14524434_1106112876131411_958039263622046936_o.jpg?resize=350%2C200&ssl=1","width":350,"height":200,"srcset":"https:\/\/i0.wp.com\/www.grieta.org.mx\/wp-content\/uploads\/2018\/03\/14524434_1106112876131411_958039263622046936_o.jpg?resize=350%2C200&ssl=1 1x, https:\/\/i0.wp.com\/www.grieta.org.mx\/wp-content\/uploads\/2018\/03\/14524434_1106112876131411_958039263622046936_o.jpg?resize=525%2C300&ssl=1 1.5x, https:\/\/i0.wp.com\/www.grieta.org.mx\/wp-content\/uploads\/2018\/03\/14524434_1106112876131411_958039263622046936_o.jpg?resize=700%2C400&ssl=1 2x"},"classes":[]},{"id":44056,"url":"https:\/\/www.grieta.org.mx\/index.php\/2020\/02\/06\/de-manera-impune-persiste-violencia-contra-ambientalistas-en-mexico-michoacan-nacional\/","url_meta":{"origin":51050,"position":5},"title":"De manera impune persiste violencia contra ambientalistas en M\u00e9xico (Michoac\u00e1n, Nacional)","author":"grieta","date":"6 febrero, 2020","format":false,"excerpt":"El Centro Mexicano de Derecho Ambiental document\u00f3 49 ataques a ambientalistas en 2018 en M\u00e9xico, de los cuales 21 tuvieron un fatal desenlace UDGtv con informaci\u00f3n de EFE, 06 de febrero de 2020 Ciudad de M\u00e9xico, M\u00e9xico. Defender el medioambiente es extremadamente peligroso en M\u00e9xico, tal y como refleja el\u2026","rel":"","context":"En &quot;CINTILLO&quot;","block_context":{"text":"CINTILLO","link":"https:\/\/www.grieta.org.mx\/index.php\/category\/cintillo\/"},"img":{"alt_text":"","src":"https:\/\/i0.wp.com\/www.grieta.org.mx\/wp-content\/uploads\/2020\/02\/Defensor-mariposa-monarca-1068x709.jpg?resize=350%2C200&ssl=1","width":350,"height":200,"srcset":"https:\/\/i0.wp.com\/www.grieta.org.mx\/wp-content\/uploads\/2020\/02\/Defensor-mariposa-monarca-1068x709.jpg?resize=350%2C200&ssl=1 1x, https:\/\/i0.wp.com\/www.grieta.org.mx\/wp-content\/uploads\/2020\/02\/Defensor-mariposa-monarca-1068x709.jpg?resize=525%2C300&ssl=1 1.5x, https:\/\/i0.wp.com\/www.grieta.org.mx\/wp-content\/uploads\/2020\/02\/Defensor-mariposa-monarca-1068x709.jpg?resize=700%2C400&ssl=1 2x, https:\/\/i0.wp.com\/www.grieta.org.mx\/wp-content\/uploads\/2020\/02\/Defensor-mariposa-monarca-1068x709.jpg?resize=1050%2C600&ssl=1 3x"},"classes":[]}],"_links":{"self":[{"href":"https:\/\/www.grieta.org.mx\/index.php\/wp-json\/wp\/v2\/posts\/51050","targetHints":{"allow":["GET"]}}],"collection":[{"href":"https:\/\/www.grieta.org.mx\/index.php\/wp-json\/wp\/v2\/posts"}],"about":[{"href":"https:\/\/www.grieta.org.mx\/index.php\/wp-json\/wp\/v2\/types\/post"}],"author":[{"embeddable":true,"href":"https:\/\/www.grieta.org.mx\/index.php\/wp-json\/wp\/v2\/users\/2"}],"replies":[{"embeddable":true,"href":"https:\/\/www.grieta.org.mx\/index.php\/wp-json\/wp\/v2\/comments?post=51050"}],"version-history":[{"count":1,"href":"https:\/\/www.grieta.org.mx\/index.php\/wp-json\/wp\/v2\/posts\/51050\/revisions"}],"predecessor-version":[{"id":51052,"href":"https:\/\/www.grieta.org.mx\/index.php\/wp-json\/wp\/v2\/posts\/51050\/revisions\/51052"}],"wp:featuredmedia":[{"embeddable":true,"href":"https:\/\/www.grieta.org.mx\/index.php\/wp-json\/wp\/v2\/media\/51051"}],"wp:attachment":[{"href":"https:\/\/www.grieta.org.mx\/index.php\/wp-json\/wp\/v2\/media?parent=51050"}],"wp:term":[{"taxonomy":"category","embeddable":true,"href":"https:\/\/www.grieta.org.mx\/index.php\/wp-json\/wp\/v2\/categories?post=51050"},{"taxonomy":"post_tag","embeddable":true,"href":"https:\/\/www.grieta.org.mx\/index.php\/wp-json\/wp\/v2\/tags?post=51050"}],"curies":[{"name":"wp","href":"https:\/\/api.w.org\/{rel}","templated":true}]}}