{"id":51044,"date":"2020-06-15T20:16:58","date_gmt":"2020-06-16T01:16:58","guid":{"rendered":"http:\/\/www.grieta.org.mx\/?p=51044"},"modified":"2020-06-19T20:24:06","modified_gmt":"2020-06-20T01:24:06","slug":"familiares-de-desaparecidos-reclaman-a-amlo-solo-atiendes-a-la-mama-del-chapo-le-grito-una-mujer-veracruz","status":"publish","type":"post","link":"https:\/\/www.grieta.org.mx\/index.php\/2020\/06\/15\/familiares-de-desaparecidos-reclaman-a-amlo-solo-atiendes-a-la-mama-del-chapo-le-grito-una-mujer-veracruz\/","title":{"rendered":"Familiares de desaparecidos reclaman a AMLO; &#8216;solo atiendes a la mam\u00e1 del Chapo&#8217;, le grit\u00f3 una mujer (Veracruz)"},"content":{"rendered":"<p><img loading=\"lazy\" decoding=\"async\" data-attachment-id=\"51045\" data-permalink=\"https:\/\/www.grieta.org.mx\/index.php\/2020\/06\/15\/familiares-de-desaparecidos-reclaman-a-amlo-solo-atiendes-a-la-mama-del-chapo-le-grito-una-mujer-veracruz\/screenshot_2020-06-19-solo-atiendes-a-la-mama-del-chapo-victimas-reclaman-a-amlo-en-veracruz\/\" data-orig-file=\"https:\/\/www.grieta.org.mx\/wp-content\/uploads\/2020\/06\/Screenshot_2020-06-19-Solo-atiendes-a-la-mam\u00e1-del-Chapo-v\u00edctimas-reclaman-a-AMLO-en-Veracruz.png\" data-orig-size=\"1129,591\" data-comments-opened=\"0\" data-image-meta=\"{&quot;aperture&quot;:&quot;0&quot;,&quot;credit&quot;:&quot;&quot;,&quot;camera&quot;:&quot;&quot;,&quot;caption&quot;:&quot;&quot;,&quot;created_timestamp&quot;:&quot;0&quot;,&quot;copyright&quot;:&quot;&quot;,&quot;focal_length&quot;:&quot;0&quot;,&quot;iso&quot;:&quot;0&quot;,&quot;shutter_speed&quot;:&quot;0&quot;,&quot;title&quot;:&quot;&quot;,&quot;orientation&quot;:&quot;0&quot;}\" data-image-title=\"Screenshot_2020-06-19 &amp;#8216;Solo atiendes a la mam\u00e1 del Chapo&amp;#8217; v\u00edctimas reclaman a AMLO en Veracruz\" data-image-description=\"\" data-image-caption=\"\" data-medium-file=\"https:\/\/www.grieta.org.mx\/wp-content\/uploads\/2020\/06\/Screenshot_2020-06-19-Solo-atiendes-a-la-mam\u00e1-del-Chapo-v\u00edctimas-reclaman-a-AMLO-en-Veracruz-300x157.png\" data-large-file=\"https:\/\/www.grieta.org.mx\/wp-content\/uploads\/2020\/06\/Screenshot_2020-06-19-Solo-atiendes-a-la-mam\u00e1-del-Chapo-v\u00edctimas-reclaman-a-AMLO-en-Veracruz-1024x536.png\" class=\"aligncenter wp-image-51045\" src=\"http:\/\/www.grieta.org.mx\/wp-content\/uploads\/2020\/06\/Screenshot_2020-06-19-Solo-atiendes-a-la-mam\u00e1-del-Chapo-v\u00edctimas-reclaman-a-AMLO-en-Veracruz.png\" alt=\"\" width=\"800\" height=\"419\" srcset=\"https:\/\/www.grieta.org.mx\/wp-content\/uploads\/2020\/06\/Screenshot_2020-06-19-Solo-atiendes-a-la-mam\u00e1-del-Chapo-v\u00edctimas-reclaman-a-AMLO-en-Veracruz.png 1129w, https:\/\/www.grieta.org.mx\/wp-content\/uploads\/2020\/06\/Screenshot_2020-06-19-Solo-atiendes-a-la-mam\u00e1-del-Chapo-v\u00edctimas-reclaman-a-AMLO-en-Veracruz-300x157.png 300w, https:\/\/www.grieta.org.mx\/wp-content\/uploads\/2020\/06\/Screenshot_2020-06-19-Solo-atiendes-a-la-mam\u00e1-del-Chapo-v\u00edctimas-reclaman-a-AMLO-en-Veracruz-768x402.png 768w, https:\/\/www.grieta.org.mx\/wp-content\/uploads\/2020\/06\/Screenshot_2020-06-19-Solo-atiendes-a-la-mam\u00e1-del-Chapo-v\u00edctimas-reclaman-a-AMLO-en-Veracruz-1024x536.png 1024w, https:\/\/www.grieta.org.mx\/wp-content\/uploads\/2020\/06\/Screenshot_2020-06-19-Solo-atiendes-a-la-mam\u00e1-del-Chapo-v\u00edctimas-reclaman-a-AMLO-en-Veracruz-955x500.png 955w\" sizes=\"auto, (max-width: 800px) 100vw, 800px\" \/><\/p>\n<p>Redacci\u00f3n \/ Animal Pol\u00edtico<\/p>\n<p>Familiares de personas desaparecidas reclamaron este lunes al presidente Andr\u00e9s Manuel L\u00f3pez Obrador en Veracruz que bajara de su veh\u00edculo y que escuchara su caso, y al no obtener respuesta favorable una mujer le reclam\u00f3 que en marzo pasado s\u00ed descendi\u00f3 de su transporte para saludar a la madre del narcotraficante Joaqu\u00edn el Chapo Guzm\u00e1n.<\/p>\n<p>Un video que public\u00f3 Proceso muestra el momento en que el autom\u00f3vil con el presidente a bordo trataba de abrirse paso, al salir de instalaciones militares.<\/p>\n<p>\u201cQue se baje, que se baje\u201d, le gritaron manifestantes mostrando pancartas, en algunas de ellas con los rostros de sus familiares desaparecidos.<\/p>\n<p>\u201cSolo atiendes a la mam\u00e1 del Chapo\u201d, exclam\u00f3 una mujer en otro momento.<\/p>\n<p>Una manifestante incluso se coloc\u00f3 frente al autom\u00f3vil, sujetando una pancarta, aunque luego la retiraron.<\/p>\n<p>\u201cQuiero a mi hija, quiero a mi hija\u201d, grit\u00f3 otra mujer poco antes de que se alejara el veh\u00edculo.<\/p>\n<p>\u201c\u00c9l nos prometi\u00f3 en campa\u00f1a que iba a haber justicia, que iba a haber b\u00fasqueda, y no; nos dio un lugar de honor cuando vino aqu\u00ed el 2 de diciembre a Veracruz y desde entonces no nos toma en cuenta, no se vale\u201d, dijo una de las manifestantes, Elvia Cancela Jim\u00e9nez, de acuerdo con Reforma.<\/p>\n<p>\u201cNosotros cre\u00edmos en \u00e9l y \u00e9l nos est\u00e1 fallando, que se acuerde que somos pueblo\u201d, agreg\u00f3.<\/p>\n<blockquote class=\"twitter-tweet\" data-width=\"550\" data-dnt=\"true\">\n<p lang=\"es\" dir=\"ltr\">Al grito de \u201cs\u00f3lo atiendes a la mam\u00e1 del Chapo\u201d familiares de personas desaparecidas rodearon la camioneta en la que viajaba el presidente L\u00f3pez Obrador al salir de las instalaciones del batall\u00f3n de infanter\u00eda de la Sexta Regi\u00f3n Militar en Emiliano Zapata.<a href=\"https:\/\/t.co\/IiGpDBHcBr\">https:\/\/t.co\/IiGpDBHcBr<\/a> <a href=\"https:\/\/t.co\/vfCsita5Tv\">pic.twitter.com\/vfCsita5Tv<\/a><\/p>\n<p>&mdash; Proceso (@proceso) <a href=\"https:\/\/twitter.com\/proceso\/status\/1272627250509180928?ref_src=twsrc%5Etfw\">June 15, 2020<\/a><\/p><\/blockquote>\n<p><script async src=\"https:\/\/platform.twitter.com\/widgets.js\" charset=\"utf-8\"><\/script><\/p>\n<p><a href=\"https:\/\/www.animalpolitico.com\/2020\/06\/familiares-desaparecidos-reclamo-mama-chapo\/\">https:\/\/www.animalpolitico.com\/2020\/06\/familiares-desaparecidos-reclamo-mama-chapo\/<\/a><\/p>\n","protected":false},"excerpt":{"rendered":"<p>Redacci\u00f3n \/ Animal Pol\u00edtico Familiares de personas desaparecidas reclamaron este lunes al presidente Andr\u00e9s Manuel L\u00f3pez Obrador en Veracruz que bajara de su veh\u00edculo y que escuchara su caso, y &hellip; <a href=\"https:\/\/www.grieta.org.mx\/index.php\/2020\/06\/15\/familiares-de-desaparecidos-reclaman-a-amlo-solo-atiendes-a-la-mama-del-chapo-le-grito-una-mujer-veracruz\/\" class=\"more-link\">Leer m\u00e1s<\/a><\/p>\n","protected":false},"author":2,"featured_media":51045,"comment_status":"closed","ping_status":"closed","sticky":false,"template":"","format":"standard","meta":{"ngg_post_thumbnail":0,"_jetpack_newsletter_access":"","_jetpack_dont_email_post_to_subs":false,"_jetpack_newsletter_tier_id":0,"_jetpack_memberships_contains_paywalled_content":false,"_jetpack_memberships_contains_paid_content":false,"footnotes":""},"categories":[80,87,1012,2,83,35],"tags":[2484,1828,3018],"class_list":["post-51044","post","type-post","status-publish","format-standard","has-post-thumbnail","hentry","category-cintillo","category-desaparecidos","category-desaparecidos-en-veracruz","category-noticias-nacionales","category-temas-nacionales","category-veracruz","tag-buscadoras","tag-busqueda-de-desaparecidos","tag-colectivos-de-busqueda-de-desaparecidos","entry"],"jetpack_featured_media_url":"https:\/\/www.grieta.org.mx\/wp-content\/uploads\/2020\/06\/Screenshot_2020-06-19-Solo-atiendes-a-la-mam\u00e1-del-Chapo-v\u00edctimas-reclaman-a-AMLO-en-Veracruz.png","jetpack_sharing_enabled":true,"jetpack_shortlink":"https:\/\/wp.me\/p7ZJR4-dhi","jetpack_likes_enabled":false,"jetpack-related-posts":[{"id":66674,"url":"https:\/\/www.grieta.org.mx\/index.php\/2023\/03\/17\/entre-amenazas-y-cuerpos-ocultos-en-panteones-busqueda-de-desaparecidos-en-veracruz\/","url_meta":{"origin":51044,"position":0},"title":"Entre amenazas y cuerpos ocultos en panteones, b\u00fasqueda de desaparecidos en Veracruz","author":"grieta","date":"17 marzo, 2023","format":false,"excerpt":"El\u00edas Dur\u00e1n \/ Imagen del Golfo Familiares buscan a sus desaparecidos, amenazados y casi olvidados por autoridades Adem\u00e1s de la falta de avances en las investigaciones y las omisiones, los familiares de personas desaparecidas en Veracruz se enfrentan a las intimidaciones y amenazas al emprender la b\u00fasqueda de sus seres\u2026","rel":"","context":"En &quot;CINTILLO&quot;","block_context":{"text":"CINTILLO","link":"https:\/\/www.grieta.org.mx\/index.php\/category\/cintillo\/"},"img":{"alt_text":"","src":"https:\/\/i0.wp.com\/www.grieta.org.mx\/wp-content\/uploads\/2023\/03\/rosa-elena-desaparecidos1.jpg?resize=350%2C200&ssl=1","width":350,"height":200,"srcset":"https:\/\/i0.wp.com\/www.grieta.org.mx\/wp-content\/uploads\/2023\/03\/rosa-elena-desaparecidos1.jpg?resize=350%2C200&ssl=1 1x, https:\/\/i0.wp.com\/www.grieta.org.mx\/wp-content\/uploads\/2023\/03\/rosa-elena-desaparecidos1.jpg?resize=525%2C300&ssl=1 1.5x, https:\/\/i0.wp.com\/www.grieta.org.mx\/wp-content\/uploads\/2023\/03\/rosa-elena-desaparecidos1.jpg?resize=700%2C400&ssl=1 2x"},"classes":[]},{"id":44218,"url":"https:\/\/www.grieta.org.mx\/index.php\/2020\/02\/09\/inicia-la-mayor-busqueda-de-desaparecidos-en-mexico-veracruz\/","url_meta":{"origin":51044,"position":1},"title":"Inicia la mayor b\u00fasqueda de desaparecidos en M\u00e9xico (Veracruz)","author":"grieta","date":"9 febrero, 2020","format":false,"excerpt":"Texto: Jos\u00e9 Ignacio De Alba \/ Pie de P\u00e1gina Foto: M\u00f3nica Gonz\u00e1lez Unas 350 personas de 21 estados del pa\u00eds inician en Veracruz una extensa jornada de localizaci\u00f3n de cuerpos. Mientras, el gobierno mexicano se mantiene al margen Papantla, Veracruz, es una de las zonas m\u00e1s peligrosas del pa\u00eds. Y\u2026","rel":"","context":"En &quot;CINTILLO&quot;","block_context":{"text":"CINTILLO","link":"https:\/\/www.grieta.org.mx\/index.php\/category\/cintillo\/"},"img":{"alt_text":"","src":"https:\/\/i0.wp.com\/www.grieta.org.mx\/wp-content\/uploads\/2020\/02\/pdp_brigadadebusqueda_monicagonzalez.jpg?resize=350%2C200&ssl=1","width":350,"height":200,"srcset":"https:\/\/i0.wp.com\/www.grieta.org.mx\/wp-content\/uploads\/2020\/02\/pdp_brigadadebusqueda_monicagonzalez.jpg?resize=350%2C200&ssl=1 1x, https:\/\/i0.wp.com\/www.grieta.org.mx\/wp-content\/uploads\/2020\/02\/pdp_brigadadebusqueda_monicagonzalez.jpg?resize=525%2C300&ssl=1 1.5x, https:\/\/i0.wp.com\/www.grieta.org.mx\/wp-content\/uploads\/2020\/02\/pdp_brigadadebusqueda_monicagonzalez.jpg?resize=700%2C400&ssl=1 2x"},"classes":[]},{"id":44221,"url":"https:\/\/www.grieta.org.mx\/index.php\/2020\/02\/09\/familiares-de-desaparecidos-en-mexico-organizan-una-brigada-nacional-de-busqueda-veracruz\/","url_meta":{"origin":51044,"position":2},"title":"Familiares de desaparecidos en M\u00e9xico organizan una brigada nacional de b\u00fasqueda (Veracruz)","author":"grieta","date":"9 febrero, 2020","format":false,"excerpt":"Jos\u00e9 Beltr\u00e1n \/ Reuters Al menos 74 colectivos de familiares realizar\u00e1n recorridos en las comunidades de Papantla, Poza Rica, Tihuatl\u00e1n, Tuxpan y Guti\u00e9rrez Zamora, al norte de Veracruz. Este viernes 7 de febrero, alrededor de 300 personas de 21 estados participar\u00e1n en la Quinta Brigada Nacional de B\u00fasqueda de Personas\u2026","rel":"","context":"En &quot;CINTILLO&quot;","block_context":{"text":"CINTILLO","link":"https:\/\/www.grieta.org.mx\/index.php\/category\/cintillo\/"},"img":{"alt_text":"","src":"https:\/\/i0.wp.com\/www.grieta.org.mx\/wp-content\/uploads\/2020\/02\/5e3da9cde9ff717dd76b9c5e.jpg?resize=350%2C200&ssl=1","width":350,"height":200,"srcset":"https:\/\/i0.wp.com\/www.grieta.org.mx\/wp-content\/uploads\/2020\/02\/5e3da9cde9ff717dd76b9c5e.jpg?resize=350%2C200&ssl=1 1x, https:\/\/i0.wp.com\/www.grieta.org.mx\/wp-content\/uploads\/2020\/02\/5e3da9cde9ff717dd76b9c5e.jpg?resize=525%2C300&ssl=1 1.5x, https:\/\/i0.wp.com\/www.grieta.org.mx\/wp-content\/uploads\/2020\/02\/5e3da9cde9ff717dd76b9c5e.jpg?resize=700%2C400&ssl=1 2x, https:\/\/i0.wp.com\/www.grieta.org.mx\/wp-content\/uploads\/2020\/02\/5e3da9cde9ff717dd76b9c5e.jpg?resize=1050%2C600&ssl=1 3x"},"classes":[]},{"id":53697,"url":"https:\/\/www.grieta.org.mx\/index.php\/2020\/09\/20\/familiares-de-desaparecidos-en-veracruz-denuncian-amenazas-de-expolicias\/","url_meta":{"origin":51044,"position":3},"title":"Familiares de desaparecidos en Veracruz denuncian amenazas de expolic\u00edas","author":"Admin","date":"20 septiembre, 2020","format":false,"excerpt":"Jes\u00fas Rodr\u00edguez \/ Quadrat\u00edn Veracruz POZA RICA, Ver., 20 de septiembre de 2020.- Familiares de desaparecidos denuncian amenazas de parte de exelementos policiacos que propiciaron la desaparici\u00f3n de integrantes de sus familias y de quienes no saben nada desde hace 10 a\u00f1os; adem\u00e1s acusaron que los expolic\u00edas en su momento\u2026","rel":"","context":"En &quot;CINTILLO&quot;","block_context":{"text":"CINTILLO","link":"https:\/\/www.grieta.org.mx\/index.php\/category\/cintillo\/"},"img":{"alt_text":"","src":"https:\/\/i0.wp.com\/www.grieta.org.mx\/wp-content\/uploads\/2020\/09\/95EFF44D-50E7-4C96-84D6-B2620E8F5AFB-1160x700-1.jpeg?resize=350%2C200&ssl=1","width":350,"height":200,"srcset":"https:\/\/i0.wp.com\/www.grieta.org.mx\/wp-content\/uploads\/2020\/09\/95EFF44D-50E7-4C96-84D6-B2620E8F5AFB-1160x700-1.jpeg?resize=350%2C200&ssl=1 1x, https:\/\/i0.wp.com\/www.grieta.org.mx\/wp-content\/uploads\/2020\/09\/95EFF44D-50E7-4C96-84D6-B2620E8F5AFB-1160x700-1.jpeg?resize=525%2C300&ssl=1 1.5x, https:\/\/i0.wp.com\/www.grieta.org.mx\/wp-content\/uploads\/2020\/09\/95EFF44D-50E7-4C96-84D6-B2620E8F5AFB-1160x700-1.jpeg?resize=700%2C400&ssl=1 2x, https:\/\/i0.wp.com\/www.grieta.org.mx\/wp-content\/uploads\/2020\/09\/95EFF44D-50E7-4C96-84D6-B2620E8F5AFB-1160x700-1.jpeg?resize=1050%2C600&ssl=1 3x"},"classes":[]},{"id":27877,"url":"https:\/\/www.grieta.org.mx\/index.php\/2018\/12\/13\/familiares-de-desaparecidos-terminan-planton-en-la-fiscalia-de-veracruz\/","url_meta":{"origin":51044,"position":4},"title":"Familiares de desaparecidos terminan plant\u00f3n en la Fiscal\u00eda de Veracruz","author":"grieta","date":"13 diciembre, 2018","format":false,"excerpt":"Redacci\u00f3n \/ E-consulta Veracruz A m\u00e1s de un d\u00eda de protesta, familiares pertenecientes a Colectivos reiteraron el abandono de la Fiscal\u00eda en carpetas de investigaci\u00f3n. Xalapa, Ver.- A m\u00e1s de 24 horas de protesta, familiares de personas desaparecidas que representan a 13 colectivos de b\u00fasqueda, dieron por terminado el plant\u00f3n\u2026","rel":"","context":"En &quot;CINTILLO&quot;","block_context":{"text":"CINTILLO","link":"https:\/\/www.grieta.org.mx\/index.php\/category\/cintillo\/"},"img":{"alt_text":"","src":"https:\/\/i0.wp.com\/www.grieta.org.mx\/wp-content\/uploads\/2018\/12\/protesta_23.jpg?resize=350%2C200&ssl=1","width":350,"height":200,"srcset":"https:\/\/i0.wp.com\/www.grieta.org.mx\/wp-content\/uploads\/2018\/12\/protesta_23.jpg?resize=350%2C200&ssl=1 1x, https:\/\/i0.wp.com\/www.grieta.org.mx\/wp-content\/uploads\/2018\/12\/protesta_23.jpg?resize=525%2C300&ssl=1 1.5x, https:\/\/i0.wp.com\/www.grieta.org.mx\/wp-content\/uploads\/2018\/12\/protesta_23.jpg?resize=700%2C400&ssl=1 2x"},"classes":[]},{"id":10560,"url":"https:\/\/www.grieta.org.mx\/index.php\/2016\/09\/12\/desaparecidos-en-veracruz\/","url_meta":{"origin":51044,"position":5},"title":"Desaparecidos en Veracruz","author":"grieta","date":"12 septiembre, 2016","format":false,"excerpt":"El Colectivo Solecito Veracruzano contin\u00faa labores de b\u00fasqueda de desaparecidos 12\/09\/16. Mujeres que buscan fosas acusan que Fiscal\u00eda de Veracruz entorpece su b\u00fasqueda Animal Pol\u00edtico 29\/08\/16. Un narcocementerio llamado Veracruz Proceso 15\/08\/16. Encuentran 37 fosas clandestinas en ocho d\u00edas en Veracruz El Financiero 15\/08\/16. Encuentran fosas clandestinas en Veracruz, suman\u2026","rel":"","context":"En &quot;Desaparecidos&quot;","block_context":{"text":"Desaparecidos","link":"https:\/\/www.grieta.org.mx\/index.php\/category\/temas-nacionales\/desaparecidos\/"},"img":{"alt_text":"","src":"https:\/\/i0.wp.com\/www.grieta.org.mx\/wp-content\/uploads\/2018\/03\/14524434_1106112876131411_958039263622046936_o.jpg?resize=350%2C200&ssl=1","width":350,"height":200,"srcset":"https:\/\/i0.wp.com\/www.grieta.org.mx\/wp-content\/uploads\/2018\/03\/14524434_1106112876131411_958039263622046936_o.jpg?resize=350%2C200&ssl=1 1x, https:\/\/i0.wp.com\/www.grieta.org.mx\/wp-content\/uploads\/2018\/03\/14524434_1106112876131411_958039263622046936_o.jpg?resize=525%2C300&ssl=1 1.5x, https:\/\/i0.wp.com\/www.grieta.org.mx\/wp-content\/uploads\/2018\/03\/14524434_1106112876131411_958039263622046936_o.jpg?resize=700%2C400&ssl=1 2x"},"classes":[]}],"_links":{"self":[{"href":"https:\/\/www.grieta.org.mx\/index.php\/wp-json\/wp\/v2\/posts\/51044","targetHints":{"allow":["GET"]}}],"collection":[{"href":"https:\/\/www.grieta.org.mx\/index.php\/wp-json\/wp\/v2\/posts"}],"about":[{"href":"https:\/\/www.grieta.org.mx\/index.php\/wp-json\/wp\/v2\/types\/post"}],"author":[{"embeddable":true,"href":"https:\/\/www.grieta.org.mx\/index.php\/wp-json\/wp\/v2\/users\/2"}],"replies":[{"embeddable":true,"href":"https:\/\/www.grieta.org.mx\/index.php\/wp-json\/wp\/v2\/comments?post=51044"}],"version-history":[{"count":1,"href":"https:\/\/www.grieta.org.mx\/index.php\/wp-json\/wp\/v2\/posts\/51044\/revisions"}],"predecessor-version":[{"id":51046,"href":"https:\/\/www.grieta.org.mx\/index.php\/wp-json\/wp\/v2\/posts\/51044\/revisions\/51046"}],"wp:featuredmedia":[{"embeddable":true,"href":"https:\/\/www.grieta.org.mx\/index.php\/wp-json\/wp\/v2\/media\/51045"}],"wp:attachment":[{"href":"https:\/\/www.grieta.org.mx\/index.php\/wp-json\/wp\/v2\/media?parent=51044"}],"wp:term":[{"taxonomy":"category","embeddable":true,"href":"https:\/\/www.grieta.org.mx\/index.php\/wp-json\/wp\/v2\/categories?post=51044"},{"taxonomy":"post_tag","embeddable":true,"href":"https:\/\/www.grieta.org.mx\/index.php\/wp-json\/wp\/v2\/tags?post=51044"}],"curies":[{"name":"wp","href":"https:\/\/api.w.org\/{rel}","templated":true}]}}