{"id":51030,"date":"2020-06-18T13:07:17","date_gmt":"2020-06-18T18:07:17","guid":{"rendered":"http:\/\/www.grieta.org.mx\/?p=51030"},"modified":"2020-06-19T13:11:53","modified_gmt":"2020-06-19T18:11:53","slug":"asesinan-a-activista-de-repechique-acusan-crimen-de-estado-chihuahua","status":"publish","type":"post","link":"https:\/\/www.grieta.org.mx\/index.php\/2020\/06\/18\/asesinan-a-activista-de-repechique-acusan-crimen-de-estado-chihuahua\/","title":{"rendered":"Asesinan a activista de Repechique; acusan crimen de Estado (Chihuahua)"},"content":{"rendered":"<p>Jaime Armend\u00e1riz\/Ra\u00edchali<br \/>\n<img loading=\"lazy\" decoding=\"async\" data-attachment-id=\"51031\" data-permalink=\"https:\/\/www.grieta.org.mx\/index.php\/2020\/06\/18\/asesinan-a-activista-de-repechique-acusan-crimen-de-estado-chihuahua\/portada-tono\/\" data-orig-file=\"https:\/\/www.grieta.org.mx\/wp-content\/uploads\/2020\/06\/portada-to\u00f1o.jpeg\" data-orig-size=\"607,577\" data-comments-opened=\"0\" data-image-meta=\"{&quot;aperture&quot;:&quot;0&quot;,&quot;credit&quot;:&quot;&quot;,&quot;camera&quot;:&quot;&quot;,&quot;caption&quot;:&quot;&quot;,&quot;created_timestamp&quot;:&quot;1592318269&quot;,&quot;copyright&quot;:&quot;&quot;,&quot;focal_length&quot;:&quot;0&quot;,&quot;iso&quot;:&quot;0&quot;,&quot;shutter_speed&quot;:&quot;0&quot;,&quot;title&quot;:&quot;&quot;,&quot;orientation&quot;:&quot;1&quot;}\" data-image-title=\"portada-to\u00f1o\" data-image-description=\"\" data-image-caption=\"\" data-medium-file=\"https:\/\/www.grieta.org.mx\/wp-content\/uploads\/2020\/06\/portada-to\u00f1o-300x285.jpeg\" data-large-file=\"https:\/\/www.grieta.org.mx\/wp-content\/uploads\/2020\/06\/portada-to\u00f1o.jpeg\" class=\"aligncenter size-full wp-image-51031\" src=\"http:\/\/www.grieta.org.mx\/wp-content\/uploads\/2020\/06\/portada-to\u00f1o.jpeg\" alt=\"\" width=\"607\" height=\"577\" srcset=\"https:\/\/www.grieta.org.mx\/wp-content\/uploads\/2020\/06\/portada-to\u00f1o.jpeg 607w, https:\/\/www.grieta.org.mx\/wp-content\/uploads\/2020\/06\/portada-to\u00f1o-300x285.jpeg 300w, https:\/\/www.grieta.org.mx\/wp-content\/uploads\/2020\/06\/portada-to\u00f1o-526x500.jpeg 526w\" sizes=\"auto, (max-width: 607px) 100vw, 607px\" \/><\/p>\n<p>Antonio Montes Enr\u00edquez, l\u00edder ind\u00edgena de la comunidad Bosques de San El\u00edas Repechique, fue localizado sin vida la noche del s\u00e1bado 06 de junio, y ello ha derivado en exigencias para hacer justicia sin que al momento exista una l\u00ednea de investigaci\u00f3n clara en torno al crimen.<\/p>\n<p>El cuerpo del activista se localiz\u00f3 la noche del s\u00e1bado 06 de junio en la salida del poblado de Creel que va en direcci\u00f3n al lago de Arareco. Vest\u00eda pantal\u00f3n negro, camisa azul a cuadros y zapatos de trabajo color negro.<\/p>\n<p>Para M\u00f3nica Gretel Ruiz Anchondo, que se presenta como apoderada legal de esa comunidad ind\u00edgena y asesora de Antonio, se trata de un crimen de Estado, debido a que Antonio hab\u00eda planeado una protesta d\u00edas antes de su homicidio en las instalaciones del aeropuerto de Creel.<\/p>\n<p>La intenci\u00f3n de la manifestaci\u00f3n era acusar un presunto mal uso del fideicomiso creado en 2016 para indemnizar a los pobladores por no haberlos consultado sobre esa obra de infraestructura comenzada en la administraci\u00f3n de C\u00e9sar Duarte.<\/p>\n<p>Ruiz Anchondo asegur\u00f3 que anteriormente Antonio, de 43 a\u00f1os, hab\u00eda sido baleado y durante los primeros meses de \u00e9ste 2020 le quemaron su vivienda en Creel.<\/p>\n<p>La hoy v\u00edctima era conocido por la defensa de su comunidad por la tala ilegal y por el abuso de la construcci\u00f3n del aeropuerto. Esa obra deton\u00f3 el movimiento encabezado por organizaciones sociales como la Consultor\u00eda T\u00e9cnica Comunitaria AC (Contec) que ganaron en 2014 un litigio en tribunales federales para ordenar la indemnizaci\u00f3n a las comunidades.<\/p>\n<p>Esa indemnizaci\u00f3n comenz\u00f3 a avanzar el 28 de septiembre del 2016, cuando el Congreso del Estado public\u00f3 en el Peri\u00f3dico Oficial el decreto para formalizar ese fideicomiso p\u00fablico, a conformarse por 65 millones de pesos durante la administraci\u00f3n de Javier Corral, en dep\u00f3sitos anuales de 8 millones 267 mil pesos y uno final en 2021 por 12 millones de pesos.<\/p>\n<p>\u201cTo\u00f1o ten\u00eda un trabajo de a\u00f1os defendiendo su comunidad en contra del abuso y poder del estado al construirles el aeropuerto de Creel en sus tierras ancestrales, ganaron batallas legales important\u00edsimas de la mano de la organizaci\u00f3n civil Contec, posteriormente al ser indemnizados por el gobierno con una suma de m\u00e1s de 60 millones de pesos, el comit\u00e9 t\u00e9cnico del fideicomiso bosques San El\u00edas repechique hizo todas las argucias legales por a\u00f1os para que no pudieran acceder a dicho recurso\u201d, dijo Ru\u00edz Anchondo.<\/p>\n<p>Al respecto hizo p\u00fablico en redes sociales que hace 3 meses se tomaron las instalaciones del aeropuerto para reclamar acceso al fondo del fideicomiso sin llegar a un acuerdo, y por lo cual se ten\u00eda programada una nueva protesta d\u00edas antes del asesinato del activista ind\u00edgena.<\/p>\n<p>Por su parte la organizaci\u00f3n Contec lanz\u00f3 un llamado p\u00fablico a las autoridades a dar celeridad a la investigaci\u00f3n para esclarecer y sancionar ese homicidio.<\/p>\n<p>Al respecto la Fiscal\u00eda General del Estado dio a conocer, mediante su departamento de Comunicaci\u00f3n Social, que ya existe una orden de aprehensi\u00f3n contra una persona por su presunta participaci\u00f3n en el asesinato de Montes, sin tener determinada todav\u00eda la l\u00ednea de investigaci\u00f3n.<\/p>\n<p><a href=\"https:\/\/raichali.com\/2020\/06\/17\/asesinan-a-activista-de-repechique-acusan-crimen-de-estado\/\">https:\/\/raichali.com\/2020\/06\/17\/asesinan-a-activista-de-repechique-acusan-crimen-de-estado\/<\/a><\/p>\n","protected":false},"excerpt":{"rendered":"<p>Jaime Armend\u00e1riz\/Ra\u00edchali Antonio Montes Enr\u00edquez, l\u00edder ind\u00edgena de la comunidad Bosques de San El\u00edas Repechique, fue localizado sin vida la noche del s\u00e1bado 06 de junio, y ello ha derivado &hellip; <a href=\"https:\/\/www.grieta.org.mx\/index.php\/2020\/06\/18\/asesinan-a-activista-de-repechique-acusan-crimen-de-estado-chihuahua\/\" class=\"more-link\">Leer m\u00e1s<\/a><\/p>\n","protected":false},"author":2,"featured_media":51031,"comment_status":"closed","ping_status":"closed","sticky":false,"template":"","format":"standard","meta":{"ngg_post_thumbnail":0,"_jetpack_newsletter_access":"","_jetpack_dont_email_post_to_subs":false,"_jetpack_newsletter_tier_id":0,"_jetpack_memberships_contains_paywalled_content":false,"_jetpack_memberships_contains_paid_content":false,"footnotes":""},"categories":[12,80,2211,1914],"tags":[184,2569],"class_list":["post-51030","post","type-post","status-publish","format-standard","has-post-thumbnail","hentry","category-chihuahua","category-cintillo","category-tala-ilegal-en-la-tarahumara","category-violencia-contra-defensores-de-derechos-humanos-y-ecologistas-en-chihuahua","tag-despojo","tag-tala-de-arboles","entry"],"jetpack_featured_media_url":"https:\/\/www.grieta.org.mx\/wp-content\/uploads\/2020\/06\/portada-to\u00f1o.jpeg","jetpack_sharing_enabled":true,"jetpack_shortlink":"https:\/\/wp.me\/p7ZJR4-dh4","jetpack_likes_enabled":false,"jetpack-related-posts":[{"id":33741,"url":"https:\/\/www.grieta.org.mx\/index.php\/2019\/04\/25\/secuestran-al-hijo-de-cruz-sanchez-defensor-indigena-en-chihuahua\/","url_meta":{"origin":51030,"position":0},"title":"Secuestran al hijo de Cruz S\u00e1nchez, defensor ind\u00edgena en Chihuahua","author":"grieta","date":"25 abril, 2019","format":false,"excerpt":"Hombres armados sacaron a la fuerza de su casa a Joel S\u00e1nchez. La familia es parte de la comunidad El Manzano, cuyos habitantes son v\u00edctimas de desplazamiento por la violencia del crimen organizado. Redacci\u00f3n\/ ANIMAL POL\u00cdTICO Hombres armados secuestraron este mi\u00e9rcoles a Joel S\u00e1nchez Cruz, hijo del defensor y activista\u2026","rel":"","context":"En &quot;Chihuahua&quot;","block_context":{"text":"Chihuahua","link":"https:\/\/www.grieta.org.mx\/index.php\/category\/noticias-nacionales\/chihuahua\/"},"img":{"alt_text":"","src":"https:\/\/i0.wp.com\/www.grieta.org.mx\/wp-content\/uploads\/2019\/05\/Secuestro.jpg?resize=350%2C200&ssl=1","width":350,"height":200,"srcset":"https:\/\/i0.wp.com\/www.grieta.org.mx\/wp-content\/uploads\/2019\/05\/Secuestro.jpg?resize=350%2C200&ssl=1 1x, https:\/\/i0.wp.com\/www.grieta.org.mx\/wp-content\/uploads\/2019\/05\/Secuestro.jpg?resize=525%2C300&ssl=1 1.5x, https:\/\/i0.wp.com\/www.grieta.org.mx\/wp-content\/uploads\/2019\/05\/Secuestro.jpg?resize=700%2C400&ssl=1 2x, https:\/\/i0.wp.com\/www.grieta.org.mx\/wp-content\/uploads\/2019\/05\/Secuestro.jpg?resize=1050%2C600&ssl=1 3x, https:\/\/i0.wp.com\/www.grieta.org.mx\/wp-content\/uploads\/2019\/05\/Secuestro.jpg?resize=1400%2C800&ssl=1 4x"},"classes":[]},{"id":50138,"url":"https:\/\/www.grieta.org.mx\/index.php\/2020\/06\/02\/aprovechan-contingencia-para-tala-ilegal-en-la-sierra-chihuahua\/","url_meta":{"origin":51030,"position":1},"title":"Aprovechan contingencia para tala ilegal en la sierra (Chihuahua)","author":"grieta","date":"2 junio, 2020","format":false,"excerpt":"Redacci\u00f3n\/Ra\u00edchali El confinamimento por Covid-19 y la paralizaci\u00f3n de varias \u00e1reas de gobierno de los tres niveles de gobierno, es aprovechada por los criminales que no cesan de talar \u00e1rboles en la Sierra Tarahumara, en total impunidad, a pesar de que hay \u00f3rdenes judiciales para que no lo hagan. Los\u2026","rel":"","context":"En &quot;Chihuahua&quot;","block_context":{"text":"Chihuahua","link":"https:\/\/www.grieta.org.mx\/index.php\/category\/noticias-nacionales\/chihuahua\/"},"img":{"alt_text":"","src":"https:\/\/i0.wp.com\/www.grieta.org.mx\/wp-content\/uploads\/2020\/06\/tela3.png?resize=350%2C200&ssl=1","width":350,"height":200,"srcset":"https:\/\/i0.wp.com\/www.grieta.org.mx\/wp-content\/uploads\/2020\/06\/tela3.png?resize=350%2C200&ssl=1 1x, https:\/\/i0.wp.com\/www.grieta.org.mx\/wp-content\/uploads\/2020\/06\/tela3.png?resize=525%2C300&ssl=1 1.5x, https:\/\/i0.wp.com\/www.grieta.org.mx\/wp-content\/uploads\/2020\/06\/tela3.png?resize=700%2C400&ssl=1 2x"},"classes":[]},{"id":55920,"url":"https:\/\/www.grieta.org.mx\/index.php\/2020\/12\/22\/comunidad-raramuri-exige-el-reconocimiento-de-su-territorio-ancestral-chihuahua\/","url_meta":{"origin":51030,"position":2},"title":"Comunidad rar\u00e1muri exige el reconocimiento de su territorio ancestral (Chihuahua)","author":"grieta","date":"22 diciembre, 2020","format":false,"excerpt":"Pie de P\u00e1gina\/Texto y fotos: Isabel Brise\u00f1o En Palacio Nacional y la Suprema Corte de Justicia de la Naci\u00f3n, integrantes de la comunidad rar\u00e1muri de Bosque de San El\u00edas Repechique demandaron el reconocimiento de su territorio por parte del Estado mexicano y el cese a proyectos extractivistas \u00a0 Habitantes de\u2026","rel":"","context":"En &quot;Chihuahua&quot;","block_context":{"text":"Chihuahua","link":"https:\/\/www.grieta.org.mx\/index.php\/category\/noticias-nacionales\/chihuahua\/"},"img":{"alt_text":"","src":"https:\/\/i0.wp.com\/www.grieta.org.mx\/wp-content\/uploads\/2020\/12\/raramuri_teresaGonzalez_isabelBriseno_PdP.jpg?resize=350%2C200&ssl=1","width":350,"height":200,"srcset":"https:\/\/i0.wp.com\/www.grieta.org.mx\/wp-content\/uploads\/2020\/12\/raramuri_teresaGonzalez_isabelBriseno_PdP.jpg?resize=350%2C200&ssl=1 1x, https:\/\/i0.wp.com\/www.grieta.org.mx\/wp-content\/uploads\/2020\/12\/raramuri_teresaGonzalez_isabelBriseno_PdP.jpg?resize=525%2C300&ssl=1 1.5x, https:\/\/i0.wp.com\/www.grieta.org.mx\/wp-content\/uploads\/2020\/12\/raramuri_teresaGonzalez_isabelBriseno_PdP.jpg?resize=700%2C400&ssl=1 2x, https:\/\/i0.wp.com\/www.grieta.org.mx\/wp-content\/uploads\/2020\/12\/raramuri_teresaGonzalez_isabelBriseno_PdP.jpg?resize=1050%2C600&ssl=1 3x"},"classes":[]},{"id":53195,"url":"https:\/\/www.grieta.org.mx\/index.php\/2020\/08\/28\/repechique-los-raramuri-que-defienden-el-bosque-y-su-territorio-ancestral-chihuahua\/","url_meta":{"origin":51030,"position":3},"title":"Repechique: los rar\u00e1muri que defienden el bosque y su territorio ancestral (Chihuahua)","author":"grieta","date":"28 agosto, 2020","format":false,"excerpt":"Texto y fotos: Patricia Mayorga \/ Mongabay CHIHUAHUA.- Teresa Gonz\u00e1lez Parra defiende su derecho a so\u00f1ar. Ella es rar\u00e1muri y por a\u00f1os ha hecho todo lo posible para que su comunidad, Bosques de San El\u00edas Repechique, logre el reconocimiento de su territorio ancestral. Su otro anhelo est\u00e1 a un paso\u2026","rel":"","context":"En &quot;Chihuahua&quot;","block_context":{"text":"Chihuahua","link":"https:\/\/www.grieta.org.mx\/index.php\/category\/noticias-nacionales\/chihuahua\/"},"img":{"alt_text":"","src":"https:\/\/i0.wp.com\/www.grieta.org.mx\/wp-content\/uploads\/2020\/09\/Manifestacioncontragasoducto-Repechique-1.jpeg?resize=350%2C200&ssl=1","width":350,"height":200,"srcset":"https:\/\/i0.wp.com\/www.grieta.org.mx\/wp-content\/uploads\/2020\/09\/Manifestacioncontragasoducto-Repechique-1.jpeg?resize=350%2C200&ssl=1 1x, https:\/\/i0.wp.com\/www.grieta.org.mx\/wp-content\/uploads\/2020\/09\/Manifestacioncontragasoducto-Repechique-1.jpeg?resize=525%2C300&ssl=1 1.5x, https:\/\/i0.wp.com\/www.grieta.org.mx\/wp-content\/uploads\/2020\/09\/Manifestacioncontragasoducto-Repechique-1.jpeg?resize=700%2C400&ssl=1 2x"},"classes":[]},{"id":10344,"url":"https:\/\/www.grieta.org.mx\/index.php\/2016\/04\/24\/despojo-por-la-construccion-del-aeropuerto-en-creel\/","url_meta":{"origin":51030,"position":4},"title":"Despojo por la construcci\u00f3n del aeropuerto en Creel","author":"grieta","date":"24 abril, 2016","format":false,"excerpt":"23\/04\/16. Acuerdan 65 mdp para reparar da\u00f1o de Repechique; habitantes retirar\u00e1n plant\u00f3nProceso 13\/04\/16. En un hecho hist\u00f3rico los rar\u00e1muri de Bosques de San El\u00edas Repechique toman el aeropuerto regional Barrancas del Cobre. Defensa Tarahumara 13\/04\/16. Comunidad rar\u00e1muri toma aeropuerto de Creel; denuncian da\u00f1os e incumplimiento sin embargo 12\/01\/16. Tiene gobierno\u2026","rel":"","context":"En &quot;Aeropuerto Barrancas del Cobre&quot;","block_context":{"text":"Aeropuerto Barrancas del Cobre","link":"https:\/\/www.grieta.org.mx\/index.php\/category\/megaproyectos\/comunicaciones-y-transportes\/aeropuerto-barrancas-del-cobre\/"},"img":{"alt_text":"","src":"https:\/\/i0.wp.com\/www.grieta.org.mx\/wp-content\/uploads\/2018\/03\/14524434_1106112876131411_958039263622046936_o.jpg?resize=350%2C200&ssl=1","width":350,"height":200,"srcset":"https:\/\/i0.wp.com\/www.grieta.org.mx\/wp-content\/uploads\/2018\/03\/14524434_1106112876131411_958039263622046936_o.jpg?resize=350%2C200&ssl=1 1x, https:\/\/i0.wp.com\/www.grieta.org.mx\/wp-content\/uploads\/2018\/03\/14524434_1106112876131411_958039263622046936_o.jpg?resize=525%2C300&ssl=1 1.5x, https:\/\/i0.wp.com\/www.grieta.org.mx\/wp-content\/uploads\/2018\/03\/14524434_1106112876131411_958039263622046936_o.jpg?resize=700%2C400&ssl=1 2x"},"classes":[]},{"id":22820,"url":"https:\/\/www.grieta.org.mx\/index.php\/2018\/04\/30\/indigenas-se-plantan-en-bosque-de-la-sierra-tarahumara-para-evitar-tala-anuncian-mas-acciones-chihuahua\/","url_meta":{"origin":51030,"position":5},"title":"Ind\u00edgenas se plantan en bosque de la Sierra Tarahumara para evitar tala; anuncian m\u00e1s acciones (Chihuahua)","author":"grieta","date":"30 abril, 2018","format":false,"excerpt":"CIUDAD DE M\u00c9XICO (apro).- Hombres, mujeres y ni\u00f1os de la comunidad de Bosques San El\u00edas Repechique, en el municipio de Bocoyna de la Sierra Tarahumara, llevan un mes plantados en el bosque de su territorio para evitar que particulares talen m\u00e1s \u00e1rboles, como lo han hecho sistem\u00e1ticamente durante los \u00faltimos\u2026","rel":"","context":"En &quot;Chihuahua&quot;","block_context":{"text":"Chihuahua","link":"https:\/\/www.grieta.org.mx\/index.php\/category\/noticias-nacionales\/chihuahua\/"},"img":{"alt_text":"","src":"https:\/\/i0.wp.com\/www.grieta.org.mx\/wp-content\/uploads\/2018\/03\/14524434_1106112876131411_958039263622046936_o.jpg?resize=350%2C200&ssl=1","width":350,"height":200,"srcset":"https:\/\/i0.wp.com\/www.grieta.org.mx\/wp-content\/uploads\/2018\/03\/14524434_1106112876131411_958039263622046936_o.jpg?resize=350%2C200&ssl=1 1x, https:\/\/i0.wp.com\/www.grieta.org.mx\/wp-content\/uploads\/2018\/03\/14524434_1106112876131411_958039263622046936_o.jpg?resize=525%2C300&ssl=1 1.5x, https:\/\/i0.wp.com\/www.grieta.org.mx\/wp-content\/uploads\/2018\/03\/14524434_1106112876131411_958039263622046936_o.jpg?resize=700%2C400&ssl=1 2x"},"classes":[]}],"_links":{"self":[{"href":"https:\/\/www.grieta.org.mx\/index.php\/wp-json\/wp\/v2\/posts\/51030","targetHints":{"allow":["GET"]}}],"collection":[{"href":"https:\/\/www.grieta.org.mx\/index.php\/wp-json\/wp\/v2\/posts"}],"about":[{"href":"https:\/\/www.grieta.org.mx\/index.php\/wp-json\/wp\/v2\/types\/post"}],"author":[{"embeddable":true,"href":"https:\/\/www.grieta.org.mx\/index.php\/wp-json\/wp\/v2\/users\/2"}],"replies":[{"embeddable":true,"href":"https:\/\/www.grieta.org.mx\/index.php\/wp-json\/wp\/v2\/comments?post=51030"}],"version-history":[{"count":1,"href":"https:\/\/www.grieta.org.mx\/index.php\/wp-json\/wp\/v2\/posts\/51030\/revisions"}],"predecessor-version":[{"id":51032,"href":"https:\/\/www.grieta.org.mx\/index.php\/wp-json\/wp\/v2\/posts\/51030\/revisions\/51032"}],"wp:featuredmedia":[{"embeddable":true,"href":"https:\/\/www.grieta.org.mx\/index.php\/wp-json\/wp\/v2\/media\/51031"}],"wp:attachment":[{"href":"https:\/\/www.grieta.org.mx\/index.php\/wp-json\/wp\/v2\/media?parent=51030"}],"wp:term":[{"taxonomy":"category","embeddable":true,"href":"https:\/\/www.grieta.org.mx\/index.php\/wp-json\/wp\/v2\/categories?post=51030"},{"taxonomy":"post_tag","embeddable":true,"href":"https:\/\/www.grieta.org.mx\/index.php\/wp-json\/wp\/v2\/tags?post=51030"}],"curies":[{"name":"wp","href":"https:\/\/api.w.org\/{rel}","templated":true}]}}