{"id":51020,"date":"2020-06-18T18:45:13","date_gmt":"2020-06-18T23:45:13","guid":{"rendered":"http:\/\/www.grieta.org.mx\/?p=51020"},"modified":"2020-06-18T22:50:56","modified_gmt":"2020-06-19T03:50:56","slug":"exigen-intervencion-de-segob-y-fgr-para-proteger-e-investigar-amenazas-a-feministas-de-consorcio-oaxaca","status":"publish","type":"post","link":"https:\/\/www.grieta.org.mx\/index.php\/2020\/06\/18\/exigen-intervencion-de-segob-y-fgr-para-proteger-e-investigar-amenazas-a-feministas-de-consorcio-oaxaca\/","title":{"rendered":"Exigen intervenci\u00f3n de Segob y FGR para proteger e investigar amenazas a feministas de Consorcio (Oaxaca)"},"content":{"rendered":"<p>P\u00e1gina 3 \/ Pedro Mat\u00edas.<\/p>\n<p><img loading=\"lazy\" decoding=\"async\" data-attachment-id=\"51021\" data-permalink=\"https:\/\/www.grieta.org.mx\/index.php\/2020\/06\/18\/exigen-intervencion-de-segob-y-fgr-para-proteger-e-investigar-amenazas-a-feministas-de-consorcio-oaxaca\/a-33\/\" data-orig-file=\"https:\/\/www.grieta.org.mx\/wp-content\/uploads\/2020\/06\/A.png\" data-orig-size=\"800,379\" data-comments-opened=\"0\" data-image-meta=\"{&quot;aperture&quot;:&quot;0&quot;,&quot;credit&quot;:&quot;&quot;,&quot;camera&quot;:&quot;&quot;,&quot;caption&quot;:&quot;&quot;,&quot;created_timestamp&quot;:&quot;0&quot;,&quot;copyright&quot;:&quot;&quot;,&quot;focal_length&quot;:&quot;0&quot;,&quot;iso&quot;:&quot;0&quot;,&quot;shutter_speed&quot;:&quot;0&quot;,&quot;title&quot;:&quot;&quot;,&quot;orientation&quot;:&quot;0&quot;}\" data-image-title=\"A\" data-image-description=\"\" data-image-caption=\"\" data-medium-file=\"https:\/\/www.grieta.org.mx\/wp-content\/uploads\/2020\/06\/A-300x142.png\" data-large-file=\"https:\/\/www.grieta.org.mx\/wp-content\/uploads\/2020\/06\/A.png\" class=\"aligncenter wp-image-51021\" src=\"http:\/\/www.grieta.org.mx\/wp-content\/uploads\/2020\/06\/A.png\" alt=\"\" width=\"800\" height=\"379\" srcset=\"https:\/\/www.grieta.org.mx\/wp-content\/uploads\/2020\/06\/A.png 800w, https:\/\/www.grieta.org.mx\/wp-content\/uploads\/2020\/06\/A-300x142.png 300w, https:\/\/www.grieta.org.mx\/wp-content\/uploads\/2020\/06\/A-768x364.png 768w\" sizes=\"auto, (max-width: 800px) 100vw, 800px\" \/><\/p>\n<p>OAXACA, Oax.- La defensa de los derechos de las mujeres en Oaxaca se ha convertido en motivo de persecuci\u00f3n y amenazas, por eso exigen investigar amenazas a feministas.<\/p>\n<p>Como es el caso de Consorcio Oaxaca que por denunciar 427 feminicidios y 800 desapariciones en los \u00faltimos 3 a\u00f1os y medio del gobierno de Alejandro Murat, es criminalizada y sus integrantes amenazadas de muerte.<\/p>\n<p>As\u00ed lo denunciaron el Observatorio Ciudadano Nacional de Feminicidio, 200 personas defensoras de los derechos humanos, feministas y 100 organizaciones de la sociedad civil que condenaron las graves amenazas contra integrantes de Consorcio para el Di\u00e1logo Parlamentario y la Equidad Oaxaca.<\/p>\n<p>Es por ello que a exigieron la intervenci\u00f3n de la Secretar\u00eda de Gobernaci\u00f3n para garantizar la seguridad de las integrantes de Consorcio, y la participaci\u00f3n de la Fiscal\u00eda General de la Rep\u00fablica para que investigue tan terrible amenaza hasta dar y sancionar a los responsables.<br \/>\nACTOS CONDENABLES<\/p>\n<p>Consideran que criminalizar el trabajo de las defensoras es una pr\u00e1ctica recurrente; sin embargo, esta forma de intimidaci\u00f3n es por dem\u00e1s perversa y condenable, adem\u00e1s de grave atentado a su integridad f\u00edsica y psicol\u00f3gica y que pone en entredicho el derecho de defender derechos en Oaxaca.<\/p>\n<p>Recordaron que el pasado lunes 15 junio, el equipo directivo de Consorcio Oaxaca denunci\u00f3 que alrededor de las 08:40 horas fue encontrada en la puerta de su organizaci\u00f3n un bolsa negra con pedazos de carne.<\/p>\n<p>Al parecer una cabeza de animal y una cartulina con la inscripci\u00f3n \u201cvajale de huevos perra la pr\u00f3xima es la tuya atte. Cjng (sic)\u201d.<\/p>\n<p>Resaltaron que \u201cesta grave amenaza de muerte se presenta justamente despu\u00e9s de las exigencias de justicia que la organizaci\u00f3n ha hecho por el feminicidio de la joven fotoperiodista Mar\u00eda del Sol Cruz Jarqu\u00edn, hija de la periodista Soledad Jarqu\u00edn Edgar. Feminicidio, ocurrido el 2 de julio de 2018, el cual sigue impune\u201d.<\/p>\n<p>Mencionaron que Consorcio para el Di\u00e1logo Parlamentario y la Equidad Oaxaca es una organizaci\u00f3n civil feminista, que desde el 2005 en Oaxaca ha defendido y promovido el respeto y ejercicio de los derechos humanos de las mujeres y las ni\u00f1as.<\/p>\n<p>Adem\u00e1s forma parte de distintas redes de organizaciones nacionales e internacionales que promueven y defienden los derechos humanos, con su trabajo ha contribuido a generar leyes que sancionan el feminicidio y las distintas formas de violencia contra las mujeres.<\/p>\n<p><img loading=\"lazy\" decoding=\"async\" data-attachment-id=\"51022\" data-permalink=\"https:\/\/www.grieta.org.mx\/index.php\/2020\/06\/18\/exigen-intervencion-de-segob-y-fgr-para-proteger-e-investigar-amenazas-a-feministas-de-consorcio-oaxaca\/b-16\/\" data-orig-file=\"https:\/\/www.grieta.org.mx\/wp-content\/uploads\/2020\/06\/B.jpg\" data-orig-size=\"800,470\" data-comments-opened=\"0\" data-image-meta=\"{&quot;aperture&quot;:&quot;0&quot;,&quot;credit&quot;:&quot;&quot;,&quot;camera&quot;:&quot;&quot;,&quot;caption&quot;:&quot;&quot;,&quot;created_timestamp&quot;:&quot;0&quot;,&quot;copyright&quot;:&quot;&quot;,&quot;focal_length&quot;:&quot;0&quot;,&quot;iso&quot;:&quot;0&quot;,&quot;shutter_speed&quot;:&quot;0&quot;,&quot;title&quot;:&quot;&quot;,&quot;orientation&quot;:&quot;1&quot;}\" data-image-title=\"B\" data-image-description=\"\" data-image-caption=\"\" data-medium-file=\"https:\/\/www.grieta.org.mx\/wp-content\/uploads\/2020\/06\/B-300x176.jpg\" data-large-file=\"https:\/\/www.grieta.org.mx\/wp-content\/uploads\/2020\/06\/B.jpg\" class=\"aligncenter wp-image-51022\" src=\"http:\/\/www.grieta.org.mx\/wp-content\/uploads\/2020\/06\/B.jpg\" alt=\"\" width=\"800\" height=\"470\" srcset=\"https:\/\/www.grieta.org.mx\/wp-content\/uploads\/2020\/06\/B.jpg 800w, https:\/\/www.grieta.org.mx\/wp-content\/uploads\/2020\/06\/B-300x176.jpg 300w, https:\/\/www.grieta.org.mx\/wp-content\/uploads\/2020\/06\/B-768x451.jpg 768w\" sizes=\"auto, (max-width: 800px) 100vw, 800px\" \/><\/p>\n<p>Apoyo sororo<br \/>\nREGISTRO PUNTUAL DE FEMINICIDIOS<\/p>\n<p>Y Consorcio Oaxaca lleva un registro puntual de los feminicidios y desapariciones cometidas en el estado que \u201cda cuenta de la magnitud de la violencia contra las mujeres y ni\u00f1as de Oaxaca.<\/p>\n<p>\u201cAl d\u00eda de hoy registran 427 feminicidios en los \u00faltimos 3 a\u00f1os y medio, lo que muestra que la violencia contra las mujeres en Oaxaca es una magnitud alarmante\u201d.<\/p>\n<p>Hicieron hincapi\u00e9 que \u201cla amenaza contra esta organizaci\u00f3n hermana, es una amenaza contra todas las mujeres y organizaciones que acompa\u00f1amos y defendemos a otras mujeres. Es un acto que repudiamos, de ah\u00ed que exigimos una investigaci\u00f3n inmediata y garant\u00eda de seguridad para las integrantes de Consorcio Oaxaca\u201d.<\/p>\n<p>\u201cCondenamos estos actos y nos solidarizamos con nuestras compa\u00f1eras integrantes de Consorcio y les decimos \u00a1No est\u00e1n solas!\u201d, finalizaron las organizaciones feministas.<\/p>\n<p><a href=\"https:\/\/pagina3.mx\/2020\/06\/exigen-intervencion-de-segob-y-fgr-para-proteger-e-investigar-amenazas-a-feministas-de-consorcio\/\" target=\"_blank\" rel=\"noopener noreferrer\">https:\/\/pagina3.mx\/2020\/06\/exigen-intervencion-de-segob-y-fgr-para-proteger-e-investigar-amenazas-a-feministas-de-consorcio\/<\/a><\/p>\n","protected":false},"excerpt":{"rendered":"<p>P\u00e1gina 3 \/ Pedro Mat\u00edas. OAXACA, Oax.- La defensa de los derechos de las mujeres en Oaxaca se ha convertido en motivo de persecuci\u00f3n y amenazas, por eso exigen investigar &hellip; <a href=\"https:\/\/www.grieta.org.mx\/index.php\/2020\/06\/18\/exigen-intervencion-de-segob-y-fgr-para-proteger-e-investigar-amenazas-a-feministas-de-consorcio-oaxaca\/\" class=\"more-link\">Leer m\u00e1s<\/a><\/p>\n","protected":false},"author":2,"featured_media":51021,"comment_status":"closed","ping_status":"closed","sticky":false,"template":"","format":"standard","meta":{"ngg_post_thumbnail":0,"_jetpack_newsletter_access":"","_jetpack_dont_email_post_to_subs":false,"_jetpack_newsletter_tier_id":0,"_jetpack_memberships_contains_paywalled_content":false,"_jetpack_memberships_contains_paid_content":false,"footnotes":""},"categories":[80,1325,3163,2,25,1665],"tags":[],"class_list":["post-51020","post","type-post","status-publish","format-standard","has-post-thumbnail","hentry","category-cintillo","category-feminicidios-en-oaxaca-oaxaca","category-la-lucha-de-las-mujeres-en-oaxaca","category-noticias-nacionales","category-oaxaca","category-violencia-contra-las-mujeres-en-oaxaca","entry"],"jetpack_featured_media_url":"https:\/\/www.grieta.org.mx\/wp-content\/uploads\/2020\/06\/A.png","jetpack_sharing_enabled":true,"jetpack_shortlink":"https:\/\/wp.me\/p7ZJR4-dgU","jetpack_likes_enabled":false,"jetpack-related-posts":[{"id":50926,"url":"https:\/\/www.grieta.org.mx\/index.php\/2020\/06\/16\/exigen-proteccion-para-integrantes-de-consorcio-oaxaca-por-amenazas-culpan-a-murat-y-a-fiscal\/","url_meta":{"origin":51020,"position":0},"title":"Exigen protecci\u00f3n para integrantes de Consorcio-Oaxaca por amenazas; culpan a Murat y a Fiscal","author":"grieta","date":"16 junio, 2020","format":false,"excerpt":"P\u00e1gina 3 \/ Pedro Mat\u00edas. *La Secci\u00f3n 22 pide \u201creorganizar la defensa de la lucha social contra los actos de hostigamiento\u201d. | *M\u00c1s de 150 organizaciones piden intervenci\u00f3n de la CNDH. Pedro MAT\u00cdAS OAXACA, Oax.- M\u00e1s de 150 organizaciones civiles condenaron las amenazas y agresiones dirigidas a Consorcio para el\u2026","rel":"","context":"En &quot;CINTILLO&quot;","block_context":{"text":"CINTILLO","link":"https:\/\/www.grieta.org.mx\/index.php\/category\/cintillo\/"},"img":{"alt_text":"","src":"https:\/\/i0.wp.com\/www.grieta.org.mx\/wp-content\/uploads\/2020\/06\/amenaza.jpg?resize=350%2C200&ssl=1","width":350,"height":200,"srcset":"https:\/\/i0.wp.com\/www.grieta.org.mx\/wp-content\/uploads\/2020\/06\/amenaza.jpg?resize=350%2C200&ssl=1 1x, https:\/\/i0.wp.com\/www.grieta.org.mx\/wp-content\/uploads\/2020\/06\/amenaza.jpg?resize=525%2C300&ssl=1 1.5x, https:\/\/i0.wp.com\/www.grieta.org.mx\/wp-content\/uploads\/2020\/06\/amenaza.jpg?resize=700%2C400&ssl=1 2x"},"classes":[]},{"id":51473,"url":"https:\/\/www.grieta.org.mx\/index.php\/2020\/06\/29\/garantias-para-consorcio-oaxaca-exigen-relatores-de-la-onu\/","url_meta":{"origin":51020,"position":1},"title":"Garant\u00edas para Consorcio Oaxaca, exigen relatores de la ONU","author":"grieta","date":"29 junio, 2020","format":false,"excerpt":"Proceso \/ Pedro Mat\u00edas. Mary Lawlor, relatora especial sobre la situaci\u00f3n de los defensores de los derechos humanos de la ONU. Foto: www.ohchr.org OAXACA, Oax. (apro).- La Relatora Especial sobre la situaci\u00f3n de los defensores de los derechos humanos de la ONU, Mary Lawlor, junto con la Relatora Especial sobre\u2026","rel":"","context":"En &quot;CINTILLO&quot;","block_context":{"text":"CINTILLO","link":"https:\/\/www.grieta.org.mx\/index.php\/category\/cintillo\/"},"img":{"alt_text":"","src":"https:\/\/i0.wp.com\/www.grieta.org.mx\/wp-content\/uploads\/2020\/06\/consorcio-oaxaca-870x522.jpeg?resize=350%2C200&ssl=1","width":350,"height":200,"srcset":"https:\/\/i0.wp.com\/www.grieta.org.mx\/wp-content\/uploads\/2020\/06\/consorcio-oaxaca-870x522.jpeg?resize=350%2C200&ssl=1 1x, https:\/\/i0.wp.com\/www.grieta.org.mx\/wp-content\/uploads\/2020\/06\/consorcio-oaxaca-870x522.jpeg?resize=525%2C300&ssl=1 1.5x, https:\/\/i0.wp.com\/www.grieta.org.mx\/wp-content\/uploads\/2020\/06\/consorcio-oaxaca-870x522.jpeg?resize=700%2C400&ssl=1 2x"},"classes":[]},{"id":45838,"url":"https:\/\/www.grieta.org.mx\/index.php\/2020\/03\/07\/feministas-exigen-juicio-politico-contra-el-fiscal-de-oaxaca\/","url_meta":{"origin":51020,"position":2},"title":"Feministas exigen juicio pol\u00edtico contra el fiscal de Oaxaca","author":"grieta","date":"7 marzo, 2020","format":false,"excerpt":"Proceso \/ Pedro Mat\u00edas. Grupos feministas colocaron cruces frente a la Fiscal\u00eda de Oaxaca. Foto: @consorciooaxaca. OAXACA, Oax. (apro).- Luego de marchar por distintas calles de la ciudad y colocar cruces en memoria de las mujeres asesinadas en la entidad, un grupo de feministas \u201cclausur\u00f3\u201d la Fiscal\u00eda General del estado\u2026","rel":"","context":"En &quot;CINTILLO&quot;","block_context":{"text":"CINTILLO","link":"https:\/\/www.grieta.org.mx\/index.php\/category\/cintillo\/"},"img":{"alt_text":"","src":"https:\/\/i0.wp.com\/www.grieta.org.mx\/wp-content\/uploads\/2020\/03\/Fiscalia-Oaxaca-870x522.jpg?resize=350%2C200&ssl=1","width":350,"height":200,"srcset":"https:\/\/i0.wp.com\/www.grieta.org.mx\/wp-content\/uploads\/2020\/03\/Fiscalia-Oaxaca-870x522.jpg?resize=350%2C200&ssl=1 1x, https:\/\/i0.wp.com\/www.grieta.org.mx\/wp-content\/uploads\/2020\/03\/Fiscalia-Oaxaca-870x522.jpg?resize=525%2C300&ssl=1 1.5x, https:\/\/i0.wp.com\/www.grieta.org.mx\/wp-content\/uploads\/2020\/03\/Fiscalia-Oaxaca-870x522.jpg?resize=700%2C400&ssl=1 2x"},"classes":[]},{"id":51944,"url":"https:\/\/www.grieta.org.mx\/index.php\/2020\/07\/17\/consorcio-oaxaca-documenta-23-feminicidios-en-el-primer-trimestre-de-confinamiento\/","url_meta":{"origin":51020,"position":3},"title":"Consorcio Oaxaca documenta 23 feminicidios en el primer trimestre de confinamiento","author":"grieta","date":"17 julio, 2020","format":false,"excerpt":"Proceso \/ Pedro Mat\u00edas. Grupos feministas colocaron cruces frente a la Fiscal\u00eda de Oaxaca. Foto: @consorciooaxaca OAXACA, Oax. (apro).- Consorcio para el Di\u00e1logo Parlamentario y la Equidad Oaxaca inform\u00f3 que en el primer trimestre de confinamiento por la pandemia de covid-19 documentaron 23 feminicidios y 79 desapariciones de mujeres. De\u2026","rel":"","context":"En &quot;CINTILLO&quot;","block_context":{"text":"CINTILLO","link":"https:\/\/www.grieta.org.mx\/index.php\/category\/cintillo\/"},"img":{"alt_text":"","src":"https:\/\/i0.wp.com\/www.grieta.org.mx\/wp-content\/uploads\/2020\/07\/Fiscalia-Oaxaca-870x522.jpg?resize=350%2C200&ssl=1","width":350,"height":200,"srcset":"https:\/\/i0.wp.com\/www.grieta.org.mx\/wp-content\/uploads\/2020\/07\/Fiscalia-Oaxaca-870x522.jpg?resize=350%2C200&ssl=1 1x, https:\/\/i0.wp.com\/www.grieta.org.mx\/wp-content\/uploads\/2020\/07\/Fiscalia-Oaxaca-870x522.jpg?resize=525%2C300&ssl=1 1.5x, https:\/\/i0.wp.com\/www.grieta.org.mx\/wp-content\/uploads\/2020\/07\/Fiscalia-Oaxaca-870x522.jpg?resize=700%2C400&ssl=1 2x"},"classes":[]},{"id":24773,"url":"https:\/\/www.grieta.org.mx\/index.php\/2018\/07\/16\/mas-de-198-feminicidios-en-oaxaca-urge-declarar-alerta-de-genero\/","url_meta":{"origin":51020,"position":4},"title":"M\u00e1s de 198 feminicidios en Oaxaca, urge declarar alerta de g\u00e9nero","author":"grieta","date":"16 julio, 2018","format":false,"excerpt":"P\u00e1gina 3. Diana Manzo \/ Corresponsal, Juchit\u00e1n, Oaxaca.- Paulina Tolentino L\u00f3pez de 16 a\u00f1os de edad desapareci\u00f3 hace una semana en Juchit\u00e1n y todav\u00eda no aparece, seg\u00fan la organizaci\u00f3n social Consorcio para la Equidad y G\u00e9nero suman 278 mujeres las desaparecidas en Oaxaca desde la administraci\u00f3n del actual gobernador Alejandro\u2026","rel":"","context":"En &quot;CINTILLO&quot;","block_context":{"text":"CINTILLO","link":"https:\/\/www.grieta.org.mx\/index.php\/category\/cintillo\/"},"img":{"alt_text":"","src":"https:\/\/i0.wp.com\/www.grieta.org.mx\/wp-content\/uploads\/2018\/07\/feminicidio-en-Oaxaca.jpg?resize=350%2C200&ssl=1","width":350,"height":200,"srcset":"https:\/\/i0.wp.com\/www.grieta.org.mx\/wp-content\/uploads\/2018\/07\/feminicidio-en-Oaxaca.jpg?resize=350%2C200&ssl=1 1x, https:\/\/i0.wp.com\/www.grieta.org.mx\/wp-content\/uploads\/2018\/07\/feminicidio-en-Oaxaca.jpg?resize=525%2C300&ssl=1 1.5x, https:\/\/i0.wp.com\/www.grieta.org.mx\/wp-content\/uploads\/2018\/07\/feminicidio-en-Oaxaca.jpg?resize=700%2C400&ssl=1 2x"},"classes":[]},{"id":56084,"url":"https:\/\/www.grieta.org.mx\/index.php\/2020\/12\/28\/colectivos-feministas-exigen-dar-con-responsable-de-la-muerte-de-bertha-jose-oaxaca\/","url_meta":{"origin":51020,"position":5},"title":"Colectivos feministas exigen dar con responsable de la muerte de Bertha Jos\u00e9 (Oaxaca)","author":"grieta","date":"28 diciembre, 2020","format":false,"excerpt":"Noticias \/ Staff. Colectivos feministas de Oaxaca, mediante redes sociales, han exigido a las autoridades de la entidad detener al responsable o responsables de la muerte de Bertha Jos\u00e9 Dom\u00ednguez, quien fue asesinada con arma blanca en la regi\u00f3n del Istmo de Tehuantepec, presuntamente por su esposo, Jes\u00fas M. A.,\u2026","rel":"","context":"En &quot;CINTILLO&quot;","block_context":{"text":"CINTILLO","link":"https:\/\/www.grieta.org.mx\/index.php\/category\/cintillo\/"},"img":{"alt_text":"","src":"https:\/\/i0.wp.com\/www.grieta.org.mx\/wp-content\/uploads\/2021\/01\/bertha.jpg?resize=350%2C200&ssl=1","width":350,"height":200,"srcset":"https:\/\/i0.wp.com\/www.grieta.org.mx\/wp-content\/uploads\/2021\/01\/bertha.jpg?resize=350%2C200&ssl=1 1x, https:\/\/i0.wp.com\/www.grieta.org.mx\/wp-content\/uploads\/2021\/01\/bertha.jpg?resize=525%2C300&ssl=1 1.5x, https:\/\/i0.wp.com\/www.grieta.org.mx\/wp-content\/uploads\/2021\/01\/bertha.jpg?resize=700%2C400&ssl=1 2x, https:\/\/i0.wp.com\/www.grieta.org.mx\/wp-content\/uploads\/2021\/01\/bertha.jpg?resize=1050%2C600&ssl=1 3x"},"classes":[]}],"_links":{"self":[{"href":"https:\/\/www.grieta.org.mx\/index.php\/wp-json\/wp\/v2\/posts\/51020","targetHints":{"allow":["GET"]}}],"collection":[{"href":"https:\/\/www.grieta.org.mx\/index.php\/wp-json\/wp\/v2\/posts"}],"about":[{"href":"https:\/\/www.grieta.org.mx\/index.php\/wp-json\/wp\/v2\/types\/post"}],"author":[{"embeddable":true,"href":"https:\/\/www.grieta.org.mx\/index.php\/wp-json\/wp\/v2\/users\/2"}],"replies":[{"embeddable":true,"href":"https:\/\/www.grieta.org.mx\/index.php\/wp-json\/wp\/v2\/comments?post=51020"}],"version-history":[{"count":1,"href":"https:\/\/www.grieta.org.mx\/index.php\/wp-json\/wp\/v2\/posts\/51020\/revisions"}],"predecessor-version":[{"id":51023,"href":"https:\/\/www.grieta.org.mx\/index.php\/wp-json\/wp\/v2\/posts\/51020\/revisions\/51023"}],"wp:featuredmedia":[{"embeddable":true,"href":"https:\/\/www.grieta.org.mx\/index.php\/wp-json\/wp\/v2\/media\/51021"}],"wp:attachment":[{"href":"https:\/\/www.grieta.org.mx\/index.php\/wp-json\/wp\/v2\/media?parent=51020"}],"wp:term":[{"taxonomy":"category","embeddable":true,"href":"https:\/\/www.grieta.org.mx\/index.php\/wp-json\/wp\/v2\/categories?post=51020"},{"taxonomy":"post_tag","embeddable":true,"href":"https:\/\/www.grieta.org.mx\/index.php\/wp-json\/wp\/v2\/tags?post=51020"}],"curies":[{"name":"wp","href":"https:\/\/api.w.org\/{rel}","templated":true}]}}