{"id":51016,"date":"2020-06-15T20:37:56","date_gmt":"2020-06-16T01:37:56","guid":{"rendered":"http:\/\/www.grieta.org.mx\/?p=51016"},"modified":"2020-06-18T22:42:54","modified_gmt":"2020-06-19T03:42:54","slug":"detienen-a-presunto-enganchador-y-localizan-restos-de-jovencita-desaparecida-en-fosa-clandestina-oaxaca","status":"publish","type":"post","link":"https:\/\/www.grieta.org.mx\/index.php\/2020\/06\/15\/detienen-a-presunto-enganchador-y-localizan-restos-de-jovencita-desaparecida-en-fosa-clandestina-oaxaca\/","title":{"rendered":"Detienen a presunto enganchador y localizan restos de jovencita desaparecida en fosa clandestina (Oaxaca)"},"content":{"rendered":"<p>P\u00e1gina 3 \/ Pedro Mat\u00edas.<\/p>\n<p><img decoding=\"async\" data-attachment-id=\"51017\" data-permalink=\"https:\/\/www.grieta.org.mx\/index.php\/2020\/06\/15\/detienen-a-presunto-enganchador-y-localizan-restos-de-jovencita-desaparecida-en-fosa-clandestina-oaxaca\/fatima\/\" data-orig-file=\"https:\/\/www.grieta.org.mx\/wp-content\/uploads\/2020\/06\/fa?tima.jpg\" data-orig-size=\"\" data-comments-opened=\"0\" data-image-meta=\"[]\" data-image-title=\"fa?tima\" data-image-description=\"\" data-image-caption=\"\" data-medium-file=\"https:\/\/www.grieta.org.mx\/wp-content\/uploads\/2020\/06\/fa?tima.jpg\" data-large-file=\"https:\/\/www.grieta.org.mx\/wp-content\/uploads\/2020\/06\/fa?tima.jpg\" class=\"aligncenter size-full wp-image-51017\" src=\"http:\/\/www.grieta.org.mx\/wp-content\/uploads\/2020\/06\/fa?tima.jpg\" alt=\"\" \/><\/p>\n<p><img loading=\"lazy\" decoding=\"async\" data-attachment-id=\"51018\" data-permalink=\"https:\/\/www.grieta.org.mx\/index.php\/2020\/06\/15\/detienen-a-presunto-enganchador-y-localizan-restos-de-jovencita-desaparecida-en-fosa-clandestina-oaxaca\/1-68\/\" data-orig-file=\"https:\/\/www.grieta.org.mx\/wp-content\/uploads\/2020\/06\/1-3.jpg\" data-orig-size=\"950,480\" data-comments-opened=\"0\" data-image-meta=\"{&quot;aperture&quot;:&quot;0&quot;,&quot;credit&quot;:&quot;&quot;,&quot;camera&quot;:&quot;&quot;,&quot;caption&quot;:&quot;&quot;,&quot;created_timestamp&quot;:&quot;0&quot;,&quot;copyright&quot;:&quot;&quot;,&quot;focal_length&quot;:&quot;0&quot;,&quot;iso&quot;:&quot;0&quot;,&quot;shutter_speed&quot;:&quot;0&quot;,&quot;title&quot;:&quot;&quot;,&quot;orientation&quot;:&quot;0&quot;}\" data-image-title=\"1\" data-image-description=\"\" data-image-caption=\"\" data-medium-file=\"https:\/\/www.grieta.org.mx\/wp-content\/uploads\/2020\/06\/1-3-300x152.jpg\" data-large-file=\"https:\/\/www.grieta.org.mx\/wp-content\/uploads\/2020\/06\/1-3.jpg\" class=\"aligncenter wp-image-51018\" src=\"http:\/\/www.grieta.org.mx\/wp-content\/uploads\/2020\/06\/1-3.jpg\" alt=\"\" width=\"800\" height=\"404\" srcset=\"https:\/\/www.grieta.org.mx\/wp-content\/uploads\/2020\/06\/1-3.jpg 950w, https:\/\/www.grieta.org.mx\/wp-content\/uploads\/2020\/06\/1-3-300x152.jpg 300w, https:\/\/www.grieta.org.mx\/wp-content\/uploads\/2020\/06\/1-3-768x388.jpg 768w\" sizes=\"auto, (max-width: 800px) 100vw, 800px\" \/><\/p>\n<p>OAXACA, Oax.- La detenci\u00f3n de Omar B. G., presunto enganchador de jovencitas v\u00eda Facebook, permiti\u00f3 ubicar una fosa clandestina.<\/p>\n<p>Se localizaron los restos que podr\u00edan ser de F\u00e1tima Palacios Moreno y Casandra Ram\u00edrez Salom\u00f3n, desaparecidas, una el 2 de marzo y la otra el 6 de mayo, respectivamente.<\/p>\n<p>La Fiscal\u00eda General de Oaxaca confirm\u00f3 la detenci\u00f3n de O. B. G., por el delito de desaparici\u00f3n cometida por particulares<\/p>\n<p>El Juez de Control determin\u00f3 vincularlo a proceso al dictarle prisi\u00f3n preventiva.<\/p>\n<p>En tanto, elementos de la Agencia Estatal de Investigaciones de Oaxaca (AEI) con el apoyo de la Secretar\u00eda de la Defensa Nacional (Sedena) y la Guardia Nacional (GN) realizaron un operativo de b\u00fasqueda de personas reportadas como desaparecidas y no localizadas, en la regi\u00f3n de la Cuenca del Papaloapan.<\/p>\n<p>El plan de b\u00fasqueda se realiz\u00f3 el pasado viernes 12 de junio en diversos puntos y parajes de San Juan Bautista Tuxtepec, entre ellos, la zona denominada \u201cZacate Colorado\u201d.<\/p>\n<p>Seg\u00fan la carpeta de investigaci\u00f3n 15337\/FCUE \/TUXTEPEC \/2020, hasta el momento se ha logrado localizar el cuerpo de una persona.<\/p>\n<p>Su identidad est\u00e1 por determinarse con base en pruebas de gen\u00e9tica y laboratorio del Instituto de Servicios Periciales- as\u00ed como restos \u00f3seos y una motocicleta.<\/p>\n<p>Y este s\u00e1bado se continu\u00f3 con el operativo de b\u00fasqueda donde han encontrado m\u00e1s restos que son analizados por Servicios Periciales.<\/p>\n<p>O. B. G., fue detenido el pasado 12 de junio en la Cuenca del Papaloapan.<\/p>\n<p>Fue se\u00f1alado como probable responsable del delito de desaparici\u00f3n cometida por particulares en agravio de una joven mujer identificada como Casandra R. S.<\/p>\n<p>Habr\u00eda sido cometido en San Juan Bautista Tuxtepec, regi\u00f3n de la Cuenca del Papaloapan.<\/p>\n<p>El probable responsable fue aprehendido por Agentes Estatales de Investigaci\u00f3n, en cumplimiento a la orden de aprehensi\u00f3n asentada en la causa penal 106\/2020.<\/p>\n<p>Se llev\u00f3 de forma inmediata ante el Juzgado de Control.<\/p>\n<p>Los hechos se suscitaron el 6 de mayo de 2020, aproximadamente a las 09:30 horas.<\/p>\n<p>El imputado cit\u00f3 por un supuesto trabajo a la v\u00edctima en el fraccionamiento Hacienda Real, San Juan Tuxtepec.<\/p>\n<p>Se la llev\u00f3 a bordo de una motocicleta, sin que hasta el momento se conozca su paradero.<\/p>\n<p>Tras ser llevado a audiencia y luego de que la Fiscal\u00eda aportara los datos de prueba suficientes, el Juez de Control determin\u00f3 vincular a proceso a O. B. G.<\/p>\n<p>Le impuso la medida cautelar de prisi\u00f3n preventiva oficiosa y otorg\u00f3 cinco meses para el cierre de investigaci\u00f3n complementaria.<\/p>\n<p>Cabe recordar que el pasado 22 de mayo, en plena pandemia, familiares y amigos de personas desparecidas abandonaron el confinamiento por el Covid-19.<\/p>\n<p>Salieron a las calles para denunciar que en Tuxtepec \u201cnos est\u00e1n desapareciendo\u201d.<\/p>\n<p>Y es que Casandra Ram\u00edrez Salom\u00f3n desapareci\u00f3 el pasado 6 de mayo, lo mismo ocurri\u00f3 con Itzel Gonz\u00e1lez el 14 de abril.<\/p>\n<p>Mientras que a F\u00e1tima Palacios Moreno se le vio por \u00faltima vez el pasado 2 de marzo.<\/p>\n<p>\u201cItzel, te estamos esperando\u201d. \u201cCasandra, ven, hija, te quiero abrazar\u201d. \u201cF\u00e1tima, tu mam\u00e1 te espera con ansias\u201d, fueron algunas de las frases externadas por las familias.<\/p>\n<p>Durante ese recorrido destacaron pancartas, lonas y mantas con las consignas:<\/p>\n<p>\u201cMe dueles Tuxtepec #Niunamas\u201d. \u201cAy\u00fadanos a encontrarlas\u201d. \u201c\u00bfD\u00f3nde est\u00e1 mi hija?\u201d. \u201cExigimos respuestas por la desaparici\u00f3n de Casandra\u201d. \u201cNo estamos todas, nos falta Itzel\u201d.<\/p>\n<p>\u201cHoy mi familia no est\u00e1 completa, \u00a1ni una m\u00e1s!\u201d. \u201cHoy son cuatro, \u00bfma\u00f1ana cu\u00e1ntas m\u00e1s?\u201d. \u201cVivas se las llevaron, vivas las queremos\u201d. \u201cTe buscamos porque te amamos\u201d.<\/p>\n<p><a href=\"https:\/\/pagina3.mx\/2020\/06\/detienen-a-presunto-enganchador-y-localizan-restos-de-jovencita-desaparecida-en-fosa-clandestina\/\" target=\"_blank\" rel=\"noopener noreferrer\">https:\/\/pagina3.mx\/2020\/06\/detienen-a-presunto-enganchador-y-localizan-restos-de-jovencita-desaparecida-en-fosa-clandestina\/<\/a><\/p>\n","protected":false},"excerpt":{"rendered":"<p>P\u00e1gina 3 \/ Pedro Mat\u00edas. OAXACA, Oax.- La detenci\u00f3n de Omar B. G., presunto enganchador de jovencitas v\u00eda Facebook, permiti\u00f3 ubicar una fosa clandestina. Se localizaron los restos que podr\u00edan &hellip; <a href=\"https:\/\/www.grieta.org.mx\/index.php\/2020\/06\/15\/detienen-a-presunto-enganchador-y-localizan-restos-de-jovencita-desaparecida-en-fosa-clandestina-oaxaca\/\" class=\"more-link\">Leer m\u00e1s<\/a><\/p>\n","protected":false},"author":2,"featured_media":51018,"comment_status":"closed","ping_status":"closed","sticky":false,"template":"","format":"standard","meta":{"ngg_post_thumbnail":0,"_jetpack_newsletter_access":"","_jetpack_dont_email_post_to_subs":false,"_jetpack_newsletter_tier_id":0,"_jetpack_memberships_contains_paywalled_content":false,"_jetpack_memberships_contains_paid_content":false,"footnotes":""},"categories":[80,2832,1325,1477,2,25,1665],"tags":[],"class_list":["post-51016","post","type-post","status-publish","format-standard","has-post-thumbnail","hentry","category-cintillo","category-desaparecidos-en-oaxaca","category-feminicidios-en-oaxaca-oaxaca","category-la-ninez-en-la-tormenta-en-oaxaca","category-noticias-nacionales","category-oaxaca","category-violencia-contra-las-mujeres-en-oaxaca","entry"],"jetpack_featured_media_url":"https:\/\/www.grieta.org.mx\/wp-content\/uploads\/2020\/06\/1-3.jpg","jetpack_sharing_enabled":true,"jetpack_shortlink":"https:\/\/wp.me\/p7ZJR4-dgQ","jetpack_likes_enabled":false,"jetpack-related-posts":[{"id":51063,"url":"https:\/\/www.grieta.org.mx\/index.php\/2020\/06\/15\/detienen-a-presunto-secuestrador-de-mujer-en-oaxaca-y-ubican-fosa-con-restos-humanos\/","url_meta":{"origin":51016,"position":0},"title":"Detienen a presunto secuestrador de mujer en Oaxaca y ubican fosa con restos humanos","author":"grieta","date":"15 junio, 2020","format":false,"excerpt":"Proceso \/ Pedro Mat\u00edas. OAXACA, Oax. (apro). \u2013 La detenci\u00f3n de Omar B. G., presunto acosador de jovencitas v\u00eda Facebook, permiti\u00f3 ubicar una fosa clandestina donde localizaron los restos de una persona que podr\u00eda ser de F\u00e1tima Palacios Moreno y Casandra Ram\u00edrez Salom\u00f3n, desaparecidas, una el dos de marzo y\u2026","rel":"","context":"En &quot;CINTILLO&quot;","block_context":{"text":"CINTILLO","link":"https:\/\/www.grieta.org.mx\/index.php\/category\/cintillo\/"},"img":{"alt_text":"","src":"https:\/\/i0.wp.com\/www.grieta.org.mx\/wp-content\/uploads\/2018\/03\/14524434_1106112876131411_958039263622046936_o.jpg?resize=350%2C200&ssl=1","width":350,"height":200,"srcset":"https:\/\/i0.wp.com\/www.grieta.org.mx\/wp-content\/uploads\/2018\/03\/14524434_1106112876131411_958039263622046936_o.jpg?resize=350%2C200&ssl=1 1x, https:\/\/i0.wp.com\/www.grieta.org.mx\/wp-content\/uploads\/2018\/03\/14524434_1106112876131411_958039263622046936_o.jpg?resize=525%2C300&ssl=1 1.5x, https:\/\/i0.wp.com\/www.grieta.org.mx\/wp-content\/uploads\/2018\/03\/14524434_1106112876131411_958039263622046936_o.jpg?resize=700%2C400&ssl=1 2x"},"classes":[]},{"id":62527,"url":"https:\/\/www.grieta.org.mx\/index.php\/2021\/10\/29\/itzel-desaparecio-en-2020-la-buscan-en-una-fosa-clandestina-en-oaxaca\/","url_meta":{"origin":51016,"position":1},"title":"Itzel desapareci\u00f3 en 2020; la buscan en una fosa clandestina en Oaxaca","author":"grieta","date":"29 octubre, 2021","format":false,"excerpt":"Noticias \/ Tom\u00e1s Mart\u00ednez. Restos humanos que podr\u00edan ser de la enfermera Itzel G.G., que desapareci\u00f3 en el mes de abril del 2020, fueron localizados durante una inspecci\u00f3n realizaba en una fosa clandestina en Tuxtepec, y por cuy caso ya se encuentran condenados Mart\u00edn F.C., y Omar B.G. La Fiscal\u00eda\u2026","rel":"","context":"En &quot;CINTILLO&quot;","block_context":{"text":"CINTILLO","link":"https:\/\/www.grieta.org.mx\/index.php\/category\/cintillo\/"},"img":{"alt_text":"","src":"https:\/\/i0.wp.com\/www.grieta.org.mx\/wp-content\/uploads\/2018\/03\/14524434_1106112876131411_958039263622046936_o.jpg?resize=350%2C200&ssl=1","width":350,"height":200,"srcset":"https:\/\/i0.wp.com\/www.grieta.org.mx\/wp-content\/uploads\/2018\/03\/14524434_1106112876131411_958039263622046936_o.jpg?resize=350%2C200&ssl=1 1x, https:\/\/i0.wp.com\/www.grieta.org.mx\/wp-content\/uploads\/2018\/03\/14524434_1106112876131411_958039263622046936_o.jpg?resize=525%2C300&ssl=1 1.5x, https:\/\/i0.wp.com\/www.grieta.org.mx\/wp-content\/uploads\/2018\/03\/14524434_1106112876131411_958039263622046936_o.jpg?resize=700%2C400&ssl=1 2x"},"classes":[]},{"id":51065,"url":"https:\/\/www.grieta.org.mx\/index.php\/2020\/06\/16\/hallan-tres-fosas-con-restos-humanos-temen-que-sean-de-desaparecidas-en-tuxtepec-oaxaca\/","url_meta":{"origin":51016,"position":2},"title":"Hallan tres fosas con restos humanos; temen que sean de desaparecidas en Tuxtepec (Oaxaca)","author":"grieta","date":"16 junio, 2020","format":false,"excerpt":"Proceso \/ Pedro Mat\u00edas. Rub\u00e9n Vasconcelos, fiscal de Oaxaca. Foto: Twitter @FISCALIA_GobOax AXACA, Oax. (apro).- Tras la detenci\u00f3n de dos hombres, efectuadas el 9 de mayo y 12 de junio pasado, se localizaron tres fosas clandestinas con restos humanos, inform\u00f3 la fiscal\u00eda general de Oaxaca. Hay versiones, aun sin confirmar,\u2026","rel":"","context":"En &quot;CINTILLO&quot;","block_context":{"text":"CINTILLO","link":"https:\/\/www.grieta.org.mx\/index.php\/category\/cintillo\/"},"img":{"alt_text":"","src":"https:\/\/i0.wp.com\/www.grieta.org.mx\/wp-content\/uploads\/2020\/06\/X-1.jpg?resize=350%2C200&ssl=1","width":350,"height":200,"srcset":"https:\/\/i0.wp.com\/www.grieta.org.mx\/wp-content\/uploads\/2020\/06\/X-1.jpg?resize=350%2C200&ssl=1 1x, https:\/\/i0.wp.com\/www.grieta.org.mx\/wp-content\/uploads\/2020\/06\/X-1.jpg?resize=525%2C300&ssl=1 1.5x, https:\/\/i0.wp.com\/www.grieta.org.mx\/wp-content\/uploads\/2020\/06\/X-1.jpg?resize=700%2C400&ssl=1 2x"},"classes":[]},{"id":28767,"url":"https:\/\/www.grieta.org.mx\/index.php\/2018\/12\/04\/una-decada-y-oaxaca-es-una-gran-fosa\/","url_meta":{"origin":51016,"position":3},"title":"Una d\u00e9cada y Oaxaca es una gran fosa","author":"grieta","date":"4 diciembre, 2018","format":false,"excerpt":"Noticias. Miguel Angel, De acuerdo a reportes period\u00edsticos, una fosa clandestina fue localizada el pen\u00faltimo domingo de noviembre en la ciudad de Loma Bonita, Oaxaca, en la Cuenca del Papalo\u00e1pam; en el lugar se encontraron restos \u00f3seos de al menos tres personas, adem\u00e1s de ropa. Pero en Oaxaca el problema\u2026","rel":"","context":"En &quot;CINTILLO&quot;","block_context":{"text":"CINTILLO","link":"https:\/\/www.grieta.org.mx\/index.php\/category\/cintillo\/"},"img":{"alt_text":"","src":"https:\/\/i0.wp.com\/www.grieta.org.mx\/wp-content\/uploads\/2019\/02\/image_19_327.jpg?resize=350%2C200&ssl=1","width":350,"height":200,"srcset":"https:\/\/i0.wp.com\/www.grieta.org.mx\/wp-content\/uploads\/2019\/02\/image_19_327.jpg?resize=350%2C200&ssl=1 1x, https:\/\/i0.wp.com\/www.grieta.org.mx\/wp-content\/uploads\/2019\/02\/image_19_327.jpg?resize=525%2C300&ssl=1 1.5x, https:\/\/i0.wp.com\/www.grieta.org.mx\/wp-content\/uploads\/2019\/02\/image_19_327.jpg?resize=700%2C400&ssl=1 2x, https:\/\/i0.wp.com\/www.grieta.org.mx\/wp-content\/uploads\/2019\/02\/image_19_327.jpg?resize=1050%2C600&ssl=1 3x"},"classes":[]},{"id":55668,"url":"https:\/\/www.grieta.org.mx\/index.php\/2020\/12\/04\/despues-de-30-meses-encuentran-sin-vida-al-hermano-del-artista-oaxaqueno-lukas-avendano\/","url_meta":{"origin":51016,"position":4},"title":"Despu\u00e9s de 30 meses encuentran sin vida al hermano del artista oaxaque\u00f1o Lukas Avenda\u00f1o","author":"grieta","date":"4 diciembre, 2020","format":false,"excerpt":"Avispa Midia \/ Sare Frabes. Este jueves 3 de diciembre el artista oaxaque\u00f1o Lukas Avenda\u00f1o inform\u00f3 en sus redes sociales que su hermano Bruno Avenda\u00f1o, miembro activo de la marina de M\u00e9xico, desaparecido en el Istmo de Tehuantepec, Oaxaca, hab\u00eda sido localizado en una fosa clandestina desde el pasado 12\u2026","rel":"","context":"En &quot;CINTILLO&quot;","block_context":{"text":"CINTILLO","link":"https:\/\/www.grieta.org.mx\/index.php\/category\/cintillo\/"},"img":{"alt_text":"","src":"https:\/\/i0.wp.com\/www.grieta.org.mx\/wp-content\/uploads\/2020\/12\/Bruno-Avendano.jpg?resize=350%2C200&ssl=1","width":350,"height":200,"srcset":"https:\/\/i0.wp.com\/www.grieta.org.mx\/wp-content\/uploads\/2020\/12\/Bruno-Avendano.jpg?resize=350%2C200&ssl=1 1x, https:\/\/i0.wp.com\/www.grieta.org.mx\/wp-content\/uploads\/2020\/12\/Bruno-Avendano.jpg?resize=525%2C300&ssl=1 1.5x, https:\/\/i0.wp.com\/www.grieta.org.mx\/wp-content\/uploads\/2020\/12\/Bruno-Avendano.jpg?resize=700%2C400&ssl=1 2x"},"classes":[]},{"id":56743,"url":"https:\/\/www.grieta.org.mx\/index.php\/2021\/01\/17\/caso-concepcion-cinco-anos-en-el-limbo-de-la-justicia-oaxaca\/","url_meta":{"origin":51016,"position":5},"title":"Caso Concepci\u00f3n: cinco a\u00f1os en el limbo de la justicia (Oaxaca)","author":"grieta","date":"17 enero, 2021","format":false,"excerpt":"Proceso \/ Gloria Leticia D\u00edaz. Concepci\u00f3n Sibaja Ram\u00edrez lleva m\u00e1s de cinco a\u00f1os encarcelada en Oaxaca\u2026 La entonces Procuradur\u00eda General de la Rep\u00fablica la captur\u00f3; la acus\u00f3 de pertenecer a una red internacional de tr\u00e1fico de personas. Durante su detenci\u00f3n fue torturada y agredida sexualmente. Las pruebas de la autoridad\u2026","rel":"","context":"En &quot;CINTILLO&quot;","block_context":{"text":"CINTILLO","link":"https:\/\/www.grieta.org.mx\/index.php\/category\/cintillo\/"},"img":{"alt_text":"","src":"https:\/\/i0.wp.com\/www.grieta.org.mx\/wp-content\/uploads\/2018\/03\/14524434_1106112876131411_958039263622046936_o.jpg?resize=350%2C200&ssl=1","width":350,"height":200,"srcset":"https:\/\/i0.wp.com\/www.grieta.org.mx\/wp-content\/uploads\/2018\/03\/14524434_1106112876131411_958039263622046936_o.jpg?resize=350%2C200&ssl=1 1x, https:\/\/i0.wp.com\/www.grieta.org.mx\/wp-content\/uploads\/2018\/03\/14524434_1106112876131411_958039263622046936_o.jpg?resize=525%2C300&ssl=1 1.5x, https:\/\/i0.wp.com\/www.grieta.org.mx\/wp-content\/uploads\/2018\/03\/14524434_1106112876131411_958039263622046936_o.jpg?resize=700%2C400&ssl=1 2x"},"classes":[]}],"_links":{"self":[{"href":"https:\/\/www.grieta.org.mx\/index.php\/wp-json\/wp\/v2\/posts\/51016","targetHints":{"allow":["GET"]}}],"collection":[{"href":"https:\/\/www.grieta.org.mx\/index.php\/wp-json\/wp\/v2\/posts"}],"about":[{"href":"https:\/\/www.grieta.org.mx\/index.php\/wp-json\/wp\/v2\/types\/post"}],"author":[{"embeddable":true,"href":"https:\/\/www.grieta.org.mx\/index.php\/wp-json\/wp\/v2\/users\/2"}],"replies":[{"embeddable":true,"href":"https:\/\/www.grieta.org.mx\/index.php\/wp-json\/wp\/v2\/comments?post=51016"}],"version-history":[{"count":1,"href":"https:\/\/www.grieta.org.mx\/index.php\/wp-json\/wp\/v2\/posts\/51016\/revisions"}],"predecessor-version":[{"id":51019,"href":"https:\/\/www.grieta.org.mx\/index.php\/wp-json\/wp\/v2\/posts\/51016\/revisions\/51019"}],"wp:featuredmedia":[{"embeddable":true,"href":"https:\/\/www.grieta.org.mx\/index.php\/wp-json\/wp\/v2\/media\/51018"}],"wp:attachment":[{"href":"https:\/\/www.grieta.org.mx\/index.php\/wp-json\/wp\/v2\/media?parent=51016"}],"wp:term":[{"taxonomy":"category","embeddable":true,"href":"https:\/\/www.grieta.org.mx\/index.php\/wp-json\/wp\/v2\/categories?post=51016"},{"taxonomy":"post_tag","embeddable":true,"href":"https:\/\/www.grieta.org.mx\/index.php\/wp-json\/wp\/v2\/tags?post=51016"}],"curies":[{"name":"wp","href":"https:\/\/api.w.org\/{rel}","templated":true}]}}