{"id":5099,"date":"2015-11-01T02:59:24","date_gmt":"2015-11-01T02:59:24","guid":{"rendered":"http:\/\/50.22.11.12\/~grietaor\/?p=5099"},"modified":"2016-03-26T03:03:32","modified_gmt":"2016-03-26T03:03:32","slug":"con-pico-y-pala-por-sus-desaparecidos-en-el-norte-de-mexico","status":"publish","type":"post","link":"https:\/\/www.grieta.org.mx\/index.php\/2015\/11\/01\/con-pico-y-pala-por-sus-desaparecidos-en-el-norte-de-mexico\/","title":{"rendered":"Con pico y pala por sus desaparecidos en el norte de M\u00e9xico"},"content":{"rendered":"<p>El Economista<\/p>\n<p>Escarbando entre la hierba y piedras, una veintena de personas que componen la organizaci\u00f3n civil V\u00edctimas por sus Derechos en Acci\u00f3n empezaron la primera b\u00fasqueda \u201cindependiente\u201d de personas desaparecidas en el pa\u00eds.<\/p>\n<p>Removiendo arbustos y piedras y escarbando la tierra de un cerro con varillas y palas, familiares de desaparecidos en el norte de M\u00e9xico empezaron este s\u00e1bado la primera b\u00fasqueda \u201cindependiente\u201d de personas en el estado de Nuevo Le\u00f3n.<\/p>\n<p>Una veintena de miembros de la organizaci\u00f3n civil V\u00edctimas por sus Derechos en Acci\u00f3n (VIDA) de Coahuila y Fuerzas Unidas por Nuestros Desaparecidos en Nuevo Le\u00f3n (Fundenl) partieron en caravana del centro de Monterrey hasta un punto boscoso al lado de la autopista hacia Saltillo, donde una denuncia an\u00f3nima les alert\u00f3 de que pod\u00edan hallar pistas.<\/p>\n<p>Ambos grupos se dividieron para cubrir un kil\u00f3metro cuadrado de monte y, entre el sol, una lluvia fugaz y el paso de las primeras mariposas Monarca de la temporada, removieron arbustos espinosos y escarbaron la tierra de ese cerro agreste, de veredas poco transitables.<\/p>\n<p>\u201cEl d\u00eda de hoy estamos realizando la primera brigada de b\u00fasqueda independiente en campo de personas desaparecidas en Nuevo Le\u00f3n. Nosotros s\u00ed estamos interesados en encontrarlos y no nos detendremos por los tiempos pol\u00edticos\u201d, explic\u00f3 Leticia Hidalgo, representante de la Fundenl.<\/p>\n<p>Se estima que la guerra contra el narcotr\u00e1fico que el expresidente Felipe Calder\u00f3n inici\u00f3 en 2006 y la pugna entre los c\u00e1rteles de la droga han dejado m\u00e1s de 80,000 muertos y alrededor de 25,000 desaparecidos en todo el pa\u00eds.<\/p>\n<p>La madre de Roy Rivera Hidalgo, quien desapareci\u00f3 hace cuatro a\u00f1os, acus\u00f3 al exgobernador de Nuevo Le\u00f3n, Rodrigo Medina, y a su entonces fiscal y ahora alcalde de Monterrey, Adri\u00e1n de la Garza, de ser \u201cc\u00f3mplices de las desapariciones\u201d porque no siguieron las pistas ni revisaron los sitios que les se\u00f1al\u00f3 Fundenl.<\/p>\n<p>\u201cPor eso, porque se volvieron c\u00f3mplices, hoy nosotros hacemos esa b\u00fasqueda y daremos parte a las autoridades del actual gobierno y a la opini\u00f3n p\u00fablica de los hallazgos que tengamos\u201d, dijo Hidalgo, al pedir al flamante gobernador, el independiente Jaime Rodr\u00edguez \u201cEl Bronco\u201d, que apoye la b\u00fasqueda.<\/p>\n<p>Personal de la fiscal\u00eda estatal, elementos polic\u00edacos de Fuerza Civil y miembros de Servicios Periciales apoyaron las labores haciendo acto de presencia y recabando lo que hallaron los activistas durante el d\u00eda.<\/p>\n<p>\u201cEncontramos una chancla de mujer y el tac\u00f3n de un zapato\u201d, se\u00f1al\u00f3 Ramiro Lara Gonz\u00e1lez que, machete en mano, separaba la hierba para buscar objetos o verificar que no hubiera casquillos de bala en el lugar.<\/p>\n<p>Los restos de calzado fueron recolectados por los peritos para analizarlos en Monterrey y, m\u00e1s tarde, los dos grupos tambi\u00e9n encontraron una cruz de madera con fotos y adornos religiosos pero, al encontrarse en un terreno privado, los agentes de la fiscal\u00eda les impidieron alterar el \u00e1rea.<\/p>\n<p>\u201cMi hija puede estar en cualquier parte\u201d<\/p>\n<p>Aunque los hallazgos de este primer d\u00eda de b\u00fasqueda no fueron muchos, los integrantes de Fundenl aseguraron que tomar\u00e1n el ejemplo del grupo VIDA, que cada s\u00e1bado desde diciembre del a\u00f1o pasado salen a diferentes puntos de Torre\u00f3n para buscar tumbas clandestinas.<\/p>\n<p>\u201cEl pasado mes de febrero tuvimos suerte, encontramos cerca de un pante\u00f3n de Torre\u00f3n el cad\u00e1ver de una madre de familia, Yolanda Tiscare\u00f1o, quien ten\u00eda cinco meses desaparecida\u201d, cuenta Silvia Ortiz, que fund\u00f3 el grupo VIDA en 2013 para tratar de encontrar a su hija Silvia Stephanie, desaparecida hace 11 a\u00f1os.<\/p>\n<p>\u201cNosotros vamos a apoyar a toda la gente que nos lo pida, con b\u00fasquedas y con asesor\u00eda, porque mi hija desapareci\u00f3 en Torre\u00f3n pero nadie me asegura que est\u00e9 ah\u00ed. Puede estar en Nuevo Le\u00f3n, en Chiapas, en cualquier parte\u201d, se\u00f1al\u00f3 la mujer menuda.<\/p>\n<p>Luego del breve descanso para responder preguntas, Yolanda volvi\u00f3 a hacer sonar su voz de mando para organizar a los voluntarios: \u201c\u00a1No se amontonen, sep\u00e1rense!\u201d, \u201c\u00a1Caminen en zig-zag para cubrir m\u00e1s terreno!\u201d, \u201cEsto es cansado pero ya estamos aqu\u00ed \u00a1a darle!\u201d.<\/p>\n<p>Y sigui\u00f3 su b\u00fasqueda, cerro arriba, con la esperanza de encontrar el paradero de alguno de los miles de desaparecidos en M\u00e9xico.<\/p>\n<p><a href=\"http:\/\/eleconomista.com.mx\/sociedad\/2015\/11\/01\/pico-pala-sus-desaparecidos-norte-mexico\" target=\"_blank\">eleconomista.com.mx\/sociedad\/2015\/11\/01\/pico-pala-sus-desaparecidos-norte-mexico<\/a><\/p>\n","protected":false},"excerpt":{"rendered":"<p>El Economista Escarbando entre la hierba y piedras, una veintena de personas que componen la organizaci\u00f3n civil V\u00edctimas por sus Derechos en Acci\u00f3n empezaron la primera b\u00fasqueda \u201cindependiente\u201d de personas &hellip; <a href=\"https:\/\/www.grieta.org.mx\/index.php\/2015\/11\/01\/con-pico-y-pala-por-sus-desaparecidos-en-el-norte-de-mexico\/\" class=\"more-link\">Leer m\u00e1s<\/a><\/p>\n","protected":false},"author":2,"featured_media":21928,"comment_status":"closed","ping_status":"open","sticky":false,"template":"","format":"standard","meta":{"ngg_post_thumbnail":0,"_jetpack_newsletter_access":"","_jetpack_dont_email_post_to_subs":false,"_jetpack_newsletter_tier_id":0,"_jetpack_memberships_contains_paywalled_content":false,"_jetpack_memberships_contains_paid_content":false,"footnotes":""},"categories":[80,87,202],"tags":[385],"class_list":["post-5099","post","type-post","status-publish","format-standard","has-post-thumbnail","hentry","category-cintillo","category-desaparecidos","category-nuevo-leon","tag-fundenl","entry"],"jetpack_featured_media_url":"https:\/\/www.grieta.org.mx\/wp-content\/uploads\/2018\/03\/14524434_1106112876131411_958039263622046936_o.jpg","jetpack_sharing_enabled":true,"jetpack_shortlink":"https:\/\/wp.me\/p7ZJR4-1kf","jetpack_likes_enabled":false,"jetpack-related-posts":[{"id":48951,"url":"https:\/\/www.grieta.org.mx\/index.php\/2020\/05\/10\/protestan-en-redes-por-desaparecidos-de-nuevo-leon\/","url_meta":{"origin":5099,"position":0},"title":"Protestan en redes por desaparecidos de Nuevo Le\u00f3n","author":"grieta","date":"10 mayo, 2020","format":false,"excerpt":"Ante la contingencia por el covid-19, FUNDENL realiz\u00f3 una \u201cmarcha\u201d en redes sociales exigiendo al Gobierno del Estado no parar con la b\u00fasqueda de las personas desaparecidas. Kevin Recio\/ MILENIO La organizaci\u00f3n no gubernamental Fuerzas Unidas por Nuestros Desaparecidos en Nuevo Le\u00f3n, (FUNDENL) \u201cmarch\u00f3\u201d en redes sociales exigiendo al Estado\u2026","rel":"","context":"En &quot;CINTILLO&quot;","block_context":{"text":"CINTILLO","link":"https:\/\/www.grieta.org.mx\/index.php\/category\/cintillo\/"},"img":{"alt_text":"","src":"https:\/\/i0.wp.com\/www.grieta.org.mx\/wp-content\/uploads\/2020\/05\/desaparecidos-archivos.jpg?resize=350%2C200&ssl=1","width":350,"height":200,"srcset":"https:\/\/i0.wp.com\/www.grieta.org.mx\/wp-content\/uploads\/2020\/05\/desaparecidos-archivos.jpg?resize=350%2C200&ssl=1 1x, https:\/\/i0.wp.com\/www.grieta.org.mx\/wp-content\/uploads\/2020\/05\/desaparecidos-archivos.jpg?resize=525%2C300&ssl=1 1.5x, https:\/\/i0.wp.com\/www.grieta.org.mx\/wp-content\/uploads\/2020\/05\/desaparecidos-archivos.jpg?resize=700%2C400&ssl=1 2x"},"classes":[]},{"id":48939,"url":"https:\/\/www.grieta.org.mx\/index.php\/2020\/05\/10\/se-manifiesta-fundenl-en-puentes-peatonales-nuevo-leon\/","url_meta":{"origin":5099,"position":1},"title":"Se manifiesta FUNDENL en puentes peatonales (Nuevo Le\u00f3n)","author":"grieta","date":"10 mayo, 2020","format":false,"excerpt":"C\u00e9sar L\u00f3pez\/ EL PORVENIR Aseguraron que la contingencia sanitaria no deber\u00eda ser un obst\u00e1culo para seguir busc\u00e1ndolas. \"Desparecidos \u00bfd\u00f3nde est\u00e1n?, fuerza madres de FUNDENL\", eran las leyendas que se pod\u00edan apreciar en las mantas. La organizaci\u00f3n Fuerzas Unidas por Nuestros Desaparecidos en Nuevo Le\u00f3n, se moviliz\u00f3 en diferentes puentes peatonales\u2026","rel":"","context":"En &quot;CINTILLO&quot;","block_context":{"text":"CINTILLO","link":"https:\/\/www.grieta.org.mx\/index.php\/category\/cintillo\/"},"img":{"alt_text":"","src":"https:\/\/i0.wp.com\/www.grieta.org.mx\/wp-content\/uploads\/2020\/05\/fundenl.jpg?resize=350%2C200&ssl=1","width":350,"height":200,"srcset":"https:\/\/i0.wp.com\/www.grieta.org.mx\/wp-content\/uploads\/2020\/05\/fundenl.jpg?resize=350%2C200&ssl=1 1x, https:\/\/i0.wp.com\/www.grieta.org.mx\/wp-content\/uploads\/2020\/05\/fundenl.jpg?resize=525%2C300&ssl=1 1.5x, https:\/\/i0.wp.com\/www.grieta.org.mx\/wp-content\/uploads\/2020\/05\/fundenl.jpg?resize=700%2C400&ssl=1 2x, https:\/\/i0.wp.com\/www.grieta.org.mx\/wp-content\/uploads\/2020\/05\/fundenl.jpg?resize=1050%2C600&ssl=1 3x"},"classes":[]},{"id":48961,"url":"https:\/\/www.grieta.org.mx\/index.php\/2020\/05\/12\/demanda-fundenl-que-siga-viva-su-lucha-y-alcanzar-justicia-nuevo-leon\/","url_meta":{"origin":5099,"position":2},"title":"Demanda FUNDENL que siga viva su lucha y alcanzar justicia (Nuevo Le\u00f3n)","author":"grieta","date":"12 mayo, 2020","format":false,"excerpt":"Al sentirse olvidados por las autoridades de justicia. EL PORVENIR Al sentirse olvidados por las autoridades de justicia, integrantes de la Fundaci\u00f3n de FUNDENL, en b\u00fasqueda por los desparecidos, demandan que sus lucha siga viva, en especial por la fe de que se les haga justicia. En este tema Lety\u2026","rel":"","context":"En &quot;CINTILLO&quot;","block_context":{"text":"CINTILLO","link":"https:\/\/www.grieta.org.mx\/index.php\/category\/cintillo\/"},"img":{"alt_text":"","src":"https:\/\/i0.wp.com\/www.grieta.org.mx\/wp-content\/uploads\/2020\/05\/cover8.jpg?resize=350%2C200&ssl=1","width":350,"height":200,"srcset":"https:\/\/i0.wp.com\/www.grieta.org.mx\/wp-content\/uploads\/2020\/05\/cover8.jpg?resize=350%2C200&ssl=1 1x, https:\/\/i0.wp.com\/www.grieta.org.mx\/wp-content\/uploads\/2020\/05\/cover8.jpg?resize=525%2C300&ssl=1 1.5x, https:\/\/i0.wp.com\/www.grieta.org.mx\/wp-content\/uploads\/2020\/05\/cover8.jpg?resize=700%2C400&ssl=1 2x, https:\/\/i0.wp.com\/www.grieta.org.mx\/wp-content\/uploads\/2020\/05\/cover8.jpg?resize=1050%2C600&ssl=1 3x"},"classes":[]},{"id":4894,"url":"https:\/\/www.grieta.org.mx\/index.php\/2016\/08\/05\/desaparecidos-en-nuevo-leon\/","url_meta":{"origin":5099,"position":3},"title":"Desaparecidos en Nuevo Le\u00f3n","author":"grieta","date":"5 agosto, 2016","format":false,"excerpt":"03\/08\/16. Empeora situaci\u00f3n de v\u00edctimas de desaparici\u00f3n en Nuevo Le\u00f3nVanguardia Mx 10\/06\/16. Familias de Nuevo Le\u00f3n piden localizar a padres desaparecidos Vanguardia Mx 10\/01\/16. Realizan evento en memoria de desaparecidos en NL La Jornada 19\/11\/15. En Nuevo Le\u00f3n, 173 casos de desaparici\u00f3n que involucran a 314 v\u00edctimas Desinform\u00e9monos 08\/11\/15. En\u2026","rel":"","context":"En &quot;Desaparecidos&quot;","block_context":{"text":"Desaparecidos","link":"https:\/\/www.grieta.org.mx\/index.php\/category\/temas-nacionales\/desaparecidos\/"},"img":{"alt_text":"","src":"https:\/\/i0.wp.com\/www.grieta.org.mx\/wp-content\/uploads\/2018\/03\/14524434_1106112876131411_958039263622046936_o.jpg?resize=350%2C200&ssl=1","width":350,"height":200,"srcset":"https:\/\/i0.wp.com\/www.grieta.org.mx\/wp-content\/uploads\/2018\/03\/14524434_1106112876131411_958039263622046936_o.jpg?resize=350%2C200&ssl=1 1x, https:\/\/i0.wp.com\/www.grieta.org.mx\/wp-content\/uploads\/2018\/03\/14524434_1106112876131411_958039263622046936_o.jpg?resize=525%2C300&ssl=1 1.5x, https:\/\/i0.wp.com\/www.grieta.org.mx\/wp-content\/uploads\/2018\/03\/14524434_1106112876131411_958039263622046936_o.jpg?resize=700%2C400&ssl=1 2x"},"classes":[]},{"id":5127,"url":"https:\/\/www.grieta.org.mx\/index.php\/2015\/03\/22\/hay-mas-de-10-mil-desaparecidos-fundenl\/","url_meta":{"origin":5099,"position":4},"title":"Hay m\u00e1s de 10 mil desaparecidos: Fundenl","author":"grieta","date":"22 marzo, 2015","format":false,"excerpt":"Milenio Daniela Garc\u00eda Monterrey. C\u00e1lculos de Fuerzas Unidas por Nuestros Desaparecidos de Nuevo Le\u00f3n (Fundenl) e informaci\u00f3n que les ha llegado por parte de familiares de desaparecidos y personal de la mismas fuerzas policiacas indican que la cifra de desaparecidos en el estado ascender\u00eda a 10 mil personas, contrario a\u2026","rel":"","context":"En &quot;CINTILLO&quot;","block_context":{"text":"CINTILLO","link":"https:\/\/www.grieta.org.mx\/index.php\/category\/cintillo\/"},"img":{"alt_text":"","src":"https:\/\/i0.wp.com\/www.grieta.org.mx\/wp-content\/uploads\/2018\/03\/14524434_1106112876131411_958039263622046936_o.jpg?resize=350%2C200&ssl=1","width":350,"height":200,"srcset":"https:\/\/i0.wp.com\/www.grieta.org.mx\/wp-content\/uploads\/2018\/03\/14524434_1106112876131411_958039263622046936_o.jpg?resize=350%2C200&ssl=1 1x, https:\/\/i0.wp.com\/www.grieta.org.mx\/wp-content\/uploads\/2018\/03\/14524434_1106112876131411_958039263622046936_o.jpg?resize=525%2C300&ssl=1 1.5x, https:\/\/i0.wp.com\/www.grieta.org.mx\/wp-content\/uploads\/2018\/03\/14524434_1106112876131411_958039263622046936_o.jpg?resize=700%2C400&ssl=1 2x"},"classes":[]},{"id":28398,"url":"https:\/\/www.grieta.org.mx\/index.php\/2019\/01\/16\/critican-que-fiscalia-de-nl-no-invierta-en-investigadores-nuevo-leon\/","url_meta":{"origin":5099,"position":5},"title":"Critican que Fiscal\u00eda de NL no invierta en investigadores (Nuevo Le\u00f3n)","author":"grieta","date":"16 enero, 2019","format":false,"excerpt":"Melva Frutos \/ Posta NUEVO LE\u00d3N.- Fuerzas Unidas por Nuestros Desaparecidos en Nuevo Le\u00f3n (FUNDENL) reproch\u00f3 que la Fiscal\u00eda\u00a0General busque contratar 291 empleados administrativos y s\u00f3lo siete para puestos para an\u00e1lisis e inteligencia. En recientes declaraciones, el fiscal general de Nuevo Le\u00f3n, Gustavo Adolfo Guerrero, ha comentado que derivado de\u2026","rel":"","context":"En &quot;CINTILLO&quot;","block_context":{"text":"CINTILLO","link":"https:\/\/www.grieta.org.mx\/index.php\/category\/cintillo\/"},"img":{"alt_text":"","src":"https:\/\/i0.wp.com\/www.grieta.org.mx\/wp-content\/uploads\/2018\/03\/14524434_1106112876131411_958039263622046936_o.jpg?resize=350%2C200&ssl=1","width":350,"height":200,"srcset":"https:\/\/i0.wp.com\/www.grieta.org.mx\/wp-content\/uploads\/2018\/03\/14524434_1106112876131411_958039263622046936_o.jpg?resize=350%2C200&ssl=1 1x, https:\/\/i0.wp.com\/www.grieta.org.mx\/wp-content\/uploads\/2018\/03\/14524434_1106112876131411_958039263622046936_o.jpg?resize=525%2C300&ssl=1 1.5x, https:\/\/i0.wp.com\/www.grieta.org.mx\/wp-content\/uploads\/2018\/03\/14524434_1106112876131411_958039263622046936_o.jpg?resize=700%2C400&ssl=1 2x"},"classes":[]}],"_links":{"self":[{"href":"https:\/\/www.grieta.org.mx\/index.php\/wp-json\/wp\/v2\/posts\/5099","targetHints":{"allow":["GET"]}}],"collection":[{"href":"https:\/\/www.grieta.org.mx\/index.php\/wp-json\/wp\/v2\/posts"}],"about":[{"href":"https:\/\/www.grieta.org.mx\/index.php\/wp-json\/wp\/v2\/types\/post"}],"author":[{"embeddable":true,"href":"https:\/\/www.grieta.org.mx\/index.php\/wp-json\/wp\/v2\/users\/2"}],"replies":[{"embeddable":true,"href":"https:\/\/www.grieta.org.mx\/index.php\/wp-json\/wp\/v2\/comments?post=5099"}],"version-history":[{"count":1,"href":"https:\/\/www.grieta.org.mx\/index.php\/wp-json\/wp\/v2\/posts\/5099\/revisions"}],"predecessor-version":[{"id":5109,"href":"https:\/\/www.grieta.org.mx\/index.php\/wp-json\/wp\/v2\/posts\/5099\/revisions\/5109"}],"wp:featuredmedia":[{"embeddable":true,"href":"https:\/\/www.grieta.org.mx\/index.php\/wp-json\/wp\/v2\/media\/21928"}],"wp:attachment":[{"href":"https:\/\/www.grieta.org.mx\/index.php\/wp-json\/wp\/v2\/media?parent=5099"}],"wp:term":[{"taxonomy":"category","embeddable":true,"href":"https:\/\/www.grieta.org.mx\/index.php\/wp-json\/wp\/v2\/categories?post=5099"},{"taxonomy":"post_tag","embeddable":true,"href":"https:\/\/www.grieta.org.mx\/index.php\/wp-json\/wp\/v2\/tags?post=5099"}],"curies":[{"name":"wp","href":"https:\/\/api.w.org\/{rel}","templated":true}]}}