{"id":50898,"date":"2020-06-11T12:35:33","date_gmt":"2020-06-11T17:35:33","guid":{"rendered":"http:\/\/www.grieta.org.mx\/?p=50898"},"modified":"2020-06-16T12:42:39","modified_gmt":"2020-06-16T17:42:39","slug":"protestan-en-ojinaga-por-plan-para-enviar-agua-a-estados-unidos-chihuahua","status":"publish","type":"post","link":"https:\/\/www.grieta.org.mx\/index.php\/2020\/06\/11\/protestan-en-ojinaga-por-plan-para-enviar-agua-a-estados-unidos-chihuahua\/","title":{"rendered":"Protestan en Ojinaga por plan para enviar agua a Estados Unidos (Chihuahua)"},"content":{"rendered":"<p>Proceso\/Patricia Mayorga<\/p>\n<p><img loading=\"lazy\" decoding=\"async\" data-attachment-id=\"50901\" data-permalink=\"https:\/\/www.grieta.org.mx\/index.php\/2020\/06\/11\/protestan-en-ojinaga-por-plan-para-enviar-agua-a-estados-unidos-chihuahua\/ojinaga-3-870x459\/\" data-orig-file=\"https:\/\/www.grieta.org.mx\/wp-content\/uploads\/2020\/06\/ojinaga-3-870x459.jpg\" data-orig-size=\"870,459\" data-comments-opened=\"0\" data-image-meta=\"{&quot;aperture&quot;:&quot;0&quot;,&quot;credit&quot;:&quot;&quot;,&quot;camera&quot;:&quot;&quot;,&quot;caption&quot;:&quot;&quot;,&quot;created_timestamp&quot;:&quot;0&quot;,&quot;copyright&quot;:&quot;&quot;,&quot;focal_length&quot;:&quot;0&quot;,&quot;iso&quot;:&quot;0&quot;,&quot;shutter_speed&quot;:&quot;0&quot;,&quot;title&quot;:&quot;&quot;,&quot;orientation&quot;:&quot;1&quot;}\" data-image-title=\"ojinaga-3-870&amp;#215;459\" data-image-description=\"\" data-image-caption=\"\" data-medium-file=\"https:\/\/www.grieta.org.mx\/wp-content\/uploads\/2020\/06\/ojinaga-3-870x459-300x158.jpg\" data-large-file=\"https:\/\/www.grieta.org.mx\/wp-content\/uploads\/2020\/06\/ojinaga-3-870x459.jpg\" class=\"aligncenter wp-image-50901\" src=\"http:\/\/www.grieta.org.mx\/wp-content\/uploads\/2020\/06\/ojinaga-3-870x459.jpg\" alt=\"\" width=\"798\" height=\"421\" srcset=\"https:\/\/www.grieta.org.mx\/wp-content\/uploads\/2020\/06\/ojinaga-3-870x459.jpg 870w, https:\/\/www.grieta.org.mx\/wp-content\/uploads\/2020\/06\/ojinaga-3-870x459-300x158.jpg 300w, https:\/\/www.grieta.org.mx\/wp-content\/uploads\/2020\/06\/ojinaga-3-870x459-768x405.jpg 768w\" sizes=\"auto, (max-width: 798px) 100vw, 798px\" \/><\/p>\n<p>CIUDAD DE M\u00c9XICO (apro).- Un grupo de productores y habitantes del municipio de Ojinaga tomaron el puente internacional de Presidio, Texas, y la caseta de la carretera a Chihuahua, e incendiaron tres veh\u00edculos del gobierno federal, frente a la presidencia municipal.<\/p>\n<p>Tambi\u00e9n retuvieron durante varias horas al delegado de la Secretar\u00eda de Bienestar, Juan Carlos Loera de la Rosa, junto con otros funcionarios, para exigir que la Comisi\u00f3n Nacional del Agua (Conagua) deje de extraer el l\u00edquido de la presa El Granero.<\/p>\n<p>Loera anunci\u00f3 esta tarde que dio aviso a la dependencia para interponer las denuncias correspondientes por el incendio de las unidades, amenazas y da\u00f1o moral.<\/p>\n<p>El pasado fin de semana la Conagua anunci\u00f3 la apertura de la presa El Granero, para continuar con el pago del agua que contempla el Tratado de Aguas Internacionales entre Estados Unidos y M\u00e9xico, firmado en 1994.<\/p>\n<p>El plazo para entregar la cuota de este a\u00f1o es hasta octubre, pero ya en tres ocasiones el gobierno federal ha intentado abrir las presas El Granero y La Boquilla para adelantar el pago.<\/p>\n<p>Desde enero, los agricultores y el gobernador de Chihuahua, Javier Corral Jurado, propusieron esperar a que pase el ciclo agr\u00edcola para aprovechar los escurrimientos que de manera natural corren hacia los r\u00edos, por las lluvias que se generan entre julio y agosto, como se ha hecho otros a\u00f1os.<\/p>\n<p>Sin embargo, la Conagua rompi\u00f3 el acuerdo que se hizo en febrero pasado e intent\u00f3 abrir las compuertas de La Boquilla.<\/p>\n<p>Las tres ocasiones en que han buscado abrir las compuertas de las presas, la Guardia Nacional ha resguardado el \u00e1rea y se ha generado violencia, porque los agricultores no est\u00e1n dispuestos a arriesgar el ciclo agr\u00edcola de \u00e9ste y el siguiente a\u00f1o.<\/p>\n<p>El domingo a mediod\u00eda, un grupo de agricultores del municipio de Ojinaga tom\u00f3 el puente internacional de Presidio, Texas. Al siguiente d\u00eda se le unieron los municipios de Aldama, Camargo y de la zona centro sur.<\/p>\n<p>El delegado de Bienestar acudi\u00f3 ayer a la presidencia municipal para participar en una mesa de di\u00e1logo en la que estar\u00edan autoridades de Ojinaga, representantes del gobierno de Chihuahua y legisladores de Acci\u00f3n Nacional interesados en que no se extraiga el agua.<\/p>\n<p>La presencia de Loera de la Rosa calent\u00f3 el \u00e1nimo de los agricultores cuando trat\u00f3 de explicarles que su ciclo agr\u00edcola est\u00e1 asegurado y que \u00e9l, como delegado, primero ver\u00eda por los intereses de los productores de Chihuahua.<\/p>\n<p>Los \u00e1nimos subieron de tono y los afectados incendiaron tres camionetas de la Secretar\u00eda del Bienestar.<\/p>\n<p>Por la noche, uno de los participantes en la mesa de di\u00e1logo asegur\u00f3 que cerrar\u00edan las compuertas de la presa. Se hab\u00eda solicitado que no extrajeran los 22 mil metros c\u00fabicos por segundo, sino 8.5 como m\u00e1ximo, pero el funcionario federal advirti\u00f3 que no era suficiente para pagar la cuota.<\/p>\n<div id=\"stagi-1d26a7b45eeb0a30a58a7beeac0827b9\"><\/div>\n<p>Posteriormente, Loera de la Rosa qued\u00f3 retenido dentro de la presidencia municipal con otros funcionarios. Finalmente fueron liberados la madrugada de este mi\u00e9rcoles.<\/p>\n<p>El funcionario federal anunci\u00f3 esta tarde en rueda de prensa que acudi\u00f3 a Ojinaga acompa\u00f1ado de Manuel Benavides y Melisa Franco, representante del gobierno de M\u00e9xico en esa localidad, para hablar del cumplimiento del Tratado sobre la distribuci\u00f3n de aguas internacionales.<\/p>\n<p>El agua para la regi\u00f3n de Ojinaga y centro-sur del estado, dijo, est\u00e1 garantizada y ser\u00e1 suficiente, pero tienen que cumplir con el pago.<\/p>\n<p>Detall\u00f3 que los productores agr\u00edcolas de Ojinaga tienen concesiones a trav\u00e9s de las cuales se les entregar\u00e1n 110 millones de metros c\u00fabicos y ya han recibido 65 mil.<\/p>\n<p>Tras los disturbios, el delegado relat\u00f3: \u201cNunca los medios violentos ser\u00e1n la soluci\u00f3n para los conflictos. Un grupo de productores agr\u00edcolas, un grupo de choque se infiltr\u00f3, agredi\u00f3 y amenaz\u00f3; incendi\u00f3 camionetas del gobierno federal, fuimos retenidos por la fuerza hasta altas horas de la madrugada\u201d.<\/p>\n<p>Sostuvo que la violencia puso en riesgo la vida de muchas personas y de la misma poblaci\u00f3n de Ojinaga, as\u00ed como de funcionarios de diferentes \u00f3rdenes de gobierno.<\/p>\n<p>\u201cActuamos tranquilamente, pero tenemos que decir que actuaremos en el marco de las instituciones con firmeza, por el bien de Chihuahua y de M\u00e9xico\u201d, a\u00f1adi\u00f3 tras anunciar que actuar\u00e1n contra quienes sean responsables.<\/p>\n<div id=\"stagi-8165f8f4114268ea09edea7ccf087814\"><\/div>\n<p>De igual manera, llam\u00f3 a no politizar el tema del agua y no lucrar pol\u00edticamente ni por los de la derecha ni por los de la izquierda que han estado desinformando y han generado confusi\u00f3n para sacar \u201craja pol\u00edtica\u201d de la situaci\u00f3n. Tambi\u00e9n pidi\u00f3 a los legisladores que se abstengan de entrarle al asunto.<\/p>\n<p>El delegado asegur\u00f3 que los medios locales contribuyeron a la desinformaci\u00f3n, porque se les daba una respuesta y sal\u00edan para informar otra. \u201cEcharon le\u00f1a al fuego\u201d.<\/p>\n<p>Alrededor de las 4 de la ma\u00f1ana, decenas de unidades de la Comisi\u00f3n Estatal de Seguridad llegaron al sitio para resguardar a otros dos funcionarios estatales: Joel Gallegos, secretario de Gobernaci\u00f3n, y Ren\u00e9 Almeida, secretario de Desarrollo Rural.<\/p>\n<p>Y un convoy de unidades policiacas se dirigi\u00f3 al puente internacional tomado para desalojar a los manifestantes.<\/p>\n<p>&nbsp;<br \/>\n<a href=\"https:\/\/www.proceso.com.mx\/633908\/protestan-en-ojinaga-por-plan-para-enviar-agua-a-estados-unidos\">https:\/\/www.proceso.com.mx\/633908\/protestan-en-ojinaga-por-plan-para-enviar-agua-a-estados-unidos<\/a><\/p>\n","protected":false},"excerpt":{"rendered":"<p>Proceso\/Patricia Mayorga CIUDAD DE M\u00c9XICO (apro).- Un grupo de productores y habitantes del municipio de Ojinaga tomaron el puente internacional de Presidio, Texas, y la caseta de la carretera a &hellip; <a href=\"https:\/\/www.grieta.org.mx\/index.php\/2020\/06\/11\/protestan-en-ojinaga-por-plan-para-enviar-agua-a-estados-unidos-chihuahua\/\" class=\"more-link\">Leer m\u00e1s<\/a><\/p>\n","protected":false},"author":2,"featured_media":50901,"comment_status":"closed","ping_status":"closed","sticky":false,"template":"","format":"standard","meta":{"ngg_post_thumbnail":0,"_jetpack_newsletter_access":"","_jetpack_dont_email_post_to_subs":false,"_jetpack_newsletter_tier_id":0,"_jetpack_memberships_contains_paywalled_content":false,"_jetpack_memberships_contains_paid_content":false,"footnotes":""},"categories":[12,80,1227],"tags":[888,1243],"class_list":["post-50898","post","type-post","status-publish","format-standard","has-post-thumbnail","hentry","category-chihuahua","category-cintillo","category-conflictos-por-recursos-hidricos-en-chihuahua","tag-conagua","tag-despojo-de-agua","entry"],"jetpack_featured_media_url":"https:\/\/www.grieta.org.mx\/wp-content\/uploads\/2020\/06\/ojinaga-3-870x459.jpg","jetpack_sharing_enabled":true,"jetpack_shortlink":"https:\/\/wp.me\/p7ZJR4-deW","jetpack_likes_enabled":false,"jetpack-related-posts":[{"id":47036,"url":"https:\/\/www.grieta.org.mx\/index.php\/2020\/03\/27\/conagua-desata-protestas-violentas-al-abrir-compuertas-de-presa-en-chihuahua\/","url_meta":{"origin":50898,"position":0},"title":"Conagua desata protestas violentas al abrir compuertas de presa en Chihuahua","author":"grieta","date":"27 marzo, 2020","format":false,"excerpt":"Proceso\/Patricia Mayorga CIUDAD DE M\u00c9XICO (apro).- La Comisi\u00f3n Nacional del Agua (Conagua) aprovech\u00f3 el confinamiento general ordenado por el gobierno de Chihuahua, para enviar a elementos de la Guardia Nacional, del Ej\u00e9rcito Mexicano y de la Polic\u00eda Federal, para abrir las compuertas de una de las principales presas de agua\u2026","rel":"","context":"En &quot;Chihuahua&quot;","block_context":{"text":"Chihuahua","link":"https:\/\/www.grieta.org.mx\/index.php\/category\/noticias-nacionales\/chihuahua\/"},"img":{"alt_text":"","src":"https:\/\/i0.wp.com\/www.grieta.org.mx\/wp-content\/uploads\/2018\/03\/14524434_1106112876131411_958039263622046936_o.jpg?resize=350%2C200&ssl=1","width":350,"height":200,"srcset":"https:\/\/i0.wp.com\/www.grieta.org.mx\/wp-content\/uploads\/2018\/03\/14524434_1106112876131411_958039263622046936_o.jpg?resize=350%2C200&ssl=1 1x, https:\/\/i0.wp.com\/www.grieta.org.mx\/wp-content\/uploads\/2018\/03\/14524434_1106112876131411_958039263622046936_o.jpg?resize=525%2C300&ssl=1 1.5x, https:\/\/i0.wp.com\/www.grieta.org.mx\/wp-content\/uploads\/2018\/03\/14524434_1106112876131411_958039263622046936_o.jpg?resize=700%2C400&ssl=1 2x"},"classes":[]},{"id":43443,"url":"https:\/\/www.grieta.org.mx\/index.php\/2020\/01\/23\/el-desierto-donde-se-trafica-agua-chihuahua\/","url_meta":{"origin":50898,"position":1},"title":"El desierto donde se trafica agua (Chihuahua)","author":"grieta","date":"23 enero, 2020","format":false,"excerpt":"RAICHALI Thelma G\u00f3mez Dur\u00e1n y Patricia Mayorga \/ Mexicanos contra la Corrupci\u00f3n y la Impunidad (MCCI)\u00a0Fotograf\u00edas:\u00a0Luc\u00eda\u00a0Vergara La cita fue al medio d\u00eda del 29 de octubre de 2019, en un restaurante de la ciudad de Chihuahua. El abogado se present\u00f3 como funcionario de la Comisi\u00f3n Nacional del Agua (Conagua). A\u2026","rel":"","context":"En &quot;CINTILLO&quot;","block_context":{"text":"CINTILLO","link":"https:\/\/www.grieta.org.mx\/index.php\/category\/cintillo\/"},"img":{"alt_text":"","src":"https:\/\/i0.wp.com\/www.grieta.org.mx\/wp-content\/uploads\/2020\/01\/Foto-6-Chi-Pozos-Ilegales-28-1024x575.jpg?resize=350%2C200&ssl=1","width":350,"height":200,"srcset":"https:\/\/i0.wp.com\/www.grieta.org.mx\/wp-content\/uploads\/2020\/01\/Foto-6-Chi-Pozos-Ilegales-28-1024x575.jpg?resize=350%2C200&ssl=1 1x, https:\/\/i0.wp.com\/www.grieta.org.mx\/wp-content\/uploads\/2020\/01\/Foto-6-Chi-Pozos-Ilegales-28-1024x575.jpg?resize=525%2C300&ssl=1 1.5x, https:\/\/i0.wp.com\/www.grieta.org.mx\/wp-content\/uploads\/2020\/01\/Foto-6-Chi-Pozos-Ilegales-28-1024x575.jpg?resize=700%2C400&ssl=1 2x"},"classes":[]},{"id":24233,"url":"https:\/\/www.grieta.org.mx\/index.php\/2018\/06\/29\/demuestra-apc-que-benavides-inicio-proceso-para-otorgar-derechos-de-agua-a-cocacola-chihuahua\/","url_meta":{"origin":50898,"position":2},"title":"Demuestra APC que Benavides inici\u00f3 proceso para otorgar derechos de agua a Cocacola (Chihuahua)","author":"grieta","date":"29 junio, 2018","format":false,"excerpt":"Gustavo Ramos\/ EL PUEBLO Javier Benavides, luego de hacerse de los derechos del pozo, comenz\u00f3 los tr\u00e1mites en la Comisi\u00f3n Nacional del Agua (Conagua), para ceder parte de los derechos del agua a la filial de Cocacola, un proceso que inici\u00f3 en la administraci\u00f3n de Francisco Barrio y se logr\u00f3\u2026","rel":"","context":"En &quot;Chihuahua&quot;","block_context":{"text":"Chihuahua","link":"https:\/\/www.grieta.org.mx\/index.php\/category\/noticias-nacionales\/chihuahua\/"},"img":{"alt_text":"","src":"https:\/\/i0.wp.com\/www.grieta.org.mx\/wp-content\/uploads\/2018\/07\/agua-chihuahua-1.jpg?resize=350%2C200&ssl=1","width":350,"height":200,"srcset":"https:\/\/i0.wp.com\/www.grieta.org.mx\/wp-content\/uploads\/2018\/07\/agua-chihuahua-1.jpg?resize=350%2C200&ssl=1 1x, https:\/\/i0.wp.com\/www.grieta.org.mx\/wp-content\/uploads\/2018\/07\/agua-chihuahua-1.jpg?resize=525%2C300&ssl=1 1.5x"},"classes":[]},{"id":24229,"url":"https:\/\/www.grieta.org.mx\/index.php\/2018\/06\/26\/dejaria-coca-cola-sin-agua-al-ejido-sacramento-chihuahua\/","url_meta":{"origin":50898,"position":3},"title":"Dejar\u00eda Coca-Cola sin agua al ejido Sacramento (Chihuahua)","author":"grieta","date":"26 junio, 2018","format":false,"excerpt":"Gustavo Ramos\/EL PUEBLO La empresa refresquera extraer\u00eda 81 millones de litros al a\u00f1o, mientras peque\u00f1os productores y ejidatarios se les ha cortado el suministro para sus granjas, en un esquema de comercializaci\u00f3n del recurso humano. Privaron del suministro de agua desde mayo del 2017. Denuncian que la Comisi\u00f3n Nacional del\u2026","rel":"","context":"En &quot;Chihuahua&quot;","block_context":{"text":"Chihuahua","link":"https:\/\/www.grieta.org.mx\/index.php\/category\/noticias-nacionales\/chihuahua\/"},"img":{"alt_text":"","src":"https:\/\/i0.wp.com\/www.grieta.org.mx\/wp-content\/uploads\/2018\/07\/Coca.jpg?resize=350%2C200&ssl=1","width":350,"height":200,"srcset":"https:\/\/i0.wp.com\/www.grieta.org.mx\/wp-content\/uploads\/2018\/07\/Coca.jpg?resize=350%2C200&ssl=1 1x, https:\/\/i0.wp.com\/www.grieta.org.mx\/wp-content\/uploads\/2018\/07\/Coca.jpg?resize=525%2C300&ssl=1 1.5x"},"classes":[]},{"id":53183,"url":"https:\/\/www.grieta.org.mx\/index.php\/2020\/09\/09\/acusan-a-guardia-nacional-de-asesinar-a-pareja-de-productores-en-chihuahua\/","url_meta":{"origin":50898,"position":4},"title":"Acusan a Guardia Nacional de asesinar a pareja de productores en Chihuahua","author":"grieta","date":"9 septiembre, 2020","format":false,"excerpt":"Reporte \u00cdndigo\/Indigo Staff Foto: Reporte \u00cdndigo Elementos de la Guardia Nacional fueron acusados de asesinar a una pareja de productores en Chihuahua que participaban en el enfrentamiento con los uniformados por el control de la presa La Boquilla. Productores agr\u00edcolas del sur del estado, en la localidad de Delicias, aseguran\u2026","rel":"","context":"En &quot;Chihuahua&quot;","block_context":{"text":"Chihuahua","link":"https:\/\/www.grieta.org.mx\/index.php\/category\/noticias-nacionales\/chihuahua\/"},"img":{"alt_text":"","src":"https:\/\/i0.wp.com\/www.grieta.org.mx\/wp-content\/uploads\/2020\/09\/Foto.jpg?resize=350%2C200&ssl=1","width":350,"height":200,"srcset":"https:\/\/i0.wp.com\/www.grieta.org.mx\/wp-content\/uploads\/2020\/09\/Foto.jpg?resize=350%2C200&ssl=1 1x, https:\/\/i0.wp.com\/www.grieta.org.mx\/wp-content\/uploads\/2020\/09\/Foto.jpg?resize=525%2C300&ssl=1 1.5x, https:\/\/i0.wp.com\/www.grieta.org.mx\/wp-content\/uploads\/2020\/09\/Foto.jpg?resize=700%2C400&ssl=1 2x"},"classes":[]},{"id":24217,"url":"https:\/\/www.grieta.org.mx\/index.php\/2018\/06\/26\/convoca-asamblea-popular-comunitaria-frente-vs-la-privatizacion-del-agua-chihuahua\/","url_meta":{"origin":50898,"position":5},"title":"Convoca Asamblea Popular Comunitaria frente vs la privatizaci\u00f3n del agua (Chihuahua)","author":"grieta","date":"26 junio, 2018","format":false,"excerpt":"Gustavo Ramos\/EL PUEBLO Ante el despojo de las empresas e industrias a comunidades, ejidos y zonas urbanas Al denunciar p\u00fablicamente de la concesi\u00f3n de un pozo comunitario a la filial de Coca-Cola en Sacramento Chihuahua, la Asamblea Popular Comunitaria convoc\u00f3 a los ciudadanos y organizaciones, conformar un frente contra la\u2026","rel":"","context":"En &quot;Chihuahua&quot;","block_context":{"text":"Chihuahua","link":"https:\/\/www.grieta.org.mx\/index.php\/category\/noticias-nacionales\/chihuahua\/"},"img":{"alt_text":"","src":"https:\/\/i0.wp.com\/www.grieta.org.mx\/wp-content\/uploads\/2018\/07\/Agua-chihuahua.jpg?resize=350%2C200&ssl=1","width":350,"height":200,"srcset":"https:\/\/i0.wp.com\/www.grieta.org.mx\/wp-content\/uploads\/2018\/07\/Agua-chihuahua.jpg?resize=350%2C200&ssl=1 1x, https:\/\/i0.wp.com\/www.grieta.org.mx\/wp-content\/uploads\/2018\/07\/Agua-chihuahua.jpg?resize=525%2C300&ssl=1 1.5x"},"classes":[]}],"_links":{"self":[{"href":"https:\/\/www.grieta.org.mx\/index.php\/wp-json\/wp\/v2\/posts\/50898","targetHints":{"allow":["GET"]}}],"collection":[{"href":"https:\/\/www.grieta.org.mx\/index.php\/wp-json\/wp\/v2\/posts"}],"about":[{"href":"https:\/\/www.grieta.org.mx\/index.php\/wp-json\/wp\/v2\/types\/post"}],"author":[{"embeddable":true,"href":"https:\/\/www.grieta.org.mx\/index.php\/wp-json\/wp\/v2\/users\/2"}],"replies":[{"embeddable":true,"href":"https:\/\/www.grieta.org.mx\/index.php\/wp-json\/wp\/v2\/comments?post=50898"}],"version-history":[{"count":1,"href":"https:\/\/www.grieta.org.mx\/index.php\/wp-json\/wp\/v2\/posts\/50898\/revisions"}],"predecessor-version":[{"id":50904,"href":"https:\/\/www.grieta.org.mx\/index.php\/wp-json\/wp\/v2\/posts\/50898\/revisions\/50904"}],"wp:featuredmedia":[{"embeddable":true,"href":"https:\/\/www.grieta.org.mx\/index.php\/wp-json\/wp\/v2\/media\/50901"}],"wp:attachment":[{"href":"https:\/\/www.grieta.org.mx\/index.php\/wp-json\/wp\/v2\/media?parent=50898"}],"wp:term":[{"taxonomy":"category","embeddable":true,"href":"https:\/\/www.grieta.org.mx\/index.php\/wp-json\/wp\/v2\/categories?post=50898"},{"taxonomy":"post_tag","embeddable":true,"href":"https:\/\/www.grieta.org.mx\/index.php\/wp-json\/wp\/v2\/tags?post=50898"}],"curies":[{"name":"wp","href":"https:\/\/api.w.org\/{rel}","templated":true}]}}