{"id":50889,"date":"2020-06-14T12:14:58","date_gmt":"2020-06-14T17:14:58","guid":{"rendered":"http:\/\/www.grieta.org.mx\/?p=50889"},"modified":"2020-06-16T12:27:45","modified_gmt":"2020-06-16T17:27:45","slug":"el-bajio-cronica-de-un-ejido-acosado-por-bailleres-sonora","status":"publish","type":"post","link":"https:\/\/www.grieta.org.mx\/index.php\/2020\/06\/14\/el-bajio-cronica-de-un-ejido-acosado-por-bailleres-sonora\/","title":{"rendered":"El Baj\u00edo: cr\u00f3nica de un ejido acosado por Bailleres (Sonora)"},"content":{"rendered":"<p>Pi\u00e9 de P\u00e1gina<\/p>\n<p><img loading=\"lazy\" decoding=\"async\" data-attachment-id=\"50890\" data-permalink=\"https:\/\/www.grieta.org.mx\/index.php\/2020\/06\/14\/el-bajio-cronica-de-un-ejido-acosado-por-bailleres-sonora\/mina_sonora_kausirenio1\/\" data-orig-file=\"https:\/\/www.grieta.org.mx\/wp-content\/uploads\/2020\/06\/Mina_sonora_KauSirenio1.jpg\" data-orig-size=\"1280,800\" data-comments-opened=\"0\" data-image-meta=\"{&quot;aperture&quot;:&quot;2.8&quot;,&quot;credit&quot;:&quot;&quot;,&quot;camera&quot;:&quot;iPhone 8 Plus&quot;,&quot;caption&quot;:&quot;&quot;,&quot;created_timestamp&quot;:&quot;1585044957&quot;,&quot;copyright&quot;:&quot;&quot;,&quot;focal_length&quot;:&quot;6.6&quot;,&quot;iso&quot;:&quot;20&quot;,&quot;shutter_speed&quot;:&quot;0.0011668611435239&quot;,&quot;title&quot;:&quot;&quot;,&quot;orientation&quot;:&quot;1&quot;}\" data-image-title=\"Mina_sonora_KauSirenio1\" data-image-description=\"\" data-image-caption=\"\" data-medium-file=\"https:\/\/www.grieta.org.mx\/wp-content\/uploads\/2020\/06\/Mina_sonora_KauSirenio1-300x188.jpg\" data-large-file=\"https:\/\/www.grieta.org.mx\/wp-content\/uploads\/2020\/06\/Mina_sonora_KauSirenio1-1024x640.jpg\" class=\"aligncenter  wp-image-50890\" src=\"http:\/\/www.grieta.org.mx\/wp-content\/uploads\/2020\/06\/Mina_sonora_KauSirenio1.jpg\" alt=\"\" width=\"800\" height=\"500\" srcset=\"https:\/\/www.grieta.org.mx\/wp-content\/uploads\/2020\/06\/Mina_sonora_KauSirenio1.jpg 1280w, https:\/\/www.grieta.org.mx\/wp-content\/uploads\/2020\/06\/Mina_sonora_KauSirenio1-300x188.jpg 300w, https:\/\/www.grieta.org.mx\/wp-content\/uploads\/2020\/06\/Mina_sonora_KauSirenio1-768x480.jpg 768w, https:\/\/www.grieta.org.mx\/wp-content\/uploads\/2020\/06\/Mina_sonora_KauSirenio1-1024x640.jpg 1024w, https:\/\/www.grieta.org.mx\/wp-content\/uploads\/2020\/06\/Mina_sonora_KauSirenio1-800x500.jpg 800w\" sizes=\"auto, (max-width: 800px) 100vw, 800px\" \/><\/p>\n<p>Texto y Fotos: Kau Sirenio<\/p>\n<p>CABORCA, SONORA.- Aqu\u00ed, la arena movediza del desierto se mueve al comp\u00e1s del viento que lo lleva de un lado a otro cuando cae la tarde, pero eso no impide que los ejidatarios del ejido El Baj\u00edo mantengan la resistencia para recuperar su tierra que le ha sido arrebatada. El peque\u00f1o oasis de campesinos resiste a los embates del empresario minero Alberto Baill\u00e9res y de la familia Pavlovich, de la actual gobernadora. A pesar que han pagado con c\u00e1rcel y desapariciones forzadas en su contra.<\/p>\n<p>Sobrevivir en el desierto equivale a pelear con la muerte todos los d\u00edas y m\u00e1s dif\u00edcil se torna el d\u00eda para una mujer que abandon\u00f3 todas las comodidades y se instal\u00f3 El Baj\u00edo; lo hizo para reclamar lo que para ella es el \u00fanico patrimonio que le queda.<\/p>\n<p>Comer un pedazo de tortilla en este ejido tiene precio muy alto para los ejidatario que tienen que traer todo a decenas de kil\u00f3metros. Para conseguir un bote de agua o una despensa tienen que sortear v\u00edboras y alacranes de la regi\u00f3n. No solo eso, sino la persecuci\u00f3n de hombres armados del municipio de Caborca, donde tienen prohibido entrar.<\/p>\n<p>\u201cMi vida aqu\u00ed como ejidataria es de mucha lucha y sufrimiento, porque cuando reci\u00e9n empezamos aqu\u00ed, no ten\u00edamos agua, luz, no hab\u00eda carros, con mucho trabajo \u00edbamos de un ejido a otro, para comprar despensa y a traer agua\u201d suelta a bocajarro Bertha Alicia Meza Mendoza mientras sirve el almuerzo.<\/p>\n<p><img loading=\"lazy\" decoding=\"async\" data-attachment-id=\"50891\" data-permalink=\"https:\/\/www.grieta.org.mx\/index.php\/2020\/06\/14\/el-bajio-cronica-de-un-ejido-acosado-por-bailleres-sonora\/mina_sonora_kausirenio2-1200x750\/\" data-orig-file=\"https:\/\/www.grieta.org.mx\/wp-content\/uploads\/2020\/06\/Mina_sonora_KauSirenio2-1200x750.jpg\" data-orig-size=\"1200,750\" data-comments-opened=\"0\" data-image-meta=\"{&quot;aperture&quot;:&quot;1.8&quot;,&quot;credit&quot;:&quot;&quot;,&quot;camera&quot;:&quot;iPhone 8 Plus&quot;,&quot;caption&quot;:&quot;&quot;,&quot;created_timestamp&quot;:&quot;1585044868&quot;,&quot;copyright&quot;:&quot;&quot;,&quot;focal_length&quot;:&quot;3.99&quot;,&quot;iso&quot;:&quot;20&quot;,&quot;shutter_speed&quot;:&quot;0.00045808520384792&quot;,&quot;title&quot;:&quot;&quot;,&quot;orientation&quot;:&quot;1&quot;}\" data-image-title=\"Mina_sonora_KauSirenio2-1200&amp;#215;750\" data-image-description=\"\" data-image-caption=\"\" data-medium-file=\"https:\/\/www.grieta.org.mx\/wp-content\/uploads\/2020\/06\/Mina_sonora_KauSirenio2-1200x750-300x188.jpg\" data-large-file=\"https:\/\/www.grieta.org.mx\/wp-content\/uploads\/2020\/06\/Mina_sonora_KauSirenio2-1200x750-1024x640.jpg\" class=\"aligncenter  wp-image-50891\" src=\"http:\/\/www.grieta.org.mx\/wp-content\/uploads\/2020\/06\/Mina_sonora_KauSirenio2-1200x750.jpg\" alt=\"\" width=\"800\" height=\"500\" srcset=\"https:\/\/www.grieta.org.mx\/wp-content\/uploads\/2020\/06\/Mina_sonora_KauSirenio2-1200x750.jpg 1200w, https:\/\/www.grieta.org.mx\/wp-content\/uploads\/2020\/06\/Mina_sonora_KauSirenio2-1200x750-300x188.jpg 300w, https:\/\/www.grieta.org.mx\/wp-content\/uploads\/2020\/06\/Mina_sonora_KauSirenio2-1200x750-768x480.jpg 768w, https:\/\/www.grieta.org.mx\/wp-content\/uploads\/2020\/06\/Mina_sonora_KauSirenio2-1200x750-1024x640.jpg 1024w, https:\/\/www.grieta.org.mx\/wp-content\/uploads\/2020\/06\/Mina_sonora_KauSirenio2-1200x750-800x500.jpg 800w\" sizes=\"auto, (max-width: 800px) 100vw, 800px\" \/><\/p>\n<p><img loading=\"lazy\" decoding=\"async\" data-attachment-id=\"50892\" data-permalink=\"https:\/\/www.grieta.org.mx\/index.php\/2020\/06\/14\/el-bajio-cronica-de-un-ejido-acosado-por-bailleres-sonora\/mina_sonora_kausirenio7-1200x750\/\" data-orig-file=\"https:\/\/www.grieta.org.mx\/wp-content\/uploads\/2020\/06\/Mina_sonora_KauSirenio7-1200x750.jpg\" data-orig-size=\"1200,750\" data-comments-opened=\"0\" data-image-meta=\"{&quot;aperture&quot;:&quot;1.8&quot;,&quot;credit&quot;:&quot;&quot;,&quot;camera&quot;:&quot;iPhone 8 Plus&quot;,&quot;caption&quot;:&quot;&quot;,&quot;created_timestamp&quot;:&quot;1585038944&quot;,&quot;copyright&quot;:&quot;&quot;,&quot;focal_length&quot;:&quot;3.99&quot;,&quot;iso&quot;:&quot;20&quot;,&quot;shutter_speed&quot;:&quot;0.00095877277085331&quot;,&quot;title&quot;:&quot;&quot;,&quot;orientation&quot;:&quot;1&quot;}\" data-image-title=\"Mina_sonora_KauSirenio7-1200&amp;#215;750\" data-image-description=\"\" data-image-caption=\"\" data-medium-file=\"https:\/\/www.grieta.org.mx\/wp-content\/uploads\/2020\/06\/Mina_sonora_KauSirenio7-1200x750-300x188.jpg\" data-large-file=\"https:\/\/www.grieta.org.mx\/wp-content\/uploads\/2020\/06\/Mina_sonora_KauSirenio7-1200x750-1024x640.jpg\" class=\"aligncenter  wp-image-50892\" src=\"http:\/\/www.grieta.org.mx\/wp-content\/uploads\/2020\/06\/Mina_sonora_KauSirenio7-1200x750.jpg\" alt=\"\" width=\"800\" height=\"500\" srcset=\"https:\/\/www.grieta.org.mx\/wp-content\/uploads\/2020\/06\/Mina_sonora_KauSirenio7-1200x750.jpg 1200w, https:\/\/www.grieta.org.mx\/wp-content\/uploads\/2020\/06\/Mina_sonora_KauSirenio7-1200x750-300x188.jpg 300w, https:\/\/www.grieta.org.mx\/wp-content\/uploads\/2020\/06\/Mina_sonora_KauSirenio7-1200x750-768x480.jpg 768w, https:\/\/www.grieta.org.mx\/wp-content\/uploads\/2020\/06\/Mina_sonora_KauSirenio7-1200x750-1024x640.jpg 1024w, https:\/\/www.grieta.org.mx\/wp-content\/uploads\/2020\/06\/Mina_sonora_KauSirenio7-1200x750-800x500.jpg 800w\" sizes=\"auto, (max-width: 800px) 100vw, 800px\" \/><\/p>\n<p>La \u00fanica mujer que hace guardia en el ejido El Baj\u00edo habla de lo complicado que es vivir en el desierto:<\/p>\n<p>\u201cDorm\u00edamos en la tierra con nuestros hijos peque\u00f1os, a pesar del peligro de que nos mordieran la v\u00edboras o nos picaran las alacranes. Pero aqu\u00ed estamos con el deseo de tener un pedazo de tierra para sobrevivir, tener d\u00f3nde sembrar, porque somos trabajadores de la tierra. D\u00f3nde criar animales y un lugar donde descansaremos para siempre\u201d.<\/p>\n<p>El camino que va al ejido El Baj\u00edo se pierde entre matorrales y sahuaros que le dan vida al desierto. Para recorrer esta zona hay que cargar con botella de agua y sombrero ancho; de lo contrario se puede morir de deshidrataci\u00f3n.<\/p>\n<p>Los lugare\u00f1os se mueven en camionetas de doble rodada, unidad que les permite traer agua y despensas a decenas de kil\u00f3metros. La ciudad m\u00e1s cercana que les queda es Puerto Pe\u00f1asco y de otro lado m\u00e1s al sur est\u00e1 Caborca, pero aqu\u00ed no pueden entrar porque hombres armados los esperan. \u201cSi entramos nos matan\u201d dice Erasmo Santiago.<\/p>\n<p>Penmot el despojador<br \/>\nA los ejidatarios los separa de su propio ejido una trinchera de un metro de profundidad y cerco de alambre de p\u00faas y tela cicl\u00f3nica. Intentar llegar a la caba\u00f1a que ocupa la empresa minera denominada Penmont es impensable porque de otro lado de la zanja que rodea el ejido El Baj\u00edo hombre vestidos de negro y acompa\u00f1ado perros de cacer\u00eda vigilan a los ejidatarios.<\/p>\n<p>Sentado bajo la sombra que le provee una carpa improvisada, Jos\u00e9 de Jes\u00fas Robledo Cruz mira cada movimiento que hacen los hombres de negro de otro lado del terreno que le arrebat\u00f3 hace m\u00e1s de 35 a\u00f1os la mina de Bailleres. As\u00ed permaneci\u00f3 durante una hora, cuando el cansancio lo venci\u00f3 se levant\u00f3 de ah\u00ed se movi\u00f3 a otro lugar sin perder de vista lo que ocurre en el ejido.<img loading=\"lazy\" decoding=\"async\" data-attachment-id=\"50893\" data-permalink=\"https:\/\/www.grieta.org.mx\/index.php\/2020\/06\/14\/el-bajio-cronica-de-un-ejido-acosado-por-bailleres-sonora\/mina_sonora_kausirenio4-1200x750\/\" data-orig-file=\"https:\/\/www.grieta.org.mx\/wp-content\/uploads\/2020\/06\/Mina_sonora_KauSirenio4-1200x750.jpg\" data-orig-size=\"1200,750\" data-comments-opened=\"0\" data-image-meta=\"{&quot;aperture&quot;:&quot;2.8&quot;,&quot;credit&quot;:&quot;&quot;,&quot;camera&quot;:&quot;iPhone 8 Plus&quot;,&quot;caption&quot;:&quot;&quot;,&quot;created_timestamp&quot;:&quot;1585044569&quot;,&quot;copyright&quot;:&quot;&quot;,&quot;focal_length&quot;:&quot;6.6&quot;,&quot;iso&quot;:&quot;20&quot;,&quot;shutter_speed&quot;:&quot;0.0011037527593819&quot;,&quot;title&quot;:&quot;&quot;,&quot;orientation&quot;:&quot;1&quot;}\" data-image-title=\"Mina_sonora_KauSirenio4-1200&amp;#215;750\" data-image-description=\"\" data-image-caption=\"\" data-medium-file=\"https:\/\/www.grieta.org.mx\/wp-content\/uploads\/2020\/06\/Mina_sonora_KauSirenio4-1200x750-300x188.jpg\" data-large-file=\"https:\/\/www.grieta.org.mx\/wp-content\/uploads\/2020\/06\/Mina_sonora_KauSirenio4-1200x750-1024x640.jpg\" class=\"aligncenter  wp-image-50893\" src=\"http:\/\/www.grieta.org.mx\/wp-content\/uploads\/2020\/06\/Mina_sonora_KauSirenio4-1200x750.jpg\" alt=\"\" width=\"801\" height=\"501\" srcset=\"https:\/\/www.grieta.org.mx\/wp-content\/uploads\/2020\/06\/Mina_sonora_KauSirenio4-1200x750.jpg 1200w, https:\/\/www.grieta.org.mx\/wp-content\/uploads\/2020\/06\/Mina_sonora_KauSirenio4-1200x750-300x188.jpg 300w, https:\/\/www.grieta.org.mx\/wp-content\/uploads\/2020\/06\/Mina_sonora_KauSirenio4-1200x750-768x480.jpg 768w, https:\/\/www.grieta.org.mx\/wp-content\/uploads\/2020\/06\/Mina_sonora_KauSirenio4-1200x750-1024x640.jpg 1024w, https:\/\/www.grieta.org.mx\/wp-content\/uploads\/2020\/06\/Mina_sonora_KauSirenio4-1200x750-800x500.jpg 800w\" sizes=\"auto, (max-width: 801px) 100vw, 801px\" \/><\/p>\n<p>\u201cAlberto Bailleres es el due\u00f1o de la mina Penmont, le han cambiado de nombre muchas veces. Desde que los demandamos, ahora son grupo Fresnillo. As\u00ed le hacen, cambian de nombre para evadir las demandas, pero son los mismos. Tienen tres minas aqu\u00ed, esta es la Apolo, la que sigue es Herradura y la que est\u00e1 en el fondo es la Nochebuena\u201d cuenta Jos\u00e9 de Jes\u00fas Robledo Cruz.<\/p>\n<p>Cuando empez\u00f3 la pl\u00e1tica con el grupo de ejidatarios, Jos\u00e9 se puso de pie y dio los primero pasos hacia la minera mientras que el resto de los campesinos le siguieron hasta formar un contingente dispuesto a tomar el control de su tierra pero de otro lado la fuerza supera en n\u00famero de hombres, armas y perros dispuesto a atacar.<\/p>\n<p>El grupo avanz\u00f3 unos metros, pero Jos\u00e9 de Jes\u00fas no se queda con las ganas de explicar lo que el litigio que libran el tribunal agrario: \u201cEl problema es que se apoderaron de la tierra de nosotros, y no nos dejan entrar. Si entramos nos golpean y nos demandan en Caborca, Sonora. Como ves, hay vigilancia extrema. Por eso le pedimos ayuda al presidente para recuperar nuestras tierras\u201d.<\/p>\n<p>Robledo Cruz dice que los ejidatarios ganaron el juicio, pero las empresas no entregaron la tierra que los campesinos reclaman. \u201cLa sentencia, fue muy claro, que nos ten\u00edan que devolver toda la tierra pero vemos que se est\u00e1n llevando el agua\u201d.<\/p>\n<p>Clase pol\u00edtica de Sonora, clase econ\u00f3mica<br \/>\nJos\u00e9 de Jes\u00fas dice que la alianza del t\u00edo de la gobernadora, Claudia Pavlovich Arellano con el ejidatario Carmen Cruz P\u00e9rez revivi\u00f3 el acoso en el ejido El Baj\u00edo: \u201cDesde que Rafael Pavlovich Durazo se ali\u00f3 con el compa\u00f1ero Carmen Cruz P\u00e9rez empez\u00f3 un infierno para nosotros. A mis compa\u00f1eros los torturaron y los metieron a la c\u00e1rcel\u201d.<\/p>\n<p>La mirada del viejo revela su pasado en el desierto, cada vez que suelta otro retazo de lo que pasa en el desierto de Sonora, su voz se marchita entre los chiflidos de ventarrones que acarrea la arena entre los sahuaros.<\/p>\n<p>Sin aliento por la caminata Jos\u00e9 respira hondo antes de hablar de su familia: \u201cEntraron a mi casa, me llevaron detenido junto con esposa, en el camino nos torturaron, destruyeron lo pocos que ten\u00edamos. Al otro d\u00eda regres\u00e9 para ver que dejaron pura garra\u201d.<\/p>\n<p>El ejidatario dice que sus captores iban por Bertha Alicia pero esta se escap\u00f3 porque la asamblea en el ejido se prolong\u00f3. \u201cEse d\u00eda pedimos auxilio pero los militares nunca llegaron. Los que s\u00ed llegaron fueron municipales, estatales, federales, en lugar de preguntar qu\u00e9 pasaba conmigo, empezaron a insultar a mis compa\u00f1eros\u201d.<\/p>\n<p>Cuando le pregunto a Jos\u00e9 de Jes\u00fas que pas\u00f3 el 12 febrero de 2018, el hombre delgado y rostro surcados se quiebra y solo contesta: \u201cEse d\u00eda mataron a Ra\u00fal Ibarra de la Paz y Noem\u00ed Elizabeth L\u00f3pez Guti\u00e9rrez por defender la tierra, hasta ahora no hay justicia para ellos\u201d.<img loading=\"lazy\" decoding=\"async\" data-attachment-id=\"50894\" data-permalink=\"https:\/\/www.grieta.org.mx\/index.php\/2020\/06\/14\/el-bajio-cronica-de-un-ejido-acosado-por-bailleres-sonora\/mina_sonora_kausirenio5-1200x750\/\" data-orig-file=\"https:\/\/www.grieta.org.mx\/wp-content\/uploads\/2020\/06\/Mina_sonora_KauSirenio5-1200x750.jpg\" data-orig-size=\"1200,750\" data-comments-opened=\"0\" data-image-meta=\"{&quot;aperture&quot;:&quot;2.8&quot;,&quot;credit&quot;:&quot;&quot;,&quot;camera&quot;:&quot;iPhone 8 Plus&quot;,&quot;caption&quot;:&quot;&quot;,&quot;created_timestamp&quot;:&quot;1585044533&quot;,&quot;copyright&quot;:&quot;&quot;,&quot;focal_length&quot;:&quot;6.6&quot;,&quot;iso&quot;:&quot;20&quot;,&quot;shutter_speed&quot;:&quot;0.001937984496124&quot;,&quot;title&quot;:&quot;&quot;,&quot;orientation&quot;:&quot;1&quot;}\" data-image-title=\"Mina_sonora_KauSirenio5-1200&amp;#215;750\" data-image-description=\"\" data-image-caption=\"\" data-medium-file=\"https:\/\/www.grieta.org.mx\/wp-content\/uploads\/2020\/06\/Mina_sonora_KauSirenio5-1200x750-300x188.jpg\" data-large-file=\"https:\/\/www.grieta.org.mx\/wp-content\/uploads\/2020\/06\/Mina_sonora_KauSirenio5-1200x750-1024x640.jpg\" class=\"aligncenter  wp-image-50894\" src=\"http:\/\/www.grieta.org.mx\/wp-content\/uploads\/2020\/06\/Mina_sonora_KauSirenio5-1200x750.jpg\" alt=\"\" width=\"811\" height=\"507\" srcset=\"https:\/\/www.grieta.org.mx\/wp-content\/uploads\/2020\/06\/Mina_sonora_KauSirenio5-1200x750.jpg 1200w, https:\/\/www.grieta.org.mx\/wp-content\/uploads\/2020\/06\/Mina_sonora_KauSirenio5-1200x750-300x188.jpg 300w, https:\/\/www.grieta.org.mx\/wp-content\/uploads\/2020\/06\/Mina_sonora_KauSirenio5-1200x750-768x480.jpg 768w, https:\/\/www.grieta.org.mx\/wp-content\/uploads\/2020\/06\/Mina_sonora_KauSirenio5-1200x750-1024x640.jpg 1024w, https:\/\/www.grieta.org.mx\/wp-content\/uploads\/2020\/06\/Mina_sonora_KauSirenio5-1200x750-800x500.jpg 800w\" sizes=\"auto, (max-width: 811px) 100vw, 811px\" \/><\/p>\n<p>Erasmo Santiago Santiago entr\u00f3 al camper donde Bertha Alicia hace malabares en la cocina, salud\u00f3 a la mujer y jal\u00f3 una silla destartalado y dej\u00f3 caer su cuerpo, mientras espera que le lleven su almuerzo empieza a hilar su traves\u00eda en el desierto: \u201cTramit\u00e9 varias solicitudes con los militares, adem\u00e1s demand\u00e9 ante el tribunal agrario la recuperaci\u00f3n del ejido desde 2003\u201d.<\/p>\n<p>Antes que interrumpan al \u00f1uu savi originario de Santiago Tlazoyaltepec, Etla, Oaxaca con otra pregunta, se adelanta a contestar: \u201cComo ejidatarios nos ha ido muy mal, porque a ra\u00edz del desalojo, la minera acus\u00f3 al magistrado Manuel Loya Alberto de corrupci\u00f3n porque resolvi\u00f3 a favor del ejido El Baj\u00edo. Por esta acusaci\u00f3n, lo quitaron del Tribunal Agraria\u201d.<\/p>\n<p>A los campesinos se les dot\u00f3 el ejido El Baj\u00edo en 1971, cuando se organizaron para solicitar la tierra donde trabajar, porque no quer\u00edan seguir jornaleros en el corte de uva, esp\u00e1rrago, mel\u00f3n, sand\u00eda, papas\u2026 entre otros. El grupo de ahora campesinos con tierra la componen mayas, \u00f1uu savi (mixteco), me\u2019phas, provenientes de Yucat\u00e1n, Oaxaca y Guerrero, Jalisco y Nayarit.<\/p>\n<p>Una historia de trabajo duro<br \/>\nMientras cucharea sus frijoles Erasmo retoma la pl\u00e1tica; \u201cEl primer comisariado ejidal fue Sim\u00f3n Santiago Morales, \u00e9l lleg\u00f3 como jornalero a Sonora, aqu\u00ed conoci\u00f3 a otros campesinos y les propuso que se unieran para solicitar la dotaci\u00f3n de ejido, porque los rancheros los trataban muy mal en los surcos\u201d.<\/p>\n<p>Cuando el presidente del consejo de vigilancia del ejido El Baj\u00edo entr\u00f3 en confianza con el reportero solt\u00f3 la pl\u00e1tica en su lengua materna, la charla en tu\u2019un savi (lengua de la lluvia o mixteco) dura apenas cinco minutos porque la variaci\u00f3n ling\u00fc\u00edstica hizo que no se hilara la entrevista, pero Erasmo se anim\u00f3 a contar de cuando lo procesaron por oponerse a la minera.<\/p>\n<p>\u201cEstuve un a\u00f1o y ocho meses en c\u00e1rcel acusado robo, gracias a que los ejidatarios no me dejaron solo. Sal\u00ed absuelto de todo, porque fueron delitos fabricados, as\u00ed nos han tra\u00eddo, no nos dejan en paz. Todo porque nos oponemos a la explotaci\u00f3n de la mina de oro que tiene nuestro ejido. Aqu\u00ed la miner\u00eda no ha hecho nada bueno, m\u00e1s que matar a los animales, porque contaminan el agua de esta regi\u00f3n\u201d.<\/p>\n<p>El ejido El Baj\u00edo lo integran 75 campesinos, adem\u00e1s la asamblea ejidal design\u00f3 una parcela para organizaci\u00f3n de la mujer y una de uso escolar, entre todos cuentan con 77 derechos parcelario.<\/p>\n<p>Por su parte Bertha Alicia Meza Mendoza reclama su derecho sobre el ejido de El Baj\u00edo es la misma que sus compa\u00f1eros: \u201cQueremos que se vaya la mina, porque no nos deja trabajar, cuando nos acercamos nos echar a los perros, o lo que sea, para no trabajar la tierra. Necesitamos sembrar, habitar la tierra porque es nuestro. Que estos bandidos no vuelvan a entrar a arruinarnos la vida\u201d.<\/p>\n<p>Agrega: \u201cLlegu\u00e9 aqu\u00ed en 1991, pero batallamos mucho, porque no hab\u00eda carros, no ten\u00edamos con qu\u00e9 pagar el raite para ir a trabajar. Con ocho hijos el dinero no me alcanzaba para la comida. Mis hijos se quedaban solos cuando estaban chiquitos\u201d.<\/p>\n<p><a href=\"https:\/\/piedepagina.mx\/el-bajio-cronica-de-un-ejido-acosado-por-bailleres\/\">https:\/\/piedepagina.mx\/el-bajio-cronica-de-un-ejido-acosado-por-bailleres\/<\/a><\/p>\n","protected":false},"excerpt":{"rendered":"<p>Pi\u00e9 de P\u00e1gina Texto y Fotos: Kau Sirenio CABORCA, SONORA.- Aqu\u00ed, la arena movediza del desierto se mueve al comp\u00e1s del viento que lo lleva de un lado a otro &hellip; <a href=\"https:\/\/www.grieta.org.mx\/index.php\/2020\/06\/14\/el-bajio-cronica-de-un-ejido-acosado-por-bailleres-sonora\/\" class=\"more-link\">Leer m\u00e1s<\/a><\/p>\n","protected":false},"author":2,"featured_media":50892,"comment_status":"closed","ping_status":"closed","sticky":false,"template":"","format":"standard","meta":{"ngg_post_thumbnail":0,"_jetpack_newsletter_access":"","_jetpack_dont_email_post_to_subs":false,"_jetpack_newsletter_tier_id":0,"_jetpack_memberships_contains_paywalled_content":false,"_jetpack_memberships_contains_paid_content":false,"footnotes":""},"categories":[80,2557,3,2695,2215,31,83],"tags":[2216,184],"class_list":["post-50889","post","type-post","status-publish","format-standard","has-post-thumbnail","hentry","category-cintillo","category-contaminacion-y-danos-a-la-naturaleza-por-megaproyectos","category-megaproyectos","category-militarizacion-en-sonora","category-mineria-en-sonora","category-sonora","category-temas-nacionales","tag-conflictos-por-mineria","tag-despojo","entry"],"jetpack_featured_media_url":"https:\/\/www.grieta.org.mx\/wp-content\/uploads\/2020\/06\/Mina_sonora_KauSirenio7-1200x750.jpg","jetpack_sharing_enabled":true,"jetpack_shortlink":"https:\/\/wp.me\/p7ZJR4-deN","jetpack_likes_enabled":false,"jetpack-related-posts":[{"id":63224,"url":"https:\/\/www.grieta.org.mx\/index.php\/2022\/01\/20\/durazo-montano-alfil-de-alberto-bailleres-para-sostener-minera-a-cielo-abierto-en-sonora-acusan\/","url_meta":{"origin":50889,"position":0},"title":"Durazo Monta\u00f1o, alfil de Alberto Baill\u00e8res para sostener minera a cielo abierto en Sonora, acusan","author":"grieta","date":"20 enero, 2022","format":false,"excerpt":"El Ejido El Baj\u00edo ha resistido por d\u00e9cadas los ataques de la minera\u00a0Penmont, propiedad de Alberto Bailler\u00e8s; por ello ha sufrido ejecuciones extrajudiciales. El ejido acusa de que una de las v\u00edctimas pidi\u00f3 ayuda al gobernador Alfonso Durazo cuando era candidato, pero esta nunca lleg\u00f3 Texto: Kau Sirenio Fotos: Alexis\u2026","rel":"","context":"En &quot;Contaminaci\u00f3n ambiental por megaproyectos en Sonora&quot;","block_context":{"text":"Contaminaci\u00f3n ambiental por megaproyectos en Sonora","link":"https:\/\/www.grieta.org.mx\/index.php\/category\/noticias-nacionales\/sonora\/contaminacion-y-danos-a-la-naturaleza-por-megaproyectos\/"},"img":{"alt_text":"","src":"https:\/\/i0.wp.com\/www.grieta.org.mx\/wp-content\/uploads\/2022\/01\/Manuel_Hernandez_protesta_alexis-de-la-cruz_.jpg?resize=350%2C200&ssl=1","width":350,"height":200,"srcset":"https:\/\/i0.wp.com\/www.grieta.org.mx\/wp-content\/uploads\/2022\/01\/Manuel_Hernandez_protesta_alexis-de-la-cruz_.jpg?resize=350%2C200&ssl=1 1x, https:\/\/i0.wp.com\/www.grieta.org.mx\/wp-content\/uploads\/2022\/01\/Manuel_Hernandez_protesta_alexis-de-la-cruz_.jpg?resize=525%2C300&ssl=1 1.5x, https:\/\/i0.wp.com\/www.grieta.org.mx\/wp-content\/uploads\/2022\/01\/Manuel_Hernandez_protesta_alexis-de-la-cruz_.jpg?resize=700%2C400&ssl=1 2x"},"classes":[]},{"id":59315,"url":"https:\/\/www.grieta.org.mx\/index.php\/2021\/05\/05\/se-oponian-a-mina-de-bailleres-en-sonora-los-asesinaron-el-ejido-se-levanta-y-demanda-justicia\/","url_meta":{"origin":50889,"position":1},"title":"Se opon\u00edan a mina de Baill\u00e8res en Sonora. Los asesinaron. El ejido se levanta y demanda justicia","author":"grieta","date":"5 mayo, 2021","format":false,"excerpt":"SinEmbargo\/Dulce Olvera Los opositores asesinados, Jos\u00e9 de Jes\u00fas y Mar\u00eda de Jes\u00fas, luchaban contra la minera Penmont, una subsidiaria de Fresnillo, propiedad del magnate Alberto Baill\u00e8res, dedicada a la explotaci\u00f3n de oro a cielo abierto en el desierto de Sonora. Ciudad de M\u00e9xico, 3 de mayo (SinEmbargo).\u2013\u00a0Jos\u00e9 de Jes\u00fas Robledo\u2026","rel":"","context":"En &quot;CINTILLO&quot;","block_context":{"text":"CINTILLO","link":"https:\/\/www.grieta.org.mx\/index.php\/category\/cintillo\/"},"img":{"alt_text":"","src":"https:\/\/i0.wp.com\/www.grieta.org.mx\/wp-content\/uploads\/2021\/05\/desierto-sonora.jpg?resize=350%2C200&ssl=1","width":350,"height":200,"srcset":"https:\/\/i0.wp.com\/www.grieta.org.mx\/wp-content\/uploads\/2021\/05\/desierto-sonora.jpg?resize=350%2C200&ssl=1 1x, https:\/\/i0.wp.com\/www.grieta.org.mx\/wp-content\/uploads\/2021\/05\/desierto-sonora.jpg?resize=525%2C300&ssl=1 1.5x, https:\/\/i0.wp.com\/www.grieta.org.mx\/wp-content\/uploads\/2021\/05\/desierto-sonora.jpg?resize=700%2C400&ssl=1 2x, https:\/\/i0.wp.com\/www.grieta.org.mx\/wp-content\/uploads\/2021\/05\/desierto-sonora.jpg?resize=1050%2C600&ssl=1 3x"},"classes":[]},{"id":58046,"url":"https:\/\/www.grieta.org.mx\/index.php\/2021\/03\/26\/minera-de-alberto-bailleres-sigue-sin-cumplir-la-sentencia-a-favor-de-ejidatarios-sonora\/","url_meta":{"origin":50889,"position":2},"title":"Minera de Alberto Baill\u00e8res sigue sin cumplir la sentencia a favor de ejidatarios (Sonora)","author":"grieta","date":"26 marzo, 2021","format":false,"excerpt":"Pese a que el Tribunal Unitario Agrario de Sonora determin\u00f3 que la minera Penmont de Alberto Bailleres deb\u00eda resarcir el da\u00f1o hecho en el Ejido El Baj\u00edo y devolver el oro extra\u00eddo en ese territorio, siete a\u00f1os despu\u00e9s la sentencia no ha sido ejecutada Texto: Kau Sirenio Foto: Alberto Paredes\u2026","rel":"","context":"En &quot;Contaminaci\u00f3n ambiental por megaproyectos en Sonora&quot;","block_context":{"text":"Contaminaci\u00f3n ambiental por megaproyectos en Sonora","link":"https:\/\/www.grieta.org.mx\/index.php\/category\/noticias-nacionales\/sonora\/contaminacion-y-danos-a-la-naturaleza-por-megaproyectos\/"},"img":{"alt_text":"","src":"https:\/\/i0.wp.com\/www.grieta.org.mx\/wp-content\/uploads\/2021\/03\/caborca_mina_sonora_oro_h_paredes3.jpg?resize=350%2C200&ssl=1","width":350,"height":200,"srcset":"https:\/\/i0.wp.com\/www.grieta.org.mx\/wp-content\/uploads\/2021\/03\/caborca_mina_sonora_oro_h_paredes3.jpg?resize=350%2C200&ssl=1 1x, https:\/\/i0.wp.com\/www.grieta.org.mx\/wp-content\/uploads\/2021\/03\/caborca_mina_sonora_oro_h_paredes3.jpg?resize=525%2C300&ssl=1 1.5x, https:\/\/i0.wp.com\/www.grieta.org.mx\/wp-content\/uploads\/2021\/03\/caborca_mina_sonora_oro_h_paredes3.jpg?resize=700%2C400&ssl=1 2x, https:\/\/i0.wp.com\/www.grieta.org.mx\/wp-content\/uploads\/2021\/03\/caborca_mina_sonora_oro_h_paredes3.jpg?resize=1050%2C600&ssl=1 3x"},"classes":[]},{"id":59325,"url":"https:\/\/www.grieta.org.mx\/index.php\/2021\/05\/07\/piden-justicia-para-ejidatarios-asesinados-en-sonora\/","url_meta":{"origin":50889,"position":3},"title":"Piden justicia para ejidatarios asesinados en Sonora","author":"grieta","date":"7 mayo, 2021","format":false,"excerpt":"La Red Mexicana de Afectados por la Miner\u00eda demand\u00f3 al gobierno mexicano justicia para el excomisariado ejidal de El Baj\u00edo, Caborca, Jos\u00e9 de Jes\u00fas Robledo Cruz y su esposa Mar\u00eda de Jes\u00fas G\u00f3mez Vega, opositores a la minera Penmont y asesinados en Puerto Pe\u00f1asco Texto: Kau Sirenio Fotos: Heriberto Paredes\u2026","rel":"","context":"En &quot;CINTILLO&quot;","block_context":{"text":"CINTILLO","link":"https:\/\/www.grieta.org.mx\/index.php\/category\/cintillo\/"},"img":{"alt_text":"","src":"https:\/\/i0.wp.com\/www.grieta.org.mx\/wp-content\/uploads\/2021\/05\/caborca_mina_sonora_oro_h_paredes10.jpeg?resize=350%2C200&ssl=1","width":350,"height":200,"srcset":"https:\/\/i0.wp.com\/www.grieta.org.mx\/wp-content\/uploads\/2021\/05\/caborca_mina_sonora_oro_h_paredes10.jpeg?resize=350%2C200&ssl=1 1x, https:\/\/i0.wp.com\/www.grieta.org.mx\/wp-content\/uploads\/2021\/05\/caborca_mina_sonora_oro_h_paredes10.jpeg?resize=525%2C300&ssl=1 1.5x, https:\/\/i0.wp.com\/www.grieta.org.mx\/wp-content\/uploads\/2021\/05\/caborca_mina_sonora_oro_h_paredes10.jpeg?resize=700%2C400&ssl=1 2x"},"classes":[]},{"id":45570,"url":"https:\/\/www.grieta.org.mx\/index.php\/2020\/03\/04\/ejidatarios-denuncian-proteccion-de-la-gn-a-bailleres-en-mina-dipolos-video-coahuila\/","url_meta":{"origin":50889,"position":4},"title":"Ejidatarios denuncian protecci\u00f3n de la GN a Baill\u00e8res en Mina Dipolos (Video) (Coahuila)","author":"grieta","date":"4 marzo, 2020","format":false,"excerpt":"Juan Alberto Cedillo\/ PROCESO SALTILLO, Coah. (apro).- Ejidatarios de El Baj\u00edo de Caborca, Sonora, mantienen una protesta en la Mina Dipolos para exigir que la Guardia Nacional no se ponga al servicio del empresario Alberto Baill\u00e8res, quien \u2013afirmaron\u2013 mantiene la sustracci\u00f3n ilegal de oro de sus terrenos. Gregorio Meza Mendoza,\u2026","rel":"","context":"En &quot;CINTILLO&quot;","block_context":{"text":"CINTILLO","link":"https:\/\/www.grieta.org.mx\/index.php\/category\/cintillo\/"},"img":{"alt_text":"","src":"https:\/\/i0.wp.com\/www.grieta.org.mx\/wp-content\/uploads\/2020\/03\/estaes.png?resize=350%2C200&ssl=1","width":350,"height":200},"classes":[]},{"id":36073,"url":"https:\/\/www.grieta.org.mx\/index.php\/2019\/07\/05\/grupo-mexico-planea-construir-presa-de-jales-en-bacanuchi-ciudadanos-se-oponen-temen-otro-derrame-sonora\/","url_meta":{"origin":50889,"position":5},"title":"Grupo M\u00e9xico planea construir presa de jales en Bacanuchi, ciudadanos se oponen, temen otro derrame (Sonora)","author":"grieta","date":"5 julio, 2019","format":false,"excerpt":"https:\/\/proyectopuente.com.mx\/2019\/07\/05\/grupo-mexico-planea-construir-presa-de-jales-en-bacanuchi-ciudadanos-se-oponen-temen-otro-derrame-2\/","rel":"","context":"En &quot;Contaminaci\u00f3n ambiental por megaproyectos en Sonora&quot;","block_context":{"text":"Contaminaci\u00f3n ambiental por megaproyectos en Sonora","link":"https:\/\/www.grieta.org.mx\/index.php\/category\/noticias-nacionales\/sonora\/contaminacion-y-danos-a-la-naturaleza-por-megaproyectos\/"},"img":{"alt_text":"","src":"https:\/\/i0.wp.com\/www.grieta.org.mx\/wp-content\/uploads\/2018\/03\/14524434_1106112876131411_958039263622046936_o.jpg?resize=350%2C200&ssl=1","width":350,"height":200,"srcset":"https:\/\/i0.wp.com\/www.grieta.org.mx\/wp-content\/uploads\/2018\/03\/14524434_1106112876131411_958039263622046936_o.jpg?resize=350%2C200&ssl=1 1x, https:\/\/i0.wp.com\/www.grieta.org.mx\/wp-content\/uploads\/2018\/03\/14524434_1106112876131411_958039263622046936_o.jpg?resize=525%2C300&ssl=1 1.5x, https:\/\/i0.wp.com\/www.grieta.org.mx\/wp-content\/uploads\/2018\/03\/14524434_1106112876131411_958039263622046936_o.jpg?resize=700%2C400&ssl=1 2x"},"classes":[]}],"_links":{"self":[{"href":"https:\/\/www.grieta.org.mx\/index.php\/wp-json\/wp\/v2\/posts\/50889","targetHints":{"allow":["GET"]}}],"collection":[{"href":"https:\/\/www.grieta.org.mx\/index.php\/wp-json\/wp\/v2\/posts"}],"about":[{"href":"https:\/\/www.grieta.org.mx\/index.php\/wp-json\/wp\/v2\/types\/post"}],"author":[{"embeddable":true,"href":"https:\/\/www.grieta.org.mx\/index.php\/wp-json\/wp\/v2\/users\/2"}],"replies":[{"embeddable":true,"href":"https:\/\/www.grieta.org.mx\/index.php\/wp-json\/wp\/v2\/comments?post=50889"}],"version-history":[{"count":1,"href":"https:\/\/www.grieta.org.mx\/index.php\/wp-json\/wp\/v2\/posts\/50889\/revisions"}],"predecessor-version":[{"id":50897,"href":"https:\/\/www.grieta.org.mx\/index.php\/wp-json\/wp\/v2\/posts\/50889\/revisions\/50897"}],"wp:featuredmedia":[{"embeddable":true,"href":"https:\/\/www.grieta.org.mx\/index.php\/wp-json\/wp\/v2\/media\/50892"}],"wp:attachment":[{"href":"https:\/\/www.grieta.org.mx\/index.php\/wp-json\/wp\/v2\/media?parent=50889"}],"wp:term":[{"taxonomy":"category","embeddable":true,"href":"https:\/\/www.grieta.org.mx\/index.php\/wp-json\/wp\/v2\/categories?post=50889"},{"taxonomy":"post_tag","embeddable":true,"href":"https:\/\/www.grieta.org.mx\/index.php\/wp-json\/wp\/v2\/tags?post=50889"}],"curies":[{"name":"wp","href":"https:\/\/api.w.org\/{rel}","templated":true}]}}