{"id":50873,"date":"2020-06-12T11:23:30","date_gmt":"2020-06-12T16:23:30","guid":{"rendered":"http:\/\/www.grieta.org.mx\/?p=50873"},"modified":"2020-06-15T11:40:07","modified_gmt":"2020-06-15T16:40:07","slug":"normalistas-impiden-acceso-de-diputados-al-congreso-de-michoacan","status":"publish","type":"post","link":"https:\/\/www.grieta.org.mx\/index.php\/2020\/06\/12\/normalistas-impiden-acceso-de-diputados-al-congreso-de-michoacan\/","title":{"rendered":"Normalistas impiden acceso de diputados al Congreso de Michoac\u00e1n"},"content":{"rendered":"<blockquote><p><strong><br \/>\nLos normalistas impidieron el acceso moment\u00e1neamente de los legisladores quienes deb\u00edan iniciar una sesi\u00f3n extraordinaria<\/strong><\/p><\/blockquote>\n<figure id=\"attachment_50874\" aria-describedby=\"caption-attachment-50874\" style=\"width: 800px\" class=\"wp-caption aligncenter\"><img loading=\"lazy\" decoding=\"async\" data-attachment-id=\"50874\" data-permalink=\"https:\/\/www.grieta.org.mx\/index.php\/2020\/06\/12\/normalistas-impiden-acceso-de-diputados-al-congreso-de-michoacan\/derechoadecidir\/\" data-orig-file=\"https:\/\/www.grieta.org.mx\/wp-content\/uploads\/2020\/06\/derechoadecidir.jpg\" data-orig-size=\"1280,853\" data-comments-opened=\"0\" data-image-meta=\"{&quot;aperture&quot;:&quot;0&quot;,&quot;credit&quot;:&quot;&quot;,&quot;camera&quot;:&quot;&quot;,&quot;caption&quot;:&quot;&quot;,&quot;created_timestamp&quot;:&quot;0&quot;,&quot;copyright&quot;:&quot;&quot;,&quot;focal_length&quot;:&quot;0&quot;,&quot;iso&quot;:&quot;0&quot;,&quot;shutter_speed&quot;:&quot;0&quot;,&quot;title&quot;:&quot;&quot;,&quot;orientation&quot;:&quot;1&quot;}\" data-image-title=\"derechoadecidir\" data-image-description=\"\" data-image-caption=\"&lt;p&gt;Foto: PCM Agencia Informativa&lt;\/p&gt;\n\" data-medium-file=\"https:\/\/www.grieta.org.mx\/wp-content\/uploads\/2020\/06\/derechoadecidir-300x200.jpg\" data-large-file=\"https:\/\/www.grieta.org.mx\/wp-content\/uploads\/2020\/06\/derechoadecidir-1024x682.jpg\" class=\"wp-image-50874\" src=\"http:\/\/www.grieta.org.mx\/wp-content\/uploads\/2020\/06\/derechoadecidir.jpg\" alt=\"\" width=\"800\" height=\"533\" srcset=\"https:\/\/www.grieta.org.mx\/wp-content\/uploads\/2020\/06\/derechoadecidir.jpg 1280w, https:\/\/www.grieta.org.mx\/wp-content\/uploads\/2020\/06\/derechoadecidir-300x200.jpg 300w, https:\/\/www.grieta.org.mx\/wp-content\/uploads\/2020\/06\/derechoadecidir-768x512.jpg 768w, https:\/\/www.grieta.org.mx\/wp-content\/uploads\/2020\/06\/derechoadecidir-1024x682.jpg 1024w, https:\/\/www.grieta.org.mx\/wp-content\/uploads\/2020\/06\/derechoadecidir-750x500.jpg 750w\" sizes=\"auto, (max-width: 800px) 100vw, 800px\" \/><figcaption id=\"caption-attachment-50874\" class=\"wp-caption-text\">Foto: PCM Agencia Informativa<\/figcaption><\/figure>\n<p>Por Rodrigo Sandoval -PCM agencia informativa, 12 de junio de 2020<\/p>\n<p>Morelia.- Los normalistas, profesores de la CNTE y algunos representantes de grupos que luchan contra la violencia de g\u00e9nero y exigen la aprobaci\u00f3n de la interrupci\u00f3n legal del embarazo en el estado impidieron por algunos momentos el acceso de los diputados locales al Congreso de Michoac\u00e1n.<\/p>\n<p>En el caso de los normalistas y profesores de la CNTE que los acompa\u00f1aron exigen a los legisladores que los apoyen en el cumplimiento de sus peticiones ante la autoridad, como la liberaci\u00f3n de sus compa\u00f1eros detenidos por cometer delitos federales y que se restaure la matr\u00edcula de nuevo ingreso, as\u00ed como los pagos de becas atrasadas para estudiantes egresados.<\/p>\n<p>Los estudiantes normalistas pidieron a los diputados que se les atienda mediante una comisi\u00f3n para plantear sus peticiones, adem\u00e1s solicitaron leer en el pleno del Legislativo un documento dirigido a la opini\u00f3n p\u00fablica.<\/p>\n<p>Por otro lado, los grupos que apoyan el derecho de las mujeres a decidir sobre sus propios cuerpos se manifiestan en contra de que se haya turnado a las Comisiones de Salud y de Justicia la iniciativa de decreto que busca obligar a la Secretar\u00eda de Salud del Estado a brindar servicios prioritarios e integrales en materia materno-infantil, salud reproductiva, planificaci\u00f3n familiar, e interrupci\u00f3n legal del embarazo.<\/p>\n<p>Actualmente la circulaci\u00f3n se encuentra cerrada desde el cruce de la calle Pino Su\u00e1rez con la avenida Madero, en el centro de la ciudad, pero la sesi\u00f3n extraordinaria se lleva a cabo con normalidad.<\/p>\n<p><a href=\"https:\/\/pcmnoticias.mx\/2020\/06\/12\/grupos-provida-y-normalistas-toman-el-congreso-de-michoacan-buscaban-impedir-la-sesion-extraordinaria\/\">https:\/\/pcmnoticias.mx\/2020\/06\/12\/grupos-provida-y-normalistas-toman-el-congreso-de-michoacan-buscaban-impedir-la-sesion-extraordinaria\/<\/a><\/p>\n","protected":false},"excerpt":{"rendered":"<p>Los normalistas impidieron el acceso moment\u00e1neamente de los legisladores quienes deb\u00edan iniciar una sesi\u00f3n extraordinaria Por Rodrigo Sandoval -PCM agencia informativa, 12 de junio de 2020 Morelia.- Los normalistas, profesores &hellip; <a href=\"https:\/\/www.grieta.org.mx\/index.php\/2020\/06\/12\/normalistas-impiden-acceso-de-diputados-al-congreso-de-michoacan\/\" class=\"more-link\">Leer m\u00e1s<\/a><\/p>\n","protected":false},"author":2,"featured_media":50874,"comment_status":"closed","ping_status":"closed","sticky":false,"template":"","format":"standard","meta":{"ngg_post_thumbnail":0,"_jetpack_newsletter_access":"","_jetpack_dont_email_post_to_subs":false,"_jetpack_newsletter_tier_id":0,"_jetpack_memberships_contains_paywalled_content":false,"_jetpack_memberships_contains_paid_content":false,"footnotes":""},"categories":[80,987,2210,2819,21,991,1007,2934],"tags":[1070,2248,2953],"class_list":["post-50873","post","type-post","status-publish","format-standard","has-post-thumbnail","hentry","category-cintillo","category-conflictos-y-resistencia-de-las-escuelas-normales-rurales-de-michoacan","category-crisis-en-el-sistema-educativo-de-michoacan","category-luchas-de-las-mujeres-en-michoacan","category-michoacan","category-movilizaciones-contra-la-violencia-hacia-las-mujeres-en-michoacan","category-movilizaciones-del-magisterio-en-michoacan","category-resistencias-en-michoacan","tag-derecho-a-la-salud-sexual-y-reproductiva","tag-luchas-de-las-mujeres","tag-protestas-de-estudiantes","entry"],"jetpack_featured_media_url":"https:\/\/www.grieta.org.mx\/wp-content\/uploads\/2020\/06\/derechoadecidir.jpg","jetpack_sharing_enabled":true,"jetpack_shortlink":"https:\/\/wp.me\/p7ZJR4-dex","jetpack_likes_enabled":false,"jetpack-related-posts":[{"id":57585,"url":"https:\/\/www.grieta.org.mx\/index.php\/2021\/03\/08\/visten-movimientos-feministas-los-monumentos-de-morelia-michoacan\/","url_meta":{"origin":50873,"position":0},"title":"Visten movimientos feministas los monumentos de Morelia  (Michoac\u00e1n)","author":"grieta","date":"8 marzo, 2021","format":false,"excerpt":"F\u00e1tima Alfaro, Agencia Quadrat\u00edn, 08 de marzo de 2021 MORELIA, Mich., 8 de marzo de 2021.- Monumentos en la zona Centro de Morelia fueron intervenidos este lunes 8 de marzo con los colores representativos de los movimientos feministas, en conmemoraci\u00f3n del D\u00eda Internacional de la Mujer. Cubiertos con mantas verdes,\u2026","rel":"","context":"En &quot;CINTILLO&quot;","block_context":{"text":"CINTILLO","link":"https:\/\/www.grieta.org.mx\/index.php\/category\/cintillo\/"},"img":{"alt_text":"","src":"https:\/\/i0.wp.com\/www.grieta.org.mx\/wp-content\/uploads\/2018\/03\/14524434_1106112876131411_958039263622046936_o.jpg?resize=350%2C200&ssl=1","width":350,"height":200,"srcset":"https:\/\/i0.wp.com\/www.grieta.org.mx\/wp-content\/uploads\/2018\/03\/14524434_1106112876131411_958039263622046936_o.jpg?resize=350%2C200&ssl=1 1x, https:\/\/i0.wp.com\/www.grieta.org.mx\/wp-content\/uploads\/2018\/03\/14524434_1106112876131411_958039263622046936_o.jpg?resize=525%2C300&ssl=1 1.5x, https:\/\/i0.wp.com\/www.grieta.org.mx\/wp-content\/uploads\/2018\/03\/14524434_1106112876131411_958039263622046936_o.jpg?resize=700%2C400&ssl=1 2x"},"classes":[]},{"id":60463,"url":"https:\/\/www.grieta.org.mx\/index.php\/2021\/07\/13\/cerraremos-el-ano-con-el-doble-de-mujeres-asesinadas-en-2020-feministas-michoacan\/","url_meta":{"origin":50873,"position":1},"title":"Cerraremos el a\u00f1o con el doble de mujeres asesinadas en 2020: feministas (Michoac\u00e1n)","author":"grieta","date":"13 julio, 2021","format":false,"excerpt":"Por Karla Garc\u00eda - 13 - julio - 2021. CB Televisi\u00f3n. Morelia, Michoac\u00e1n.- A causa de los recientes casos de violencia hacia las mujeres en todo el estado de Michoac\u00e1n, feministas han realizado actividades de protesta en exigencia de una soluci\u00f3n. A trav\u00e9s de un comunicado, las colectivas feministas resaltaron\u2026","rel":"","context":"En &quot;CINTILLO&quot;","block_context":{"text":"CINTILLO","link":"https:\/\/www.grieta.org.mx\/index.php\/category\/cintillo\/"},"img":{"alt_text":"","src":"https:\/\/i0.wp.com\/www.grieta.org.mx\/wp-content\/uploads\/2021\/07\/Captura-de-pantalla-2021-07-15-a-las-18.35.31.png?resize=350%2C200&ssl=1","width":350,"height":200,"srcset":"https:\/\/i0.wp.com\/www.grieta.org.mx\/wp-content\/uploads\/2021\/07\/Captura-de-pantalla-2021-07-15-a-las-18.35.31.png?resize=350%2C200&ssl=1 1x, https:\/\/i0.wp.com\/www.grieta.org.mx\/wp-content\/uploads\/2021\/07\/Captura-de-pantalla-2021-07-15-a-las-18.35.31.png?resize=525%2C300&ssl=1 1.5x, https:\/\/i0.wp.com\/www.grieta.org.mx\/wp-content\/uploads\/2021\/07\/Captura-de-pantalla-2021-07-15-a-las-18.35.31.png?resize=700%2C400&ssl=1 2x, https:\/\/i0.wp.com\/www.grieta.org.mx\/wp-content\/uploads\/2021\/07\/Captura-de-pantalla-2021-07-15-a-las-18.35.31.png?resize=1050%2C600&ssl=1 3x"},"classes":[]},{"id":49813,"url":"https:\/\/www.grieta.org.mx\/index.php\/2020\/04\/29\/comuneros-bloquean-carretera-federal-de-michoacan-en-apoyo-a-normalistas-baleados\/","url_meta":{"origin":50873,"position":2},"title":"Comuneros bloquean carretera federal de Michoac\u00e1n en apoyo a normalistas baleados","author":"grieta","date":"29 abril, 2020","format":false,"excerpt":"Ayer, elementos de la Secretar\u00eda de Seguridad P\u00fablica dispararon a un autob\u00fas de normalistas tras pasarse un filtro sanitario en Michoac\u00e1n. Redacci\u00f3n \/Animal pol\u00edtico, 29 de abril de 2020 Un grupo de comuneros de Michoac\u00e1n bloquearon la carretera federal Uruapan-Los Reyes, para manifestarse en contra de personal de la Secretar\u00eda\u2026","rel":"","context":"En &quot;CINTILLO&quot;","block_context":{"text":"CINTILLO","link":"https:\/\/www.grieta.org.mx\/index.php\/category\/cintillo\/"},"img":{"alt_text":"","src":"https:\/\/i0.wp.com\/www.grieta.org.mx\/wp-content\/uploads\/2020\/05\/cuartoscuro_457945_digital.jpeg?resize=350%2C200&ssl=1","width":350,"height":200,"srcset":"https:\/\/i0.wp.com\/www.grieta.org.mx\/wp-content\/uploads\/2020\/05\/cuartoscuro_457945_digital.jpeg?resize=350%2C200&ssl=1 1x, https:\/\/i0.wp.com\/www.grieta.org.mx\/wp-content\/uploads\/2020\/05\/cuartoscuro_457945_digital.jpeg?resize=525%2C300&ssl=1 1.5x, https:\/\/i0.wp.com\/www.grieta.org.mx\/wp-content\/uploads\/2020\/05\/cuartoscuro_457945_digital.jpeg?resize=700%2C400&ssl=1 2x, https:\/\/i0.wp.com\/www.grieta.org.mx\/wp-content\/uploads\/2020\/05\/cuartoscuro_457945_digital.jpeg?resize=1050%2C600&ssl=1 3x, https:\/\/i0.wp.com\/www.grieta.org.mx\/wp-content\/uploads\/2020\/05\/cuartoscuro_457945_digital.jpeg?resize=1400%2C800&ssl=1 4x"},"classes":[]},{"id":12470,"url":"https:\/\/www.grieta.org.mx\/index.php\/2016\/06\/04\/movilizacion-contra-la-violencia-hacia-las-mujeres-en-michoacan\/","url_meta":{"origin":50873,"position":3},"title":"Movilizaciones contra la violencia hacia las mujeres en Michoac\u00e1n","author":"grieta","date":"4 junio, 2016","format":false,"excerpt":"Protesta contra la violencia de g\u00e9nero en Michoac\u00e1n 04\/06\/16. Protestan contra la violencia de g\u00e9nero en Michoac\u00e1n La Jornada Acciones en el contexto de la Movilizaci\u00f3n nacional contra las violencias machistas en Michoac\u00e1n 24\/04\/16. Alto al feminicidio pide #VivasNosQueremos en mitin Quadratin","rel":"","context":"En &quot;Feminicidios&quot;","block_context":{"text":"Feminicidios","link":"https:\/\/www.grieta.org.mx\/index.php\/category\/temas-nacionales\/feminicidios\/"},"img":{"alt_text":"","src":"https:\/\/i0.wp.com\/www.grieta.org.mx\/wp-content\/uploads\/2018\/03\/14524434_1106112876131411_958039263622046936_o.jpg?resize=350%2C200&ssl=1","width":350,"height":200,"srcset":"https:\/\/i0.wp.com\/www.grieta.org.mx\/wp-content\/uploads\/2018\/03\/14524434_1106112876131411_958039263622046936_o.jpg?resize=350%2C200&ssl=1 1x, https:\/\/i0.wp.com\/www.grieta.org.mx\/wp-content\/uploads\/2018\/03\/14524434_1106112876131411_958039263622046936_o.jpg?resize=525%2C300&ssl=1 1.5x, https:\/\/i0.wp.com\/www.grieta.org.mx\/wp-content\/uploads\/2018\/03\/14524434_1106112876131411_958039263622046936_o.jpg?resize=700%2C400&ssl=1 2x"},"classes":[]},{"id":54041,"url":"https:\/\/www.grieta.org.mx\/index.php\/2020\/10\/03\/de-161-asesinadas-en-michoacan-solo-13-fueron-tipificadas-como-feminicidios\/","url_meta":{"origin":50873,"position":4},"title":"De 161 asesinadas en Michoac\u00e1n, s\u00f3lo 13 fueron tipificadas como feminicidios","author":"grieta","date":"3 octubre, 2020","format":false,"excerpt":"Mujeres piden a pol\u00edticos y gobernantes pasar de los mensajes a las acciones a favor del derecho de las mujeres a una vida sin violencia Zuhey Medina | El Sol de Morelia, 03 de octubre de 2020 Morelia, Michoac\u00e1n (OEM Infomex).- En lo que va de este 2020 se han\u2026","rel":"","context":"En &quot;CINTILLO&quot;","block_context":{"text":"CINTILLO","link":"https:\/\/www.grieta.org.mx\/index.php\/category\/cintillo\/"},"img":{"alt_text":"","src":"https:\/\/i0.wp.com\/www.grieta.org.mx\/wp-content\/uploads\/2020\/10\/feministas-1.jpg?resize=350%2C200&ssl=1","width":350,"height":200},"classes":[]},{"id":53675,"url":"https:\/\/www.grieta.org.mx\/index.php\/2020\/09\/11\/se-enfrentan-normalistas-y-policias-de-michoacan-vehiculo-arrolla-a-manifestantes\/","url_meta":{"origin":50873,"position":5},"title":"Se enfrentan normalistas y polic\u00edas de Michoac\u00e1n; veh\u00edculo arrolla a manifestantes","author":"grieta","date":"11 septiembre, 2020","format":false,"excerpt":"Un enfrentamiento, en las inmediaciones de la Escuela Normal Rural de Tiripet\u00edo, dej\u00f3 al menos nueve estudiantes y ocho oficiales lesionados. Un enfrentamiento entre normalistas y elementos de la polic\u00eda de Michoac\u00e1n, en las inmediaciones de la Escuela Normal Rural de Tiripet\u00edo, dej\u00f3 nueve estudiantes y ocho oficiales lesionados. La\u2026","rel":"","context":"En &quot;CINTILLO&quot;","block_context":{"text":"CINTILLO","link":"https:\/\/www.grieta.org.mx\/index.php\/category\/cintillo\/"},"img":{"alt_text":"","src":"https:\/\/i0.wp.com\/www.grieta.org.mx\/wp-content\/uploads\/2020\/09\/normalistas.png?resize=350%2C200&ssl=1","width":350,"height":200},"classes":[]}],"_links":{"self":[{"href":"https:\/\/www.grieta.org.mx\/index.php\/wp-json\/wp\/v2\/posts\/50873","targetHints":{"allow":["GET"]}}],"collection":[{"href":"https:\/\/www.grieta.org.mx\/index.php\/wp-json\/wp\/v2\/posts"}],"about":[{"href":"https:\/\/www.grieta.org.mx\/index.php\/wp-json\/wp\/v2\/types\/post"}],"author":[{"embeddable":true,"href":"https:\/\/www.grieta.org.mx\/index.php\/wp-json\/wp\/v2\/users\/2"}],"replies":[{"embeddable":true,"href":"https:\/\/www.grieta.org.mx\/index.php\/wp-json\/wp\/v2\/comments?post=50873"}],"version-history":[{"count":1,"href":"https:\/\/www.grieta.org.mx\/index.php\/wp-json\/wp\/v2\/posts\/50873\/revisions"}],"predecessor-version":[{"id":50875,"href":"https:\/\/www.grieta.org.mx\/index.php\/wp-json\/wp\/v2\/posts\/50873\/revisions\/50875"}],"wp:featuredmedia":[{"embeddable":true,"href":"https:\/\/www.grieta.org.mx\/index.php\/wp-json\/wp\/v2\/media\/50874"}],"wp:attachment":[{"href":"https:\/\/www.grieta.org.mx\/index.php\/wp-json\/wp\/v2\/media?parent=50873"}],"wp:term":[{"taxonomy":"category","embeddable":true,"href":"https:\/\/www.grieta.org.mx\/index.php\/wp-json\/wp\/v2\/categories?post=50873"},{"taxonomy":"post_tag","embeddable":true,"href":"https:\/\/www.grieta.org.mx\/index.php\/wp-json\/wp\/v2\/tags?post=50873"}],"curies":[{"name":"wp","href":"https:\/\/api.w.org\/{rel}","templated":true}]}}