{"id":50857,"date":"2020-06-12T18:24:26","date_gmt":"2020-06-12T23:24:26","guid":{"rendered":"http:\/\/www.grieta.org.mx\/?p=50857"},"modified":"2020-06-15T03:37:06","modified_gmt":"2020-06-15T08:37:06","slug":"sin-pruebas-a-cadaveres-ni-freno-al-covid-baja-california","status":"publish","type":"post","link":"https:\/\/www.grieta.org.mx\/index.php\/2020\/06\/12\/sin-pruebas-a-cadaveres-ni-freno-al-covid-baja-california\/","title":{"rendered":"Sin pruebas a cad\u00e1veres ni freno al COVID (Baja California)"},"content":{"rendered":"<p>Zeta Tijuana \/ Isabel Mercado.<\/p>\n<p><img loading=\"lazy\" decoding=\"async\" data-attachment-id=\"50858\" data-permalink=\"https:\/\/www.grieta.org.mx\/index.php\/2020\/06\/12\/sin-pruebas-a-cadaveres-ni-freno-al-covid-baja-california\/coronavirustijuanafamiliares6b_01\/\" data-orig-file=\"https:\/\/www.grieta.org.mx\/wp-content\/uploads\/2020\/06\/coronavirustijuanafamiliares6b_01.jpg\" data-orig-size=\"670,447\" data-comments-opened=\"0\" data-image-meta=\"{&quot;aperture&quot;:&quot;0&quot;,&quot;credit&quot;:&quot;&quot;,&quot;camera&quot;:&quot;&quot;,&quot;caption&quot;:&quot;&quot;,&quot;created_timestamp&quot;:&quot;0&quot;,&quot;copyright&quot;:&quot;&quot;,&quot;focal_length&quot;:&quot;0&quot;,&quot;iso&quot;:&quot;0&quot;,&quot;shutter_speed&quot;:&quot;0&quot;,&quot;title&quot;:&quot;&quot;,&quot;orientation&quot;:&quot;0&quot;}\" data-image-title=\"coronavirustijuanafamiliares6b_01\" data-image-description=\"\" data-image-caption=\"\" data-medium-file=\"https:\/\/www.grieta.org.mx\/wp-content\/uploads\/2020\/06\/coronavirustijuanafamiliares6b_01-300x200.jpg\" data-large-file=\"https:\/\/www.grieta.org.mx\/wp-content\/uploads\/2020\/06\/coronavirustijuanafamiliares6b_01.jpg\" class=\"aligncenter wp-image-50858\" src=\"http:\/\/www.grieta.org.mx\/wp-content\/uploads\/2020\/06\/coronavirustijuanafamiliares6b_01.jpg\" alt=\"\" width=\"800\" height=\"534\" srcset=\"https:\/\/www.grieta.org.mx\/wp-content\/uploads\/2020\/06\/coronavirustijuanafamiliares6b_01.jpg 670w, https:\/\/www.grieta.org.mx\/wp-content\/uploads\/2020\/06\/coronavirustijuanafamiliares6b_01-300x200.jpg 300w\" sizes=\"auto, (max-width: 800px) 100vw, 800px\" \/><br \/>\nEsperando a ser atendidas a las afueras de los hospitales de la ciudad. Foto: Alejandro Guti\u00e9rrez Mora\/ZETA<\/p>\n<p>Incumpliendo lineamientos federales, la Secretar\u00eda de Salud de Baja California no toma muestra para examen PCR a personas fallecidas en domicilio con sintomatolog\u00eda respiratoria para determinar si la causa de deceso se debi\u00f3 al coronavirus. Lejos de ello, el titular de la dependencia, Alonso P\u00e9rez Rico, indic\u00f3 que ser\u00e1 a finales de a\u00f1o cuando se lleven a cabo autopsias verbales para corroborar o descartar lo asentado en las actas de defunci\u00f3n que registran un incremento exponencial en n\u00famero de muertos por padecimientos respiratorios. El funcionario dice estar ocupado cortando cadenas de trasmisi\u00f3n del virus, pero no revisa a las familias de los pacientes hospitalizados; menos a\u00fan les practica una prueba para descartar o confirmar si fueron contagiados<\/p>\n<p>El tratamiento que se da en Baja California a los cuerpos de pacientes fallecidos con sintomatolog\u00eda asociada a coronavirus, incumple los lineamientos en el manejo general y masivo de cad\u00e1veres de personas que mueren fuera de hospital por causas respiratorias publicados el 21 de abril por el Gobierno de M\u00e9xico, a trav\u00e9s de la Secretar\u00eda de Salud<\/p>\n<p>De acuerdo al documento, se estableci\u00f3 que de los decesos en casa u otros sitios -fuera de hospital- \u201cen caso que se sospeche que la muerte ocurri\u00f3 por enfermedad respiratoria, el equipo de respuesta que se presente en el domicilio deber\u00e1 de seguir las precauciones de contacto y gotas, as\u00ed como obtener las muestras procedentes y notificar a la autoridad sanitaria para su env\u00edo al Laboratorio Estatal de Salud P\u00fablica\u201d.<\/p>\n<p>Pero en Baja California no se toman muestras de los pacientes perecidos en casa, solo de aquellos que fenecieron en hospital.<\/p>\n<p>En los certificados y actas de defunci\u00f3n, la mayor\u00eda de las muertes registradas durante el periodo de pandemia se asocian a coronavirus SARS-CoV-2, subregistro que la Secretaria de Salud no reconoce por no haberse practicado una prueba PCR que confirme la presencia del pat\u00f3geno. Tan solo en Tijuana, del 1 de abril -fecha en que se registr\u00f3 el primer caso de muerte por coronavirus en esta ciudad- al 25 mayo, fueron inscritas 2 mil 983 defunciones, de las cuales mil 586 registraron como principal causa de muerte COVID-19, coronavirus, sospecha de coronavirus, neumon\u00eda, neumon\u00eda at\u00edpica, insuficiencia viral respiratoria aguda.<\/p>\n<p>En cambio, la estad\u00edstica de la Secretar\u00eda de Salud encabezada por Alonso P\u00e9rez Rico reconoci\u00f3 durante ese mismo periodo 469 decesos por COVID en Tijuana.<\/p>\n<p>\u201cLos n\u00fameros van a estar diferentes hasta que se cierre el a\u00f1o\u201d, asent\u00f3 al subrayar que \u201cel Registro Civil lo \u00fanico que puede es llevar la numeralia de pacientes que han fallecido de neumon\u00edas at\u00edpicas y por COVID, y tiene la obligaci\u00f3n de reportarnos todas esas muertes que vengan en ese sentido para que la Secretar\u00eda de Salud ratifique o rectifique en el Anexo 8 -agregado que ser\u00e1 incluido en las actas de defunci\u00f3n-. Les pido que en el contexto de COVID sean responsables con lo que dicen, porque la verdad de las cosas, asustan\u201d, demand\u00f3 a los funcionarios del Registro Civil, personal de Cruz Roja y acad\u00e9micos de la Universidad de California que han dado cuenta del subregistro de fallecimientos durante la pandemia.<\/p>\n<p>Un d\u00eda despu\u00e9s de que ZETA diera a conocer esas cifras, el martes 26 de mayo el gobernador Jaime Bonilla Valdez orden\u00f3 a las oficinas de Registro Civil no facilitar informaci\u00f3n al respecto.<\/p>\n<p>La orden la dio a trav\u00e9s de la Secretar\u00eda de Gobierno, a cargo de Amador Rodr\u00edguez Lozano, quien el s\u00e1bado 6 de junio se\u00f1al\u00f3 en trasmisi\u00f3n en vivo que el gobierno de BC da a conocer el reporte oficial de salud, \u201ctenemos por desgracia, como siempre hay en estos casos, una oficial de Registro Civil, la 01 de Tijuana, que le gusta mucho declarar y que tiende a decir informaci\u00f3n, incluso hacer algunos comentarios subjetivos\u2026\u201d.<\/p>\n<p><img loading=\"lazy\" decoding=\"async\" data-attachment-id=\"50859\" data-permalink=\"https:\/\/www.grieta.org.mx\/index.php\/2020\/06\/12\/sin-pruebas-a-cadaveres-ni-freno-al-covid-baja-california\/coronavirustijuanafamiliares1b_01\/\" data-orig-file=\"https:\/\/www.grieta.org.mx\/wp-content\/uploads\/2020\/06\/coronavirustijuanafamiliares1b_01.jpg\" data-orig-size=\"670,447\" data-comments-opened=\"0\" data-image-meta=\"{&quot;aperture&quot;:&quot;0&quot;,&quot;credit&quot;:&quot;&quot;,&quot;camera&quot;:&quot;&quot;,&quot;caption&quot;:&quot;&quot;,&quot;created_timestamp&quot;:&quot;0&quot;,&quot;copyright&quot;:&quot;&quot;,&quot;focal_length&quot;:&quot;0&quot;,&quot;iso&quot;:&quot;0&quot;,&quot;shutter_speed&quot;:&quot;0&quot;,&quot;title&quot;:&quot;&quot;,&quot;orientation&quot;:&quot;0&quot;}\" data-image-title=\"coronavirustijuanafamiliares1b_01\" data-image-description=\"\" data-image-caption=\"\" data-medium-file=\"https:\/\/www.grieta.org.mx\/wp-content\/uploads\/2020\/06\/coronavirustijuanafamiliares1b_01-300x200.jpg\" data-large-file=\"https:\/\/www.grieta.org.mx\/wp-content\/uploads\/2020\/06\/coronavirustijuanafamiliares1b_01.jpg\" class=\"aligncenter wp-image-50859\" src=\"http:\/\/www.grieta.org.mx\/wp-content\/uploads\/2020\/06\/coronavirustijuanafamiliares1b_01.jpg\" alt=\"\" width=\"800\" height=\"534\" srcset=\"https:\/\/www.grieta.org.mx\/wp-content\/uploads\/2020\/06\/coronavirustijuanafamiliares1b_01.jpg 670w, https:\/\/www.grieta.org.mx\/wp-content\/uploads\/2020\/06\/coronavirustijuanafamiliares1b_01-300x200.jpg 300w\" sizes=\"auto, (max-width: 800px) 100vw, 800px\" \/><br \/>\nFoto: Alejandro Guti\u00e9rrez Mora\/ZETA<\/p>\n<p>AUTOPSIAS VERBALES POR EXAMEN PCR<\/p>\n<p>De no haberse realizado una prueba PCR para determinar la presencia del virus que causa el padecimiento SARS-CoV-2, como es el caso de los pacientes que fallecieron en domicilios, la rectificaci\u00f3n o confirmaci\u00f3n del motivo del deceso asentado acta de defunci\u00f3n que tengan como referencia cualquier causa respiratoria, se efectuar\u00e1 mediante autopsias verbales que prev\u00e9n realizar hasta finales de 2020.<\/p>\n<p>De acuerdo a la declaraci\u00f3n del secretario de Salud de la entidad, la autopsia verbal se obtiene mediante entrevista a \u201clas familias o el amigo\u2026 la persona que vio al paciente por \u00faltima vez\u201d, y ser\u00e1 aplicada en casos en que no exista una prueba PCR que confirme el contagio de coronavirus.<\/p>\n<p>Aunque ese tipo de consultas fueron realizadas por el m\u00e9dico que atendi\u00f3 al paciente en domicilio, o por los m\u00e9dicos legistas de las funerarias cuyo resultado deriv\u00f3 la causa de muerte asentado primero en certificado m\u00e9dico y posteriormente en acta de defunci\u00f3n, el doctor P\u00e9rez Rico consider\u00f3 necesario realizar una nueva evaluaci\u00f3n para modificar o ratificar la causa de muerte determinada en el documento.<\/p>\n<p>A decir del funcionario, las entrevistas las realizar\u00e1 un grupo colegiado integrado por los Comit\u00e9s Jurisdiccionales de Vigilancia Epidemiol\u00f3gica (Cojuve) y el Centro Estatal de Vigilancia Epidemiol\u00f3gica y Control de Enfermedades (Cevece) de Baja California, el cual, pese a lo avanzado de la contingencia de salud y que el n\u00famero de decesos derivados por causas respiratorias en BC se contabilizan por miles, quienes revalorar\u00e1n las actas de defunci\u00f3n para obtener un n\u00famero final que dimensione la letalidad de la pandemia no han sesionado.<\/p>\n<p>A decir por el doctor P\u00e9rez, el argumento para no hacerlo es que \u201ctodos los temas en el contexto de una pandemia se tienen que priorizar, y en este momento es el corte de las cadenas de trasmisi\u00f3n, en este sentido estamos trabajando. Tenemos que dar la prioridad dar la atenci\u00f3n hospitalaria y hacer acciones encaminadas de que nuestra poblaci\u00f3n disminuya la movilidad\u201d, insisti\u00f3.<\/p>\n<p>Sin embargo, la dependencia a su cargo ni lleva un control puntual del manejo de cad\u00e1veres, ni conoce el n\u00famero de muertos fuera de hospital por enfermedades respiratorias asociadas a coronavirus, como tampoco da seguimiento puntual a familiares de los pacientes hospitalizados para frenar la propagaci\u00f3n del virus.<\/p>\n<p>Peor a\u00fan, en las cl\u00ednicas de fiebre recetan tratamiento para tos y resfriado a pacientes con s\u00edntomas de COVID-19 y no canalizan a hospitales ni aplican la prueba PCR en personas que llegan con insuficiencia respiratoria.<\/p>\n<p><img loading=\"lazy\" decoding=\"async\" data-attachment-id=\"50860\" data-permalink=\"https:\/\/www.grieta.org.mx\/index.php\/2020\/06\/12\/sin-pruebas-a-cadaveres-ni-freno-al-covid-baja-california\/coronavirustijuanafamiliares11b_01\/\" data-orig-file=\"https:\/\/www.grieta.org.mx\/wp-content\/uploads\/2020\/06\/coronavirustijuanafamiliares11b_01.jpg\" data-orig-size=\"670,447\" data-comments-opened=\"0\" data-image-meta=\"{&quot;aperture&quot;:&quot;0&quot;,&quot;credit&quot;:&quot;&quot;,&quot;camera&quot;:&quot;&quot;,&quot;caption&quot;:&quot;&quot;,&quot;created_timestamp&quot;:&quot;0&quot;,&quot;copyright&quot;:&quot;&quot;,&quot;focal_length&quot;:&quot;0&quot;,&quot;iso&quot;:&quot;0&quot;,&quot;shutter_speed&quot;:&quot;0&quot;,&quot;title&quot;:&quot;&quot;,&quot;orientation&quot;:&quot;0&quot;}\" data-image-title=\"coronavirustijuanafamiliares11b_01\" data-image-description=\"\" data-image-caption=\"\" data-medium-file=\"https:\/\/www.grieta.org.mx\/wp-content\/uploads\/2020\/06\/coronavirustijuanafamiliares11b_01-300x200.jpg\" data-large-file=\"https:\/\/www.grieta.org.mx\/wp-content\/uploads\/2020\/06\/coronavirustijuanafamiliares11b_01.jpg\" class=\"aligncenter wp-image-50860\" src=\"http:\/\/www.grieta.org.mx\/wp-content\/uploads\/2020\/06\/coronavirustijuanafamiliares11b_01.jpg\" alt=\"\" width=\"800\" height=\"534\" srcset=\"https:\/\/www.grieta.org.mx\/wp-content\/uploads\/2020\/06\/coronavirustijuanafamiliares11b_01.jpg 670w, https:\/\/www.grieta.org.mx\/wp-content\/uploads\/2020\/06\/coronavirustijuanafamiliares11b_01-300x200.jpg 300w\" sizes=\"auto, (max-width: 800px) 100vw, 800px\" \/><br \/>\nFoto: Alejandro Guti\u00e9rrez Mora\/ZETA<\/p>\n<p>EN PANDEMIA, PACIENTES MUEREN POR MIEDO: PEREZ RICO<\/p>\n<p>Esta semana, Alonso P\u00e9rez Rico admiti\u00f3 el incremento exponencial en el n\u00famero de muertes registradas durante el periodo de pandemia, pero \u201cno necesariamente es por COVID\u201d, sino por otras patolog\u00edas que las personas no se atienden \u201cpor miedo\u201d de acudir a los hospitales durante la pandemia.<\/p>\n<p>\u201cEl miedo inherente de las personas que padecen de otra patolog\u00eda compromete su vida; les limita por miedo, transporte u alguno otro factor el ir a las unidades hospitalarias, eso lo estamos viendo ahorita, nuestros metab\u00f3licos est\u00e1n descompensando, fallecen en su casa\u201d, coment\u00f3.<\/p>\n<p>Para disminuir los decesos por miedo, en BC se abrieron las cl\u00ednicas de fiebre en la entidad, en su mayor\u00eda habilitadas en los Centros de Salud ya establecidos para consulta m\u00e9dica.<\/p>\n<p>\u201cNos acercamos a la gente si tiene miedo de acudir a un hospital, les pedimos acudir a tu cl\u00ednica de fiebre\u201d, dijo el funcionario, y en forma adicional, \u201ctenemos las llamadas del gobernador\u201d, en referencia a una grabaci\u00f3n de Jaime Bonilla que se transmite por llamada telef\u00f3nica, en la que se invita al interlocutor a contestar una breve encuesta que en apariencia, busca detectar posibles casos de contagio por coronavirus.<\/p>\n<p>\u201cHola, te llama Jaime Bonilla, gobernador de Baja California. Estamos pasando los d\u00edas m\u00e1s dif\u00edciles de coronavirus, vamos a superarlo, pero no podemos bajar la guardia\u201d, inicia la llamada m\u00e1s de promoci\u00f3n de imagen que de atenci\u00f3n a la salud de la poblaci\u00f3n.<\/p>\n<p>Muestra de ello fue el ejercicio efectuado por ZETA, en el que, desde varios n\u00fameros telef\u00f3nicos, se respondi\u00f3 el cuestionario, confirmando el registro de s\u00edntomas asociados al pat\u00f3geno de SARS-CoV-2 sin que hasta el momento se haya devuelto la llamada a ninguno de los n\u00fameros registrados para un seguimiento de posible caso de COVID-19.<\/p>\n<p><img loading=\"lazy\" decoding=\"async\" data-attachment-id=\"50861\" data-permalink=\"https:\/\/www.grieta.org.mx\/index.php\/2020\/06\/12\/sin-pruebas-a-cadaveres-ni-freno-al-covid-baja-california\/coronavirustijuanaenfermeras46b_01\/\" data-orig-file=\"https:\/\/www.grieta.org.mx\/wp-content\/uploads\/2020\/06\/coronavirustijuanaenfermeras46b_01.jpg\" data-orig-size=\"670,474\" data-comments-opened=\"0\" data-image-meta=\"{&quot;aperture&quot;:&quot;0&quot;,&quot;credit&quot;:&quot;&quot;,&quot;camera&quot;:&quot;&quot;,&quot;caption&quot;:&quot;&quot;,&quot;created_timestamp&quot;:&quot;0&quot;,&quot;copyright&quot;:&quot;&quot;,&quot;focal_length&quot;:&quot;0&quot;,&quot;iso&quot;:&quot;0&quot;,&quot;shutter_speed&quot;:&quot;0&quot;,&quot;title&quot;:&quot;&quot;,&quot;orientation&quot;:&quot;0&quot;}\" data-image-title=\"coronavirustijuanaenfermeras46b_01\" data-image-description=\"\" data-image-caption=\"\" data-medium-file=\"https:\/\/www.grieta.org.mx\/wp-content\/uploads\/2020\/06\/coronavirustijuanaenfermeras46b_01-300x212.jpg\" data-large-file=\"https:\/\/www.grieta.org.mx\/wp-content\/uploads\/2020\/06\/coronavirustijuanaenfermeras46b_01.jpg\" class=\"aligncenter wp-image-50861\" src=\"http:\/\/www.grieta.org.mx\/wp-content\/uploads\/2020\/06\/coronavirustijuanaenfermeras46b_01.jpg\" alt=\"\" width=\"800\" height=\"566\" srcset=\"https:\/\/www.grieta.org.mx\/wp-content\/uploads\/2020\/06\/coronavirustijuanaenfermeras46b_01.jpg 670w, https:\/\/www.grieta.org.mx\/wp-content\/uploads\/2020\/06\/coronavirustijuanaenfermeras46b_01-300x212.jpg 300w\" sizes=\"auto, (max-width: 800px) 100vw, 800px\" \/><br \/>\nActa de defunci\u00f3n Dr. Ricardo Ramos Hern\u00e1ndez<\/p>\n<p>PACIENTE FALLECE POR DESATENCI\u00d3N EN CL\u00cdNICA DE FIEBRE DE TIJUANA<\/p>\n<p>Ram\u00f3n Ricardo Ramos Hern\u00e1ndez, doctor de profesi\u00f3n, registr\u00f3 dificultad para respirar -entre otros s\u00edntomas propios de coronavirus-, por lo que el martes 28 de abril acudi\u00f3 a la cl\u00ednica de fiebre ubicada en la colonia Mariano Matamoros, asentamiento en el que laboraba por las tardes como m\u00e9dico de un consultorio de Farmacias Similares.<\/p>\n<p>Fue acompa\u00f1ado de su esposa y sus dos hijos, ante la sospecha de que por lo menos dos integrantes de su familia pod\u00edan estar contagiados del virus.<\/p>\n<p>Un m\u00e9dico le tom\u00f3 temperatura y nivel de oxigenaci\u00f3n, pero a pesar de que su saturaci\u00f3n de ox\u00edgeno result\u00f3 de 84, un nivel muy bajo, no le hicieron la prueba PCR de COVID, aun cuando refiri\u00f3 haber atendido a cinco pacientes sospechosos de coronavirus en d\u00edas anteriores. Tampoco fue canalizado a un hospital para un tratamiento adecuado.<\/p>\n<p>Lo despacharon a su casa con una receta con tratamiento para \u201cbronquitis mal tratada\u201d.<\/p>\n<p>Ramos Hern\u00e1ndez decidi\u00f3 realizarse ese d\u00eda el examen en un laboratorio particular; sin embargo, sin que les fueran entregados los resultados, esa misma noche la familia opt\u00f3 por internarlo en el Hospital General Regional N\u00famero 1 del Instituto Mexicano del Seguro Social (IMSS).<\/p>\n<p>A las 5:40 am del jueves 30 de abril, el doctor Ram\u00f3n Ricardo falleci\u00f3, asent\u00e1ndose en el certificado de defunci\u00f3n del Seguro Social y acta de defunci\u00f3n, coronavirus como causa de enfermedad.<\/p>\n<p>El lunes 4 de mayo, al n\u00famero celular del doctor Ramos llam\u00f3 el m\u00e9dico que lo hab\u00eda atendido en la cl\u00ednica de fiebre, para preguntar c\u00f3mo segu\u00eda de la \u201cbronquitis mal tratada\u201d. La se\u00f1ora Iriley Sol\u00eds comparti\u00f3 con este Semanario que en tono molesto le respondi\u00f3: \u201cCon la atenci\u00f3n y tratamiento recibido mi esposo est\u00e1 muy bien, el s\u00e1bado lo dej\u00e9 en el pante\u00f3n\u201d.<\/p>\n<p><img loading=\"lazy\" decoding=\"async\" data-attachment-id=\"50862\" data-permalink=\"https:\/\/www.grieta.org.mx\/index.php\/2020\/06\/12\/sin-pruebas-a-cadaveres-ni-freno-al-covid-baja-california\/coronavirustijuanafamiliares10b_01\/\" data-orig-file=\"https:\/\/www.grieta.org.mx\/wp-content\/uploads\/2020\/06\/coronavirustijuanafamiliares10b_01.jpg\" data-orig-size=\"670,447\" data-comments-opened=\"0\" data-image-meta=\"{&quot;aperture&quot;:&quot;0&quot;,&quot;credit&quot;:&quot;&quot;,&quot;camera&quot;:&quot;&quot;,&quot;caption&quot;:&quot;&quot;,&quot;created_timestamp&quot;:&quot;0&quot;,&quot;copyright&quot;:&quot;&quot;,&quot;focal_length&quot;:&quot;0&quot;,&quot;iso&quot;:&quot;0&quot;,&quot;shutter_speed&quot;:&quot;0&quot;,&quot;title&quot;:&quot;&quot;,&quot;orientation&quot;:&quot;0&quot;}\" data-image-title=\"coronavirustijuanafamiliares10b_01\" data-image-description=\"\" data-image-caption=\"\" data-medium-file=\"https:\/\/www.grieta.org.mx\/wp-content\/uploads\/2020\/06\/coronavirustijuanafamiliares10b_01-300x200.jpg\" data-large-file=\"https:\/\/www.grieta.org.mx\/wp-content\/uploads\/2020\/06\/coronavirustijuanafamiliares10b_01.jpg\" class=\"aligncenter wp-image-50862\" src=\"http:\/\/www.grieta.org.mx\/wp-content\/uploads\/2020\/06\/coronavirustijuanafamiliares10b_01.jpg\" alt=\"\" width=\"800\" height=\"534\" srcset=\"https:\/\/www.grieta.org.mx\/wp-content\/uploads\/2020\/06\/coronavirustijuanafamiliares10b_01.jpg 670w, https:\/\/www.grieta.org.mx\/wp-content\/uploads\/2020\/06\/coronavirustijuanafamiliares10b_01-300x200.jpg 300w\" sizes=\"auto, (max-width: 800px) 100vw, 800px\" \/><br \/>\nFoto: Alejandro Guti\u00e9rrez Mora\/ZETA<\/p>\n<p>Entonces le pregunt\u00f3 si entonces ya era candidata para que le hicieran la prueba de COVID, a lo que el m\u00e9dico le indic\u00f3 que s\u00ed, que acudiera junto con sus hijos.<\/p>\n<p>Sin embargo, al llegar a la cl\u00ednica de fiebre no le permiten pasar, al ser identificada como la esposa del m\u00e9dico que falleci\u00f3, la intercepta una doctora que le advirti\u00f3: \u201cNo hay pruebas, se\u00f1ora, eso se le hace solamente al 10% de la poblaci\u00f3n, es la orden que tenemos\u201d.<\/p>\n<p>Finalmente, Sol\u00eds opt\u00f3 por atenderse en el Hospital \u00c1ngeles, donde le hicieron una tomograf\u00eda que dio como resultado neumon\u00eda at\u00edpica, por lo que recibi\u00f3 tratamiento para coronavirus.<\/p>\n<p>\u201cHa muerto mucha gente por una mala pr\u00e1ctica m\u00e9dica, mal diagnosticados, mal tratados, no hay un seguimiento ni una responsabilidad\u201d, lament\u00f3 la viuda del m\u00e9dico. Hizo un llamado a trav\u00e9s de este medio para contactar con los familiares de otros doctores que atendiendo en consultorios de Fundaci\u00f3n Best de Farmacias Similares, han enfermado o fallecido por coronavirus.<\/p>\n<p>\u201cMi esposo labor\u00f3 diez a\u00f1os con ellos, sin prestaci\u00f3n m\u00e9dica ni nada, y ni siquiera una indemnizaci\u00f3n o ayuda recibimos cuando muri\u00f3, tuvimos que pasar la charola en los colegios m\u00e9dicos para solventar los gastos\u201d, anot\u00f3.<\/p>\n<p>El presidente del Colegio M\u00e9dico de Tijuana, Abraham S\u00e1nchez Frehem, se\u00f1al\u00f3 que por lo menos cuatro m\u00e9dicos generales que atend\u00edan en consultorios de farmacias de Tijuana fallecieron por COVID-19 y un n\u00famero similar padece s\u00edntomas por la misma causa.<\/p>\n<p>Cuestionado al respecto, el doctor Alonso P\u00e9rez Rico dijo no tener registro de alg\u00fan deceso de personal m\u00e9dico de consultorio de farmacias por coronavirus, y acus\u00f3 de falsa la aseveraci\u00f3n del doctor S\u00e1nchez.<\/p>\n<p>El caso del doctor Ram\u00f3n Ricardo Ramos Hern\u00e1ndez, documentado por ZETA, da la raz\u00f3n al presidente del Colegio M\u00e9dico de Tijuana.<\/p>\n<p><img loading=\"lazy\" decoding=\"async\" data-attachment-id=\"50863\" data-permalink=\"https:\/\/www.grieta.org.mx\/index.php\/2020\/06\/12\/sin-pruebas-a-cadaveres-ni-freno-al-covid-baja-california\/coronavirustijuanaenfermeras45b_01\/\" data-orig-file=\"https:\/\/www.grieta.org.mx\/wp-content\/uploads\/2020\/06\/coronavirustijuanaenfermeras45b_01.jpg\" data-orig-size=\"422,670\" data-comments-opened=\"0\" data-image-meta=\"{&quot;aperture&quot;:&quot;0&quot;,&quot;credit&quot;:&quot;&quot;,&quot;camera&quot;:&quot;&quot;,&quot;caption&quot;:&quot;&quot;,&quot;created_timestamp&quot;:&quot;0&quot;,&quot;copyright&quot;:&quot;&quot;,&quot;focal_length&quot;:&quot;0&quot;,&quot;iso&quot;:&quot;0&quot;,&quot;shutter_speed&quot;:&quot;0&quot;,&quot;title&quot;:&quot;&quot;,&quot;orientation&quot;:&quot;0&quot;}\" data-image-title=\"coronavirustijuanaenfermeras45b_01\" data-image-description=\"\" data-image-caption=\"\" data-medium-file=\"https:\/\/www.grieta.org.mx\/wp-content\/uploads\/2020\/06\/coronavirustijuanaenfermeras45b_01-189x300.jpg\" data-large-file=\"https:\/\/www.grieta.org.mx\/wp-content\/uploads\/2020\/06\/coronavirustijuanaenfermeras45b_01.jpg\" class=\"aligncenter wp-image-50863\" src=\"http:\/\/www.grieta.org.mx\/wp-content\/uploads\/2020\/06\/coronavirustijuanaenfermeras45b_01.jpg\" alt=\"\" width=\"800\" height=\"1270\" srcset=\"https:\/\/www.grieta.org.mx\/wp-content\/uploads\/2020\/06\/coronavirustijuanaenfermeras45b_01.jpg 422w, https:\/\/www.grieta.org.mx\/wp-content\/uploads\/2020\/06\/coronavirustijuanaenfermeras45b_01-189x300.jpg 189w, https:\/\/www.grieta.org.mx\/wp-content\/uploads\/2020\/06\/coronavirustijuanaenfermeras45b_01-315x500.jpg 315w\" sizes=\"auto, (max-width: 800px) 100vw, 800px\" \/><br \/>\nEn Cl\u00ednica de Fiebre dan receta de bronquitis, paciente fallece por coronavirus dos d\u00edas despu\u00e9s.<\/p>\n<p>CORONAVIRUS DESINTEGRA FAMILIA<\/p>\n<p>Amelia Ibarra falleci\u00f3 por COVID-19 el 30 de abril en el Hospital Regional N\u00famero 20 del IMSS, donde permaneci\u00f3 internada por un d\u00eda.<\/p>\n<p>Lleg\u00f3 tarde a requerir la atenci\u00f3n hospitalaria porque la doctora que la atendi\u00f3 en el consultorio de la empresa SmithMedical, donde labor\u00f3 por 13 a\u00f1os, le indic\u00f3 que su malestar se trataba de \u201cun resfriado com\u00fan\u201d.<\/p>\n<p>No le dio incapacidad, por lo que Amelia continu\u00f3 trabajando con los s\u00edntomas del virus que casi la hac\u00edan desfallecer, \u201chasta que el 29 de abril ya no aguant\u00f3, no pod\u00eda respirar, por lo que la llevamos al hospital\u201d, narr\u00f3 a ZETA su esposo Conrado Aguilar Robles.<\/p>\n<p>En ning\u00fan momento las autoridades de Salud, IMSS o de la unidad m\u00e9dica donde fue atendida Amelia, hicieron prueba a la familia para determinar si eran portadores del virus.<\/p>\n<p>D\u00edas despu\u00e9s, Fabiola, hija de Amelia y Conrado, cay\u00f3 en cama por insuficiencia respiratoria y fue trasladada a la misma cl\u00ednica del IMSS donde hab\u00edan atendido a su madre. Fabiola falleci\u00f3 el 7 de mayo.<\/p>\n<p>Dos muertes en la misma familia tampoco fueron suficientes para que las autoridades de Salud atendieran al resto de sus integrantes para detener la cadena de transmisi\u00f3n del virus SARS-CoV-2.<\/p>\n<p>A mediados de mayo, David Aguilar Ibarra, de 30 a\u00f1os, hijo de Amelia y Conrado, enferm\u00f3.<\/p>\n<p>Devastado con la p\u00e9rdida de sus dos seres queridos, Conrado se neg\u00f3 a internarlo en la cl\u00ednica del IMSS o alg\u00fan otro nosocomio p\u00fablico. \u201cNo lo quise llevar, era mi responsabilidad, pero me arriesgu\u00e9, lo sacamos adelante\u2026 lo salvamos\u201d, comparti\u00f3 el se\u00f1or Aguilar.<\/p>\n<p>Decidi\u00f3 atenderlo en la casa, con un m\u00e9dico particular que le dio seguimiento por tel\u00e9fono. \u201cRent\u00e9 ox\u00edgeno, gast\u00e9 m\u00e1s de 30 mil pesos, pero salv\u00e9 la vida de mi hijo\u201d, reiter\u00f3.<\/p>\n<p>Al mismo tiempo que su hijo, Conrado sali\u00f3 positivo a COVID-19, aunque con s\u00edntomas menos severos que el resto de su familia. David pas\u00f3 el estado cr\u00edtico de la enfermedad y actualmente sigue en recuperaci\u00f3n.<\/p>\n<p><img loading=\"lazy\" decoding=\"async\" data-attachment-id=\"50864\" data-permalink=\"https:\/\/www.grieta.org.mx\/index.php\/2020\/06\/12\/sin-pruebas-a-cadaveres-ni-freno-al-covid-baja-california\/coronavirustijuanafamiliares3b_01\/\" data-orig-file=\"https:\/\/www.grieta.org.mx\/wp-content\/uploads\/2020\/06\/coronavirustijuanafamiliares3b_01.jpg\" data-orig-size=\"670,447\" data-comments-opened=\"0\" data-image-meta=\"{&quot;aperture&quot;:&quot;0&quot;,&quot;credit&quot;:&quot;&quot;,&quot;camera&quot;:&quot;&quot;,&quot;caption&quot;:&quot;&quot;,&quot;created_timestamp&quot;:&quot;0&quot;,&quot;copyright&quot;:&quot;&quot;,&quot;focal_length&quot;:&quot;0&quot;,&quot;iso&quot;:&quot;0&quot;,&quot;shutter_speed&quot;:&quot;0&quot;,&quot;title&quot;:&quot;&quot;,&quot;orientation&quot;:&quot;0&quot;}\" data-image-title=\"coronavirustijuanafamiliares3b_01\" data-image-description=\"\" data-image-caption=\"\" data-medium-file=\"https:\/\/www.grieta.org.mx\/wp-content\/uploads\/2020\/06\/coronavirustijuanafamiliares3b_01-300x200.jpg\" data-large-file=\"https:\/\/www.grieta.org.mx\/wp-content\/uploads\/2020\/06\/coronavirustijuanafamiliares3b_01.jpg\" class=\"aligncenter wp-image-50864\" src=\"http:\/\/www.grieta.org.mx\/wp-content\/uploads\/2020\/06\/coronavirustijuanafamiliares3b_01.jpg\" alt=\"\" width=\"800\" height=\"534\" srcset=\"https:\/\/www.grieta.org.mx\/wp-content\/uploads\/2020\/06\/coronavirustijuanafamiliares3b_01.jpg 670w, https:\/\/www.grieta.org.mx\/wp-content\/uploads\/2020\/06\/coronavirustijuanafamiliares3b_01-300x200.jpg 300w\" sizes=\"auto, (max-width: 800px) 100vw, 800px\" \/><br \/>\nFoto: Alejandro Guti\u00e9rrez Mora\/ZETA<\/p>\n<p>FAMILIARES DE PACIENTES SIN SEGUIMIENTO<\/p>\n<p>En un sondeo realizado por ZETA, se pudo corroborar que, contrario a lo afirmado por el secretario de Salud de Baja California, no hay seguimiento alguno a las familias de pacientes hospitalizados como una medida que frene la cadena de trasmisi\u00f3n de contagios por coronavirus.<\/p>\n<p>Los familiares de personas hospitalizadas en los hospitales reconvertidos a COVID-19 en Tijuana, refirieron no haber tenido alg\u00fan tipo de atenci\u00f3n m\u00e9dica tras haber internado a sus enfermos.<\/p>\n<p>Fernando L\u00f3pez, taxista de la ruta Dorado-Blanco, falleci\u00f3 la tarde del domingo 7 de junio, despu\u00e9s de un mes de estar internado en el Hospital General de Tijuana, sin que a la fecha se valorara el estado de salud de su familia, como lo refiri\u00f3 su esposa Carmen Lara.<\/p>\n<p>Similar situaci\u00f3n atraviesan los hijos de la se\u00f1ora Mar\u00eda del Carmen S\u00e1nchez Bernal, internada hace dos semanas en el mismo nosocomio, al faltarle la respiraci\u00f3n y dispar\u00e1rsele los niveles de az\u00facar.<\/p>\n<p>El jueves 4 de junio, con s\u00edntomas de neumon\u00eda, Porfiria Quintero, de 77 a\u00f1os, fue transferida de la cl\u00ednica del ISSSTE al Hospital General de Tijuana. A ning\u00fan familiar le han practicado prueba de COVID ni han sido consultados si presentan alguna sintomatolog\u00eda.<\/p>\n<p>El joven V\u00edctor, de 26 a\u00f1os, fue internado el martes 2 de junio por falta de respiraci\u00f3n, tos seca, calentura y debilidad; aunque le hicieron un examen PCR, no ten\u00edan el resultado porque no hab\u00eda m\u00e9dico que lo validara, \u201cnos dijeron que como faltaba personal, no hab\u00eda quien lo firmara\u201d, expuso Ernesto Flores, t\u00edo del paciente, quien anot\u00f3 que los integrantes de su familia optaron por pagar mil 600 pesos cada uno para practicarse la prueba en un laboratorio particular.<\/p>\n<p>AUTOAISLAMIENTO, \u00daNICO TRATAMIENTO A FAMILIAS DE CONTAGIADOS<\/p>\n<p>Cuestionado sobre la falta de seguimiento a las familias y el amplio n\u00famero de familiares de pacientes hospitalizados que han enfermado por falta de seguimiento, el secretario Alonso P\u00e9rez Rico reconoci\u00f3: \u201cS\u00ed, la verdad de las cosas, COVID es una enfermedad dif\u00edcil de entender\u201d.<\/p>\n<p>Y ejemplific\u00f3:<\/p>\n<p>\u201cUn paciente puede estar bien ahorita y en un par de horas estar desaturando menor de 60, tampoco quiero decirte que vamos a hospitalizar a todos, porque es contraproducente. Por ejemplo, si no tienes una carga viral alta, ibas a desarrollar la enfermedad leve, te hospitalizo y convives con 20, 30 pacientes que tienen COVID o neumon\u00eda, entonces es un balance que tenemos que ver y tratar de evitar el patr\u00f3n, qu\u00e9 tan seguro es que te vayas a tu casa o sabes que ni modo, p\u00e1sale, eso es el tema\u201d.<\/p>\n<p>El funcionario estatal considera pr\u00e1cticamente inevitable el contagio en los n\u00facleos familiares, a raz\u00f3n que \u201cel infectado convive con sus hijos, hay comunidades donde est\u00e1 muy pegada la gente, interact\u00faan muchas personas, al presentar los s\u00edntomas estoy al lado de mi esposa y mis hijos y enfermo a todos\u201d.<\/p>\n<p>Respecto al n\u00famero de pruebas, insisti\u00f3 que al aplicarse el m\u00e9todo Centinela a nivel nacional, solo el 10% de los pacientes ambulatorios son muestreados, por lo que la recomendaci\u00f3n para los familiares es el autoaislamiento.<\/p>\n<p>Aumentan 41% muertes de COVID-19<\/p>\n<p>Mexicali, uno de los municipios m\u00e1s golpeados por la pandemia originada por la propagaci\u00f3n del coronavirus, registr\u00f3 un incremento de decesos del 41% en solo seis d\u00edas, luego que el jueves 4 de junio, reportara una cifra de 320 muertes, en comparaci\u00f3n con lo registrado el mi\u00e9rcoles 10 de junio, cuando se contabilizaron 539.<\/p>\n<p>Adem\u00e1s, la cifra de contagios durante el mismo periodo report\u00f3 un incremento del 19%, ya que pas\u00f3 de 2 mil 742 a 3 mil 353 casos, lo cual confirma que la pandemia contin\u00faa en un incremento acelerado.<\/p>\n<p>Con este escenario, se reafirma que la Capital del Estado mantiene uno de los primeros lugares a nivel nacional en materia de incidencia, lo que desdibuja las posibilidades de una pronta nueva normalidad.<\/p>\n<p>Dentro de las principales incidencias que se han reportado en la semana que concluye, enfermeras del Hospital General de Mexicali denunciaron las condiciones adversas en que trabajan y un poco de los protocolos con los que est\u00e1n laborando, al grado que -seg\u00fan Carmen Vargas, enfermera del nosocomio- ya est\u00e1n aplicando una especie de \u201cselecci\u00f3n natural\u201d, pues, sin decirlo, est\u00e1n dando prioridad de atenci\u00f3n a j\u00f3venes y enviando al \u00e1rea de Tanatolog\u00eda, en el \u00faltimo piso, a personas de la tercera edad o con alguna comorbilidad, donde reciben cuidados paliativos.<\/p>\n<p>Al respecto, el secretario de Salud, Alonso P\u00e9rez Rico, confirm\u00f3 que las personas mayores son enviadas a esa \u00e1rea, pero rechaz\u00f3 que no se les brinde atenci\u00f3n, y para refutar las acusaciones, dijo que hay personas intubadas en esta \u00e1rea.<\/p>\n<p>La enfermera, que formaba parte de un grupo que se manifest\u00f3 a las afueras del nosocomio, tambi\u00e9n reclam\u00f3 que no se les brinda suficiente equipo y est\u00e1n trabajando turnos de doce horas en las \u00e1reas COVID-19, lo que resulta sumamente complicado por el equipo que cargan y no pueden quitarse durante el turno. Adem\u00e1s, denunci\u00f3 que no cuentan con suficiente equipo.<\/p>\n<p>P\u00e9rez Rico confirm\u00f3 estos se\u00f1alamientos, pero aclar\u00f3, se est\u00e1 trabajando para reestructurar las jornadas laborales y orden\u00f3 liberar 3 mil cubre bocas con los que cuenta la dependencia.<\/p>\n<p>Esta semana iniciaron los trabajos formales para la construcci\u00f3n del Hospital M\u00f3vil del Instituto Mexicano del Seguro Social (IMSS) en el fraccionamiento Las Lomas, al Sur de Mexicali, cuya capacidad ser\u00e1 de 38 camas y estar\u00e1 listo para iniciar labores a mediados de julio.<\/p>\n<p>Sin embargo, personal del IMSS ha encontrado resistencia por parte de vecinos de comunidades aleda\u00f1as, quienes consideran, una cl\u00ednica de esta naturaleza ser\u00e1 un foco de infecci\u00f3n para la zona. Algunos colonos entrevistados incluso denunciaron que -seg\u00fan han escuchado- el inmueble es un crematorio para cad\u00e1veres de COVID-19, por lo que han emprendido acciones como juntar firmas para buscar que reubiquen la construcci\u00f3n de 720 metros cuadrados, y que ser\u00e1 convertido en un centro de terapia respiratoria.<\/p>\n<p>Adem\u00e1s de ello, la situaci\u00f3n de los polic\u00edas contin\u00faa agrav\u00e1ndose, puesto que solo en esta semana -los d\u00edas lunes 8 y mi\u00e9rcoles 10 de junio- fallecieron dos custodios del Centro de Reinserci\u00f3n Social de Mexicali (de nombres Francisco Delgado y Manuel Arce Huerta). Fuentes de la misma instituci\u00f3n refieren que por lo menos ocho agentes han fenecido durante el periodo de pandemia solo en ese penal.<\/p>\n<p>Por su parte, polic\u00edas municipales ya registran 441 agentes que forman parte del plan de contingencia, 238 sospechosos en espera de prueba, 189 casos confirmados de COVID-19 y, curiosamente, solo 77 elementos han resultado negativos a la enfermedad. Eduardo Villa Lugo<\/p>\n<p><a href=\"https:\/\/zetatijuana.com\/2020\/06\/sin-pruebas-a-cadaveres-ni-freno-al-covid\/\" target=\"_blank\" rel=\"noopener noreferrer\">https:\/\/zetatijuana.com\/2020\/06\/sin-pruebas-a-cadaveres-ni-freno-al-covid\/<\/a><\/p>\n","protected":false},"excerpt":{"rendered":"<p>Zeta Tijuana \/ Isabel Mercado. Esperando a ser atendidas a las afueras de los hospitales de la ciudad. Foto: Alejandro Guti\u00e9rrez Mora\/ZETA Incumpliendo lineamientos federales, la Secretar\u00eda de Salud de &hellip; <a href=\"https:\/\/www.grieta.org.mx\/index.php\/2020\/06\/12\/sin-pruebas-a-cadaveres-ni-freno-al-covid-baja-california\/\" class=\"more-link\">Leer m\u00e1s<\/a><\/p>\n","protected":false},"author":2,"featured_media":50858,"comment_status":"closed","ping_status":"closed","sticky":false,"template":"","format":"standard","meta":{"ngg_post_thumbnail":0,"_jetpack_newsletter_access":"","_jetpack_dont_email_post_to_subs":false,"_jetpack_newsletter_tier_id":0,"_jetpack_memberships_contains_paywalled_content":false,"_jetpack_memberships_contains_paid_content":false,"footnotes":""},"categories":[5,80,3263,2438,2],"tags":[],"class_list":["post-50857","post","type-post","status-publish","format-standard","has-post-thumbnail","hentry","category-baja-california","category-cintillo","category-crisis-covid-19-en-baja-california","category-crisis-del-sector-salud-en-baja-california","category-noticias-nacionales","entry"],"jetpack_featured_media_url":"https:\/\/www.grieta.org.mx\/wp-content\/uploads\/2020\/06\/coronavirustijuanafamiliares6b_01.jpg","jetpack_sharing_enabled":true,"jetpack_shortlink":"https:\/\/wp.me\/p7ZJR4-deh","jetpack_likes_enabled":false,"jetpack-related-posts":[{"id":48132,"url":"https:\/\/www.grieta.org.mx\/index.php\/2020\/04\/22\/baja-california-suma-60-contagios-de-covid-19-en-trabajadores-de-maquilas-en-tijuana-baja-california\/","url_meta":{"origin":50857,"position":0},"title":"Baja California suma 60 contagios de COVID-19 en trabajadores de maquilas en Tijuana","author":"grieta","date":"22 abril, 2020","format":false,"excerpt":"Sin Embargo \/ Redacci\u00f3n. Las personas contagiadas laboran en empresas instaladas en Tijuana. Foto: Zeta. Los 60 trabajadores enfermos laboran en empresas instaladas en el municipio de Tijuana, mismas ya que son supervisadas. Por Isabel Mercado. Tijuana, Baja California, 22 de abril (Zeta).\u2013 El n\u00famero contagiaos por COVID-19 en m\u00e9dicos\u2026","rel":"","context":"En &quot;Baja California&quot;","block_context":{"text":"Baja California","link":"https:\/\/www.grieta.org.mx\/index.php\/category\/noticias-nacionales\/baja-california\/"},"img":{"alt_text":"","src":"https:\/\/i0.wp.com\/www.grieta.org.mx\/wp-content\/uploads\/2020\/04\/photo4974342478853417218-1.jpg?resize=350%2C200&ssl=1","width":350,"height":200,"srcset":"https:\/\/i0.wp.com\/www.grieta.org.mx\/wp-content\/uploads\/2020\/04\/photo4974342478853417218-1.jpg?resize=350%2C200&ssl=1 1x, https:\/\/i0.wp.com\/www.grieta.org.mx\/wp-content\/uploads\/2020\/04\/photo4974342478853417218-1.jpg?resize=525%2C300&ssl=1 1.5x, https:\/\/i0.wp.com\/www.grieta.org.mx\/wp-content\/uploads\/2020\/04\/photo4974342478853417218-1.jpg?resize=700%2C400&ssl=1 2x, https:\/\/i0.wp.com\/www.grieta.org.mx\/wp-content\/uploads\/2020\/04\/photo4974342478853417218-1.jpg?resize=1050%2C600&ssl=1 3x"},"classes":[]},{"id":50179,"url":"https:\/\/www.grieta.org.mx\/index.php\/2020\/05\/29\/500-pruebas-de-covid-19-para-cefereso-2-baja-california\/","url_meta":{"origin":50857,"position":1},"title":"500 pruebas de COVID-19 para CEFERESO 2 (Baja California)","author":"grieta","date":"29 mayo, 2020","format":false,"excerpt":"Zeta Tijuana \/ Luis Carlos S\u00e1inz. Surte efecto la presi\u00f3n de reclusos y organismos supervisores de derechos humanos Luego de registrarse 37 contagios y tres decesos en el Centro Federal de Readaptaci\u00f3n Social (CEFERESO) n\u00famero 2, autoridades federales obtuvieron del Gobierno del Estado de Jalisco la pr\u00e1ctica de 500 pruebas\u2026","rel":"","context":"En &quot;Baja California&quot;","block_context":{"text":"Baja California","link":"https:\/\/www.grieta.org.mx\/index.php\/category\/noticias-nacionales\/baja-california\/"},"img":{"alt_text":"","src":"https:\/\/i0.wp.com\/www.grieta.org.mx\/wp-content\/uploads\/2018\/03\/14524434_1106112876131411_958039263622046936_o.jpg?resize=350%2C200&ssl=1","width":350,"height":200,"srcset":"https:\/\/i0.wp.com\/www.grieta.org.mx\/wp-content\/uploads\/2018\/03\/14524434_1106112876131411_958039263622046936_o.jpg?resize=350%2C200&ssl=1 1x, https:\/\/i0.wp.com\/www.grieta.org.mx\/wp-content\/uploads\/2018\/03\/14524434_1106112876131411_958039263622046936_o.jpg?resize=525%2C300&ssl=1 1.5x, https:\/\/i0.wp.com\/www.grieta.org.mx\/wp-content\/uploads\/2018\/03\/14524434_1106112876131411_958039263622046936_o.jpg?resize=700%2C400&ssl=1 2x"},"classes":[]},{"id":48135,"url":"https:\/\/www.grieta.org.mx\/index.php\/2020\/04\/23\/60-trabajadores-de-maquiladoras-de-tijuana-han-dado-positivo-a-coronavirus-el-contagio-en-el-personal-de-salud-de-baja-california-aumento-a-80\/","url_meta":{"origin":50857,"position":2},"title":"60 trabajadores de maquiladoras de Tijuana han dado positivo a coronavirus; el contagio en el personal de salud de Baja California aument\u00f3 a 80","author":"grieta","date":"23 abril, 2020","format":false,"excerpt":"Zeta Tijuana \/ Isabel Mercado. El n\u00famero contagiaos por COVID-19 en m\u00e9dicos y enfermeras de los hospitales de Baja California contin\u00faa en aumento, sumando hasta la fecha un total de 80, al igual que en las maquilas de Tijuana, sector que registra 60 casos positivos de coronavirus, dio a conocer\u2026","rel":"","context":"En &quot;Baja California&quot;","block_context":{"text":"Baja California","link":"https:\/\/www.grieta.org.mx\/index.php\/category\/noticias-nacionales\/baja-california\/"},"img":{"alt_text":"","src":"https:\/\/i0.wp.com\/www.grieta.org.mx\/wp-content\/uploads\/2020\/04\/WhatsApp-Image-2020-04-21-at-12.41.22.jpeg?resize=350%2C200&ssl=1","width":350,"height":200,"srcset":"https:\/\/i0.wp.com\/www.grieta.org.mx\/wp-content\/uploads\/2020\/04\/WhatsApp-Image-2020-04-21-at-12.41.22.jpeg?resize=350%2C200&ssl=1 1x, https:\/\/i0.wp.com\/www.grieta.org.mx\/wp-content\/uploads\/2020\/04\/WhatsApp-Image-2020-04-21-at-12.41.22.jpeg?resize=525%2C300&ssl=1 1.5x, https:\/\/i0.wp.com\/www.grieta.org.mx\/wp-content\/uploads\/2020\/04\/WhatsApp-Image-2020-04-21-at-12.41.22.jpeg?resize=700%2C400&ssl=1 2x, https:\/\/i0.wp.com\/www.grieta.org.mx\/wp-content\/uploads\/2020\/04\/WhatsApp-Image-2020-04-21-at-12.41.22.jpeg?resize=1050%2C600&ssl=1 3x"},"classes":[]},{"id":50290,"url":"https:\/\/www.grieta.org.mx\/index.php\/2020\/06\/02\/cinco-enfermeras-del-imss-se-amparan-para-recibir-equipo-de-proteccion-por-covid-19-baja-california\/","url_meta":{"origin":50857,"position":3},"title":"Cinco enfermeras del IMSS se amparan para recibir equipo de protecci\u00f3n por COVID-19 (Baja California)","author":"grieta","date":"2 junio, 2020","format":false,"excerpt":"Zeta Tijuana \/ Eduardo Villa Lugo. Un grupo de enfermeras de la cl\u00ednica 31 del Instituto Mexicano del Seguro Social (IMSS) de Mexicali, tuvo que recurrir al amparo de la justicia federal, para que se les otorgara todo el equipo de protecci\u00f3n contra el COVID-19. La demanda de amparo 350\/2020,\u2026","rel":"","context":"En &quot;Baja California&quot;","block_context":{"text":"Baja California","link":"https:\/\/www.grieta.org.mx\/index.php\/category\/noticias-nacionales\/baja-california\/"},"img":{"alt_text":"","src":"https:\/\/i0.wp.com\/www.grieta.org.mx\/wp-content\/uploads\/2018\/03\/14524434_1106112876131411_958039263622046936_o.jpg?resize=350%2C200&ssl=1","width":350,"height":200,"srcset":"https:\/\/i0.wp.com\/www.grieta.org.mx\/wp-content\/uploads\/2018\/03\/14524434_1106112876131411_958039263622046936_o.jpg?resize=350%2C200&ssl=1 1x, https:\/\/i0.wp.com\/www.grieta.org.mx\/wp-content\/uploads\/2018\/03\/14524434_1106112876131411_958039263622046936_o.jpg?resize=525%2C300&ssl=1 1.5x, https:\/\/i0.wp.com\/www.grieta.org.mx\/wp-content\/uploads\/2018\/03\/14524434_1106112876131411_958039263622046936_o.jpg?resize=700%2C400&ssl=1 2x"},"classes":[]},{"id":48912,"url":"https:\/\/www.grieta.org.mx\/index.php\/2020\/05\/03\/180-trabajadores-del-sector-salud-con-coronavirus-en-baja-california\/","url_meta":{"origin":50857,"position":4},"title":"180 trabajadores del sector salud con coronavirus en Baja California","author":"grieta","date":"3 mayo, 2020","format":false,"excerpt":"Zeta Tijuana \/ Eduardo Villa Lugo. Fotos: Cristian Torres. Un total de 180 trabajadores, m\u00e9dicos, enfermeros, personal de intendencia y empleados administrativos, de los hospitales p\u00fablicos y privados de Baja California, resultaron positivos al COVID-19, declar\u00f3 el secretario de Salud del estado, Alonso P\u00e9rez Rico, en una conferencia de prensa\u2026","rel":"","context":"En &quot;Baja California&quot;","block_context":{"text":"Baja California","link":"https:\/\/www.grieta.org.mx\/index.php\/category\/noticias-nacionales\/baja-california\/"},"img":{"alt_text":"","src":"https:\/\/i0.wp.com\/www.grieta.org.mx\/wp-content\/uploads\/2020\/05\/DE5E5C20-1F5A-4E0E-991A-122B0EFE2B2E-750x500.jpeg?resize=350%2C200&ssl=1","width":350,"height":200,"srcset":"https:\/\/i0.wp.com\/www.grieta.org.mx\/wp-content\/uploads\/2020\/05\/DE5E5C20-1F5A-4E0E-991A-122B0EFE2B2E-750x500.jpeg?resize=350%2C200&ssl=1 1x, https:\/\/i0.wp.com\/www.grieta.org.mx\/wp-content\/uploads\/2020\/05\/DE5E5C20-1F5A-4E0E-991A-122B0EFE2B2E-750x500.jpeg?resize=525%2C300&ssl=1 1.5x, https:\/\/i0.wp.com\/www.grieta.org.mx\/wp-content\/uploads\/2020\/05\/DE5E5C20-1F5A-4E0E-991A-122B0EFE2B2E-750x500.jpeg?resize=700%2C400&ssl=1 2x"},"classes":[]},{"id":49272,"url":"https:\/\/www.grieta.org.mx\/index.php\/2020\/05\/12\/brote-de-seis-empleados-positivos-por-covid-19-en-centro-de-salud-de-ensenada-baja-california\/","url_meta":{"origin":50857,"position":5},"title":"Brote de seis empleados positivos por COVID-19 en Centro de Salud de Ensenada (Baja California)","author":"grieta","date":"12 mayo, 2020","format":false,"excerpt":"Zeta Tijuana \/ Marcos A. Angulo \u00c1lvarez Se envi\u00f3 a casa al personal de salud con s\u00edntomas respiratorios para su aislamiento domiciliario y evitar as\u00ed la propagaci\u00f3n por este padecimiento. No hay ninguno hospitalizado ENSENADA. \u2013 Un brote de seis casos positivos por COVID-19 fue detectado entre empleados del Centro\u2026","rel":"","context":"En &quot;Baja California&quot;","block_context":{"text":"Baja California","link":"https:\/\/www.grieta.org.mx\/index.php\/category\/noticias-nacionales\/baja-california\/"},"img":{"alt_text":"","src":"https:\/\/i0.wp.com\/www.grieta.org.mx\/wp-content\/uploads\/2020\/05\/4C832059-8733-4BF6-90ED-1C8C1012F08C-1.jpeg?resize=350%2C200&ssl=1","width":350,"height":200,"srcset":"https:\/\/i0.wp.com\/www.grieta.org.mx\/wp-content\/uploads\/2020\/05\/4C832059-8733-4BF6-90ED-1C8C1012F08C-1.jpeg?resize=350%2C200&ssl=1 1x, https:\/\/i0.wp.com\/www.grieta.org.mx\/wp-content\/uploads\/2020\/05\/4C832059-8733-4BF6-90ED-1C8C1012F08C-1.jpeg?resize=525%2C300&ssl=1 1.5x, https:\/\/i0.wp.com\/www.grieta.org.mx\/wp-content\/uploads\/2020\/05\/4C832059-8733-4BF6-90ED-1C8C1012F08C-1.jpeg?resize=700%2C400&ssl=1 2x, https:\/\/i0.wp.com\/www.grieta.org.mx\/wp-content\/uploads\/2020\/05\/4C832059-8733-4BF6-90ED-1C8C1012F08C-1.jpeg?resize=1050%2C600&ssl=1 3x"},"classes":[]}],"_links":{"self":[{"href":"https:\/\/www.grieta.org.mx\/index.php\/wp-json\/wp\/v2\/posts\/50857","targetHints":{"allow":["GET"]}}],"collection":[{"href":"https:\/\/www.grieta.org.mx\/index.php\/wp-json\/wp\/v2\/posts"}],"about":[{"href":"https:\/\/www.grieta.org.mx\/index.php\/wp-json\/wp\/v2\/types\/post"}],"author":[{"embeddable":true,"href":"https:\/\/www.grieta.org.mx\/index.php\/wp-json\/wp\/v2\/users\/2"}],"replies":[{"embeddable":true,"href":"https:\/\/www.grieta.org.mx\/index.php\/wp-json\/wp\/v2\/comments?post=50857"}],"version-history":[{"count":1,"href":"https:\/\/www.grieta.org.mx\/index.php\/wp-json\/wp\/v2\/posts\/50857\/revisions"}],"predecessor-version":[{"id":50865,"href":"https:\/\/www.grieta.org.mx\/index.php\/wp-json\/wp\/v2\/posts\/50857\/revisions\/50865"}],"wp:featuredmedia":[{"embeddable":true,"href":"https:\/\/www.grieta.org.mx\/index.php\/wp-json\/wp\/v2\/media\/50858"}],"wp:attachment":[{"href":"https:\/\/www.grieta.org.mx\/index.php\/wp-json\/wp\/v2\/media?parent=50857"}],"wp:term":[{"taxonomy":"category","embeddable":true,"href":"https:\/\/www.grieta.org.mx\/index.php\/wp-json\/wp\/v2\/categories?post=50857"},{"taxonomy":"post_tag","embeddable":true,"href":"https:\/\/www.grieta.org.mx\/index.php\/wp-json\/wp\/v2\/tags?post=50857"}],"curies":[{"name":"wp","href":"https:\/\/api.w.org\/{rel}","templated":true}]}}