{"id":50840,"date":"2020-06-12T10:22:19","date_gmt":"2020-06-12T15:22:19","guid":{"rendered":"http:\/\/www.grieta.org.mx\/?p=50840"},"modified":"2020-06-14T10:38:40","modified_gmt":"2020-06-14T15:38:40","slug":"la-sep-lleva-5-meses-sin-pagar-salarios-a-facilitadores-y-tutores-de-prepa-en-linea","status":"publish","type":"post","link":"https:\/\/www.grieta.org.mx\/index.php\/2020\/06\/12\/la-sep-lleva-5-meses-sin-pagar-salarios-a-facilitadores-y-tutores-de-prepa-en-linea\/","title":{"rendered":"La SEP lleva 5 meses sin pagar salarios a facilitadores y tutores de Prepa en l\u00ednea"},"content":{"rendered":"<p><img loading=\"lazy\" decoding=\"async\" data-attachment-id=\"50841\" data-permalink=\"https:\/\/www.grieta.org.mx\/index.php\/2020\/06\/12\/la-sep-lleva-5-meses-sin-pagar-salarios-a-facilitadores-y-tutores-de-prepa-en-linea\/con-clases-virtuales-y-trabajos-durante-sesiones-en-linea-es-como-el-profesor-bertin-valadez-y-muchos-mas-festejara-en-su-dia\/\" data-orig-file=\"https:\/\/www.grieta.org.mx\/wp-content\/uploads\/2020\/06\/sep-meses-pago-tutores-prepa-en-linea.jpeg\" data-orig-size=\"960,500\" data-comments-opened=\"0\" data-image-meta=\"{&quot;aperture&quot;:&quot;0&quot;,&quot;credit&quot;:&quot;Rogelio Morales&quot;,&quot;camera&quot;:&quot;&quot;,&quot;caption&quot;:&quot;CIUDAD DE MEXICO, 14MAYO2020.- Bert\\u00edn Valad\\u00e9z, docente de nivel licenciatura y maestr\\u00eda  de la Universidad Latina y Universidad Tecnol\\u00f3gica Latinoamericana en materias como; teor\\u00edas de la comunicaci\\u00f3n y seminario de tesis con 7 a\\u00f1os de experiencia, da clases virtuales por la emergencia sanitaria que vive el mundo y que obliga a estudiantes y docentes a tomar clases desde casa. Con aplicaciones y programas el profesor Bert\\u00edn evaluar\\u00e1 a poco m\\u00e1s de 70 universitarios. En el marco de la celebraci\\u00f3n del D\\u00eda del Maestro los profesores tendr\\u00e1n un festejo distinto al de a\\u00f1os pasados, esta vez ser\\u00e1 desde casa y algunos mientras dan clases frente a una computadora.\\nROGELIO MORALES \/CUARTOSCURO.COM&quot;,&quot;created_timestamp&quot;:&quot;1589463455&quot;,&quot;copyright&quot;:&quot;Rogelio Morales @Cuartoscuro&quot;,&quot;focal_length&quot;:&quot;0&quot;,&quot;iso&quot;:&quot;0&quot;,&quot;shutter_speed&quot;:&quot;0&quot;,&quot;title&quot;:&quot;Con clases virtuales y trabajos durante sesiones en l\\u00ednea es como el profesor Bert\\u00edn Valadez y muchos m\\u00e1s festejar\\u00e1 en su d\\u00eda.&quot;,&quot;orientation&quot;:&quot;1&quot;}\" data-image-title=\"Con clases virtuales y trabajos durante sesiones en l\u00ednea es como el profesor Bert\u00edn Valadez y muchos m\u00e1s festejar\u00e1 en su d\u00eda.\" data-image-description=\"\" data-image-caption=\"&lt;p&gt;CIUDAD DE MEXICO, 14MAYO2020.- Bert\u00edn Valad\u00e9z, docente de nivel licenciatura y maestr\u00eda  de la Universidad Latina y Universidad Tecnol\u00f3gica Latinoamericana en materias como; teor\u00edas de la comunicaci\u00f3n y seminario de tesis con 7 a\u00f1os de experiencia, da clases virtuales por la emergencia sanitaria que vive el mundo y que obliga a estudiantes y docentes a tomar clases desde casa. Con aplicaciones y programas el profesor Bert\u00edn evaluar\u00e1 a poco m\u00e1s de 70 universitarios. En el marco de la celebraci\u00f3n del D\u00eda del Maestro los profesores tendr\u00e1n un festejo distinto al de a\u00f1os pasados, esta vez ser\u00e1 desde casa y algunos mientras dan clases frente a una computadora.&lt;br \/&gt;\nROGELIO MORALES \/CUARTOSCURO.COM&lt;\/p&gt;\n\" data-medium-file=\"https:\/\/www.grieta.org.mx\/wp-content\/uploads\/2020\/06\/sep-meses-pago-tutores-prepa-en-linea-300x156.jpeg\" data-large-file=\"https:\/\/www.grieta.org.mx\/wp-content\/uploads\/2020\/06\/sep-meses-pago-tutores-prepa-en-linea.jpeg\" class=\" wp-image-50841 aligncenter\" src=\"http:\/\/www.grieta.org.mx\/wp-content\/uploads\/2020\/06\/sep-meses-pago-tutores-prepa-en-linea.jpeg\" alt=\"\" width=\"799\" height=\"416\" srcset=\"https:\/\/www.grieta.org.mx\/wp-content\/uploads\/2020\/06\/sep-meses-pago-tutores-prepa-en-linea.jpeg 960w, https:\/\/www.grieta.org.mx\/wp-content\/uploads\/2020\/06\/sep-meses-pago-tutores-prepa-en-linea-300x156.jpeg 300w, https:\/\/www.grieta.org.mx\/wp-content\/uploads\/2020\/06\/sep-meses-pago-tutores-prepa-en-linea-768x400.jpeg 768w\" sizes=\"auto, (max-width: 799px) 100vw, 799px\" \/><\/p>\n<p>Foto: Cuartoscuro<\/p>\n<p>Nayeli Rold\u00e1n\/ Animal Pol\u00edtico<\/p>\n<p>Cuando Isabel del Castillo, de 33 a\u00f1os, fue aceptada como facilitadora en el programa\u00a0Prepa en L\u00ednea\u00a0en 2016 no sab\u00eda que la ense\u00f1anza le gustar\u00eda tanto que terminar\u00eda estudiando una maestr\u00eda en docencia, pese a que ella era licenciada en Derecho. Pero contrario a la satisfacci\u00f3n personal, la incertidumbre laboral por parte de la Secretar\u00eda de Educaci\u00f3n P\u00fablica (SEP) ha sido una constante.<\/p>\n<p>La SEP encabeza el programa de\u00a0<strong>Prepa en L\u00ednea<\/strong>\u00a0desde 2014 que busc\u00f3 ser una opci\u00f3n para que j\u00f3venes y adultos pudieran estudiar el nivel medio superior de manera no presencial. Esto eliminar\u00eda los ex\u00e1menes de admisi\u00f3n como requisito para ingresar a una instituci\u00f3n de bachillerato y, al ser educaci\u00f3n a distancia, permit\u00eda a los estudiantes tomar las clases en el momento que les fuera posible.<\/p>\n<p>Si bien el programa est\u00e1 por cumplir seis a\u00f1os y hasta 2019 ten\u00eda 147 mil 180 estudiantes activos, de los que 38.6% son hombres y 61.4% mujeres, la situaci\u00f3n de quienes apoyan a los estudiantes a mejorar su aprendizaje en l\u00ednea no ha mejorado y este a\u00f1o, incluso, empeor\u00f3 porque suman cinco meses sin pago.<\/p>\n<p>Al inicio del programa, la SEP a\u00fan los ten\u00eda registrados en honorarios asimilados y los pagos proven\u00edan directamente de la dependencia e incluso ten\u00edan seguridad social, como se estableci\u00f3 en el modelo original impulsado por el exsubsecretario de Educaci\u00f3n Media Superior, Rodolfo Tuir\u00e1n.<\/p>\n<p>Pero a partir de 2016, la SEP decidi\u00f3 que el Centro de Investigaci\u00f3n y de Estudios Avanzados del IPN (CINVESTAV) donde operaba el programa en materia tecnol\u00f3gica, tambi\u00e9n se hiciera cargo de organizar una licitaci\u00f3n para contratar a una empresa que se har\u00eda cargo del personal, es decir, implementar un modelo de\u00a0<em>outsourcing<\/em>.<\/p>\n<p>Isabel del Castillo explica que cada a\u00f1o hay un retraso de dos o tres meses en el pago de su salario por cada m\u00f3dulo impartido debido a que la SEP se tarda ese tiempo en contratar a una empresa que se har\u00e1 cargo de hacer los contratos y pagar a los tutores y facilitadores.<\/p>\n<p>Esto significa que la SEP y los facilitadores, en este modelo ejercen la funci\u00f3n docente, y los tutores, con actividad psicopedag\u00f3gica, no tienen ninguna relaci\u00f3n laboral y, por ende, carecen de prestaciones o antig\u00fcedad como el resto de profesores del sistema educativo p\u00fablico.<\/p>\n<p>Durante el primer trimestre de cada a\u00f1o se lanza y concreta la licitaci\u00f3n para la contrataci\u00f3n de la empresa de\u00a0<em>outsourcing<\/em>\u00a0que luego contrata y dispersa los pagos de los tutores y facilitadores que asciende a 9,800 pesos mensuales, correspondiente a un m\u00f3dulo.<\/p>\n<p>Sin embargo, este a\u00f1o, Ren\u00e9 Bello S\u00e1nchez, director administrativo de Prepa en L\u00ednea, inform\u00f3 que no se hab\u00eda podido ejercer los recursos debido al\u00a0decreto de austeridad que mandata a toda la administraci\u00f3n p\u00fablica a recortar 75% del presupuesto de servicios generales\u00a0como medida para obtener recursos y afrontar la pandemia de COVID-19.<\/p>\n<p>Pese a que no han recibido pago, los m\u00e1s de mil facilitadores y tutores en activo no han suspendido su labor en el programa que cada vez tiene a m\u00e1s estudiantes inscritos. Los grupos pasaron de tener 50 alumnos a sumar 100, y cada uno entrega 2 trabajos a la semana, lo que implica que cada facilitador revisa 200 trabajos semanales.<\/p>\n<p>Mariana, a quien se le ha cambiado el nombre por temor a represalias, dice que los facilitadores trabajan 110 horas en promedio al mes, tiempo que es contabilizado en la plataforma, pero tambi\u00e9n hay labores fuera de ella que no les es retribuido. Dicha labor \u201cno se compensa en salud f\u00edsica ni emocional y menos econ\u00f3mica\u201d, lamenta, pero en contraste al maltrato laboral, trabajar con alumnos que tienen 14 a\u00f1os y hasta 80 y conocer sus historias es inspirador, dice.<\/p>\n<p>De hecho, de acuerdo a cifras oficiales 50.8% de los estudiantes son j\u00f3venes entre 13 y 29 a\u00f1os y 49.2% adultos de 30 o m\u00e1s a\u00f1os; adem\u00e1s, 59.6% del total tienen hijos.<\/p>\n<p>Este no es el primer atentado contra el Programa, la Federaci\u00f3n quer\u00eda asignarle 98% menos presupuesto para 2020, lo que pr\u00e1cticamente significaba su extinci\u00f3n porque no pudo haber operado con s\u00f3lo 6 millones de pesos que se estaba previendo.<\/p>\n<p>Gracias a los reclamos de estudiantes y a la presi\u00f3n de los facilitadores y tutores, lograron que el Legislativo aumentara el presupuesto a 220 millones de pesos y el programa subsisti\u00f3 para este a\u00f1o, aunque los docentes siguen sin paga.<\/p>\n<p><a href=\"https:\/\/www.animalpolitico.com\/2020\/06\/sep-meses-pago-tutores-prepa-en-linea\/\">https:\/\/www.animalpolitico.com\/2020\/06\/sep-meses-pago-tutores-prepa-en-linea\/<\/a><\/p>\n","protected":false},"excerpt":{"rendered":"<p>Foto: Cuartoscuro Nayeli Rold\u00e1n\/ Animal Pol\u00edtico Cuando Isabel del Castillo, de 33 a\u00f1os, fue aceptada como facilitadora en el programa\u00a0Prepa en L\u00ednea\u00a0en 2016 no sab\u00eda que la ense\u00f1anza le gustar\u00eda &hellip; <a href=\"https:\/\/www.grieta.org.mx\/index.php\/2020\/06\/12\/la-sep-lleva-5-meses-sin-pagar-salarios-a-facilitadores-y-tutores-de-prepa-en-linea\/\" class=\"more-link\">Leer m\u00e1s<\/a><\/p>\n","protected":false},"author":2,"featured_media":50841,"comment_status":"closed","ping_status":"closed","sticky":false,"template":"","format":"standard","meta":{"ngg_post_thumbnail":0,"_jetpack_newsletter_access":"","_jetpack_dont_email_post_to_subs":false,"_jetpack_newsletter_tier_id":0,"_jetpack_memberships_contains_paywalled_content":false,"_jetpack_memberships_contains_paid_content":false,"footnotes":""},"categories":[80,916,2,83],"tags":[3454,3217,2580,3222],"class_list":["post-50840","post","type-post","status-publish","format-standard","has-post-thumbnail","hentry","category-cintillo","category-privatizacion-del-la-educacion-publica","category-noticias-nacionales","category-temas-nacionales","tag-crisis-de-la-educacion-publica","tag-falta-de-pagos-a-maestros","tag-precarizacion-laboral","tag-trabajo-precario","entry"],"jetpack_featured_media_url":"https:\/\/www.grieta.org.mx\/wp-content\/uploads\/2020\/06\/sep-meses-pago-tutores-prepa-en-linea.jpeg","jetpack_sharing_enabled":true,"jetpack_shortlink":"https:\/\/wp.me\/p7ZJR4-de0","jetpack_likes_enabled":false,"jetpack-related-posts":[{"id":41002,"url":"https:\/\/www.grieta.org.mx\/index.php\/2019\/11\/05\/exigen-mas-presupuesto-para-prepa-en-linea-tras-recorte-de-97-5-ciudad-de-mexico\/","url_meta":{"origin":50840,"position":0},"title":"Exigen m\u00e1s presupuesto para Prepa en L\u00ednea tras recorte de 97.5% (Ciudad de M\u00e9xico)","author":"grieta","date":"5 noviembre, 2019","format":false,"excerpt":"Miguel \u00c1ngel Bravo \/ Publimetro M\u00e1s de 140 mil alumnos y tres mil profesores se ver\u00e1n afectados por el recorte al presupuesto de este programa en 2020. Integrantes de la Comisi\u00f3n Nacional de Educaci\u00f3n exigieron al Poder Legislativo a no recortar el presupuesto para el programa Prepa en L\u00ednea, el\u2026","rel":"","context":"En &quot;CINTILLO&quot;","block_context":{"text":"CINTILLO","link":"https:\/\/www.grieta.org.mx\/index.php\/category\/cintillo\/"},"img":{"alt_text":"","src":"https:\/\/i0.wp.com\/www.grieta.org.mx\/wp-content\/uploads\/2019\/11\/Exigen-m%C3%A1s-presupuesto-para-Prepa-en-L%C3%ADnea-tras-recorte-de-97.5-cdmx-nov.jpg?resize=350%2C200&ssl=1","width":350,"height":200,"srcset":"https:\/\/i0.wp.com\/www.grieta.org.mx\/wp-content\/uploads\/2019\/11\/Exigen-m%C3%A1s-presupuesto-para-Prepa-en-L%C3%ADnea-tras-recorte-de-97.5-cdmx-nov.jpg?resize=350%2C200&ssl=1 1x, https:\/\/i0.wp.com\/www.grieta.org.mx\/wp-content\/uploads\/2019\/11\/Exigen-m%C3%A1s-presupuesto-para-Prepa-en-L%C3%ADnea-tras-recorte-de-97.5-cdmx-nov.jpg?resize=525%2C300&ssl=1 1.5x, https:\/\/i0.wp.com\/www.grieta.org.mx\/wp-content\/uploads\/2019\/11\/Exigen-m%C3%A1s-presupuesto-para-Prepa-en-L%C3%ADnea-tras-recorte-de-97.5-cdmx-nov.jpg?resize=700%2C400&ssl=1 2x, https:\/\/i0.wp.com\/www.grieta.org.mx\/wp-content\/uploads\/2019\/11\/Exigen-m%C3%A1s-presupuesto-para-Prepa-en-L%C3%ADnea-tras-recorte-de-97.5-cdmx-nov.jpg?resize=1050%2C600&ssl=1 3x"},"classes":[]},{"id":41403,"url":"https:\/\/www.grieta.org.mx\/index.php\/2019\/11\/11\/deja-federacion-sin-sueldo-a-asesores-de-prepa-en-linea-de-tamaulipas\/","url_meta":{"origin":50840,"position":1},"title":"Deja federaci\u00f3n sin sueldo a asesores de Prepa en L\u00ednea de Tamaulipas","author":"grieta","date":"11 noviembre, 2019","format":false,"excerpt":"Lupita \u00c1lvarez\/Gaceta 11 noviembre 2019 Cd. Victoria, Tamaulipas.- La Subsecretar\u00eda de Educaci\u00f3n Media Superior y Superior del estado lament\u00f3 que la federaci\u00f3n tenga suspendido los sueldos a los asesores de la Prepa en L\u00ednea, no obstante que en esta materia la matr\u00edcula en Tamaulipas creci\u00f3 en casi un 300 por\u2026","rel":"","context":"En &quot;CINTILLO&quot;","block_context":{"text":"CINTILLO","link":"https:\/\/www.grieta.org.mx\/index.php\/category\/cintillo\/"},"img":{"alt_text":"","src":"https:\/\/i0.wp.com\/www.grieta.org.mx\/wp-content\/uploads\/2019\/11\/TINOCO-300x173.jpg?resize=350%2C200","width":350,"height":200},"classes":[]},{"id":41139,"url":"https:\/\/www.grieta.org.mx\/index.php\/2019\/11\/15\/encapuchados-toman-instalaciones-de-prepa-3-denuncia-acoso-sexual-ciudad-de-mexico\/","url_meta":{"origin":50840,"position":2},"title":"Encapuchados toman instalaciones de Prepa 3; denuncia acoso sexual (Ciudad de M\u00e9xico)","author":"grieta","date":"15 noviembre, 2019","format":false,"excerpt":"Vanessa Solis \/ El Sol de M\u00e9xico Alumnos del plantel exigen la renuncia de docentes que presuntamente acosan a las alumnas Mujeres encapuchadas tomaron las instalaciones de les Escuela Nacional Preparatoria n\u00famero 3 de la UNAM, esto para exigir la renuncia de profesores que acosan a las alumnas. A trav\u00e9s\u2026","rel":"","context":"En &quot;CINTILLO&quot;","block_context":{"text":"CINTILLO","link":"https:\/\/www.grieta.org.mx\/index.php\/category\/cintillo\/"},"img":{"alt_text":"","src":"https:\/\/i0.wp.com\/www.grieta.org.mx\/wp-content\/uploads\/2019\/11\/Encapuchados-toman-instalaciones-de-Prepa-3-denuncia-acoso-sexual-cdmx-nov.png?resize=350%2C200&ssl=1","width":350,"height":200,"srcset":"https:\/\/i0.wp.com\/www.grieta.org.mx\/wp-content\/uploads\/2019\/11\/Encapuchados-toman-instalaciones-de-Prepa-3-denuncia-acoso-sexual-cdmx-nov.png?resize=350%2C200&ssl=1 1x, https:\/\/i0.wp.com\/www.grieta.org.mx\/wp-content\/uploads\/2019\/11\/Encapuchados-toman-instalaciones-de-Prepa-3-denuncia-acoso-sexual-cdmx-nov.png?resize=525%2C300&ssl=1 1.5x, https:\/\/i0.wp.com\/www.grieta.org.mx\/wp-content\/uploads\/2019\/11\/Encapuchados-toman-instalaciones-de-Prepa-3-denuncia-acoso-sexual-cdmx-nov.png?resize=700%2C400&ssl=1 2x"},"classes":[]},{"id":43990,"url":"https:\/\/www.grieta.org.mx\/index.php\/2020\/02\/06\/alumnos-de-la-prepa-4-de-la-unam-se-van-a-paro-de-48-horas-ciudad-de-mexico\/","url_meta":{"origin":50840,"position":3},"title":"Alumnos de la Prepa 4 de la UNAM se van a paro de 48 horas (Ciudad de M\u00e9xico)","author":"grieta","date":"6 febrero, 2020","format":false,"excerpt":"Foto: @ANDYGARCIA_13 Diario de M\u00e9xico La Secretar\u00eda de Asuntos Escolares del recinto educativo detall\u00f3 que la decisi\u00f3n se tom\u00f3 tras una votaci\u00f3n entre la comunidad estudiantil Ciudad de M\u00e9xico.- Estudiantes de la Escuela Nacional Preparatoria n\u00famero 4 'Vidal Casta\u00f1eda y N\u00e1jera' anunci\u00f3 este jueves un paro de 48 horas. A\u2026","rel":"","context":"En &quot;CINTILLO&quot;","block_context":{"text":"CINTILLO","link":"https:\/\/www.grieta.org.mx\/index.php\/category\/cintillo\/"},"img":{"alt_text":"","src":"https:\/\/i0.wp.com\/www.grieta.org.mx\/wp-content\/uploads\/2020\/02\/Alumnos-de-la-Prepa-4-de-la-UNAM-se-van-a-paro-de-48-horas-cdmx-feb.jpg?resize=350%2C200&ssl=1","width":350,"height":200,"srcset":"https:\/\/i0.wp.com\/www.grieta.org.mx\/wp-content\/uploads\/2020\/02\/Alumnos-de-la-Prepa-4-de-la-UNAM-se-van-a-paro-de-48-horas-cdmx-feb.jpg?resize=350%2C200&ssl=1 1x, https:\/\/i0.wp.com\/www.grieta.org.mx\/wp-content\/uploads\/2020\/02\/Alumnos-de-la-Prepa-4-de-la-UNAM-se-van-a-paro-de-48-horas-cdmx-feb.jpg?resize=525%2C300&ssl=1 1.5x, https:\/\/i0.wp.com\/www.grieta.org.mx\/wp-content\/uploads\/2020\/02\/Alumnos-de-la-Prepa-4-de-la-UNAM-se-van-a-paro-de-48-horas-cdmx-feb.jpg?resize=700%2C400&ssl=1 2x, https:\/\/i0.wp.com\/www.grieta.org.mx\/wp-content\/uploads\/2020\/02\/Alumnos-de-la-Prepa-4-de-la-UNAM-se-van-a-paro-de-48-horas-cdmx-feb.jpg?resize=1050%2C600&ssl=1 3x"},"classes":[]},{"id":43872,"url":"https:\/\/www.grieta.org.mx\/index.php\/2020\/01\/29\/estudiantes-entregan-prepa-7-luego-de-dos-meses-de-paro-ciudad-de-mexico\/","url_meta":{"origin":50840,"position":4},"title":"Estudiantes entregan Prepa 7 luego de dos meses de paro (Ciudad de M\u00e9xico)","author":"grieta","date":"29 enero, 2020","format":false,"excerpt":"Foto: Archivo Cuartoscuro Animal Pol\u00edtico La entrega de la Prepa 7 se dio luego de que el pasado lunes el secretario general de la UNAM, Leonardo Lomel\u00ed Vanegas, exigiera en un comunicado la devoluci\u00f3n de los planteles en paro. La noche del martes 28 de enero fueron entregadas a las\u2026","rel":"","context":"En &quot;CINTILLO&quot;","block_context":{"text":"CINTILLO","link":"https:\/\/www.grieta.org.mx\/index.php\/category\/cintillo\/"},"img":{"alt_text":"","src":"https:\/\/i0.wp.com\/www.grieta.org.mx\/wp-content\/uploads\/2020\/02\/Estudiantes-entregan-Prepa-7-luego-de-dos-meses-de-paro-cdmx-ene.jpeg?resize=350%2C200&ssl=1","width":350,"height":200,"srcset":"https:\/\/i0.wp.com\/www.grieta.org.mx\/wp-content\/uploads\/2020\/02\/Estudiantes-entregan-Prepa-7-luego-de-dos-meses-de-paro-cdmx-ene.jpeg?resize=350%2C200&ssl=1 1x, https:\/\/i0.wp.com\/www.grieta.org.mx\/wp-content\/uploads\/2020\/02\/Estudiantes-entregan-Prepa-7-luego-de-dos-meses-de-paro-cdmx-ene.jpeg?resize=525%2C300&ssl=1 1.5x, https:\/\/i0.wp.com\/www.grieta.org.mx\/wp-content\/uploads\/2020\/02\/Estudiantes-entregan-Prepa-7-luego-de-dos-meses-de-paro-cdmx-ene.jpeg?resize=700%2C400&ssl=1 2x, https:\/\/i0.wp.com\/www.grieta.org.mx\/wp-content\/uploads\/2020\/02\/Estudiantes-entregan-Prepa-7-luego-de-dos-meses-de-paro-cdmx-ene.jpeg?resize=1050%2C600&ssl=1 3x, https:\/\/i0.wp.com\/www.grieta.org.mx\/wp-content\/uploads\/2020\/02\/Estudiantes-entregan-Prepa-7-luego-de-dos-meses-de-paro-cdmx-ene.jpeg?resize=1400%2C800&ssl=1 4x"},"classes":[]},{"id":41638,"url":"https:\/\/www.grieta.org.mx\/index.php\/2019\/11\/19\/sep-desaparecera-escuelas-de-tiempo-completo-tamaulipas\/","url_meta":{"origin":50840,"position":5},"title":"SEP desaparecer\u00e1 Escuelas de tiempo completo (Tamaulipas)","author":"grieta","date":"19 noviembre, 2019","format":false,"excerpt":"Esta medida afecta directamente a 849 planteles que atienden a unos 200 mil estudiantes. Antonio Hern\u00e1ndez\/Milenio 19 noviembre 2019 La Secretar\u00eda de Educaci\u00f3n de Tamaulipas, inform\u00f3 que el Gobierno Federal decidi\u00f3 culminar con el esquema de Escuelas de Tiempo Completo, el cual ser\u00e1 un duro golpe para la educaci\u00f3n y\u2026","rel":"","context":"En &quot;CINTILLO&quot;","block_context":{"text":"CINTILLO","link":"https:\/\/www.grieta.org.mx\/index.php\/category\/cintillo\/"},"img":{"alt_text":"","src":"https:\/\/i0.wp.com\/www.grieta.org.mx\/wp-content\/uploads\/2019\/11\/alumnos-en-escuelas-de-tamaulipas.jpeg?resize=350%2C200&ssl=1","width":350,"height":200,"srcset":"https:\/\/i0.wp.com\/www.grieta.org.mx\/wp-content\/uploads\/2019\/11\/alumnos-en-escuelas-de-tamaulipas.jpeg?resize=350%2C200&ssl=1 1x, https:\/\/i0.wp.com\/www.grieta.org.mx\/wp-content\/uploads\/2019\/11\/alumnos-en-escuelas-de-tamaulipas.jpeg?resize=525%2C300&ssl=1 1.5x, https:\/\/i0.wp.com\/www.grieta.org.mx\/wp-content\/uploads\/2019\/11\/alumnos-en-escuelas-de-tamaulipas.jpeg?resize=700%2C400&ssl=1 2x"},"classes":[]}],"_links":{"self":[{"href":"https:\/\/www.grieta.org.mx\/index.php\/wp-json\/wp\/v2\/posts\/50840","targetHints":{"allow":["GET"]}}],"collection":[{"href":"https:\/\/www.grieta.org.mx\/index.php\/wp-json\/wp\/v2\/posts"}],"about":[{"href":"https:\/\/www.grieta.org.mx\/index.php\/wp-json\/wp\/v2\/types\/post"}],"author":[{"embeddable":true,"href":"https:\/\/www.grieta.org.mx\/index.php\/wp-json\/wp\/v2\/users\/2"}],"replies":[{"embeddable":true,"href":"https:\/\/www.grieta.org.mx\/index.php\/wp-json\/wp\/v2\/comments?post=50840"}],"version-history":[{"count":1,"href":"https:\/\/www.grieta.org.mx\/index.php\/wp-json\/wp\/v2\/posts\/50840\/revisions"}],"predecessor-version":[{"id":50842,"href":"https:\/\/www.grieta.org.mx\/index.php\/wp-json\/wp\/v2\/posts\/50840\/revisions\/50842"}],"wp:featuredmedia":[{"embeddable":true,"href":"https:\/\/www.grieta.org.mx\/index.php\/wp-json\/wp\/v2\/media\/50841"}],"wp:attachment":[{"href":"https:\/\/www.grieta.org.mx\/index.php\/wp-json\/wp\/v2\/media?parent=50840"}],"wp:term":[{"taxonomy":"category","embeddable":true,"href":"https:\/\/www.grieta.org.mx\/index.php\/wp-json\/wp\/v2\/categories?post=50840"},{"taxonomy":"post_tag","embeddable":true,"href":"https:\/\/www.grieta.org.mx\/index.php\/wp-json\/wp\/v2\/tags?post=50840"}],"curies":[{"name":"wp","href":"https:\/\/api.w.org\/{rel}","templated":true}]}}