{"id":50829,"date":"2020-06-10T01:05:13","date_gmt":"2020-06-10T06:05:13","guid":{"rendered":"http:\/\/www.grieta.org.mx\/?p=50829"},"modified":"2020-06-14T01:12:30","modified_gmt":"2020-06-14T06:12:30","slug":"enfermeras-con-hijos-con-discapacidad-se-amparan-para-no-trabajar-durante-pandemia","status":"publish","type":"post","link":"https:\/\/www.grieta.org.mx\/index.php\/2020\/06\/10\/enfermeras-con-hijos-con-discapacidad-se-amparan-para-no-trabajar-durante-pandemia\/","title":{"rendered":"Enfermeras con hijos con discapacidad se amparan para no trabajar durante pandemia"},"content":{"rendered":"<p><img loading=\"lazy\" decoding=\"async\" data-attachment-id=\"50830\" data-permalink=\"https:\/\/www.grieta.org.mx\/index.php\/2020\/06\/10\/enfermeras-con-hijos-con-discapacidad-se-amparan-para-no-trabajar-durante-pandemia\/enfermeras-con-hijos-con-discapacidad-se-amparan-para-no-trabajar-durante-pandemia-cdmx-edomex-jun\/\" data-orig-file=\"https:\/\/www.grieta.org.mx\/wp-content\/uploads\/2020\/06\/Enfermeras-con-hijos-con-discapacidad-se-amparan-para-no-trabajar-durante-pandemia-cdmx-edomex-jun.jpg\" data-orig-size=\"2560,1337\" data-comments-opened=\"0\" data-image-meta=\"{&quot;aperture&quot;:&quot;0&quot;,&quot;credit&quot;:&quot;&quot;,&quot;camera&quot;:&quot;&quot;,&quot;caption&quot;:&quot;&quot;,&quot;created_timestamp&quot;:&quot;0&quot;,&quot;copyright&quot;:&quot;&quot;,&quot;focal_length&quot;:&quot;0&quot;,&quot;iso&quot;:&quot;0&quot;,&quot;shutter_speed&quot;:&quot;0&quot;,&quot;title&quot;:&quot;&quot;,&quot;orientation&quot;:&quot;0&quot;}\" data-image-title=\"Enfermeras con hijos con discapacidad se amparan para no trabajar durante pandemia cdmx edomex jun\" data-image-description=\"\" data-image-caption=\"\" data-medium-file=\"https:\/\/www.grieta.org.mx\/wp-content\/uploads\/2020\/06\/Enfermeras-con-hijos-con-discapacidad-se-amparan-para-no-trabajar-durante-pandemia-cdmx-edomex-jun-300x157.jpg\" data-large-file=\"https:\/\/www.grieta.org.mx\/wp-content\/uploads\/2020\/06\/Enfermeras-con-hijos-con-discapacidad-se-amparan-para-no-trabajar-durante-pandemia-cdmx-edomex-jun-1024x535.jpg\" class=\"aligncenter wp-image-50830\" src=\"http:\/\/www.grieta.org.mx\/wp-content\/uploads\/2020\/06\/Enfermeras-con-hijos-con-discapacidad-se-amparan-para-no-trabajar-durante-pandemia-cdmx-edomex-jun.jpg\" alt=\"\" width=\"626\" height=\"327\" srcset=\"https:\/\/www.grieta.org.mx\/wp-content\/uploads\/2020\/06\/Enfermeras-con-hijos-con-discapacidad-se-amparan-para-no-trabajar-durante-pandemia-cdmx-edomex-jun.jpg 2560w, https:\/\/www.grieta.org.mx\/wp-content\/uploads\/2020\/06\/Enfermeras-con-hijos-con-discapacidad-se-amparan-para-no-trabajar-durante-pandemia-cdmx-edomex-jun-300x157.jpg 300w, https:\/\/www.grieta.org.mx\/wp-content\/uploads\/2020\/06\/Enfermeras-con-hijos-con-discapacidad-se-amparan-para-no-trabajar-durante-pandemia-cdmx-edomex-jun-768x401.jpg 768w, https:\/\/www.grieta.org.mx\/wp-content\/uploads\/2020\/06\/Enfermeras-con-hijos-con-discapacidad-se-amparan-para-no-trabajar-durante-pandemia-cdmx-edomex-jun-1024x535.jpg 1024w, https:\/\/www.grieta.org.mx\/wp-content\/uploads\/2020\/06\/Enfermeras-con-hijos-con-discapacidad-se-amparan-para-no-trabajar-durante-pandemia-cdmx-edomex-jun-957x500.jpg 957w\" sizes=\"auto, (max-width: 626px) 100vw, 626px\" \/><br \/>\nFoto: AFP<\/p>\n<p>Itxaro Arteta \/ Animal Pol\u00edtico<\/p>\n<blockquote><p>Con apoyo de la ONG Bienvenidos a Holanda, las enfermeras han tramitado amparos para que los hospitales donde trabajan les permitan quedarse en casa con sus hijos y evitar contagiarlos de COVID.<\/p><\/blockquote>\n<p>El mayor miedo de A. era que pudiera contraer COVID-19 en su empleo como enfermera y contagiar a su hijo de menos de dos a\u00f1os, que tiene discapacidad y retraso psicomotor provocados por el S\u00edndrome de West, y se alimenta por una sonda de gastrostom\u00eda. Pero cuando pidi\u00f3 dejar de ir a trabajar, por vivir con alguien considerado poblaci\u00f3n de riesgo, le negaron la autorizaci\u00f3n.<\/p>\n<p>As\u00ed que a mediados de mayo, apoyada por la asociaci\u00f3n civil por los derechos de personas con discapacidad Bienvenido a Holanda, interpuso un amparo para que se garantizara el derecho a la salud de su hijo y ella fuera considerada dentro de las trabajadoras con licencia durante la pandemia.<\/p>\n<p>Apenas unos d\u00edas despu\u00e9s de iniciar el proceso legal, sus temores se hicieron realidad: empez\u00f3 a tener mucho dolor de cabeza y malestar general. En donde trabaja, el Hospital de Psiquiatr\u00eda con Unidad M\u00e9dica Familiar 10, la revisaron y le dijeron que s\u00ed eran los s\u00edntomas de COVID-19, pero la mandaron a su cl\u00ednica familiar por un diagn\u00f3stico.<\/p>\n<p>Ah\u00ed le dijeron que solo se le hace la prueba a una de cada diez personas con s\u00edntomas leves, como estableci\u00f3 el modelo Centinela, y a ella no le tocaba, aunque fuera personal m\u00e9dico y hubiera estado en contacto directo con pacientes de coronavirus. As\u00ed que solo le dieron siete d\u00edas de incapacidad, le mandaron tomar mucha agua, reposar y tomar paracetamol.<\/p>\n<p>Con el amparo en tr\u00e1mite y el abogado enviando documentos, su hospital le llam\u00f3 para que se fuera ah\u00ed a hacerse la prueba. Un nuevo m\u00e9dico la revis\u00f3, le diagnostic\u00f3 bronquitis y le recet\u00f3 unos inhaladores que la ayudaron porque se hab\u00eda ido agravando, hasta que lleg\u00f3 la confirmaci\u00f3n: se hab\u00eda contagiado de SARS-CoV-2.<\/p>\n<p>Regres\u00f3 a su cl\u00ednica familiar con el diagn\u00f3stico confirmado, donde solo le agregaron una semana y media m\u00e1s de incapacidad, y poco despu\u00e9s la dieron de alta.<\/p>\n<p>Con la enfermedad encima y su incapacidad a punto de vencer, por fin un juez de la Ciudad de M\u00e9xico le concedi\u00f3 el amparo para \u201cno asistir a su centro de trabajo (\u2026) sin responsabilidad jur\u00eddica alguna, y con goce de sueldo, hasta en tanto el Consejo de Salubridad General o las autoridades federales sanitarias suspendan o den por concluida la emergencia sanitaria decretada en el pa\u00eds por el COVID-19; con la finalidad de conservar viva la materia del amparo, evitando da\u00f1os o perjuicios de dif\u00edcil o imposible reparaci\u00f3n a la parte quejosa y su menor hijo\u201d.<\/p>\n<p>El da\u00f1o para ella, ya est\u00e1 hecho. Si su hijo no se contagi\u00f3, fue porque ella misma, por precauci\u00f3n, desde que empez\u00f3 la pandemia se hab\u00eda mantenido separada de \u00e9l y de su esposo lo m\u00e1s posible. Viven en Nezahualc\u00f3yotl, en el Estado de M\u00e9xico, en una casa peque\u00f1a. Ella empez\u00f3 a dormir en un cuartito aparte, en un sleeping bag en el suelo, y ahora est\u00e1 completamente aislada, mientras su marido, que se dedica a transporte privado tipo taxi con un coche que sacaron a cr\u00e9dito, cuida al ni\u00f1o.<\/p>\n<p>\u201cYo ya entraba a trabajar este s\u00e1bado que pas\u00f3, pero justo un d\u00eda antes me lleg\u00f3 la resoluci\u00f3n del amparo, que fue satisfactorio a beneficio de mi peque\u00f1o y m\u00edo. Que ya no me presentara a mi unidad donde trabajo, por precauci\u00f3n y prevenci\u00f3n para mi peque\u00f1o\u201d, cuenta en entrevista con Animal Pol\u00edtico.<\/p>\n<p>En teor\u00eda, a los 12 d\u00edas de confirmado el diagn\u00f3stico, deber\u00edan hacerle una segunda prueba para ver si ya se cur\u00f3. Pero le dijeron que no hay pruebas y en su cl\u00ednica ya la dieron de alta. Todav\u00eda tiene dolor de cabeza, as\u00ed que ella piensa en mantenerse aislada un mes, antes de volver a entrar en contacto con su familia.<\/p>\n<p>El caso de A. es el segundo amparo que consigue una enfermera en esta situaci\u00f3n.<\/p>\n<p>Hace unas semanas, M. gan\u00f3 su propio amparo para uno de los dos lugares donde trabaja, el Toxicol\u00f3gico de Xochimilco. Desde que empez\u00f3 la pandemia, como no es un lugar donde se reciba a pacientes de COVID-19, ignoraron que es la \u00fanica cuidadora de su hijo, que vive con autismo, y no le autorizaron dejar de presentarse.<\/p>\n<p>En ese caso, el juez que recibi\u00f3 la solicitud de amparo orden\u00f3 al hospital garantizarle todas las medidas de seguridad para evitar un contagio de coronavirus, y no solo los cubrebocas quir\u00fargicos de un solo uso, goggles y caretas, que era lo que ten\u00eda.<\/p>\n<p>Seg\u00fan M., solo se lo proporcionaron un d\u00eda, pero entonces hubo una sensaci\u00f3n de que no pod\u00edan hacer distinciones con otras enfermeras, as\u00ed que tuvo dos efectos positivos: a ella le dijeron que ahora s\u00ed pod\u00eda solicitar licencia por vivir con una persona que est\u00e1 dentro de la poblaci\u00f3n considerada de riesgo y se la concedieron, y a sus compa\u00f1eras les mejoraron el equipamiento, asegura.<\/p>\n<p>Ahora va por un segundo amparo para su segundo trabajo, en el Instituto Nacional de Pediatr\u00eda. Ah\u00ed, originalmente, cuando se desat\u00f3 la emergencia sanitaria, le dieron el permiso de no acudir porque se habilit\u00f3 un piso entero para ni\u00f1os que se contagiaran de la nueva enfermedad, lo que la pon\u00eda en riesgo directo. Sin embargo, esa licencia venci\u00f3 el 30 de abril, y aunque en mayo la curva de contagios segu\u00eda creciendo y creciendo, tuvo que volver al trabajo.<\/p>\n<p>Consciente del riesgo, pidi\u00f3 sus d\u00edas de vacaciones para evitar el hospital y poder estar con su hijo, que necesita rehabilitaci\u00f3n diaria y sufre de ansiedad por los ya m\u00e1s de dos meses de encierro. Espera que esos d\u00edas alcancen para que nuevamente, se le conceda un amparo que la libre de estar expuesta.<\/p>\n<p>La fundadora de la organizaci\u00f3n Bienvenidos a Holanda, Margarita Garfias, que apoy\u00f3 a las enfermeras en el tr\u00e1mite del amparo, explic\u00f3 que por fortuna estos dos casos han sido los \u00fanicos entre unas 25 enfermeras con las que tiene contacto y a las que s\u00ed les concedieron licencia laboral por tener hijos con discapacidad que requieren cuidados especiales.<\/p>\n<p>Sin embargo, lament\u00f3 que est\u00e9n sujetas a buenas voluntades y no a derechos garantizados como cuidadoras.<\/p>\n<p><a href=\"https:\/\/www.animalpolitico.com\/2020\/06\/enfermeras-hijos-discapacidad-amparos-pandemia\/\" target=\"_blank\" rel=\"noopener noreferrer\">https:\/\/www.animalpolitico.com\/2020\/06\/enfermeras-hijos-discapacidad-amparos-pandemia\/<\/a><\/p>\n","protected":false},"excerpt":{"rendered":"<p>Foto: AFP Itxaro Arteta \/ Animal Pol\u00edtico Con apoyo de la ONG Bienvenidos a Holanda, las enfermeras han tramitado amparos para que los hospitales donde trabajan les permitan quedarse en &hellip; <a href=\"https:\/\/www.grieta.org.mx\/index.php\/2020\/06\/10\/enfermeras-con-hijos-con-discapacidad-se-amparan-para-no-trabajar-durante-pandemia\/\" class=\"more-link\">Leer m\u00e1s<\/a><\/p>\n","protected":false},"author":2,"featured_media":50830,"comment_status":"closed","ping_status":"closed","sticky":false,"template":"","format":"standard","meta":{"ngg_post_thumbnail":0,"_jetpack_newsletter_access":"","_jetpack_dont_email_post_to_subs":false,"_jetpack_newsletter_tier_id":0,"_jetpack_memberships_contains_paywalled_content":false,"_jetpack_memberships_contains_paid_content":false,"footnotes":""},"categories":[80,14,1080,3295,3270,918,2957,3033,16,910,2768,2315,1819,1827,2,2119,83],"tags":[3241,3133,2841,2362],"class_list":["post-50829","post","type-post","status-publish","format-standard","has-post-thumbnail","hentry","category-cintillo","category-ciudad-de-mexico","category-conflictos-laborales-en-la-ciudad-de-mexico","category-covid-19-en-ciudad-de-mexico","category-covid-19-en-estado-de-mexico","category-privatizacion-del-sector-salud","category-crisis-del-sector-salud-en-el-estado-de-mexico","category-crisis-en-el-sector-salud-en-la-ciudad-de-mexico","category-estado-de-mexico","category-explotacion-y-precariedad-laboral","category-explotacion-y-precariedad-laboral-en-el-estado-de-mexico","category-la-ninez-bajo-la-tormenta-capitalista-en-el-estado-de-mexico","category-la-ninez-bajo-la-tormenta-capitalista-en-la-ciudad-de-mexico","category-la-ninez-en-la-tormenta-capitalista","category-noticias-nacionales","category-precarizacion-de-las-condiciones-laborales-en-la-ciudad-de-mexico","category-temas-nacionales","tag-covid-19","tag-crisis-del-sector-salud","tag-explotacion-y-precariedad-laboral","tag-la-ninez-en-la-tormenta","entry"],"jetpack_featured_media_url":"https:\/\/www.grieta.org.mx\/wp-content\/uploads\/2020\/06\/Enfermeras-con-hijos-con-discapacidad-se-amparan-para-no-trabajar-durante-pandemia-cdmx-edomex-jun.jpg","jetpack_sharing_enabled":true,"jetpack_shortlink":"https:\/\/wp.me\/p7ZJR4-ddP","jetpack_likes_enabled":false,"jetpack-related-posts":[{"id":45218,"url":"https:\/\/www.grieta.org.mx\/index.php\/2020\/02\/25\/familiares-de-ninos-con-cancer-y-pacientes-con-vih-clausuran-palacio-nacional-ciudad-de-mexico\/","url_meta":{"origin":50829,"position":0},"title":"Familiares de ni\u00f1os con c\u00e1ncer y pacientes con VIH \u201cclausuran\u201d Palacio Nacional (Ciudad de M\u00e9xico)","author":"grieta","date":"25 febrero, 2020","format":false,"excerpt":"Los diversos contingentes formaron un grupo de 35 personas que se plantaron junto a la puerta. Foto: Daniel Ojeda Gerardo Su\u00e1rez \/ El Heraldo de M\u00e9xico Los inconformes pegaron varios sellos con la frase \"clausurado\" en la puerta central del inmueble donde despacha el Presidente Familiares de ni\u00f1os con c\u00e1ncer\u2026","rel":"","context":"En &quot;CINTILLO&quot;","block_context":{"text":"CINTILLO","link":"https:\/\/www.grieta.org.mx\/index.php\/category\/cintillo\/"},"img":{"alt_text":"","src":"https:\/\/i0.wp.com\/www.grieta.org.mx\/wp-content\/uploads\/2020\/02\/Familiares-de-ni%C3%B1os-con-c%C3%A1ncer-y-pacientes-con-VIH-clausuran-Palacio-Nacional-cdmx-feb.jpg?resize=350%2C200&ssl=1","width":350,"height":200,"srcset":"https:\/\/i0.wp.com\/www.grieta.org.mx\/wp-content\/uploads\/2020\/02\/Familiares-de-ni%C3%B1os-con-c%C3%A1ncer-y-pacientes-con-VIH-clausuran-Palacio-Nacional-cdmx-feb.jpg?resize=350%2C200&ssl=1 1x, https:\/\/i0.wp.com\/www.grieta.org.mx\/wp-content\/uploads\/2020\/02\/Familiares-de-ni%C3%B1os-con-c%C3%A1ncer-y-pacientes-con-VIH-clausuran-Palacio-Nacional-cdmx-feb.jpg?resize=525%2C300&ssl=1 1.5x, https:\/\/i0.wp.com\/www.grieta.org.mx\/wp-content\/uploads\/2020\/02\/Familiares-de-ni%C3%B1os-con-c%C3%A1ncer-y-pacientes-con-VIH-clausuran-Palacio-Nacional-cdmx-feb.jpg?resize=700%2C400&ssl=1 2x, https:\/\/i0.wp.com\/www.grieta.org.mx\/wp-content\/uploads\/2020\/02\/Familiares-de-ni%C3%B1os-con-c%C3%A1ncer-y-pacientes-con-VIH-clausuran-Palacio-Nacional-cdmx-feb.jpg?resize=1050%2C600&ssl=1 3x"},"classes":[]},{"id":43667,"url":"https:\/\/www.grieta.org.mx\/index.php\/2020\/01\/28\/padres-de-ninos-con-cancer-exigiran-informacion-de-compra-de-medicamentos-ciudad-de-mexico\/","url_meta":{"origin":50829,"position":1},"title":"Padres de ni\u00f1os con c\u00e1ncer exigir\u00e1n informaci\u00f3n de compra de medicamentos (Ciudad de M\u00e9xico)","author":"grieta","date":"28 enero, 2020","format":false,"excerpt":"Padres de ni\u00f1os enfermos de c\u00e1ncer, anunciaron que presentar\u00e1 un pliego petitorio a la Secretar\u00eda de Gobernaci\u00f3n \/ Foto Especial Nora Bucio \/ MVS Noticias Los padres incluyeron en su pliego petitorio la solicitud de fechas exactas de llegada del medicamento y saber la calidad del mencionado. Padres de ni\u00f1os\u2026","rel":"","context":"En &quot;CINTILLO&quot;","block_context":{"text":"CINTILLO","link":"https:\/\/www.grieta.org.mx\/index.php\/category\/cintillo\/"},"img":{"alt_text":"","src":"https:\/\/i0.wp.com\/www.grieta.org.mx\/wp-content\/uploads\/2020\/01\/Padres-de-ni%C3%B1os-con-c%C3%A1ncer-exigir%C3%A1n-informaci%C3%B3n-de-compra-de-medicamentos-cdmx-ene.jpeg?resize=350%2C200&ssl=1","width":350,"height":200,"srcset":"https:\/\/i0.wp.com\/www.grieta.org.mx\/wp-content\/uploads\/2020\/01\/Padres-de-ni%C3%B1os-con-c%C3%A1ncer-exigir%C3%A1n-informaci%C3%B3n-de-compra-de-medicamentos-cdmx-ene.jpeg?resize=350%2C200&ssl=1 1x, https:\/\/i0.wp.com\/www.grieta.org.mx\/wp-content\/uploads\/2020\/01\/Padres-de-ni%C3%B1os-con-c%C3%A1ncer-exigir%C3%A1n-informaci%C3%B3n-de-compra-de-medicamentos-cdmx-ene.jpeg?resize=525%2C300&ssl=1 1.5x, https:\/\/i0.wp.com\/www.grieta.org.mx\/wp-content\/uploads\/2020\/01\/Padres-de-ni%C3%B1os-con-c%C3%A1ncer-exigir%C3%A1n-informaci%C3%B3n-de-compra-de-medicamentos-cdmx-ene.jpeg?resize=700%2C400&ssl=1 2x"},"classes":[]},{"id":48327,"url":"https:\/\/www.grieta.org.mx\/index.php\/2020\/04\/27\/personal-medico-bloquea-ermita-iztapalapa-por-falta-de-insumos-ciudad-de-mexico\/","url_meta":{"origin":50829,"position":2},"title":"Personal m\u00e9dico bloquea Ermita Iztapalapa por falta de insumos (Ciudad de M\u00e9xico)","author":"grieta","date":"27 abril, 2020","format":false,"excerpt":"Foto: @GRAWPEREZ Diario de M\u00e9xico Ciudad de M\u00e9xico. -M\u00e9dicos, enfermeras y personal de salud que trabaja en el Hospital Pedi\u00e1trico de Iztapalapa, mantienen bloqueada la circulaci\u00f3n en la Avenida Ermita Iztapalapa, entre Eje 3 Oriente y La Viga. El personal m\u00e9dico asegura que no tienen los materiales necesarios, como cubrebocas\u2026","rel":"","context":"En &quot;CINTILLO&quot;","block_context":{"text":"CINTILLO","link":"https:\/\/www.grieta.org.mx\/index.php\/category\/cintillo\/"},"img":{"alt_text":"","src":"https:\/\/i0.wp.com\/www.grieta.org.mx\/wp-content\/uploads\/2020\/04\/Personal-m%C3%A9dico-bloquea-Ermita-Iztapalapa-por-falta-de-insumos-cdmx-abr.jpg?resize=350%2C200&ssl=1","width":350,"height":200,"srcset":"https:\/\/i0.wp.com\/www.grieta.org.mx\/wp-content\/uploads\/2020\/04\/Personal-m%C3%A9dico-bloquea-Ermita-Iztapalapa-por-falta-de-insumos-cdmx-abr.jpg?resize=350%2C200&ssl=1 1x, https:\/\/i0.wp.com\/www.grieta.org.mx\/wp-content\/uploads\/2020\/04\/Personal-m%C3%A9dico-bloquea-Ermita-Iztapalapa-por-falta-de-insumos-cdmx-abr.jpg?resize=525%2C300&ssl=1 1.5x, https:\/\/i0.wp.com\/www.grieta.org.mx\/wp-content\/uploads\/2020\/04\/Personal-m%C3%A9dico-bloquea-Ermita-Iztapalapa-por-falta-de-insumos-cdmx-abr.jpg?resize=700%2C400&ssl=1 2x, https:\/\/i0.wp.com\/www.grieta.org.mx\/wp-content\/uploads\/2020\/04\/Personal-m%C3%A9dico-bloquea-Ermita-Iztapalapa-por-falta-de-insumos-cdmx-abr.jpg?resize=1050%2C600&ssl=1 3x"},"classes":[]},{"id":46659,"url":"https:\/\/www.grieta.org.mx\/index.php\/2020\/03\/23\/personal-del-imss-protesta-por-falta-de-insumos-y-protocolos-ante-covid-19-ciudad-de-mexico\/","url_meta":{"origin":50829,"position":3},"title":"Personal del IMSS protesta por falta de insumos y protocolos ante Covid-19 (Ciudad de M\u00e9xico)","author":"grieta","date":"23 marzo, 2020","format":false,"excerpt":"Foto: Jorge Gonz\u00e1lez Jorge Gonz\u00e1lez \/ Excelsior Enfermeras, camilleros y doctores de la Cl\u00ednica 32, piden capacitaci\u00f3n y medidas para la recepci\u00f3n de pacientes CIUDAD DE M\u00c9XICO. La ma\u00f1ana de este lunes, trabajadores del Instituto Mexicano del Seguro Social (IMSS) salieron a las calles a levantar la voz por la\u2026","rel":"","context":"En &quot;CINTILLO&quot;","block_context":{"text":"CINTILLO","link":"https:\/\/www.grieta.org.mx\/index.php\/category\/cintillo\/"},"img":{"alt_text":"","src":"https:\/\/i0.wp.com\/www.grieta.org.mx\/wp-content\/uploads\/2020\/03\/Personal-del-IMSS-protesta-por-falta-de-insumos-y-protocolos-ante-Covid-19-cdmx-mzo.jpg?resize=350%2C200&ssl=1","width":350,"height":200,"srcset":"https:\/\/i0.wp.com\/www.grieta.org.mx\/wp-content\/uploads\/2020\/03\/Personal-del-IMSS-protesta-por-falta-de-insumos-y-protocolos-ante-Covid-19-cdmx-mzo.jpg?resize=350%2C200&ssl=1 1x, https:\/\/i0.wp.com\/www.grieta.org.mx\/wp-content\/uploads\/2020\/03\/Personal-del-IMSS-protesta-por-falta-de-insumos-y-protocolos-ante-Covid-19-cdmx-mzo.jpg?resize=525%2C300&ssl=1 1.5x, https:\/\/i0.wp.com\/www.grieta.org.mx\/wp-content\/uploads\/2020\/03\/Personal-del-IMSS-protesta-por-falta-de-insumos-y-protocolos-ante-Covid-19-cdmx-mzo.jpg?resize=700%2C400&ssl=1 2x, https:\/\/i0.wp.com\/www.grieta.org.mx\/wp-content\/uploads\/2020\/03\/Personal-del-IMSS-protesta-por-falta-de-insumos-y-protocolos-ante-Covid-19-cdmx-mzo.jpg?resize=1050%2C600&ssl=1 3x"},"classes":[]},{"id":40280,"url":"https:\/\/www.grieta.org.mx\/index.php\/2019\/10\/13\/cerca-de-302-mil-menores-trabajan-en-el-sector-informal-estado-de-mexico\/","url_meta":{"origin":50829,"position":4},"title":"Cerca de 302 mil menores trabajan en el sector informal (Estado de M\u00e9xico)","author":"grieta","date":"13 octubre, 2019","format":false,"excerpt":"Alma Rodr\u00edguez \/ Capital EdoMex En el Estado de M\u00e9xico se tiene un registro de 340 mil menores entre los 5 y 17 a\u00f1os de edad que labora, de los cuales, el 89% lo hace en condiciones no permitidas, es decir, cerca de 302 mil infantes y el 11% restante\u2026","rel":"","context":"En &quot;CINTILLO&quot;","block_context":{"text":"CINTILLO","link":"https:\/\/www.grieta.org.mx\/index.php\/category\/cintillo\/"},"img":{"alt_text":"","src":"https:\/\/i0.wp.com\/www.grieta.org.mx\/wp-content\/uploads\/2019\/10\/Cerca-de-302-mil-menores-trabajan-en-el-sector-informal-edomex-oct.jpg?resize=350%2C200","width":350,"height":200},"classes":[]},{"id":51137,"url":"https:\/\/www.grieta.org.mx\/index.php\/2020\/05\/29\/padres-de-ninos-con-cancer-cumplen-36-horas-en-huelga-de-hambre-ciudad-de-mexico\/","url_meta":{"origin":50829,"position":5},"title":"Padres de ni\u00f1os con c\u00e1ncer cumplen 36 horas en huelga de hambre (Ciudad de M\u00e9xico)","author":"grieta","date":"29 mayo, 2020","format":false,"excerpt":"Foto: Mario Jasso\/Cuartoscuro.com Pol\u00edtico Mx Padres y madres de ni\u00f1as y ni\u00f1os con c\u00e1ncer cumplieron este viernes 36 horas en huelga de hambre, sin embargo, la Secretar\u00eda de Salud no ha respondido de manera concreta a sus peticiones. De acuerdo con Exc\u00e9lsior, los inconformes que se encuentran en un campamento\u2026","rel":"","context":"En &quot;CINTILLO&quot;","block_context":{"text":"CINTILLO","link":"https:\/\/www.grieta.org.mx\/index.php\/category\/cintillo\/"},"img":{"alt_text":"","src":"https:\/\/i0.wp.com\/www.grieta.org.mx\/wp-content\/uploads\/2020\/06\/Padres-de-ni%C3%B1os-con-c%C3%A1ncer-cumplen-36-horas-en-huelga-de-hambre-cdmx-jun.jpg?resize=350%2C200&ssl=1","width":350,"height":200,"srcset":"https:\/\/i0.wp.com\/www.grieta.org.mx\/wp-content\/uploads\/2020\/06\/Padres-de-ni%C3%B1os-con-c%C3%A1ncer-cumplen-36-horas-en-huelga-de-hambre-cdmx-jun.jpg?resize=350%2C200&ssl=1 1x, https:\/\/i0.wp.com\/www.grieta.org.mx\/wp-content\/uploads\/2020\/06\/Padres-de-ni%C3%B1os-con-c%C3%A1ncer-cumplen-36-horas-en-huelga-de-hambre-cdmx-jun.jpg?resize=525%2C300&ssl=1 1.5x, https:\/\/i0.wp.com\/www.grieta.org.mx\/wp-content\/uploads\/2020\/06\/Padres-de-ni%C3%B1os-con-c%C3%A1ncer-cumplen-36-horas-en-huelga-de-hambre-cdmx-jun.jpg?resize=700%2C400&ssl=1 2x"},"classes":[]}],"_links":{"self":[{"href":"https:\/\/www.grieta.org.mx\/index.php\/wp-json\/wp\/v2\/posts\/50829","targetHints":{"allow":["GET"]}}],"collection":[{"href":"https:\/\/www.grieta.org.mx\/index.php\/wp-json\/wp\/v2\/posts"}],"about":[{"href":"https:\/\/www.grieta.org.mx\/index.php\/wp-json\/wp\/v2\/types\/post"}],"author":[{"embeddable":true,"href":"https:\/\/www.grieta.org.mx\/index.php\/wp-json\/wp\/v2\/users\/2"}],"replies":[{"embeddable":true,"href":"https:\/\/www.grieta.org.mx\/index.php\/wp-json\/wp\/v2\/comments?post=50829"}],"version-history":[{"count":1,"href":"https:\/\/www.grieta.org.mx\/index.php\/wp-json\/wp\/v2\/posts\/50829\/revisions"}],"predecessor-version":[{"id":50831,"href":"https:\/\/www.grieta.org.mx\/index.php\/wp-json\/wp\/v2\/posts\/50829\/revisions\/50831"}],"wp:featuredmedia":[{"embeddable":true,"href":"https:\/\/www.grieta.org.mx\/index.php\/wp-json\/wp\/v2\/media\/50830"}],"wp:attachment":[{"href":"https:\/\/www.grieta.org.mx\/index.php\/wp-json\/wp\/v2\/media?parent=50829"}],"wp:term":[{"taxonomy":"category","embeddable":true,"href":"https:\/\/www.grieta.org.mx\/index.php\/wp-json\/wp\/v2\/categories?post=50829"},{"taxonomy":"post_tag","embeddable":true,"href":"https:\/\/www.grieta.org.mx\/index.php\/wp-json\/wp\/v2\/tags?post=50829"}],"curies":[{"name":"wp","href":"https:\/\/api.w.org\/{rel}","templated":true}]}}