{"id":50815,"date":"2020-06-09T00:09:47","date_gmt":"2020-06-09T05:09:47","guid":{"rendered":"http:\/\/www.grieta.org.mx\/?p=50815"},"modified":"2020-06-14T00:16:07","modified_gmt":"2020-06-14T05:16:07","slug":"enfermeras-y-doctores-exigen-mejores-insumos-medicos-queretaro","status":"publish","type":"post","link":"https:\/\/www.grieta.org.mx\/index.php\/2020\/06\/09\/enfermeras-y-doctores-exigen-mejores-insumos-medicos-queretaro\/","title":{"rendered":"Enfermeras y Doctores exigen mejores insumos m\u00e9dicos (Quer\u00e9taro)"},"content":{"rendered":"<p><img loading=\"lazy\" decoding=\"async\" data-attachment-id=\"50816\" data-permalink=\"https:\/\/www.grieta.org.mx\/index.php\/2020\/06\/09\/enfermeras-y-doctores-exigen-mejores-insumos-medicos-queretaro\/enfermeras-y-doctores-exigen-mejores-insumos-medicos-qro-jun\/\" data-orig-file=\"https:\/\/www.grieta.org.mx\/wp-content\/uploads\/2020\/06\/Enfermeras-y-Doctores-exigen-mejores-insumos-m\u00e9dicos-qro-jun.jpg\" data-orig-size=\"960,553\" data-comments-opened=\"0\" data-image-meta=\"{&quot;aperture&quot;:&quot;0&quot;,&quot;credit&quot;:&quot;&quot;,&quot;camera&quot;:&quot;&quot;,&quot;caption&quot;:&quot;&quot;,&quot;created_timestamp&quot;:&quot;0&quot;,&quot;copyright&quot;:&quot;&quot;,&quot;focal_length&quot;:&quot;0&quot;,&quot;iso&quot;:&quot;0&quot;,&quot;shutter_speed&quot;:&quot;0&quot;,&quot;title&quot;:&quot;&quot;,&quot;orientation&quot;:&quot;0&quot;}\" data-image-title=\"Enfermeras y Doctores exigen mejores insumos m\u00e9dicos qro jun\" data-image-description=\"\" data-image-caption=\"\" data-medium-file=\"https:\/\/www.grieta.org.mx\/wp-content\/uploads\/2020\/06\/Enfermeras-y-Doctores-exigen-mejores-insumos-m\u00e9dicos-qro-jun-300x173.jpg\" data-large-file=\"https:\/\/www.grieta.org.mx\/wp-content\/uploads\/2020\/06\/Enfermeras-y-Doctores-exigen-mejores-insumos-m\u00e9dicos-qro-jun.jpg\" class=\"aligncenter  wp-image-50816\" src=\"http:\/\/www.grieta.org.mx\/wp-content\/uploads\/2020\/06\/Enfermeras-y-Doctores-exigen-mejores-insumos-m\u00e9dicos-qro-jun.jpg\" alt=\"\" width=\"623\" height=\"359\" srcset=\"https:\/\/www.grieta.org.mx\/wp-content\/uploads\/2020\/06\/Enfermeras-y-Doctores-exigen-mejores-insumos-m\u00e9dicos-qro-jun.jpg 960w, https:\/\/www.grieta.org.mx\/wp-content\/uploads\/2020\/06\/Enfermeras-y-Doctores-exigen-mejores-insumos-m\u00e9dicos-qro-jun-300x173.jpg 300w, https:\/\/www.grieta.org.mx\/wp-content\/uploads\/2020\/06\/Enfermeras-y-Doctores-exigen-mejores-insumos-m\u00e9dicos-qro-jun-768x442.jpg 768w, https:\/\/www.grieta.org.mx\/wp-content\/uploads\/2020\/06\/Enfermeras-y-Doctores-exigen-mejores-insumos-m\u00e9dicos-qro-jun-868x500.jpg 868w\" sizes=\"auto, (max-width: 623px) 100vw, 623px\" \/><br \/>\nFoto: www.facebook.com\/InboxPolitico<\/p>\n<p>Inbox Pol\u00edtico<\/p>\n<blockquote><p>Este martes se llevaron acabo dos manifestaciones -en la capital del Estado de Quer\u00e9taro- ambas integradas por personal m\u00e9dico.<\/p><\/blockquote>\n<p>En la primera, Enfermeras del Hospital de Especialidades del Ni\u00f1o y la Mujer, en Plaza de Armas, exigieron insumos de calidad para atender a pacientes Covid.<\/p>\n<p>En la segunda, m\u00e9dicos, enfermeras y personal administrativo del ISSSTE, sobre Avenida Tecnol\u00f3gico, solicitaron cubrebocas y mejor capacitaci\u00f3n, para enfrentar la pandemia.<\/p>\n<p><img loading=\"lazy\" decoding=\"async\" data-attachment-id=\"50817\" data-permalink=\"https:\/\/www.grieta.org.mx\/index.php\/2020\/06\/09\/enfermeras-y-doctores-exigen-mejores-insumos-medicos-queretaro\/enfermeras-y-doctores-exigen-mejores-insumos-medicos-qro-jun-2\/\" data-orig-file=\"https:\/\/www.grieta.org.mx\/wp-content\/uploads\/2020\/06\/Enfermeras-y-Doctores-exigen-mejores-insumos-m\u00e9dicos-qro-jun-2.jpg\" data-orig-size=\"720,405\" data-comments-opened=\"0\" data-image-meta=\"{&quot;aperture&quot;:&quot;0&quot;,&quot;credit&quot;:&quot;&quot;,&quot;camera&quot;:&quot;&quot;,&quot;caption&quot;:&quot;&quot;,&quot;created_timestamp&quot;:&quot;0&quot;,&quot;copyright&quot;:&quot;&quot;,&quot;focal_length&quot;:&quot;0&quot;,&quot;iso&quot;:&quot;0&quot;,&quot;shutter_speed&quot;:&quot;0&quot;,&quot;title&quot;:&quot;&quot;,&quot;orientation&quot;:&quot;0&quot;}\" data-image-title=\"Enfermeras y Doctores exigen mejores insumos m\u00e9dicos qro jun 2\" data-image-description=\"\" data-image-caption=\"\" data-medium-file=\"https:\/\/www.grieta.org.mx\/wp-content\/uploads\/2020\/06\/Enfermeras-y-Doctores-exigen-mejores-insumos-m\u00e9dicos-qro-jun-2-300x169.jpg\" data-large-file=\"https:\/\/www.grieta.org.mx\/wp-content\/uploads\/2020\/06\/Enfermeras-y-Doctores-exigen-mejores-insumos-m\u00e9dicos-qro-jun-2.jpg\" class=\"aligncenter  wp-image-50817\" src=\"http:\/\/www.grieta.org.mx\/wp-content\/uploads\/2020\/06\/Enfermeras-y-Doctores-exigen-mejores-insumos-m\u00e9dicos-qro-jun-2.jpg\" alt=\"\" width=\"635\" height=\"357\" srcset=\"https:\/\/www.grieta.org.mx\/wp-content\/uploads\/2020\/06\/Enfermeras-y-Doctores-exigen-mejores-insumos-m\u00e9dicos-qro-jun-2.jpg 720w, https:\/\/www.grieta.org.mx\/wp-content\/uploads\/2020\/06\/Enfermeras-y-Doctores-exigen-mejores-insumos-m\u00e9dicos-qro-jun-2-300x169.jpg 300w\" sizes=\"auto, (max-width: 635px) 100vw, 635px\" \/><br \/>\nFoto: www.facebook.com\/InboxPolitico<\/p>\n<p><a href=\"https:\/\/www.facebook.com\/InboxPolitico\/\" target=\"_blank\" rel=\"noopener noreferrer\">https:\/\/www.facebook.com\/InboxPolitico\/<\/a><\/p>\n","protected":false},"excerpt":{"rendered":"<p>Foto: www.facebook.com\/InboxPolitico Inbox Pol\u00edtico Este martes se llevaron acabo dos manifestaciones -en la capital del Estado de Quer\u00e9taro- ambas integradas por personal m\u00e9dico. En la primera, Enfermeras del Hospital de &hellip; <a href=\"https:\/\/www.grieta.org.mx\/index.php\/2020\/06\/09\/enfermeras-y-doctores-exigen-mejores-insumos-medicos-queretaro\/\" class=\"more-link\">Leer m\u00e1s<\/a><\/p>\n","protected":false},"author":2,"featured_media":50816,"comment_status":"closed","ping_status":"closed","sticky":false,"template":"","format":"standard","meta":{"ngg_post_thumbnail":0,"_jetpack_newsletter_access":"","_jetpack_dont_email_post_to_subs":false,"_jetpack_newsletter_tier_id":0,"_jetpack_memberships_contains_paywalled_content":false,"_jetpack_memberships_contains_paid_content":false,"footnotes":""},"categories":[80,2498,3298,918,2482,910,1510,2,27,83],"tags":[3241,3133,2841,3226],"class_list":["post-50815","post","type-post","status-publish","format-standard","has-post-thumbnail","hentry","category-cintillo","category-conflictos-laborales-en-queretaro","category-covid-19-en-queretaro","category-privatizacion-del-sector-salud","category-crisis-del-sector-salud-en-queretaro","category-explotacion-y-precariedad-laboral","category-explotacion-y-precariedad-laboral-en-queretaro","category-noticias-nacionales","category-queretaro","category-temas-nacionales","tag-covid-19","tag-crisis-del-sector-salud","tag-explotacion-y-precariedad-laboral","tag-falta-de-material-y-equipo-medico","entry"],"jetpack_featured_media_url":"https:\/\/www.grieta.org.mx\/wp-content\/uploads\/2020\/06\/Enfermeras-y-Doctores-exigen-mejores-insumos-m\u00e9dicos-qro-jun.jpg","jetpack_sharing_enabled":true,"jetpack_shortlink":"https:\/\/wp.me\/p7ZJR4-ddB","jetpack_likes_enabled":false,"jetpack-related-posts":[{"id":49762,"url":"https:\/\/www.grieta.org.mx\/index.php\/2020\/05\/17\/enfermeras-se-dicen-en-riesgo-queretaro\/","url_meta":{"origin":50815,"position":0},"title":"Enfermeras se dicen en riesgo (Quer\u00e9taro)","author":"grieta","date":"17 mayo, 2020","format":false,"excerpt":"Foto: Hugo Arciniega \/ Diario de Quer\u00e9taro Alejandro Pay\u00e1n \/ Diario de Quer\u00e9taro Se quejan de falta de protocolos contra el Covid-19 y se\u00f1alan casos sospechosos de contagio Enfermeras del Hospital de Especialidades del Ni\u00f1o y la Mujer denunciaron la falta de protocolos en para detectar pacientes con Covid-19, incluso\u2026","rel":"","context":"En &quot;CINTILLO&quot;","block_context":{"text":"CINTILLO","link":"https:\/\/www.grieta.org.mx\/index.php\/category\/cintillo\/"},"img":{"alt_text":"","src":"https:\/\/i0.wp.com\/www.grieta.org.mx\/wp-content\/uploads\/2020\/05\/Enfermeras-se-dicen-en-riesgo-qro-may.jpg?resize=350%2C200&ssl=1","width":350,"height":200,"srcset":"https:\/\/i0.wp.com\/www.grieta.org.mx\/wp-content\/uploads\/2020\/05\/Enfermeras-se-dicen-en-riesgo-qro-may.jpg?resize=350%2C200&ssl=1 1x, https:\/\/i0.wp.com\/www.grieta.org.mx\/wp-content\/uploads\/2020\/05\/Enfermeras-se-dicen-en-riesgo-qro-may.jpg?resize=525%2C300&ssl=1 1.5x, https:\/\/i0.wp.com\/www.grieta.org.mx\/wp-content\/uploads\/2020\/05\/Enfermeras-se-dicen-en-riesgo-qro-may.jpg?resize=700%2C400&ssl=1 2x"},"classes":[]},{"id":48327,"url":"https:\/\/www.grieta.org.mx\/index.php\/2020\/04\/27\/personal-medico-bloquea-ermita-iztapalapa-por-falta-de-insumos-ciudad-de-mexico\/","url_meta":{"origin":50815,"position":1},"title":"Personal m\u00e9dico bloquea Ermita Iztapalapa por falta de insumos (Ciudad de M\u00e9xico)","author":"grieta","date":"27 abril, 2020","format":false,"excerpt":"Foto: @GRAWPEREZ Diario de M\u00e9xico Ciudad de M\u00e9xico. -M\u00e9dicos, enfermeras y personal de salud que trabaja en el Hospital Pedi\u00e1trico de Iztapalapa, mantienen bloqueada la circulaci\u00f3n en la Avenida Ermita Iztapalapa, entre Eje 3 Oriente y La Viga. El personal m\u00e9dico asegura que no tienen los materiales necesarios, como cubrebocas\u2026","rel":"","context":"En &quot;CINTILLO&quot;","block_context":{"text":"CINTILLO","link":"https:\/\/www.grieta.org.mx\/index.php\/category\/cintillo\/"},"img":{"alt_text":"","src":"https:\/\/i0.wp.com\/www.grieta.org.mx\/wp-content\/uploads\/2020\/04\/Personal-m%C3%A9dico-bloquea-Ermita-Iztapalapa-por-falta-de-insumos-cdmx-abr.jpg?resize=350%2C200&ssl=1","width":350,"height":200,"srcset":"https:\/\/i0.wp.com\/www.grieta.org.mx\/wp-content\/uploads\/2020\/04\/Personal-m%C3%A9dico-bloquea-Ermita-Iztapalapa-por-falta-de-insumos-cdmx-abr.jpg?resize=350%2C200&ssl=1 1x, https:\/\/i0.wp.com\/www.grieta.org.mx\/wp-content\/uploads\/2020\/04\/Personal-m%C3%A9dico-bloquea-Ermita-Iztapalapa-por-falta-de-insumos-cdmx-abr.jpg?resize=525%2C300&ssl=1 1.5x, https:\/\/i0.wp.com\/www.grieta.org.mx\/wp-content\/uploads\/2020\/04\/Personal-m%C3%A9dico-bloquea-Ermita-Iztapalapa-por-falta-de-insumos-cdmx-abr.jpg?resize=700%2C400&ssl=1 2x, https:\/\/i0.wp.com\/www.grieta.org.mx\/wp-content\/uploads\/2020\/04\/Personal-m%C3%A9dico-bloquea-Ermita-Iztapalapa-por-falta-de-insumos-cdmx-abr.jpg?resize=1050%2C600&ssl=1 3x"},"classes":[]},{"id":47582,"url":"https:\/\/www.grieta.org.mx\/index.php\/2020\/04\/08\/pobladores-de-santiago-mexquititlan-denuncian-acoso-de-autoridades-municipales-y-llaman-a-la-solidariad-de-la-ciudadania-queretaro\/","url_meta":{"origin":50815,"position":2},"title":"POBLADORES DE SANTIAGO MEXQUITITL\u00c1N DENUNCIAN ACOSO DE AUTORIDADES MUNICIPALES Y LLAMAN A LA SOLIDARIAD DE LA CIUDADAN\u00cdA (Quer\u00e9taro)","author":"grieta","date":"8 abril, 2020","format":false,"excerpt":"Imagen tomada de: sanpanchotv.wordpress.com TV San Pancho Pese a la cuarentena declarada para mitigar la expansi\u00f3n del COVID-19, la comunidad de Santiago Mexquititl\u00e1n contin\u00faa organizando su Concejo comunitario, donde adem\u00e1s de construir mecanismos comunitarios para atender la seguridad, la educaci\u00f3n y el comercio, tambi\u00e9n apuestan a la salud comunitaria. En\u2026","rel":"","context":"En &quot;Abuso policiaco y tortura en Quer\u00e9taro&quot;","block_context":{"text":"Abuso policiaco y tortura en Quer\u00e9taro","link":"https:\/\/www.grieta.org.mx\/index.php\/category\/noticias-nacionales\/queretaro\/abuso-policiaco-y-tortura-en-queretaro\/"},"img":{"alt_text":"","src":"https:\/\/i0.wp.com\/www.grieta.org.mx\/wp-content\/uploads\/2020\/04\/POBLADORES-DE-SANTIAGO-MEXQUITITL%C3%81N-DENUNCIAN-ACOSO-DE-AUTORIDADES-MUNICIPALES-Y-LLAMAN-A-LA-SOLIDARIAD-DE-LA-CIUDADAN%C3%8DA-qro-abr.jpg?resize=350%2C200&ssl=1","width":350,"height":200,"srcset":"https:\/\/i0.wp.com\/www.grieta.org.mx\/wp-content\/uploads\/2020\/04\/POBLADORES-DE-SANTIAGO-MEXQUITITL%C3%81N-DENUNCIAN-ACOSO-DE-AUTORIDADES-MUNICIPALES-Y-LLAMAN-A-LA-SOLIDARIAD-DE-LA-CIUDADAN%C3%8DA-qro-abr.jpg?resize=350%2C200&ssl=1 1x, https:\/\/i0.wp.com\/www.grieta.org.mx\/wp-content\/uploads\/2020\/04\/POBLADORES-DE-SANTIAGO-MEXQUITITL%C3%81N-DENUNCIAN-ACOSO-DE-AUTORIDADES-MUNICIPALES-Y-LLAMAN-A-LA-SOLIDARIAD-DE-LA-CIUDADAN%C3%8DA-qro-abr.jpg?resize=525%2C300&ssl=1 1.5x, https:\/\/i0.wp.com\/www.grieta.org.mx\/wp-content\/uploads\/2020\/04\/POBLADORES-DE-SANTIAGO-MEXQUITITL%C3%81N-DENUNCIAN-ACOSO-DE-AUTORIDADES-MUNICIPALES-Y-LLAMAN-A-LA-SOLIDARIAD-DE-LA-CIUDADAN%C3%8DA-qro-abr.jpg?resize=700%2C400&ssl=1 2x"},"classes":[]},{"id":47098,"url":"https:\/\/www.grieta.org.mx\/index.php\/2020\/03\/31\/personal-medico-se-manifiesta-en-eje-central-solicitan-insumos-ciudad-de-mexico\/","url_meta":{"origin":50815,"position":3},"title":"Personal m\u00e9dico se manifiesta en Eje Central, solicitan insumos (Ciudad de M\u00e9xico)","author":"grieta","date":"31 marzo, 2020","format":false,"excerpt":"Imagen tomada de: letraroja.com Letra Roja Los trabajadores solicitan a las autoridades insumos y equipo para poder realizar su trabajo de manera segura ante la contingencia M\u00e9xico. Este martes, personal m\u00e9dico inici\u00f3 una manifestaci\u00f3n en el cruce de Eje Central, L\u00e1zaro C\u00e1rdenas y Manuel Gonz\u00e1lez en la Ciudad de M\u00e9xico.\u2026","rel":"","context":"En &quot;CINTILLO&quot;","block_context":{"text":"CINTILLO","link":"https:\/\/www.grieta.org.mx\/index.php\/category\/cintillo\/"},"img":{"alt_text":"","src":"https:\/\/i0.wp.com\/www.grieta.org.mx\/wp-content\/uploads\/2020\/04\/Personal-m%C3%A9dico-se-manifiesta-en-Eje-Central-solicitan-insumos-cdmx-abr.jpg?resize=350%2C200","width":350,"height":200},"classes":[]},{"id":47564,"url":"https:\/\/www.grieta.org.mx\/index.php\/2020\/03\/30\/protestan-medicos-de-hospitales-de-naucalpan-atizapan-y-coacalco-por-falta-de-insumos-estado-de-mexico\/","url_meta":{"origin":50815,"position":4},"title":"Protestan m\u00e9dicos de hospitales de Naucalpan, Atizap\u00e1n y Coacalco por falta de insumos (Estado de M\u00e9xico)","author":"grieta","date":"30 marzo, 2020","format":false,"excerpt":"Foto: Patricia Venegas \/ El Sol de Toluca Patricia Venegas \/ El Sol de Toluca Temen personal del sector salud infectarse por el COVID-19 M\u00e9dicos y enfermeras de los Hospitales Generales Salvador Gonz\u00e1lez Herrejon de Atizap\u00e1n, Maximiliano Ruiz Casta\u00f1eda de Naucalpan y del Centro de Salud de Coacalco realizaron protestas\u2026","rel":"","context":"En &quot;CINTILLO&quot;","block_context":{"text":"CINTILLO","link":"https:\/\/www.grieta.org.mx\/index.php\/category\/cintillo\/"},"img":{"alt_text":"","src":"https:\/\/i0.wp.com\/www.grieta.org.mx\/wp-content\/uploads\/2020\/04\/Protestan-m%C3%A9dicos-de-hospitales-de-Naucalpan-Atizap%C3%A1n-y-Coacalco-por-falta-de-insumos-edomex-abr.jpg?resize=350%2C200&ssl=1","width":350,"height":200,"srcset":"https:\/\/i0.wp.com\/www.grieta.org.mx\/wp-content\/uploads\/2020\/04\/Protestan-m%C3%A9dicos-de-hospitales-de-Naucalpan-Atizap%C3%A1n-y-Coacalco-por-falta-de-insumos-edomex-abr.jpg?resize=350%2C200&ssl=1 1x, https:\/\/i0.wp.com\/www.grieta.org.mx\/wp-content\/uploads\/2020\/04\/Protestan-m%C3%A9dicos-de-hospitales-de-Naucalpan-Atizap%C3%A1n-y-Coacalco-por-falta-de-insumos-edomex-abr.jpg?resize=525%2C300&ssl=1 1.5x, https:\/\/i0.wp.com\/www.grieta.org.mx\/wp-content\/uploads\/2020\/04\/Protestan-m%C3%A9dicos-de-hospitales-de-Naucalpan-Atizap%C3%A1n-y-Coacalco-por-falta-de-insumos-edomex-abr.jpg?resize=700%2C400&ssl=1 2x"},"classes":[]},{"id":48121,"url":"https:\/\/www.grieta.org.mx\/index.php\/2020\/04\/21\/al-covid-19-se-suman-las-enfermedades-respiratorias-en-san-juan-del-rio-queretaro\/","url_meta":{"origin":50815,"position":5},"title":"Al Covid-19, se suman las enfermedades respiratorias en San Juan del R\u00edo (Quer\u00e9taro)","author":"grieta","date":"21 abril, 2020","format":false,"excerpt":"Imagen tomada de: rotativo.com.mx Mart\u00edn Garc\u00eda Chavero \/ Rotativo San Juan del R\u00edo, 21 Abril 2020.- En medio de la contingencia por el Civid-19 y el anuncio de la fase 3 de las medidas de contenci\u00f3n de la epidemia, las enfermedades degenerativas y respiratorias, se han incrementado. Lo anterior se\u2026","rel":"","context":"En &quot;CINTILLO&quot;","block_context":{"text":"CINTILLO","link":"https:\/\/www.grieta.org.mx\/index.php\/category\/cintillo\/"},"img":{"alt_text":"","src":"https:\/\/i0.wp.com\/www.grieta.org.mx\/wp-content\/uploads\/2020\/04\/Al-Covid-19-se-suman-las-enfermedades-respiratorias-en-San-Juan-del-R%C3%ADo-qro-abr.jpg?resize=350%2C200","width":350,"height":200},"classes":[]}],"_links":{"self":[{"href":"https:\/\/www.grieta.org.mx\/index.php\/wp-json\/wp\/v2\/posts\/50815","targetHints":{"allow":["GET"]}}],"collection":[{"href":"https:\/\/www.grieta.org.mx\/index.php\/wp-json\/wp\/v2\/posts"}],"about":[{"href":"https:\/\/www.grieta.org.mx\/index.php\/wp-json\/wp\/v2\/types\/post"}],"author":[{"embeddable":true,"href":"https:\/\/www.grieta.org.mx\/index.php\/wp-json\/wp\/v2\/users\/2"}],"replies":[{"embeddable":true,"href":"https:\/\/www.grieta.org.mx\/index.php\/wp-json\/wp\/v2\/comments?post=50815"}],"version-history":[{"count":1,"href":"https:\/\/www.grieta.org.mx\/index.php\/wp-json\/wp\/v2\/posts\/50815\/revisions"}],"predecessor-version":[{"id":50818,"href":"https:\/\/www.grieta.org.mx\/index.php\/wp-json\/wp\/v2\/posts\/50815\/revisions\/50818"}],"wp:featuredmedia":[{"embeddable":true,"href":"https:\/\/www.grieta.org.mx\/index.php\/wp-json\/wp\/v2\/media\/50816"}],"wp:attachment":[{"href":"https:\/\/www.grieta.org.mx\/index.php\/wp-json\/wp\/v2\/media?parent=50815"}],"wp:term":[{"taxonomy":"category","embeddable":true,"href":"https:\/\/www.grieta.org.mx\/index.php\/wp-json\/wp\/v2\/categories?post=50815"},{"taxonomy":"post_tag","embeddable":true,"href":"https:\/\/www.grieta.org.mx\/index.php\/wp-json\/wp\/v2\/tags?post=50815"}],"curies":[{"name":"wp","href":"https:\/\/api.w.org\/{rel}","templated":true}]}}