{"id":50793,"date":"2020-06-10T15:10:11","date_gmt":"2020-06-10T20:10:11","guid":{"rendered":"http:\/\/www.grieta.org.mx\/?p=50793"},"modified":"2020-06-13T15:32:47","modified_gmt":"2020-06-13T20:32:47","slug":"empleados-del-siop-piden-auxilio-ante-la-existencia-de-casos-de-covid-19-en-las-oficinas-centrales-jalisco","status":"publish","type":"post","link":"https:\/\/www.grieta.org.mx\/index.php\/2020\/06\/10\/empleados-del-siop-piden-auxilio-ante-la-existencia-de-casos-de-covid-19-en-las-oficinas-centrales-jalisco\/","title":{"rendered":"Empleados del SIOP piden \u201cauxilio\u201d ante la existencia de casos de COVID-19 en las oficinas centrales (Jalisco)"},"content":{"rendered":"<p><img loading=\"lazy\" decoding=\"async\" data-attachment-id=\"50794\" data-permalink=\"https:\/\/www.grieta.org.mx\/index.php\/2020\/06\/10\/empleados-del-siop-piden-auxilio-ante-la-existencia-de-casos-de-covid-19-en-las-oficinas-centrales-jalisco\/siop-ignacio-perez-vega-e1591835730737-600x451\/\" data-orig-file=\"https:\/\/www.grieta.org.mx\/wp-content\/uploads\/2020\/06\/SIOP-Ignacio-P\u00e9rez-Vega-e1591835730737-600x451.jpeg\" data-orig-size=\"600,451\" data-comments-opened=\"0\" data-image-meta=\"{&quot;aperture&quot;:&quot;0&quot;,&quot;credit&quot;:&quot;&quot;,&quot;camera&quot;:&quot;&quot;,&quot;caption&quot;:&quot;&quot;,&quot;created_timestamp&quot;:&quot;0&quot;,&quot;copyright&quot;:&quot;&quot;,&quot;focal_length&quot;:&quot;0&quot;,&quot;iso&quot;:&quot;0&quot;,&quot;shutter_speed&quot;:&quot;0&quot;,&quot;title&quot;:&quot;&quot;,&quot;orientation&quot;:&quot;0&quot;}\" data-image-title=\"SIOP-Ignacio-P\u00e9rez-Vega-e1591835730737-600&amp;#215;451\" data-image-description=\"\" data-image-caption=\"\" data-medium-file=\"https:\/\/www.grieta.org.mx\/wp-content\/uploads\/2020\/06\/SIOP-Ignacio-P\u00e9rez-Vega-e1591835730737-600x451-300x226.jpeg\" data-large-file=\"https:\/\/www.grieta.org.mx\/wp-content\/uploads\/2020\/06\/SIOP-Ignacio-P\u00e9rez-Vega-e1591835730737-600x451.jpeg\" class=\"aligncenter wp-image-50794\" src=\"http:\/\/www.grieta.org.mx\/wp-content\/uploads\/2020\/06\/SIOP-Ignacio-P\u00e9rez-Vega-e1591835730737-600x451.jpeg\" alt=\"\" width=\"799\" height=\"601\" srcset=\"https:\/\/www.grieta.org.mx\/wp-content\/uploads\/2020\/06\/SIOP-Ignacio-P\u00e9rez-Vega-e1591835730737-600x451.jpeg 600w, https:\/\/www.grieta.org.mx\/wp-content\/uploads\/2020\/06\/SIOP-Ignacio-P\u00e9rez-Vega-e1591835730737-600x451-300x226.jpeg 300w\" sizes=\"auto, (max-width: 799px) 100vw, 799px\" \/><\/p>\n<p>Foto: Ignacio P\u00e9rez Vega<\/p>\n<p><em>Los empleados se\u00f1alaron que en la SIOP no han dejado de trabajar, ya que las obras p\u00fablicas que emprende esa dependencia se han realizado sin detenerse, pese a la emergencia sanitaria<\/em><\/p>\n<p>Ignacio P\u00e9rez Vega \/ UDGTV<\/p>\n<p>Guadalajara, Jalisco.\u00a0Empleados que laboran en las oficinas de la Secretar\u00eda de Infraestructura y Obra P\u00fablica (SIOP) del gobierno de Jalisco elaboraron mensajes en peque\u00f1os papelitos en los que piden\u00a0<em>\u201cauxilio\u201d<\/em>\u00a0para que se conozca que en el inmueble de tres pisos, ubicado en avenida Prolongaci\u00f3n Alcalde 1351 edificio \u201cB\u201d, hay varios casos de COVID-19 y las autoridades mantienen a los trabajadores en ese sitio.<\/p>\n<p>A canal 44 llegaron en forma an\u00f3nima fotograf\u00edas donde se aprecia tirados en el piso de la SIOP,<strong>\u00a0los papelitos con la palabra\u00a0<em>\u201cauxilio\u201d<\/em>\u00a0y donde dicen que hay casos de COVID-19 y as\u00ed\u00a0<em>\u201cnos tienen trabajando\u201d.<\/em><\/strong><\/p>\n<p>En forma posterior, el dato se corrobor\u00f3 con empleados del sitio, quienes sin v\u00eda telef\u00f3nica confirmaron que algunos trabajadores quisieron llamar la atenci\u00f3n de lo que ah\u00ed sucede, con la idea de que se tomen medidas m\u00e1s estrictas para prevenir contagios.<\/p>\n<p>Las personas consultadas se\u00f1alan que hay entre cinco y siete casos de COVID-19, uno de ellos de un ingeniero supervisor de obra que est\u00e1 internado o estuvo internado en la cl\u00ednica 110 del IMSS.<\/p>\n<p><strong>Los empleados se\u00f1alaron que en la SIOP no han dejado de trabajar,<\/strong>\u00a0ya que las obras p\u00fablicas que emprende esa dependencia se han realizado sin detenerse, pese a la emergencia sanitaria.<\/p>\n<p>Explicaron que los supervisores de obra recorren trabajos en proceso en todo el estado, lo que los hace m\u00e1s vulnerables a portar el virus o a contagiarse de el y luego ellos llegan a las oficinas, donde pueden contagiar a sus compa\u00f1eros.<\/p>\n<p>El tema se ha mantenido en el mayor hermetismo en la SIOP y los empleados tienen temor de hablar sobre el tema, pues pudieran recibir represalias.<\/p>\n<p><a href=\"http:\/\/udgtv.com\/noticias\/empleados-siop-piden-auxilio-ante-existencia-casos-covid-19-las-oficinas-centrales\/\">http:\/\/udgtv.com\/noticias\/empleados-siop-piden-auxilio-ante-existencia-casos-covid-19-las-oficinas-centrales\/<\/a><\/p>\n","protected":false},"excerpt":{"rendered":"<p>Foto: Ignacio P\u00e9rez Vega Los empleados se\u00f1alaron que en la SIOP no han dejado de trabajar, ya que las obras p\u00fablicas que emprende esa dependencia se han realizado sin detenerse, &hellip; <a href=\"https:\/\/www.grieta.org.mx\/index.php\/2020\/06\/10\/empleados-del-siop-piden-auxilio-ante-la-existencia-de-casos-de-covid-19-en-las-oficinas-centrales-jalisco\/\" class=\"more-link\">Leer m\u00e1s<\/a><\/p>\n","protected":false},"author":2,"featured_media":50794,"comment_status":"closed","ping_status":"closed","sticky":false,"template":"","format":"standard","meta":{"ngg_post_thumbnail":0,"_jetpack_newsletter_access":"","_jetpack_dont_email_post_to_subs":false,"_jetpack_newsletter_tier_id":0,"_jetpack_memberships_contains_paywalled_content":false,"_jetpack_memberships_contains_paid_content":false,"footnotes":""},"categories":[80,3271,910,3289,20,2,83],"tags":[2841,3512,1290,2580,3222],"class_list":["post-50793","post","type-post","status-publish","format-standard","has-post-thumbnail","hentry","category-cintillo","category-covid-19-en-jalisco","category-explotacion-y-precariedad-laboral","category-explotacion-y-precariedad-laboral-en-jalisco","category-jalisco","category-noticias-nacionales","category-temas-nacionales","tag-explotacion-y-precariedad-laboral","tag-infecta","tag-precariedad-laboral","tag-precarizacion-laboral","tag-trabajo-precario","entry"],"jetpack_featured_media_url":"https:\/\/www.grieta.org.mx\/wp-content\/uploads\/2020\/06\/SIOP-Ignacio-P\u00e9rez-Vega-e1591835730737-600x451.jpeg","jetpack_sharing_enabled":true,"jetpack_shortlink":"https:\/\/wp.me\/p7ZJR4-ddf","jetpack_likes_enabled":false,"jetpack-related-posts":[{"id":49675,"url":"https:\/\/www.grieta.org.mx\/index.php\/2020\/05\/17\/trabajadores-despedidos-de-sistecozome-tras-el-cierre-en-2017-exigen-laudos-jalisco\/","url_meta":{"origin":50793,"position":0},"title":"Trabajadores despedidos de Sistecozome tras el cierre en 2017 exigen laudos (Jalisco)","author":"grieta","date":"17 mayo, 2020","format":false,"excerpt":"Foto: Redes Sociales Los ex conductores exigen que antes de pagar las liquidaciones respectivas a los empleados de SyT, debe cumplirse con los pagos pendientes a los trabajadores despedidos del Sistecozome Ignacio P\u00e9rez Vega \/ UDGTV Luego de que el Congreso del Estado vot\u00f3 a favor de desaparecer a la\u2026","rel":"","context":"En &quot;CINTILLO&quot;","block_context":{"text":"CINTILLO","link":"https:\/\/www.grieta.org.mx\/index.php\/category\/cintillo\/"},"img":{"alt_text":"","src":"https:\/\/i0.wp.com\/www.grieta.org.mx\/wp-content\/uploads\/2020\/05\/Justicia-Sistecozome3-Ignacio-P%C3%A9rez-Vega.jpg?resize=350%2C200&ssl=1","width":350,"height":200,"srcset":"https:\/\/i0.wp.com\/www.grieta.org.mx\/wp-content\/uploads\/2020\/05\/Justicia-Sistecozome3-Ignacio-P%C3%A9rez-Vega.jpg?resize=350%2C200&ssl=1 1x, https:\/\/i0.wp.com\/www.grieta.org.mx\/wp-content\/uploads\/2020\/05\/Justicia-Sistecozome3-Ignacio-P%C3%A9rez-Vega.jpg?resize=525%2C300&ssl=1 1.5x, https:\/\/i0.wp.com\/www.grieta.org.mx\/wp-content\/uploads\/2020\/05\/Justicia-Sistecozome3-Ignacio-P%C3%A9rez-Vega.jpg?resize=700%2C400&ssl=1 2x"},"classes":[]},{"id":47518,"url":"https:\/\/www.grieta.org.mx\/index.php\/2020\/04\/06\/se-calcula-que-son-420-los-empleados-despedidos-del-inegi-en-guadalajara-por-la-cancelacion-del-censo-de-poblacion-jalisco\/","url_meta":{"origin":50793,"position":1},"title":"Se calcula que son 420 los empleados despedidos del INEGI en Guadalajara, por la cancelaci\u00f3n del Censo de Poblaci\u00f3n (Jalisco)","author":"grieta","date":"6 abril, 2020","format":false,"excerpt":"Foto: UDGTV El abogado Jes\u00fas Su\u00e1rez, quien representa a los trabajadores cesados del INEGI, explic\u00f3 que se est\u00e1 gestando un movimiento nacional para ejercer presi\u00f3n y lograr que se paguen los salarios pendientes Ignacio P\u00e9rez Vega \/ UDGTV Guadalajara, Jalisco. En el \u00c1rea Metropolitana de Guadalajara, se calcula que son\u2026","rel":"","context":"En &quot;CINTILLO&quot;","block_context":{"text":"CINTILLO","link":"https:\/\/www.grieta.org.mx\/index.php\/category\/cintillo\/"},"img":{"alt_text":"","src":"https:\/\/i0.wp.com\/www.grieta.org.mx\/wp-content\/uploads\/2020\/04\/Protesta-INEGI-Ignacio-P%C3%A9rez-Vega-696x522.jpeg?resize=350%2C200&ssl=1","width":350,"height":200,"srcset":"https:\/\/i0.wp.com\/www.grieta.org.mx\/wp-content\/uploads\/2020\/04\/Protesta-INEGI-Ignacio-P%C3%A9rez-Vega-696x522.jpeg?resize=350%2C200&ssl=1 1x, https:\/\/i0.wp.com\/www.grieta.org.mx\/wp-content\/uploads\/2020\/04\/Protesta-INEGI-Ignacio-P%C3%A9rez-Vega-696x522.jpeg?resize=525%2C300&ssl=1 1.5x"},"classes":[]},{"id":48430,"url":"https:\/\/www.grieta.org.mx\/index.php\/2020\/04\/28\/comerciantes-de-union-de-tula-piden-los-dejen-trabajar-ahi-no-hay-casos-de-covid-19-jalisco\/","url_meta":{"origin":50793,"position":2},"title":"Comerciantes de Uni\u00f3n de Tula piden los dejen trabajar: ah\u00ed no hay casos de COVID-19 (Jalisco)","author":"grieta","date":"28 abril, 2020","format":false,"excerpt":"Foto: Ayuntamiento de Uni\u00f3n Tula \u201cLlevamos m\u00e1s de un mes sin poder trabajar, y la mayor\u00eda de las personas no est\u00e1bamos preparados para esta situaci\u00f3n, nuestro municipio no es muy grande y nuestros comercios son peque\u00f1os, las medidas deben adaptarse a cada municipio\u201d se\u00f1alan los comerciantes afectados Antonio D\u00edaz \/\u2026","rel":"","context":"En &quot;CINTILLO&quot;","block_context":{"text":"CINTILLO","link":"https:\/\/www.grieta.org.mx\/index.php\/category\/cintillo\/"},"img":{"alt_text":"","src":"https:\/\/i0.wp.com\/www.grieta.org.mx\/wp-content\/uploads\/2020\/05\/Uni%C3%B3n-de-Tula-600x327.jpg?resize=350%2C200&ssl=1","width":350,"height":200,"srcset":"https:\/\/i0.wp.com\/www.grieta.org.mx\/wp-content\/uploads\/2020\/05\/Uni%C3%B3n-de-Tula-600x327.jpg?resize=350%2C200&ssl=1 1x, https:\/\/i0.wp.com\/www.grieta.org.mx\/wp-content\/uploads\/2020\/05\/Uni%C3%B3n-de-Tula-600x327.jpg?resize=525%2C300&ssl=1 1.5x"},"classes":[]},{"id":49692,"url":"https:\/\/www.grieta.org.mx\/index.php\/2020\/05\/20\/exigen-garantias-de-salud-para-trabajadores-de-reclusorios-en-jalisco\/","url_meta":{"origin":50793,"position":3},"title":"Exigen garant\u00edas de salud para trabajadores de reclusorios en Jalisco","author":"grieta","date":"20 mayo, 2020","format":false,"excerpt":"Foto. Pablo Toledo Integrantes del Sindicato Democr\u00e1tico del Sistema Penitenciario del Estado de Jalisco denunciaron tambi\u00e9n la falta de pagos de bonos, discriminaci\u00f3n laboral y la falta de protocolos sanitarios Pablo Toledo \/ UDGTV Guadalajara, Jalisco. Integrantes del Sindicato Democr\u00e1tico del Sistema Penitenciario del Estado de Jalisco entregaron un pliego\u2026","rel":"","context":"En &quot;CINTILLO&quot;","block_context":{"text":"CINTILLO","link":"https:\/\/www.grieta.org.mx\/index.php\/category\/cintillo\/"},"img":{"alt_text":"","src":"https:\/\/i0.wp.com\/www.grieta.org.mx\/wp-content\/uploads\/2020\/05\/reclusorios-de-Jalisco-Pablo-Toledo-696x385.jpeg?resize=350%2C200&ssl=1","width":350,"height":200,"srcset":"https:\/\/i0.wp.com\/www.grieta.org.mx\/wp-content\/uploads\/2020\/05\/reclusorios-de-Jalisco-Pablo-Toledo-696x385.jpeg?resize=350%2C200&ssl=1 1x, https:\/\/i0.wp.com\/www.grieta.org.mx\/wp-content\/uploads\/2020\/05\/reclusorios-de-Jalisco-Pablo-Toledo-696x385.jpeg?resize=525%2C300&ssl=1 1.5x"},"classes":[]},{"id":59337,"url":"https:\/\/www.grieta.org.mx\/index.php\/2021\/05\/02\/trabajadores-de-telmex-a-punto-de-estallar-a-huelga-por-aumento-de-anos-para-la-jubilacion-jalisco\/","url_meta":{"origin":50793,"position":4},"title":"Trabajadores de TELMEX a punto de estallar a huelga por aumento de a\u00f1os para la jubilaci\u00f3n (Jalisco)","author":"grieta","date":"2 mayo, 2021","format":false,"excerpt":"Foto: Ignacio P\u00e9rez Vega Ignacio P\u00e9rez Vega \/ UDGTV Trabajadores de Tel\u00e9fonos de M\u00e9xico salieron a manifestarse en el D\u00eda Internacional del Trabajo para exigir que se les respete su contrato colectivo de trabajo y que se respete la jubilaci\u00f3n en los t\u00e9rminos en que actualmente est\u00e1. Mar\u00eda del Carmen\u2026","rel":"","context":"En &quot;CINTILLO&quot;","block_context":{"text":"CINTILLO","link":"https:\/\/www.grieta.org.mx\/index.php\/category\/cintillo\/"},"img":{"alt_text":"","src":"https:\/\/i0.wp.com\/www.grieta.org.mx\/wp-content\/uploads\/2021\/05\/WhatsApp-Image-2021-05-02-at-00.02.26-633x420-1.jpeg?resize=350%2C200&ssl=1","width":350,"height":200,"srcset":"https:\/\/i0.wp.com\/www.grieta.org.mx\/wp-content\/uploads\/2021\/05\/WhatsApp-Image-2021-05-02-at-00.02.26-633x420-1.jpeg?resize=350%2C200&ssl=1 1x, https:\/\/i0.wp.com\/www.grieta.org.mx\/wp-content\/uploads\/2021\/05\/WhatsApp-Image-2021-05-02-at-00.02.26-633x420-1.jpeg?resize=525%2C300&ssl=1 1.5x"},"classes":[]},{"id":48810,"url":"https:\/\/www.grieta.org.mx\/index.php\/2020\/05\/08\/inspectores-multan-a-artesanos-en-jalisco-y-les-quitan-producto-que-intentaban-cambiar-por-comida\/","url_meta":{"origin":50793,"position":5},"title":"Inspectores multan a artesanos en Jalisco y les quitan producto que intentaban cambiar por comida","author":"grieta","date":"8 mayo, 2020","format":false,"excerpt":"Foto: Captura de pantalla Redacci\u00f3n \/ Sin Embargo Ciudad de M\u00e9xico, 8 de mayo (SinEmbargo).- En medio de la contingencia sanitaria a causa del\u00a0COVID-19, inspectores\u00a0del Ayuntamiento de\u00a0Tonal\u00e1, en\u00a0Jalisco,\u00a0multaron y decomisaron\u00a0la\u00a0mercanc\u00eda\u00a0de\u00a0artesanos\u00a0que buscaban intercambiar sus productos por comida ante las bajas ventas provocadas por la pandemia. A trav\u00e9s de un video que\u2026","rel":"","context":"En &quot;CINTILLO&quot;","block_context":{"text":"CINTILLO","link":"https:\/\/www.grieta.org.mx\/index.php\/category\/cintillo\/"},"img":{"alt_text":"","src":"https:\/\/i0.wp.com\/www.grieta.org.mx\/wp-content\/uploads\/2020\/05\/inspectores-tonala.jpg?resize=350%2C200&ssl=1","width":350,"height":200,"srcset":"https:\/\/i0.wp.com\/www.grieta.org.mx\/wp-content\/uploads\/2020\/05\/inspectores-tonala.jpg?resize=350%2C200&ssl=1 1x, https:\/\/i0.wp.com\/www.grieta.org.mx\/wp-content\/uploads\/2020\/05\/inspectores-tonala.jpg?resize=525%2C300&ssl=1 1.5x, https:\/\/i0.wp.com\/www.grieta.org.mx\/wp-content\/uploads\/2020\/05\/inspectores-tonala.jpg?resize=700%2C400&ssl=1 2x, https:\/\/i0.wp.com\/www.grieta.org.mx\/wp-content\/uploads\/2020\/05\/inspectores-tonala.jpg?resize=1050%2C600&ssl=1 3x"},"classes":[]}],"_links":{"self":[{"href":"https:\/\/www.grieta.org.mx\/index.php\/wp-json\/wp\/v2\/posts\/50793","targetHints":{"allow":["GET"]}}],"collection":[{"href":"https:\/\/www.grieta.org.mx\/index.php\/wp-json\/wp\/v2\/posts"}],"about":[{"href":"https:\/\/www.grieta.org.mx\/index.php\/wp-json\/wp\/v2\/types\/post"}],"author":[{"embeddable":true,"href":"https:\/\/www.grieta.org.mx\/index.php\/wp-json\/wp\/v2\/users\/2"}],"replies":[{"embeddable":true,"href":"https:\/\/www.grieta.org.mx\/index.php\/wp-json\/wp\/v2\/comments?post=50793"}],"version-history":[{"count":1,"href":"https:\/\/www.grieta.org.mx\/index.php\/wp-json\/wp\/v2\/posts\/50793\/revisions"}],"predecessor-version":[{"id":50796,"href":"https:\/\/www.grieta.org.mx\/index.php\/wp-json\/wp\/v2\/posts\/50793\/revisions\/50796"}],"wp:featuredmedia":[{"embeddable":true,"href":"https:\/\/www.grieta.org.mx\/index.php\/wp-json\/wp\/v2\/media\/50794"}],"wp:attachment":[{"href":"https:\/\/www.grieta.org.mx\/index.php\/wp-json\/wp\/v2\/media?parent=50793"}],"wp:term":[{"taxonomy":"category","embeddable":true,"href":"https:\/\/www.grieta.org.mx\/index.php\/wp-json\/wp\/v2\/categories?post=50793"},{"taxonomy":"post_tag","embeddable":true,"href":"https:\/\/www.grieta.org.mx\/index.php\/wp-json\/wp\/v2\/tags?post=50793"}],"curies":[{"name":"wp","href":"https:\/\/api.w.org\/{rel}","templated":true}]}}