{"id":50740,"date":"2020-06-08T10:50:56","date_gmt":"2020-06-08T15:50:56","guid":{"rendered":"http:\/\/www.grieta.org.mx\/?p=50740"},"modified":"2020-06-13T11:03:44","modified_gmt":"2020-06-13T16:03:44","slug":"ante-alza-en-inseguridad-colimenses-protestan-y-piden-renuncia-del-gobernador","status":"publish","type":"post","link":"https:\/\/www.grieta.org.mx\/index.php\/2020\/06\/08\/ante-alza-en-inseguridad-colimenses-protestan-y-piden-renuncia-del-gobernador\/","title":{"rendered":"Ante alza en inseguridad, colimenses protestan y piden renuncia del gobernador"},"content":{"rendered":"<p><img loading=\"lazy\" decoding=\"async\" data-attachment-id=\"50741\" data-permalink=\"https:\/\/www.grieta.org.mx\/index.php\/2020\/06\/08\/ante-alza-en-inseguridad-colimenses-protestan-y-piden-renuncia-del-gobernador\/marcha_colima_gobernador-870x522\/\" data-orig-file=\"https:\/\/www.grieta.org.mx\/wp-content\/uploads\/2020\/06\/marcha_colima_gobernador-870x522.jpg\" data-orig-size=\"870,522\" data-comments-opened=\"0\" data-image-meta=\"{&quot;aperture&quot;:&quot;0&quot;,&quot;credit&quot;:&quot;&quot;,&quot;camera&quot;:&quot;&quot;,&quot;caption&quot;:&quot;&quot;,&quot;created_timestamp&quot;:&quot;0&quot;,&quot;copyright&quot;:&quot;&quot;,&quot;focal_length&quot;:&quot;0&quot;,&quot;iso&quot;:&quot;0&quot;,&quot;shutter_speed&quot;:&quot;0&quot;,&quot;title&quot;:&quot;&quot;,&quot;orientation&quot;:&quot;1&quot;}\" data-image-title=\"marcha_colima_gobernador-870&amp;#215;522\" data-image-description=\"\" data-image-caption=\"\" data-medium-file=\"https:\/\/www.grieta.org.mx\/wp-content\/uploads\/2020\/06\/marcha_colima_gobernador-870x522-300x180.jpg\" data-large-file=\"https:\/\/www.grieta.org.mx\/wp-content\/uploads\/2020\/06\/marcha_colima_gobernador-870x522.jpg\" class=\"aligncenter wp-image-50741\" src=\"http:\/\/www.grieta.org.mx\/wp-content\/uploads\/2020\/06\/marcha_colima_gobernador-870x522.jpg\" alt=\"\" width=\"800\" height=\"480\" srcset=\"https:\/\/www.grieta.org.mx\/wp-content\/uploads\/2020\/06\/marcha_colima_gobernador-870x522.jpg 870w, https:\/\/www.grieta.org.mx\/wp-content\/uploads\/2020\/06\/marcha_colima_gobernador-870x522-300x180.jpg 300w, https:\/\/www.grieta.org.mx\/wp-content\/uploads\/2020\/06\/marcha_colima_gobernador-870x522-768x461.jpg 768w, https:\/\/www.grieta.org.mx\/wp-content\/uploads\/2020\/06\/marcha_colima_gobernador-870x522-833x500.jpg 833w\" sizes=\"auto, (max-width: 800px) 100vw, 800px\" \/><\/p>\n<p>Foto: Pedro Zamora<\/p>\n<p>Pedro Zamora Brise\u00f1o \/ Proceso<\/p>\n<p>COLIMA, Col. (proceso.com.mx).- Inconformes con el incremento de la inseguridad y la violencia, cientos de colimenses marcharon la tarde de este domingo por las principales calles de la ciudad capital en demanda de la renuncia del gobernador, Jos\u00e9 Ignacio Peralta S\u00e1nchez, y del secretario general de Gobierno, Arnoldo Ochoa Gonz\u00e1lez.<\/p>\n<p>Con vestimenta blanca, con cubrebocas en su mayor\u00eda y guardando distancia, familiares de v\u00edctimas de la violencia e integrantes de organizaciones sociales partieron del parque de la Piedra Lisa por la Calzada Galv\u00e1n y siguieron por Francisco I. Madero hasta llegar al Jard\u00edn Libertad, donde realizaron un mitin frente al edificio del Palacio de Gobierno.<\/p>\n<p>A lo largo del recorrido de la denominada \u201cMarcha por la Paz y la Justicia\u201d, las consignas principales fueron \u201c\u00a1Fuera, Nacho!\u201d, \u201c\u00a1Nacho, escucha, queremos tu renuncia!\u201d, \u201c\u00a1Cuidado, Ignacio, el pueblo est\u00e1 enojado!\u201d as\u00ed como \u201c\u00a1Ni felices, ni seguros!\u201d, esta \u00faltima en alusi\u00f3n a la promesa de campa\u00f1a del actual mandatario.<\/p>\n<p>Entre los contingentes, destac\u00f3 el de la Red Desaparecidos en Colima, con m\u00faltiples fotograf\u00edas de sus familiares ausentes, as\u00ed como organizaciones de mujeres que se pronunciaron contra los feminicidios. \u201c\u00bfD\u00f3nde est\u00e1n, d\u00f3nde est\u00e1n, nuestros hijos d\u00f3nde est\u00e1n?\u201d \u201c\u00a1Ni una m\u00e1s, ni una m\u00e1s, ni una asesinada m\u00e1s!\u201d, se escuchaba mientras cuatro mujeres j\u00f3venes cargaban en hombros un ata\u00fad negro.<\/p>\n<p>Tambi\u00e9n march\u00f3 en busca de justicia la familia del adolescente Josu\u00e9 Maga\u00f1a, asesinado en circunstancias no aclaradas hace m\u00e1s de un a\u00f1o en la casa del entonces secretario de Turismo del gobierno estatal, Efra\u00edn Angulo, quien despu\u00e9s de ese hecho renunci\u00f3 a su cargo, pero la muerte del menor contin\u00faa impune.<\/p>\n<p>Otra demanda de la marcha fue poner un alto a la creciente cifra de asesinatos en la entidad, el esclarecimiento de la ejecuci\u00f3n de siete polic\u00edas estatales enviados en condiciones presuntamente irregulares a escoltar empresarios mineros al estado de Jalisco, as\u00ed como el secuestro y posterior feminicidio de la diputada local Francis Anel Bueno S\u00e1nchez.<\/p>\n<div id=\"stagi-f4bfc3a57e9ffbadaf0fa0176f6a0938\"><\/div>\n<p>Al llegar a Palacio Gobierno, las ocho organizaciones convocantes emitieron un pronunciamiento conjunto, mediante el cual solicitaron al Congreso del Estado iniciar un juicio pol\u00edtico contra el gobernador Peralta S\u00e1nchez \u201cpara ser destituido por las omisiones que han costado la vida a tantos colimenses\u201d.<\/p>\n<p>Lo anterior, debido a que Colima \u201cse ha vuelto uno de los lugares m\u00e1s peligrosos del pa\u00eds\u201d, pues \u201ca cinco a\u00f1os de que Jos\u00e9 Ignacio Peralta S\u00e1nchez tom\u00f3 protesta como gobernador del estado, su estrategia de seguridad ha tra\u00eddo violencia y dolor para nuestra entidad\u201d.<\/p>\n<p>As\u00ed tambi\u00e9n, Colima \u201ces el primer lugar nacional en feminicidios, homicidios dolosos y robo a casa habitaci\u00f3n\u201d, adem\u00e1s de que \u201chay un incalculable n\u00famero de personas desaparecidas en Colima y se siguen reportando casos nuevos todos los d\u00edas\u201d, ante lo cual \u201cel gobernador no ha reconocido la gravedad de la situaci\u00f3n y las autoridades no han respondido a las exigencias de las familias\u201d.<\/p>\n<p>En su pronunciamiento, las organizaciones denunciaron que \u201cla corrupci\u00f3n y los v\u00ednculos con el narcotr\u00e1fico est\u00e1n presentes en casi todas las instituciones de seguridad en el estado, con la complicidad y el silencio de los altos mandos\u201d.<\/p>\n<p>A\u00f1adieron que \u201cla opacidad y la ineficiencia de las autoridades ha demostrado que Colima es un Estado fallido\u201d, pues \u201cmientras la gente muere, el gobernador hace turismo pol\u00edtico fuera del territorio\u201d y \u201cel pueblo ya no puede tolerar esta situaci\u00f3n\u201d.<\/p>\n<p>Adem\u00e1s de la destituci\u00f3n del gobernador, se pronunciaron por la renuncia del secretario general de Gobierno, Arnoldo Ochoa Gonz\u00e1lez, pues \u201ces corresponsable del gobierno que ha fallado en contener el periodo m\u00e1s violento de la historia de nuestra entidad\u201d.<\/p>\n<p>Demandaron una reforma urgente en la Secretar\u00eda de Seguridad P\u00fablica para que las polic\u00edas \u201cdejen de ser utilizadas como agentes privados de los poderosos y regresen al servicio del pueblo\u201d, as\u00ed como dise\u00f1ar un esquema de ciudadanizaci\u00f3n de la seguridad p\u00fablica en el que se incluya un consejo ciudadano con la facultad de vigilar las estrategias de seguridad, en el que participen todos los sectores de la sociedad colimense\u201d.<\/p>\n<p>Tambi\u00e9n exigieron que se replantee la pol\u00edtica integral de seguridad en el estado, d\u00e1ndole mayor importancia a los programas de prevenci\u00f3n de la violencia y el delito, transparentando los protocolos de investigaci\u00f3n judicial y combatiendo la corrupci\u00f3n e impunidad en las instituciones.<\/p>\n<p>La \u201cMarcha por la Paz y la Justicia\u201d fue convocada por el Frente en Defensa del Ma\u00edz, Coordinadora Socialista Revolucionaria, Verde Colima, Consejo Ind\u00edgena en Defensa del Territorio de Zacualpan, Bicivil\u00edzate Colima, Fundaci\u00f3n por la Equidad y Coordinadora Nacional de Trabajadores de la Educaci\u00f3n.<\/p>\n<p><a href=\"https:\/\/www.proceso.com.mx\/633395\/ante-alza-en-inseguridad-colimenses-protestan-y-piden-renuncia-de-gobernador\">https:\/\/www.proceso.com.mx\/633395\/ante-alza-en-inseguridad-colimenses-protestan-y-piden-renuncia-de-gobernador<\/a><\/p>\n","protected":false},"excerpt":{"rendered":"<p>Foto: Pedro Zamora Pedro Zamora Brise\u00f1o \/ Proceso COLIMA, Col. (proceso.com.mx).- Inconformes con el incremento de la inseguridad y la violencia, cientos de colimenses marcharon la tarde de este domingo &hellip; <a href=\"https:\/\/www.grieta.org.mx\/index.php\/2020\/06\/08\/ante-alza-en-inseguridad-colimenses-protestan-y-piden-renuncia-del-gobernador\/\" class=\"more-link\">Leer m\u00e1s<\/a><\/p>\n","protected":false},"author":2,"featured_media":50741,"comment_status":"closed","ping_status":"closed","sticky":false,"template":"","format":"standard","meta":{"ngg_post_thumbnail":0,"_jetpack_newsletter_access":"","_jetpack_dont_email_post_to_subs":false,"_jetpack_newsletter_tier_id":0,"_jetpack_memberships_contains_paywalled_content":false,"_jetpack_memberships_contains_paid_content":false,"footnotes":""},"categories":[80,13,3286,1126,2],"tags":[3024,1133,1579],"class_list":["post-50740","post","type-post","status-publish","format-standard","has-post-thumbnail","hentry","category-cintillo","category-colima","category-covid-19-en-colima","category-incremento-en-la-violencia-en-colima","category-noticias-nacionales","tag-aumento-de-la-violencia","tag-incremento-en-la-violencia","tag-protestas-contra-la-inseguridad-y-la-violencia","entry"],"jetpack_featured_media_url":"https:\/\/www.grieta.org.mx\/wp-content\/uploads\/2020\/06\/marcha_colima_gobernador-870x522.jpg","jetpack_sharing_enabled":true,"jetpack_shortlink":"https:\/\/wp.me\/p7ZJR4-dco","jetpack_likes_enabled":false,"jetpack-related-posts":[{"id":55722,"url":"https:\/\/www.grieta.org.mx\/index.php\/2020\/12\/11\/pese-a-discurso-oficial-homicidios-aumentaron-35-en-colima\/","url_meta":{"origin":50740,"position":0},"title":"Pese a discurso oficial homicidios aumentaron 35% en Colima","author":"grieta","date":"11 diciembre, 2020","format":false,"excerpt":"Imagen: Diario Avanzada Heidi de Le\u00f3n Guti\u00e9rrez \/ Diario Avanzada Colima, M\u00e9xico, Avanzada (11\/12\/2020).- Por una parte, el discurso desde el Gobierno del estado expone que se trabaja por la seguridad de los colimenses, por otra, las cifras muestran que la violencia homicida va en aumento en el territorio estatal.\u2026","rel":"","context":"En &quot;CINTILLO&quot;","block_context":{"text":"CINTILLO","link":"https:\/\/www.grieta.org.mx\/index.php\/category\/cintillo\/"},"img":{"alt_text":"","src":"https:\/\/i0.wp.com\/www.grieta.org.mx\/wp-content\/uploads\/2020\/12\/Homicidios-julio-faltan.png?resize=350%2C200&ssl=1","width":350,"height":200,"srcset":"https:\/\/i0.wp.com\/www.grieta.org.mx\/wp-content\/uploads\/2020\/12\/Homicidios-julio-faltan.png?resize=350%2C200&ssl=1 1x, https:\/\/i0.wp.com\/www.grieta.org.mx\/wp-content\/uploads\/2020\/12\/Homicidios-julio-faltan.png?resize=525%2C300&ssl=1 1.5x"},"classes":[]},{"id":52490,"url":"https:\/\/www.grieta.org.mx\/index.php\/2020\/08\/04\/policia-estatal-desaloja-a-manifestantes-que-protestaban-contra-el-gobernador-colima\/","url_meta":{"origin":50740,"position":1},"title":"Polic\u00eda Estatal desaloja a manifestantes que protestaban contra el gobernador (Colima)","author":"grieta","date":"4 agosto, 2020","format":false,"excerpt":"Foto: Diario Avanzada Heidi de Le\u00f3n Gutierrez \/ Diario Avanzada Colima, M\u00e9xico, Avanzada (03\/08\/2020).- La Polic\u00eda Estatal desaloj\u00f3 la madrugada del s\u00e1bado a un grupo de inconformes que desde el pasado primero de julio instalaron un plant\u00f3n en contra del gobernador, Ignacio Peralta S\u00e1nchez a quien responsabilizan de los altos\u2026","rel":"","context":"En &quot;CINTILLO&quot;","block_context":{"text":"CINTILLO","link":"https:\/\/www.grieta.org.mx\/index.php\/category\/cintillo\/"},"img":{"alt_text":"","src":"https:\/\/i0.wp.com\/www.grieta.org.mx\/wp-content\/uploads\/2020\/08\/116585221_582895575931930_4914339805560488606_n.jpg?resize=350%2C200&ssl=1","width":350,"height":200,"srcset":"https:\/\/i0.wp.com\/www.grieta.org.mx\/wp-content\/uploads\/2020\/08\/116585221_582895575931930_4914339805560488606_n.jpg?resize=350%2C200&ssl=1 1x, https:\/\/i0.wp.com\/www.grieta.org.mx\/wp-content\/uploads\/2020\/08\/116585221_582895575931930_4914339805560488606_n.jpg?resize=525%2C300&ssl=1 1.5x"},"classes":[]},{"id":43556,"url":"https:\/\/www.grieta.org.mx\/index.php\/2020\/01\/22\/recortan-dinero-de-seguridad-a-tres-municipios-del-estado-colima\/","url_meta":{"origin":50740,"position":2},"title":"Recortan dinero de seguridad a tres municipios del estado (Colima)","author":"grieta","date":"22 enero, 2020","format":false,"excerpt":"Manzanillo, Tecom\u00e1n y Colima tendr\u00e1n menos dinero del Fortaseg, a pesar de sus niveles de inseguridad; se apoya tambi\u00e9n a Villa de \u00c1lvarez Foto: Ilustrativa Mario Alberto Solis Espinoza \/ El Diario de Colima A pesar de sus niveles de inseguridad, los municipios de Colima, Manzanillo y Tecom\u00e1n recibir\u00e1n menos\u2026","rel":"","context":"En &quot;CINTILLO&quot;","block_context":{"text":"CINTILLO","link":"https:\/\/www.grieta.org.mx\/index.php\/category\/cintillo\/"},"img":{"alt_text":"","src":"https:\/\/i0.wp.com\/www.grieta.org.mx\/wp-content\/uploads\/2020\/01\/CRIMEN.jpg?resize=350%2C200&ssl=1","width":350,"height":200,"srcset":"https:\/\/i0.wp.com\/www.grieta.org.mx\/wp-content\/uploads\/2020\/01\/CRIMEN.jpg?resize=350%2C200&ssl=1 1x, https:\/\/i0.wp.com\/www.grieta.org.mx\/wp-content\/uploads\/2020\/01\/CRIMEN.jpg?resize=525%2C300&ssl=1 1.5x, https:\/\/i0.wp.com\/www.grieta.org.mx\/wp-content\/uploads\/2020\/01\/CRIMEN.jpg?resize=700%2C400&ssl=1 2x"},"classes":[]},{"id":63701,"url":"https:\/\/www.grieta.org.mx\/index.php\/2022\/03\/09\/dos-mil-mujeres-marchan-en-colima-contra-la-inseguridad-feminicidios-y-desaparicion-forzada\/","url_meta":{"origin":50740,"position":3},"title":"Dos mil mujeres marchan en Colima contra la inseguridad, feminicidios y desaparici\u00f3n forzada","author":"grieta","date":"9 marzo, 2022","format":false,"excerpt":"Foto: Monserrat C\u00e1rdenas Monserrat C\u00e1rdenas \/ Somos El Medio Este martes, 8 de marzo, al menos\u00a02 mil mujeres colimenses marcharon bajo el lema \u201cLas calles son nuestras\u201d\u00a0en la capital del estado, condenando la violencia armada y los asesinatos y desapariciones de mujeres en la entidad. La manifestaci\u00f3n, encabezada por las\u2026","rel":"","context":"En &quot;CINTILLO&quot;","block_context":{"text":"CINTILLO","link":"https:\/\/www.grieta.org.mx\/index.php\/category\/cintillo\/"},"img":{"alt_text":"","src":"https:\/\/i0.wp.com\/www.grieta.org.mx\/wp-content\/uploads\/2022\/03\/275370076_5206834432696102_2328778518388474479_n-1068x712-1.jpg?resize=350%2C200&ssl=1","width":350,"height":200,"srcset":"https:\/\/i0.wp.com\/www.grieta.org.mx\/wp-content\/uploads\/2022\/03\/275370076_5206834432696102_2328778518388474479_n-1068x712-1.jpg?resize=350%2C200&ssl=1 1x, https:\/\/i0.wp.com\/www.grieta.org.mx\/wp-content\/uploads\/2022\/03\/275370076_5206834432696102_2328778518388474479_n-1068x712-1.jpg?resize=525%2C300&ssl=1 1.5x, https:\/\/i0.wp.com\/www.grieta.org.mx\/wp-content\/uploads\/2022\/03\/275370076_5206834432696102_2328778518388474479_n-1068x712-1.jpg?resize=700%2C400&ssl=1 2x, https:\/\/i0.wp.com\/www.grieta.org.mx\/wp-content\/uploads\/2022\/03\/275370076_5206834432696102_2328778518388474479_n-1068x712-1.jpg?resize=1050%2C600&ssl=1 3x"},"classes":[]},{"id":43798,"url":"https:\/\/www.grieta.org.mx\/index.php\/2020\/01\/29\/colima-estaria-maquillando-cifras-de-robos-senala-ong\/","url_meta":{"origin":50740,"position":4},"title":"Colima estar\u00eda \u201cmaquillando\u201d cifras de robos, se\u00f1ala ONG","author":"grieta","date":"29 enero, 2020","format":false,"excerpt":"Colima, M\u00e9xico, Avanzada (29\/01\/2020).- \u00a0La organizaci\u00f3n nacional Causa Com\u00fan alert\u00f3 que varias entidades del pa\u00eds, entre ellas Colima, observan anomal\u00eda al momento de registrar alguno de los diversos delitos que se cometen. La ONG \u2013 especialista en analizar las estad\u00edsticas sobre violencia en M\u00e9xico- clasific\u00f3 como una anomal\u00eda que Colima\u2026","rel":"","context":"En &quot;CINTILLO&quot;","block_context":{"text":"CINTILLO","link":"https:\/\/www.grieta.org.mx\/index.php\/category\/cintillo\/"},"img":{"alt_text":"","src":"https:\/\/i0.wp.com\/www.grieta.org.mx\/wp-content\/uploads\/2018\/03\/14524434_1106112876131411_958039263622046936_o.jpg?resize=350%2C200&ssl=1","width":350,"height":200,"srcset":"https:\/\/i0.wp.com\/www.grieta.org.mx\/wp-content\/uploads\/2018\/03\/14524434_1106112876131411_958039263622046936_o.jpg?resize=350%2C200&ssl=1 1x, https:\/\/i0.wp.com\/www.grieta.org.mx\/wp-content\/uploads\/2018\/03\/14524434_1106112876131411_958039263622046936_o.jpg?resize=525%2C300&ssl=1 1.5x, https:\/\/i0.wp.com\/www.grieta.org.mx\/wp-content\/uploads\/2018\/03\/14524434_1106112876131411_958039263622046936_o.jpg?resize=700%2C400&ssl=1 2x"},"classes":[]},{"id":42551,"url":"https:\/\/www.grieta.org.mx\/index.php\/2019\/12\/22\/asesinaron-a-69-personas-en-colima-en-el-mes-de-noviembre\/","url_meta":{"origin":50740,"position":5},"title":"Asesinaron a 69 personas en Colima en el mes de noviembre","author":"grieta","date":"22 diciembre, 2019","format":false,"excerpt":"Imagen: Diario Avanzada Pedro Zamora Brise\u00f1o \/ Diario Avanzada Colima, M\u00e9xico, Avanzada (22\/12\/2019).- El mes de noviembre se convirti\u00f3 en uno de los m\u00e1s sangrientos del presente a\u00f1o en esta entidad, con 69 homicidios dolosos \u2014cifra s\u00f3lo comparable con la de agosto pasado\u2014, para sumar 680 asesinatos a lo largo\u2026","rel":"","context":"En &quot;CINTILLO&quot;","block_context":{"text":"CINTILLO","link":"https:\/\/www.grieta.org.mx\/index.php\/category\/cintillo\/"},"img":{"alt_text":"","src":"https:\/\/i0.wp.com\/www.grieta.org.mx\/wp-content\/uploads\/2019\/12\/Colima-con-olor-a-muerte-1.jpg?resize=350%2C200&ssl=1","width":350,"height":200,"srcset":"https:\/\/i0.wp.com\/www.grieta.org.mx\/wp-content\/uploads\/2019\/12\/Colima-con-olor-a-muerte-1.jpg?resize=350%2C200&ssl=1 1x, https:\/\/i0.wp.com\/www.grieta.org.mx\/wp-content\/uploads\/2019\/12\/Colima-con-olor-a-muerte-1.jpg?resize=525%2C300&ssl=1 1.5x, https:\/\/i0.wp.com\/www.grieta.org.mx\/wp-content\/uploads\/2019\/12\/Colima-con-olor-a-muerte-1.jpg?resize=700%2C400&ssl=1 2x, https:\/\/i0.wp.com\/www.grieta.org.mx\/wp-content\/uploads\/2019\/12\/Colima-con-olor-a-muerte-1.jpg?resize=1050%2C600&ssl=1 3x, https:\/\/i0.wp.com\/www.grieta.org.mx\/wp-content\/uploads\/2019\/12\/Colima-con-olor-a-muerte-1.jpg?resize=1400%2C800&ssl=1 4x"},"classes":[]}],"_links":{"self":[{"href":"https:\/\/www.grieta.org.mx\/index.php\/wp-json\/wp\/v2\/posts\/50740","targetHints":{"allow":["GET"]}}],"collection":[{"href":"https:\/\/www.grieta.org.mx\/index.php\/wp-json\/wp\/v2\/posts"}],"about":[{"href":"https:\/\/www.grieta.org.mx\/index.php\/wp-json\/wp\/v2\/types\/post"}],"author":[{"embeddable":true,"href":"https:\/\/www.grieta.org.mx\/index.php\/wp-json\/wp\/v2\/users\/2"}],"replies":[{"embeddable":true,"href":"https:\/\/www.grieta.org.mx\/index.php\/wp-json\/wp\/v2\/comments?post=50740"}],"version-history":[{"count":1,"href":"https:\/\/www.grieta.org.mx\/index.php\/wp-json\/wp\/v2\/posts\/50740\/revisions"}],"predecessor-version":[{"id":50742,"href":"https:\/\/www.grieta.org.mx\/index.php\/wp-json\/wp\/v2\/posts\/50740\/revisions\/50742"}],"wp:featuredmedia":[{"embeddable":true,"href":"https:\/\/www.grieta.org.mx\/index.php\/wp-json\/wp\/v2\/media\/50741"}],"wp:attachment":[{"href":"https:\/\/www.grieta.org.mx\/index.php\/wp-json\/wp\/v2\/media?parent=50740"}],"wp:term":[{"taxonomy":"category","embeddable":true,"href":"https:\/\/www.grieta.org.mx\/index.php\/wp-json\/wp\/v2\/categories?post=50740"},{"taxonomy":"post_tag","embeddable":true,"href":"https:\/\/www.grieta.org.mx\/index.php\/wp-json\/wp\/v2\/tags?post=50740"}],"curies":[{"name":"wp","href":"https:\/\/api.w.org\/{rel}","templated":true}]}}