{"id":50677,"date":"2020-06-11T14:35:12","date_gmt":"2020-06-11T19:35:12","guid":{"rendered":"http:\/\/www.grieta.org.mx\/?p=50677"},"modified":"2020-06-12T14:42:30","modified_gmt":"2020-06-12T19:42:30","slug":"denuncian-abuso-policiaco-y-golpiza-a-dos-hermanos-en-oaxaca-uno-murio","status":"publish","type":"post","link":"https:\/\/www.grieta.org.mx\/index.php\/2020\/06\/11\/denuncian-abuso-policiaco-y-golpiza-a-dos-hermanos-en-oaxaca-uno-murio\/","title":{"rendered":"Denuncian abuso policiaco y golpiza a dos hermanos en Oaxaca; uno muri\u00f3"},"content":{"rendered":"<p>Proceso \/ Pedro Mat\u00edas.<\/p>\n<p><img loading=\"lazy\" decoding=\"async\" data-attachment-id=\"50678\" data-permalink=\"https:\/\/www.grieta.org.mx\/index.php\/2020\/06\/11\/denuncian-abuso-policiaco-y-golpiza-a-dos-hermanos-en-oaxaca-uno-murio\/procesoviolenciaaa-4-2-2\/\" data-orig-file=\"https:\/\/www.grieta.org.mx\/wp-content\/uploads\/2020\/06\/procesoviolenciaaa-4-2.png\" data-orig-size=\"474,316\" data-comments-opened=\"0\" data-image-meta=\"{&quot;aperture&quot;:&quot;0&quot;,&quot;credit&quot;:&quot;&quot;,&quot;camera&quot;:&quot;&quot;,&quot;caption&quot;:&quot;&quot;,&quot;created_timestamp&quot;:&quot;0&quot;,&quot;copyright&quot;:&quot;&quot;,&quot;focal_length&quot;:&quot;0&quot;,&quot;iso&quot;:&quot;0&quot;,&quot;shutter_speed&quot;:&quot;0&quot;,&quot;title&quot;:&quot;&quot;,&quot;orientation&quot;:&quot;0&quot;}\" data-image-title=\"procesoviolenciaaa-4-2\" data-image-description=\"\" data-image-caption=\"\" data-medium-file=\"https:\/\/www.grieta.org.mx\/wp-content\/uploads\/2020\/06\/procesoviolenciaaa-4-2-300x200.png\" data-large-file=\"https:\/\/www.grieta.org.mx\/wp-content\/uploads\/2020\/06\/procesoviolenciaaa-4-2.png\" class=\"aligncenter wp-image-50678\" src=\"http:\/\/www.grieta.org.mx\/wp-content\/uploads\/2020\/06\/procesoviolenciaaa-4-2.png\" alt=\"\" width=\"800\" height=\"533\" srcset=\"https:\/\/www.grieta.org.mx\/wp-content\/uploads\/2020\/06\/procesoviolenciaaa-4-2.png 474w, https:\/\/www.grieta.org.mx\/wp-content\/uploads\/2020\/06\/procesoviolenciaaa-4-2-300x200.png 300w\" sizes=\"auto, (max-width: 800px) 100vw, 800px\" \/><\/p>\n<p>OAXACA, Oax. (apro).- \u201c\u00a1Ya vali\u00f3 madre!\u201d, le dijo Jacciel a su hermano Diego cuando la polic\u00eda municipal de San Pablo Huitzo los entreg\u00f3 a un grupo de 12 personas, quienes los golpearon hasta que los creyeron muertos y los arrojaron a un barranco.<\/p>\n<p>Jacciel L. P., sobrevivi\u00f3. Su hermano Diego L.P., no tuvo la misma suerte y muri\u00f3.<\/p>\n<p>As\u00ed lo denunci\u00f3 el abuelo de los j\u00f3venes, Celestino Paz Cruz, quien acus\u00f3 a la Fiscal\u00eda General de Oaxaca de negligencia, omisi\u00f3n y complicidad porque, a pesar de tener los nombres de quienes entregaron a sus nietos y de los presuntos homicidas, a un mes de lo ocurrido no ha hecho nada. S\u00f3lo propici\u00f3 que se fugaran.<\/p>\n<p>Este caso se dio a conocer 24 horas despu\u00e9s de la muerte del joven futbolista de 16 a\u00f1os de edad, Alexander Mart\u00ednez G\u00f3mez, quien fue asesinado la noche de este martes 9 de junio en la localidad de Vicente Camalote, municipio de Acatl\u00e1n de P\u00e9rez Figueroa, a manos de la polic\u00eda municipal.<\/p>\n<p>Celestino Paz denunci\u00f3 que el caso de sus nietos ocurri\u00f3 el pasado mi\u00e9rcoles 6 de mayo en el municipio de San Pablo Huitzo, en el que est\u00e1n directamente involucrados la s\u00edndica municipal, Martha Isabel H., as\u00ed como los polic\u00edas David H., Abraham F. M., Luis A. y Manuel V.<\/p>\n<p>En un video de 8 minutos y 54 segundos, Jacciel relata desde la detenci\u00f3n hasta el momento en el que  \u00e9l y su hermano fueron entregados a sus agresores, quienes los golpearon y  arrojaron a un barranco.<br \/>\nUna bicicleta<\/p>\n<p>El caso se deriv\u00f3 por una bicicleta que, seg\u00fan el abuelo de los j\u00f3venes, le pidieron prestada a un vecino y \u00e9ste los acus\u00f3 del robo de la misma.<\/p>\n<p>Visiblemente ensangrentado y con el cuerpo lastimado, Jacciel narra a su abuelo:<\/p>\n<p>\u201cAyer (seis de mayo) saliendo del grupo fui a cenar con un amigo. Eran como las 11 y 10 a m\u00e1s tardar, y me vine de regreso para mi casa porque vivo con mis abuelos. Y me encontr\u00e9 a mi hermano, que fue a comprar una tostada para cenar, y de ah\u00ed nos venimos toda la v\u00eda. Pero antes de llegar al puente se frena un taxi y se bajaron como seis g\u00fceyes con palos\u201d.<\/p>\n<p>Y narra que al gritar \u201cag\u00e1rrenlos, ag\u00e1rrenlos\u201d, los persiguieron y les pegaron, y luego les dijeron que \u201cya estuvo\u201d.<\/p>\n<p>\u201cSe supon\u00eda que ah\u00ed hab\u00eda parado la bronca y nos fuimos a la casa de una t\u00eda que vive ah\u00ed cerca y junto con su hijo nos encaminaron hacia el puente, donde nos intercept\u00f3 el taxi\u201d.<\/p>\n<p>Despu\u00e9s lleg\u00f3 una patrulla. Un comandante de Huitzo le indic\u00f3 que estaba acusado de robo. Jacciel le pregunt\u00f3 si hab\u00eda un denunciante y el oficial le dijo: \u201cEso lo vez hasta all\u00e1 (en la fiscal\u00eda). Es a las buenas o es a las malas\u201d. Y dej\u00f3 que lo esposaran y se subi\u00f3 junto con su hermano a la patrulla.<\/p>\n<p>Cuando llegaron al municipio, relata, su hermano se puso a llorar. Fue entonces cuando sali\u00f3 la s\u00edndica Martha Isabel y le dijo: \u201cT\u00fa ni llores pinche hip\u00f3crita\u201d.<\/p>\n<p>El joven le pidi\u00f3 que le dejara comunicarse con su pap\u00e1, a lo que la s\u00edndica se opuso.<\/p>\n<p>Luego lleg\u00f3 la presunta parte acusatoria y se tardaron como media hora en la presidencia municipal.<br \/>\n\u201cYa los pusieron\u201d<\/p>\n<p>Poco despu\u00e9s, se le acerc\u00f3 un polic\u00eda conocido suyo, quien le dijo: \u201cCarnal, \u00bfqu\u00e9 crees? Que van para atr\u00e1s g\u00fcey. Ya los pusieron\u201d.<\/p>\n<p>Luego se los llevaron de nuevo a una patrulla de Huitzo que los traslad\u00f3 hacia donde estaba  un taxi y 12 chavos personas armadas con palos.<\/p>\n<p>\u201c\u00a1Ya vali\u00f3 madre!, le dije a mi hermano, y los del taxi le dicen a los polic\u00edas \u2018b\u00e1jenlos\u2019. Los polic\u00edas nos entregaron a los taxistas. Nos pegaron esposados. Como una hora nos pegaron y la patrulla segu\u00eda ah\u00ed.<\/p>\n<p>\u201cLuego escucho que avientan a alguien al barranco (y yo) ya no hac\u00eda gestos para que dejaran de pegarme. Se mov\u00eda mi cuerpo solo, me dieron 3 palazos que me hicieron torcerme. Escuch\u00e9: \u2018Ya qu\u00edtale las esposas\u2019. Nos dieron otros palazos y nos aventaron al barranco\u201d.<\/p>\n<p>El video que circula en redes sociales gener\u00f3 posiciones encontradas porque algunos comentarios se\u00f1alan que los j\u00f3venes son conocidos como \u201clos chilangos\u201d y est\u00e1n relacionados con algunos robos.<\/p>\n<p><a href=\"https:\/\/twitter.com\/realidadoaxaca\/status\/1271102298178105345\/photo\/1\">https:\/\/twitter.com\/realidadoaxaca\/status\/1271102298178105345\/photo\/1<\/a><\/p>\n<p>Y por otro lado, hay comentarios de que \u201csi son rateros, para eso hay leyes, pero que la polic\u00eda de un lugar se preste para entregarle a un grupo criminal, como son los taxistas, a dos j\u00f3venes para matarlos, no tiene comparaci\u00f3n con una bicicleta robada\u201d.<\/p>\n<p>O definitivamente con estos hechos \u201cquiere decir que en Oaxaca ya podemos hacer uso de la justicia por mano propia, sin restricci\u00f3n alguna\u201d, puntualizaron.<\/p>\n<p><a href=\"https:\/\/www.facebook.com\/watch\/Wiki-Liks-Oax-316764588990380\/\">https:\/\/www.facebook.com\/watch\/Wiki-Liks-Oax-316764588990380\/<\/a><\/p>\n<p><a href=\"https:\/\/www.proceso.com.mx\/634039\/denuncian-abuso-policiaco-y-golpiza-a-dos-hermanos-en-oaxaca-uno-murio\" rel=\"noopener noreferrer\" target=\"_blank\">https:\/\/www.proceso.com.mx\/634039\/denuncian-abuso-policiaco-y-golpiza-a-dos-hermanos-en-oaxaca-uno-murio<\/a><\/p>\n","protected":false},"excerpt":{"rendered":"<p>Proceso \/ Pedro Mat\u00edas. OAXACA, Oax. (apro).- \u201c\u00a1Ya vali\u00f3 madre!\u201d, le dijo Jacciel a su hermano Diego cuando la polic\u00eda municipal de San Pablo Huitzo los entreg\u00f3 a un grupo &hellip; <a href=\"https:\/\/www.grieta.org.mx\/index.php\/2020\/06\/11\/denuncian-abuso-policiaco-y-golpiza-a-dos-hermanos-en-oaxaca-uno-murio\/\" class=\"more-link\">Leer m\u00e1s<\/a><\/p>\n","protected":false},"author":2,"featured_media":50678,"comment_status":"closed","ping_status":"closed","sticky":false,"template":"","format":"standard","meta":{"ngg_post_thumbnail":0,"_jetpack_newsletter_access":"","_jetpack_dont_email_post_to_subs":false,"_jetpack_newsletter_tier_id":0,"_jetpack_memberships_contains_paywalled_content":false,"_jetpack_memberships_contains_paid_content":false,"footnotes":""},"categories":[2242,80,2,25],"tags":[],"class_list":["post-50677","post","type-post","status-publish","format-standard","has-post-thumbnail","hentry","category-brutalidad-policiaca-en-oaxaca","category-cintillo","category-noticias-nacionales","category-oaxaca","entry"],"jetpack_featured_media_url":"https:\/\/www.grieta.org.mx\/wp-content\/uploads\/2020\/06\/procesoviolenciaaa-4-2.png","jetpack_sharing_enabled":true,"jetpack_shortlink":"https:\/\/wp.me\/p7ZJR4-dbn","jetpack_likes_enabled":false,"jetpack-related-posts":[{"id":55356,"url":"https:\/\/www.grieta.org.mx\/index.php\/2020\/11\/18\/acusan-a-policias-de-oaxaca-de-asesinar-a-indigena-mixteco-oaxaca\/","url_meta":{"origin":50677,"position":0},"title":"Acusan a polic\u00edas de Oaxaca de asesinar a ind\u00edgena mixteco (Oaxaca)","author":"grieta","date":"18 noviembre, 2020","format":false,"excerpt":"Proceso \/ Pedro Mat\u00edas. *Marco Antonio Hern\u00e1ndez Bautista fue detenido por cuatro polic\u00edas de San Juan Mixtepec, Oaxaca; al d\u00eda siguiente fue hallado muerto y con huellas de tortura. Familiares del ind\u00edgena mixteco Marco Antonio Hern\u00e1ndez Bautista marcharon para exigir justicia tras su asesinato. Foto: facebook@yososcuamixtepec. OAXACA, Oax. (apro).- De\u2026","rel":"","context":"En &quot;Brutalidad polic\u00edaca en Oaxaca&quot;","block_context":{"text":"Brutalidad polic\u00edaca en Oaxaca","link":"https:\/\/www.grieta.org.mx\/index.php\/category\/noticias-nacionales\/oaxaca\/brutalidad-policiaca-en-oaxaca\/"},"img":{"alt_text":"","src":"https:\/\/i0.wp.com\/www.grieta.org.mx\/wp-content\/uploads\/2020\/11\/1-4.jpg?resize=350%2C200&ssl=1","width":350,"height":200,"srcset":"https:\/\/i0.wp.com\/www.grieta.org.mx\/wp-content\/uploads\/2020\/11\/1-4.jpg?resize=350%2C200&ssl=1 1x, https:\/\/i0.wp.com\/www.grieta.org.mx\/wp-content\/uploads\/2020\/11\/1-4.jpg?resize=525%2C300&ssl=1 1.5x, https:\/\/i0.wp.com\/www.grieta.org.mx\/wp-content\/uploads\/2020\/11\/1-4.jpg?resize=700%2C400&ssl=1 2x"},"classes":[]},{"id":45626,"url":"https:\/\/www.grieta.org.mx\/index.php\/2020\/03\/02\/dos-mujeres-asesinadas-asi-inicia-la-semana-en-oaxaca\/","url_meta":{"origin":50677,"position":1},"title":"Dos mujeres asesinadas, as\u00ed inicia la semana en Oaxaca","author":"grieta","date":"2 marzo, 2020","format":false,"excerpt":"Noticias \/ Por Milenio. La Fiscal\u00eda General del Estado (FGE) de Oaxaca report\u00f3 que dos mujeres fueron asesinadas en diferentes puntos de la entidad. Explic\u00f3 que alrededor de las 9:00 horas un grupo de hombres armados, que viajaba a bordo de una camioneta, dispar\u00f3 a una mujer que sal\u00eda de\u2026","rel":"","context":"En &quot;CINTILLO&quot;","block_context":{"text":"CINTILLO","link":"https:\/\/www.grieta.org.mx\/index.php\/category\/cintillo\/"},"img":{"alt_text":"","src":"https:\/\/i0.wp.com\/www.grieta.org.mx\/wp-content\/uploads\/2020\/03\/2.jpg?resize=350%2C200&ssl=1","width":350,"height":200,"srcset":"https:\/\/i0.wp.com\/www.grieta.org.mx\/wp-content\/uploads\/2020\/03\/2.jpg?resize=350%2C200&ssl=1 1x, https:\/\/i0.wp.com\/www.grieta.org.mx\/wp-content\/uploads\/2020\/03\/2.jpg?resize=525%2C300&ssl=1 1.5x, https:\/\/i0.wp.com\/www.grieta.org.mx\/wp-content\/uploads\/2020\/03\/2.jpg?resize=700%2C400&ssl=1 2x, https:\/\/i0.wp.com\/www.grieta.org.mx\/wp-content\/uploads\/2020\/03\/2.jpg?resize=1050%2C600&ssl=1 3x"},"classes":[]},{"id":55668,"url":"https:\/\/www.grieta.org.mx\/index.php\/2020\/12\/04\/despues-de-30-meses-encuentran-sin-vida-al-hermano-del-artista-oaxaqueno-lukas-avendano\/","url_meta":{"origin":50677,"position":2},"title":"Despu\u00e9s de 30 meses encuentran sin vida al hermano del artista oaxaque\u00f1o Lukas Avenda\u00f1o","author":"grieta","date":"4 diciembre, 2020","format":false,"excerpt":"Avispa Midia \/ Sare Frabes. Este jueves 3 de diciembre el artista oaxaque\u00f1o Lukas Avenda\u00f1o inform\u00f3 en sus redes sociales que su hermano Bruno Avenda\u00f1o, miembro activo de la marina de M\u00e9xico, desaparecido en el Istmo de Tehuantepec, Oaxaca, hab\u00eda sido localizado en una fosa clandestina desde el pasado 12\u2026","rel":"","context":"En &quot;CINTILLO&quot;","block_context":{"text":"CINTILLO","link":"https:\/\/www.grieta.org.mx\/index.php\/category\/cintillo\/"},"img":{"alt_text":"","src":"https:\/\/i0.wp.com\/www.grieta.org.mx\/wp-content\/uploads\/2020\/12\/Bruno-Avendano.jpg?resize=350%2C200&ssl=1","width":350,"height":200,"srcset":"https:\/\/i0.wp.com\/www.grieta.org.mx\/wp-content\/uploads\/2020\/12\/Bruno-Avendano.jpg?resize=350%2C200&ssl=1 1x, https:\/\/i0.wp.com\/www.grieta.org.mx\/wp-content\/uploads\/2020\/12\/Bruno-Avendano.jpg?resize=525%2C300&ssl=1 1.5x, https:\/\/i0.wp.com\/www.grieta.org.mx\/wp-content\/uploads\/2020\/12\/Bruno-Avendano.jpg?resize=700%2C400&ssl=1 2x"},"classes":[]},{"id":14322,"url":"https:\/\/www.grieta.org.mx\/index.php\/2016\/06\/16\/tensa-calma-en-el-istmo-ante-presencia-de-fuerzas-federales\/","url_meta":{"origin":50677,"position":3},"title":"Tensa calma en el istmo ante presencia de fuerzas federales","author":"grieta","date":"16 junio, 2016","format":false,"excerpt":"Istmopress con informaci\u00f3n de corresponsales: Diana Manzo \/ E. Santiago \/ Jacciel Morales \/ Mart\u00edn Vargas, Juchit\u00e1n, Oaxaca, 16 junio.- Tensa calma en el Istmo ante la presencia de fuerzas federales que llegaron para disolver los plantones, a las 4:30 horas quitaron el de Tequisistl\u00e1n y el de Jalapa, pero\u2026","rel":"","context":"En &quot;CINTILLO&quot;","block_context":{"text":"CINTILLO","link":"https:\/\/www.grieta.org.mx\/index.php\/category\/cintillo\/"},"img":{"alt_text":"","src":"https:\/\/i0.wp.com\/www.grieta.org.mx\/wp-content\/uploads\/2018\/03\/14524434_1106112876131411_958039263622046936_o.jpg?resize=350%2C200&ssl=1","width":350,"height":200,"srcset":"https:\/\/i0.wp.com\/www.grieta.org.mx\/wp-content\/uploads\/2018\/03\/14524434_1106112876131411_958039263622046936_o.jpg?resize=350%2C200&ssl=1 1x, https:\/\/i0.wp.com\/www.grieta.org.mx\/wp-content\/uploads\/2018\/03\/14524434_1106112876131411_958039263622046936_o.jpg?resize=525%2C300&ssl=1 1.5x, https:\/\/i0.wp.com\/www.grieta.org.mx\/wp-content\/uploads\/2018\/03\/14524434_1106112876131411_958039263622046936_o.jpg?resize=700%2C400&ssl=1 2x"},"classes":[]},{"id":63347,"url":"https:\/\/www.grieta.org.mx\/index.php\/2022\/02\/10\/periodista-de-oaxaca-denuncia-intento-de-secuestro-de-su-hermano-por-presuntos-policias\/","url_meta":{"origin":50677,"position":4},"title":"Periodista de Oaxaca denuncia intento de secuestro de su hermano por presuntos polic\u00edas","author":"grieta","date":"10 febrero, 2022","format":false,"excerpt":"Proceso \/ Pedro Mat\u00edas. La Fiscal\u00eda General de Oaxaca descart\u00f3 que alguno de los involucrados pertenezca o forme parte de este organismo aut\u00f3nomo o de su polic\u00eda investigadora. OAXACA, Oax. (apro).- Presuntos elementos adscritos al \u00e1rea de investigaci\u00f3n de la Secretar\u00eda de Seguridad P\u00fablica de Oaxaca vinculados a delitos de\u2026","rel":"","context":"En &quot;CINTILLO&quot;","block_context":{"text":"CINTILLO","link":"https:\/\/www.grieta.org.mx\/index.php\/category\/cintillo\/"},"img":{"alt_text":"","src":"https:\/\/i0.wp.com\/www.grieta.org.mx\/wp-content\/uploads\/2022\/02\/p3.jpg?resize=350%2C200&ssl=1","width":350,"height":200,"srcset":"https:\/\/i0.wp.com\/www.grieta.org.mx\/wp-content\/uploads\/2022\/02\/p3.jpg?resize=350%2C200&ssl=1 1x, https:\/\/i0.wp.com\/www.grieta.org.mx\/wp-content\/uploads\/2022\/02\/p3.jpg?resize=525%2C300&ssl=1 1.5x, https:\/\/i0.wp.com\/www.grieta.org.mx\/wp-content\/uploads\/2022\/02\/p3.jpg?resize=700%2C400&ssl=1 2x"},"classes":[]},{"id":55609,"url":"https:\/\/www.grieta.org.mx\/index.php\/2020\/12\/03\/encuentran-sin-vida-a-bruno-avendano-marino-desaparecido-en-tehuantepec-oaxaca\/","url_meta":{"origin":50677,"position":5},"title":"Encuentran sin vida a Bruno Avenda\u00f1o, marino desaparecido en Tehuantepec (Oaxaca)","author":"grieta","date":"3 diciembre, 2020","format":false,"excerpt":"P\u00e1gina 3 \/ Diana Manzo. Familiares y amigos le dan el \u00faltimo adi\u00f3s con una eucarist\u00eda religiosa. Tehuantepec,Oax.- Bruno Alonso Avenda\u00f1o Mart\u00ednez, marino activo originario de Tehuantepec Oaxaca, volvi\u00f3 a su casa despu\u00e9s de 30 meses desaparecido, solo para despedirse de sus familiares que viven en la finca Santa Teresa.\u2026","rel":"","context":"En &quot;CINTILLO&quot;","block_context":{"text":"CINTILLO","link":"https:\/\/www.grieta.org.mx\/index.php\/category\/cintillo\/"},"img":{"alt_text":"","src":"https:\/\/i0.wp.com\/www.grieta.org.mx\/wp-content\/uploads\/2020\/12\/1.png?resize=350%2C200&ssl=1","width":350,"height":200,"srcset":"https:\/\/i0.wp.com\/www.grieta.org.mx\/wp-content\/uploads\/2020\/12\/1.png?resize=350%2C200&ssl=1 1x, https:\/\/i0.wp.com\/www.grieta.org.mx\/wp-content\/uploads\/2020\/12\/1.png?resize=525%2C300&ssl=1 1.5x, https:\/\/i0.wp.com\/www.grieta.org.mx\/wp-content\/uploads\/2020\/12\/1.png?resize=700%2C400&ssl=1 2x"},"classes":[]}],"_links":{"self":[{"href":"https:\/\/www.grieta.org.mx\/index.php\/wp-json\/wp\/v2\/posts\/50677","targetHints":{"allow":["GET"]}}],"collection":[{"href":"https:\/\/www.grieta.org.mx\/index.php\/wp-json\/wp\/v2\/posts"}],"about":[{"href":"https:\/\/www.grieta.org.mx\/index.php\/wp-json\/wp\/v2\/types\/post"}],"author":[{"embeddable":true,"href":"https:\/\/www.grieta.org.mx\/index.php\/wp-json\/wp\/v2\/users\/2"}],"replies":[{"embeddable":true,"href":"https:\/\/www.grieta.org.mx\/index.php\/wp-json\/wp\/v2\/comments?post=50677"}],"version-history":[{"count":1,"href":"https:\/\/www.grieta.org.mx\/index.php\/wp-json\/wp\/v2\/posts\/50677\/revisions"}],"predecessor-version":[{"id":50679,"href":"https:\/\/www.grieta.org.mx\/index.php\/wp-json\/wp\/v2\/posts\/50677\/revisions\/50679"}],"wp:featuredmedia":[{"embeddable":true,"href":"https:\/\/www.grieta.org.mx\/index.php\/wp-json\/wp\/v2\/media\/50678"}],"wp:attachment":[{"href":"https:\/\/www.grieta.org.mx\/index.php\/wp-json\/wp\/v2\/media?parent=50677"}],"wp:term":[{"taxonomy":"category","embeddable":true,"href":"https:\/\/www.grieta.org.mx\/index.php\/wp-json\/wp\/v2\/categories?post=50677"},{"taxonomy":"post_tag","embeddable":true,"href":"https:\/\/www.grieta.org.mx\/index.php\/wp-json\/wp\/v2\/tags?post=50677"}],"curies":[{"name":"wp","href":"https:\/\/api.w.org\/{rel}","templated":true}]}}